{"id":77883,"date":"2014-01-03T17:40:25","date_gmt":"2014-01-03T16:40:25","guid":{"rendered":"http:\/\/www.visit-ulcinj.com\/blog\/?p=77883"},"modified":"2014-01-03T17:40:25","modified_gmt":"2014-01-03T16:40:25","slug":"haxhi-zeneli-kur-festojme-se-bashku-video","status":"publish","type":"post","link":"https:\/\/www.visit-ulcinj.com\/blog\/2014\/01\/03\/haxhi-zeneli-kur-festojme-se-bashku-video\/","title":{"rendered":"Haxhi Zeneli:  Kur festojm\u00eb se bashku &#8211; Video"},"content":{"rendered":"<p><strong><a href=\"http:\/\/www.visit-ulcinj.com\/blog\/wp-content\/uploads\/2013\/12\/Sofra-e-Shqipes-Blu-Sky-Music-Hotel-Mediteran-Ulqin-5.jpg\"><img loading=\"lazy\" class=\"alignleft  wp-image-77739\" alt=\"Sofra e Shqipes-Blu Sky Music -Hotel-Mediteran-Ulqin-5\" src=\"http:\/\/www.visit-ulcinj.com\/blog\/wp-content\/uploads\/2013\/12\/Sofra-e-Shqipes-Blu-Sky-Music-Hotel-Mediteran-Ulqin-5.jpg\" width=\"508\" height=\"360\" \/><\/a>Nga Haxhi Zeneli<\/strong><\/p>\n<p>K\u00ebng\u00ebtar Popullor\u00eb<\/p>\n<p>Kur Festojm\u00eb se Bashku<\/p>\n<p>Dhjetori \u00ebsht\u00eb muaji ku t\u00eb gjith\u00eb njer\u00ebzit an\u00eb e mban\u00eb bot\u00ebs d\u00ebshirojn\u00eb t\u00eb festojn\u00eb q\u00eb t\u00eb p\u00ebrmbyllin fundin e vitit n\u00eb m\u00ebnyrat m\u00eb t\u00eb mira . Sipas tradit\u00ebs s\u00eb vendeve p\u00ebrendimore, n\u00eb fund t\u00eb \u00e7do viti , zakonisht shk\u00ebmbehen dhurata t\u00eb ndryshme si n\u00eb mesin e an\u00ebtar\u00ebve t\u00eb familjes, apo t\u00eb shoq\u00ebris\u00eb,me q\u00ebllim t\u00eb t\u00eb shprehurit t\u00eb zem\u00ebrgjer\u00ebsis\u00eb ,dashamir\u00ebsin\u00eb apo mir\u00ebnjohje p\u00ebr njeri -tjetrin.<\/p>\n<p>Pra edhe ne shqiptar\u00ebt kudo q\u00eb jemi kemi festuar dhe gjithnj\u00eb vazhdojm\u00eb t\u00eb festojm\u00eb s\u00eb bashku festat e fund vitit. Kur merret parasysh e kaluara e jon\u00eb se si festonim dikur dhe si festoh\u00ebt viti i ri sot,vlerson t\u00eb hidhet nj\u00eb sy e t\u00eb kaluar\u00ebs ton\u00eb historike se si dukej nj\u00eb fest\u00eb e atyre koh\u00ebrave para 30 viteve dhe m\u00eb par\u00eb.<br \/>\nU desht\u00ebn disa vite t\u00eb kalonin,q\u00eb dikujt ti shkoj\u00eb nd\u00ebr mend dhe t\u00eb marrin kurajon me shpenzimet individuale,t\u00eb b\u00ebjn organizimin e fest\u00ebs s\u00eb p\u00ebrbashk\u00ebt t\u00eb dy qyteteve t\u00eb cil\u00ebt ishin t\u00eb ndara afro nj\u00ebqind viteve ,pra Ulqinit dhe Shkodr\u00ebs,ku pik\u00ebrisht p\u00ebr t\u00eb par\u00ebn her\u00eb u organizu nj\u00eb koncert magjik n\u00eb nj\u00eb shkall\u00eb profesionale dhe kontributi i madh\u00eb i shkon TV-&#8220;Blue Sky&#8221;, nga Shkodra i cili p\u00ebr t\u00eb par\u00ebn her\u00eb mbas &#8220;k\u00ebputjes s\u00eb telave me gj\u00ebmba &#8221; b\u00ebri ribashkimin e k\u00ebtyre qyteteve duke tubuar pran\u00eb vet\u00ebs trup\u00ebn e teatrit profesinal me humorist\u00ebt dhe k\u00ebng\u00ebtar\u00ebt m\u00eb t\u00eb mir\u00eb. Duke iu bashkangjitur edhe k\u00ebng\u00ebtar\u00ebt e tjer\u00eb nga t\u00eb gjitha troj\u00ebt shqiptare,n\u00eb nj\u00eb spektak\u00ebl madh\u00ebshtor t\u00eb ashtuquajtur\u201dSofra Shqipes\u201d, u realizu edicioni i dyt\u00eb i k\u00ebtij spektakli , pran\u00eb kalas\u00eb Ilire p\u00ebrmbi plazhin e vog\u00ebl t\u00eb k\u00ebtij qyteti piktoresk ,n\u00eb bashk\u00ebpunim me hotelin \u201cMediteran\u201dku salla e k\u00ebtij hoteli ishte e mbushur p\u00ebrplot\u00eb,me adhuruesit e artit shqiptar q\u00eb kishin ardhur vet\u00ebm p\u00ebr nj\u00eb q\u00ebllim : p\u00ebr t\u00eb festuar t\u00eb gjith\u00eb s\u00eb bashku.<\/p>\n<p><a href=\"http:\/\/www.visit-ulcinj.com\/blog\/wp-content\/uploads\/2014\/01\/Haxhi-Zeneli.jpg\"><img loading=\"lazy\" class=\"alignleft  wp-image-77884\" alt=\"Haxhi-Zeneli\" src=\"http:\/\/www.visit-ulcinj.com\/blog\/wp-content\/uploads\/2014\/01\/Haxhi-Zeneli.jpg\" width=\"508\" height=\"360\" \/><\/a><br \/>\nKjo eviniment festiv ishte i ve\u00e7an\u00ebt ,posa\u00e7\u00ebrisht p\u00ebr ulqinak\u00ebt dhe shkodran\u00ebt t\u00eb cil\u00ebt bashkarisht u mblodh\u00ebn p\u00ebr t\u00eb festuar festat e fund vitit ku ky qytet padyshim q\u00eb shp\u00ebrtheu n\u00eb gazin e barcoletava t\u00eb humorist\u00ebve shkodran q\u00eb s\u2019kishin t\u00eb ndalur,duke u p\u00ebrcjellur me k\u00ebng\u00ebt popullore tradicionale t\u00eb k\u00ebtyre qyteteve t\u00eb cilat u interpretuan me mjeshtri nga k\u00ebng\u00ebtar\u00ebt e ftuar pran\u00eb &#8220;Sofres s\u00eb Shqipes\u201d t\u00eb organizuar nga televizioni\u201dBlue Sky\u201d.<br \/>\nPo t\u00eb kthehemi 30 vite m\u00eb par\u00eb kur rrug\u00ebt n\u00eb mes Ulqinit dhe Shkodr\u00ebs ishin &#8221; rrug\u00eb t\u00eb k\u00ebputura &#8220;n\u00eb mes k\u00ebtyre dy qyteteve dhe \u00e7do tentim i kalimit t\u00eb kufirit ishte rrezikim me jet\u00ebn apo d\u00ebnim me heqje lirie n\u00eb burgjet e dy an\u00ebve t\u00eb kufirit. Anj\u00ebher\u00eb nuk mund t\u00eb imagjinonim q\u00eb sot do t\u00eb organizonim dhe festonim s\u00eb bashku me v\u00ebllez\u00ebrit tan\u00eb nga Shkod\u00ebr &#8211; Locja.P\u00ebrsonalisht isha shum\u00eb i k\u00ebnaqur q\u00eb isha i ftuar nga \u201c Sofra e Shqipes\u201dq\u00eb t\u00eb p\u00ebrfaq\u00ebsoj diaspor\u00ebn e n\u00eb ve\u00e7anti ate t\u00eb Ulqinit n\u00eb SH.B.A. Ishte k\u00ebnaq\u00ebsi e ve\u00e7ant\u00eb t\u00eb jem pjes\u00eb e k\u00ebsaj feste dhe e ndijeva vet\u00ebn mjaft t\u00eb privilegjuar q\u00eb ndodh\u00ebsha n\u00eb mesin e artist\u00ebve shkodran. Pra ishte nj\u00eb ndjenj\u00eb e pap\u00ebrshkruar t\u00eb festosh s\u00eb bashku me v\u00ebllez\u00ebrit tan\u00eb t\u00eb nj\u00eb gjuhe dhe t\u00eb nj\u00eb gjaku.<br \/>\nK\u00ebto dy qytete t\u00eb lashta ilire t\u00eb cil\u00ebt kan\u00eb aq shum\u00eb gj\u00ebra t\u00eb p\u00ebrbashk\u00ebta sa q\u00eb gati ishte e pamundur q\u00eb t\u00eb jetonin t\u00eb ndara p\u00ebr nj\u00eb koh\u00eb aq t\u00eb gjat\u00eb. Ulqini dhe Shkodra jan\u00eb dy qytete t\u00eb destinuara p\u00ebr nj\u00ebra tjetrin duke pasur prasysh af\u00ebrsin\u00eb etno-gjeografike,lidhjet familjare, artin,kultur\u00ebn dhe tradit\u00ebn e p\u00ebrbashk\u00ebt komb\u00ebtare. Fatmir\u00ebsisht, erdhi koha q\u00eb p\u00ebrs\u00ebri k\u00ebto dy qytete (Ulqini-Shkodra) t\u00eb rivendosin marr\u00ebdh\u00ebniet e veta v\u00ebllaz\u00ebrore.<\/p>\n<p><a href=\"http:\/\/www.visit-ulcinj.com\/blog\/wp-content\/uploads\/2014\/01\/Haxhi-Zeneli-1.jpg\"><img loading=\"lazy\" class=\"alignleft  wp-image-77885\" alt=\"Haxhi-Zeneli-1\" src=\"http:\/\/www.visit-ulcinj.com\/blog\/wp-content\/uploads\/2014\/01\/Haxhi-Zeneli-1.jpg\" width=\"508\" height=\"360\" \/><\/a><br \/>\nKur ishim f\u00ebmij nuk i shk\u00ebputnim syt\u00eb nga ekrani televiziv me rastin e programit t\u00eb Vitit t\u00eb Ri nga TVSH dhe deri n\u00eb or\u00ebt e vona,duke mos i l\u00ebn\u00eb pa i p\u00ebrcjellur humorin Shkodran t\u00eb atyre viteve q\u00eb u b\u00ebn edhe pjes\u00eb e jet\u00ebs son\u00eb nga ajo koh\u00eb. Mir\u00ebpo, shpesh\u00ebher\u00eb ndodh\u00ebte q\u00eb n\u00eb vitet e tet\u00ebdhjeta mbyllshim perdet e dritareve q\u00eb mos t\u00eb p\u00ebrgjoj\u00eb dikush nga jasht\u00eb se \u00e7far\u00eb po ndiqnim n\u00eb ekran\u00ebt tona dhe kur ndonj\u00ebher\u00eb shfaqej n\u00eb ekran k\u00ebng\u00eb me motive atdhetare, shpesh\u00ebher\u00eb ishim t\u00eb imponuar q\u00eb t&#8217;ja ulnim z\u00ebrin e televizionit me q\u00ebllim q\u00eb mos t\u00eb d\u00ebgjoh\u00ebt nga jasht\u00eb,por ja q\u00eb situata ndryshoj p\u00ebr s\u00eb miri dhe asnj\u00ebher\u00eb nuk na vajti mendja se nj\u00eb dit\u00eb do t\u00eb ishim s\u00eb bashku n\u00eb nj\u00eb dhom\u00eb me G\u00ebzim Kruj\u00ebn,Besnik \u00c7inarin,Drane Xhajin,Muhamet \u00c7erkinin,Sandrin,Zyliha Milotin etj,q\u00eb n\u00eb \u00e7do moment na shp\u00ebrthente gazi nga humori i tyre,ku kalonte nata sikur t\u00eb ishte nj\u00eb or\u00eb.Mendova me vehten sa bukur q\u00eb erdh\u00eb kjo dit\u00eb q\u00eb m\u00eb mos t&#8217;i mongoj\u00eb v\u00ebllau-v\u00ebllaut dhe me \u00e7&#8217;rast m&#8217;u kujtuan fjal\u00ebt e mikut tim t\u00eb ndjer\u00eb k\u00ebng\u00ebtarit t\u00eb madh nga Gjakova,Esat Bicurrit,t\u00eb cilin e eliminuan fizikisht forcat paramilitare serbe gjat\u00eb luft\u00ebs n\u00eb Kosov\u00eb , dhe kur bisedonim p\u00ebr ndarjen e popullit ton\u00eb,shpesh\u00ebher\u00eb thoshte se &#8220;bashkimi komb\u00ebtar vjen n\u00ebp\u00ebr mes t\u00eb artit dhe ekonomis\u00eb,dhe ata do ta bashkojn\u00eb kombin ton\u00eb&#8221;.<br \/>\nJa sot pra shqiptar\u00ebt festojn\u00eb s\u00eb bashku kudo q\u00eb jan\u00eb Ulqin,Shkod\u00ebr, Tiran\u00eb,Prishtin\u00eb,Shkup,Preshev\u00eb,Vlor\u00eb,\u00c7ameri dhe kudo q\u00eb ata d\u00ebshirojn\u00eb t\u00eb bashkoh\u00ebn dhe t\u00eb festojn\u00eb s\u00eb bashku ,shqiptar\u00ebt mund ta b\u00ebjn k\u00ebte. Pra, procesi i bashkimit t\u00eb shqiptar\u00ebve p\u00ebrmes artit,kultur\u00ebs por edhe atij ekonomik, nuk ka t\u00eb ndalur.<br \/>\nMe 8 milion banor\u00eb,shqiptar\u00ebt n\u00eb Ballkan jan\u00eb faktor demografik, ekonomik dhe faktor politik. Sa do t\u00eb jemi n\u00eb gjendje q\u00eb ne si poppull q\u00eb edhe n\u00eb t\u00eb ardhmen t&#8217;a shfryt\u00ebzojm\u00eb k\u00ebt\u00eb p\u00ebrpar\u00ebsi p\u00ebr bashkimin e m\u00ebt\u00ebtejshm\u00ebm dhe t\u00eb plot\u00eb t\u00eb popullit ton\u00eb,do t\u00eb mvaret n\u00eb rend t\u00eb par\u00eb prej nesh , por njikoh\u00ebsisht edhe prej politik\u00ebs zyrtare t\u00eb dy shteteve shqiptare.<\/p>\n<p><strong>Haxhi Zeneli<br \/>\n01\/02\/2014<\/strong><\/p>\n<!--YouTube Error: bad URL entered-->\n","protected":false},"excerpt":{"rendered":"<p>Nga Haxhi Zeneli K\u00ebng\u00ebtar Popullor\u00eb Kur Festojm\u00eb se Bashku Dhjetori \u00ebsht\u00eb muaji ku t\u00eb gjith\u00eb njer\u00ebzit an\u00eb e mban\u00eb bot\u00ebs d\u00ebshirojn\u00eb t\u00eb festojn\u00eb q\u00eb t\u00eb p\u00ebrmbyllin fundin e vitit n\u00eb m\u00ebnyrat m\u00eb t\u00eb mira . Sipas tradit\u00ebs s\u00eb vendeve p\u00ebrendimore, n\u00eb fund t\u00eb \u00e7do viti , zakonisht shk\u00ebmbehen dhurata t\u00eb ndryshme si n\u00eb mesin e [&hellip;]<\/p>\n","protected":false},"author":1,"featured_media":0,"comment_status":"closed","ping_status":"closed","sticky":false,"template":"","format":"standard","meta":{"spay_email":"","jetpack_publicize_message":"","jetpack_is_tweetstorm":false,"jetpack_publicize_feature_enabled":true},"categories":[1],"tags":[],"jetpack_publicize_connections":[],"yoast_head":"<!-- This site is optimized with the Yoast SEO plugin v19.1 - https:\/\/yoast.com\/wordpress\/plugins\/seo\/ -->\n<title>Haxhi Zeneli: Kur festojm\u00eb se bashku - Video - Lajme nga Ulqini<\/title>\n<meta name=\"description\" content=\"Nga Haxhi Zeneli K\u00ebng\u00ebtar Popullor\u00eb Kur Festojm\u00eb se Bashku Dhjetori \u00ebsht\u00eb muaji ku t\u00eb gjith\u00eb njer\u00ebzit an\u00eb e mban\u00eb bot\u00ebs d\u00ebshirojn\u00eb t\u00eb festojn\u00eb q\u00eb t\u00eb\" \/>\n<meta name=\"robots\" content=\"index, follow, max-snippet:-1, max-image-preview:large, max-video-preview:-1\" \/>\n<link rel=\"canonical\" href=\"https:\/\/www.visit-ulcinj.com\/blog\/2014\/01\/03\/haxhi-zeneli-kur-festojme-se-bashku-video\/\" \/>\n<meta property=\"og:locale\" content=\"en_US\" \/>\n<meta property=\"og:type\" content=\"article\" \/>\n<meta property=\"og:title\" content=\"Haxhi Zeneli: Kur festojm\u00eb se bashku - Video - Lajme nga Ulqini\" \/>\n<meta property=\"og:description\" content=\"Nga Haxhi Zeneli K\u00ebng\u00ebtar Popullor\u00eb Kur Festojm\u00eb se Bashku Dhjetori \u00ebsht\u00eb muaji ku t\u00eb gjith\u00eb njer\u00ebzit an\u00eb e mban\u00eb bot\u00ebs d\u00ebshirojn\u00eb t\u00eb festojn\u00eb q\u00eb t\u00eb\" \/>\n<meta property=\"og:url\" content=\"https:\/\/www.visit-ulcinj.com\/blog\/2014\/01\/03\/haxhi-zeneli-kur-festojme-se-bashku-video\/\" \/>\n<meta property=\"og:site_name\" content=\"Lajme nga Ulqini\" \/>\n<meta property=\"article:published_time\" content=\"2014-01-03T16:40:25+00:00\" \/>\n<meta property=\"og:image\" content=\"http:\/\/www.visit-ulcinj.com\/blog\/wp-content\/uploads\/2013\/12\/Sofra-e-Shqipes-Blu-Sky-Music-Hotel-Mediteran-Ulqin-5.jpg\" \/>\n<meta name=\"twitter:label1\" content=\"Written by\" \/>\n\t<meta name=\"twitter:data1\" content=\"ulqini\" \/>\n\t<meta name=\"twitter:label2\" content=\"Est. reading time\" \/>\n\t<meta name=\"twitter:data2\" content=\"6 minutes\" \/>\n<script type=\"application\/ld+json\" class=\"yoast-schema-graph\">{\"@context\":\"https:\/\/schema.org\",\"@graph\":[{\"@type\":\"WebSite\",\"@id\":\"https:\/\/www.visit-ulcinj.com\/blog\/#website\",\"url\":\"https:\/\/www.visit-ulcinj.com\/blog\/\",\"name\":\"Lajme nga Ulqini\",\"description\":\"Lajme,Vijesti,Ulqini,Ulqin,Crna Gora,Mali i Zi\",\"potentialAction\":[{\"@type\":\"SearchAction\",\"target\":{\"@type\":\"EntryPoint\",\"urlTemplate\":\"https:\/\/www.visit-ulcinj.com\/blog\/?s={search_term_string}\"},\"query-input\":\"required name=search_term_string\"}],\"inLanguage\":\"en-US\"},{\"@type\":\"ImageObject\",\"inLanguage\":\"en-US\",\"@id\":\"https:\/\/www.visit-ulcinj.com\/blog\/2014\/01\/03\/haxhi-zeneli-kur-festojme-se-bashku-video\/#primaryimage\",\"url\":\"https:\/\/www.visit-ulcinj.com\/blog\/wp-content\/uploads\/2013\/12\/Sofra-e-Shqipes-Blu-Sky-Music-Hotel-Mediteran-Ulqin-5.jpg\",\"contentUrl\":\"https:\/\/www.visit-ulcinj.com\/blog\/wp-content\/uploads\/2013\/12\/Sofra-e-Shqipes-Blu-Sky-Music-Hotel-Mediteran-Ulqin-5.jpg\",\"width\":960,\"height\":720},{\"@type\":\"WebPage\",\"@id\":\"https:\/\/www.visit-ulcinj.com\/blog\/2014\/01\/03\/haxhi-zeneli-kur-festojme-se-bashku-video\/#webpage\",\"url\":\"https:\/\/www.visit-ulcinj.com\/blog\/2014\/01\/03\/haxhi-zeneli-kur-festojme-se-bashku-video\/\",\"name\":\"Haxhi Zeneli: Kur festojm\u00eb se bashku - Video - Lajme nga Ulqini\",\"isPartOf\":{\"@id\":\"https:\/\/www.visit-ulcinj.com\/blog\/#website\"},\"primaryImageOfPage\":{\"@id\":\"https:\/\/www.visit-ulcinj.com\/blog\/2014\/01\/03\/haxhi-zeneli-kur-festojme-se-bashku-video\/#primaryimage\"},\"datePublished\":\"2014-01-03T16:40:25+00:00\",\"dateModified\":\"2014-01-03T16:40:25+00:00\",\"author\":{\"@id\":\"https:\/\/www.visit-ulcinj.com\/blog\/#\/schema\/person\/dcab619c614d3038751c63bc2aadc06d\"},\"description\":\"Nga Haxhi Zeneli K\u00ebng\u00ebtar Popullor\u00eb Kur Festojm\u00eb se Bashku Dhjetori \u00ebsht\u00eb muaji ku t\u00eb gjith\u00eb njer\u00ebzit an\u00eb e mban\u00eb bot\u00ebs d\u00ebshirojn\u00eb t\u00eb festojn\u00eb q\u00eb t\u00eb\",\"breadcrumb\":{\"@id\":\"https:\/\/www.visit-ulcinj.com\/blog\/2014\/01\/03\/haxhi-zeneli-kur-festojme-se-bashku-video\/#breadcrumb\"},\"inLanguage\":\"en-US\",\"potentialAction\":[{\"@type\":\"ReadAction\",\"target\":[\"https:\/\/www.visit-ulcinj.com\/blog\/2014\/01\/03\/haxhi-zeneli-kur-festojme-se-bashku-video\/\"]}]},{\"@type\":\"BreadcrumbList\",\"@id\":\"https:\/\/www.visit-ulcinj.com\/blog\/2014\/01\/03\/haxhi-zeneli-kur-festojme-se-bashku-video\/#breadcrumb\",\"itemListElement\":[{\"@type\":\"ListItem\",\"position\":1,\"name\":\"Haxhi Zeneli: Kur festojm\u00eb se bashku &#8211; Video\"}]},{\"@type\":\"Person\",\"@id\":\"https:\/\/www.visit-ulcinj.com\/blog\/#\/schema\/person\/dcab619c614d3038751c63bc2aadc06d\",\"name\":\"ulqini\",\"sameAs\":[\"http:\/\/www.visit-ulcinj.com\"],\"url\":\"https:\/\/www.visit-ulcinj.com\/blog\/author\/admin\/\"}]}<\/script>\n<!-- \/ Yoast SEO plugin. -->","yoast_head_json":{"title":"Haxhi Zeneli: Kur festojm\u00eb se bashku - Video - Lajme nga Ulqini","description":"Nga Haxhi Zeneli K\u00ebng\u00ebtar Popullor\u00eb Kur Festojm\u00eb se Bashku Dhjetori \u00ebsht\u00eb muaji ku t\u00eb gjith\u00eb njer\u00ebzit an\u00eb e mban\u00eb bot\u00ebs d\u00ebshirojn\u00eb t\u00eb festojn\u00eb q\u00eb t\u00eb","robots":{"index":"index","follow":"follow","max-snippet":"max-snippet:-1","max-image-preview":"max-image-preview:large","max-video-preview":"max-video-preview:-1"},"canonical":"https:\/\/www.visit-ulcinj.com\/blog\/2014\/01\/03\/haxhi-zeneli-kur-festojme-se-bashku-video\/","og_locale":"en_US","og_type":"article","og_title":"Haxhi Zeneli: Kur festojm\u00eb se bashku - Video - Lajme nga Ulqini","og_description":"Nga Haxhi Zeneli K\u00ebng\u00ebtar Popullor\u00eb Kur Festojm\u00eb se Bashku Dhjetori \u00ebsht\u00eb muaji ku t\u00eb gjith\u00eb njer\u00ebzit an\u00eb e mban\u00eb bot\u00ebs d\u00ebshirojn\u00eb t\u00eb festojn\u00eb q\u00eb t\u00eb","og_url":"https:\/\/www.visit-ulcinj.com\/blog\/2014\/01\/03\/haxhi-zeneli-kur-festojme-se-bashku-video\/","og_site_name":"Lajme nga Ulqini","article_published_time":"2014-01-03T16:40:25+00:00","og_image":[{"url":"http:\/\/www.visit-ulcinj.com\/blog\/wp-content\/uploads\/2013\/12\/Sofra-e-Shqipes-Blu-Sky-Music-Hotel-Mediteran-Ulqin-5.jpg"}],"twitter_misc":{"Written by":"ulqini","Est. reading time":"6 minutes"},"schema":{"@context":"https:\/\/schema.org","@graph":[{"@type":"WebSite","@id":"https:\/\/www.visit-ulcinj.com\/blog\/#website","url":"https:\/\/www.visit-ulcinj.com\/blog\/","name":"Lajme nga Ulqini","description":"Lajme,Vijesti,Ulqini,Ulqin,Crna Gora,Mali i Zi","potentialAction":[{"@type":"SearchAction","target":{"@type":"EntryPoint","urlTemplate":"https:\/\/www.visit-ulcinj.com\/blog\/?s={search_term_string}"},"query-input":"required name=search_term_string"}],"inLanguage":"en-US"},{"@type":"ImageObject","inLanguage":"en-US","@id":"https:\/\/www.visit-ulcinj.com\/blog\/2014\/01\/03\/haxhi-zeneli-kur-festojme-se-bashku-video\/#primaryimage","url":"https:\/\/www.visit-ulcinj.com\/blog\/wp-content\/uploads\/2013\/12\/Sofra-e-Shqipes-Blu-Sky-Music-Hotel-Mediteran-Ulqin-5.jpg","contentUrl":"https:\/\/www.visit-ulcinj.com\/blog\/wp-content\/uploads\/2013\/12\/Sofra-e-Shqipes-Blu-Sky-Music-Hotel-Mediteran-Ulqin-5.jpg","width":960,"height":720},{"@type":"WebPage","@id":"https:\/\/www.visit-ulcinj.com\/blog\/2014\/01\/03\/haxhi-zeneli-kur-festojme-se-bashku-video\/#webpage","url":"https:\/\/www.visit-ulcinj.com\/blog\/2014\/01\/03\/haxhi-zeneli-kur-festojme-se-bashku-video\/","name":"Haxhi Zeneli: Kur festojm\u00eb se bashku - Video - Lajme nga Ulqini","isPartOf":{"@id":"https:\/\/www.visit-ulcinj.com\/blog\/#website"},"primaryImageOfPage":{"@id":"https:\/\/www.visit-ulcinj.com\/blog\/2014\/01\/03\/haxhi-zeneli-kur-festojme-se-bashku-video\/#primaryimage"},"datePublished":"2014-01-03T16:40:25+00:00","dateModified":"2014-01-03T16:40:25+00:00","author":{"@id":"https:\/\/www.visit-ulcinj.com\/blog\/#\/schema\/person\/dcab619c614d3038751c63bc2aadc06d"},"description":"Nga Haxhi Zeneli K\u00ebng\u00ebtar Popullor\u00eb Kur Festojm\u00eb se Bashku Dhjetori \u00ebsht\u00eb muaji ku t\u00eb gjith\u00eb njer\u00ebzit an\u00eb e mban\u00eb bot\u00ebs d\u00ebshirojn\u00eb t\u00eb festojn\u00eb q\u00eb t\u00eb","breadcrumb":{"@id":"https:\/\/www.visit-ulcinj.com\/blog\/2014\/01\/03\/haxhi-zeneli-kur-festojme-se-bashku-video\/#breadcrumb"},"inLanguage":"en-US","potentialAction":[{"@type":"ReadAction","target":["https:\/\/www.visit-ulcinj.com\/blog\/2014\/01\/03\/haxhi-zeneli-kur-festojme-se-bashku-video\/"]}]},{"@type":"BreadcrumbList","@id":"https:\/\/www.visit-ulcinj.com\/blog\/2014\/01\/03\/haxhi-zeneli-kur-festojme-se-bashku-video\/#breadcrumb","itemListElement":[{"@type":"ListItem","position":1,"name":"Haxhi Zeneli: Kur festojm\u00eb se bashku &#8211; Video"}]},{"@type":"Person","@id":"https:\/\/www.visit-ulcinj.com\/blog\/#\/schema\/person\/dcab619c614d3038751c63bc2aadc06d","name":"ulqini","sameAs":["http:\/\/www.visit-ulcinj.com"],"url":"https:\/\/www.visit-ulcinj.com\/blog\/author\/admin\/"}]}},"jetpack_featured_media_url":"","jetpack_sharing_enabled":true,"jetpack_shortlink":"https:\/\/wp.me\/pe6lTn-kgb","_links":{"self":[{"href":"https:\/\/www.visit-ulcinj.com\/blog\/wp-json\/wp\/v2\/posts\/77883"}],"collection":[{"href":"https:\/\/www.visit-ulcinj.com\/blog\/wp-json\/wp\/v2\/posts"}],"about":[{"href":"https:\/\/www.visit-ulcinj.com\/blog\/wp-json\/wp\/v2\/types\/post"}],"author":[{"embeddable":true,"href":"https:\/\/www.visit-ulcinj.com\/blog\/wp-json\/wp\/v2\/users\/1"}],"replies":[{"embeddable":true,"href":"https:\/\/www.visit-ulcinj.com\/blog\/wp-json\/wp\/v2\/comments?post=77883"}],"version-history":[{"count":1,"href":"https:\/\/www.visit-ulcinj.com\/blog\/wp-json\/wp\/v2\/posts\/77883\/revisions"}],"predecessor-version":[{"id":77886,"href":"https:\/\/www.visit-ulcinj.com\/blog\/wp-json\/wp\/v2\/posts\/77883\/revisions\/77886"}],"wp:attachment":[{"href":"https:\/\/www.visit-ulcinj.com\/blog\/wp-json\/wp\/v2\/media?parent=77883"}],"wp:term":[{"taxonomy":"category","embeddable":true,"href":"https:\/\/www.visit-ulcinj.com\/blog\/wp-json\/wp\/v2\/categories?post=77883"},{"taxonomy":"post_tag","embeddable":true,"href":"https:\/\/www.visit-ulcinj.com\/blog\/wp-json\/wp\/v2\/tags?post=77883"}],"curies":[{"name":"wp","href":"https:\/\/api.w.org\/{rel}","templated":true}]}}