{"id":77887,"date":"2014-01-03T18:01:21","date_gmt":"2014-01-03T17:01:21","guid":{"rendered":"http:\/\/www.visit-ulcinj.com\/blog\/?p=77887"},"modified":"2014-01-03T18:01:21","modified_gmt":"2014-01-03T17:01:21","slug":"utvrden-redosljed-izbornih-lista-u-ulcinj","status":"publish","type":"post","link":"https:\/\/www.visit-ulcinj.com\/blog\/2014\/01\/03\/utvrden-redosljed-izbornih-lista-u-ulcinj\/","title":{"rendered":"Utvr\u0111en redosljed izbornih lista u Ulcinj"},"content":{"rendered":"<p><strong><a href=\"http:\/\/www.visit-ulcinj.com\/blog\/wp-content\/uploads\/2014\/01\/Predsjednik-Opstinske-izborne-komisije-Jakup-Murati.jpg\"><img loading=\"lazy\" class=\"alignleft  wp-image-77888\" alt=\"Predsjednik Opstinske izborne komisije Jakup Murati\" src=\"http:\/\/www.visit-ulcinj.com\/blog\/wp-content\/uploads\/2014\/01\/Predsjednik-Opstinske-izborne-komisije-Jakup-Murati.jpg\" width=\"508\" height=\"360\" \/><\/a>ULCINJ \u2013 Op\u0161tinska izborna komisija \u017erijebanjem je utvrdila redosljed izbornih listi na lokalnim izborima u Ulcinju koji se odr\u017eavaju 26. januara.\u00a0 Pod brojem 1 je Pozitivna Crna Gora, broj 2 \u2013 Demokratski front, 3 \u2013 Bo\u0161nja\u010dka stranka,\u00a0 4 \u2013 Socijalisti\u010dka narodna partija, 5 \u2013 Forca, 6 \u2013 DUA, 7 \u2013 Demokratska partija socijalista, 8 \u2013 Koalicija ,,Zajedno za budu\u0107nost Ulcinja\u201c i 9 \u2013 Socijaldemokratska partija.<\/strong><\/p>\n<p>&#8211; Zaklju\u010dno sa 31. januarom, pravo glasa u op\u0161tini Ulcinj ima 19.181 gra\u0111anin. Prijavljeno je 9 lista od \u010dega je jedna koaliciona. Liste su blagovremeno predate i ispunjavaju sve uslove za u\u010de\u0161\u0107e na predstoje\u0107im izborima. Podnosioci lista su obavje\u0161teni da mogu da predlo\u017ee kandidate za izbornu komisij \u2013 rekao je Pobjedi predsjednik Op\u0161tinske izborne komisije Jakup Murati.<\/p>\n<p><em><strong>A. \u017d.<\/strong><\/em><\/p>\n<p><strong>Izvor: POBJEDA<\/strong><\/p>\n","protected":false},"excerpt":{"rendered":"<p>ULCINJ \u2013 Op\u0161tinska izborna komisija \u017erijebanjem je utvrdila redosljed izbornih listi na lokalnim izborima u Ulcinju koji se odr\u017eavaju 26. januara.\u00a0 Pod brojem 1 je Pozitivna Crna Gora, broj 2 \u2013 Demokratski front, 3 \u2013 Bo\u0161nja\u010dka stranka,\u00a0 4 \u2013 Socijalisti\u010dka narodna partija, 5 \u2013 Forca, 6 \u2013 DUA, 7 \u2013 Demokratska partija socijalista, 8 \u2013 [&hellip;]<\/p>\n","protected":false},"author":1,"featured_media":0,"comment_status":"closed","ping_status":"closed","sticky":false,"template":"","format":"standard","meta":{"spay_email":"","jetpack_publicize_message":"","jetpack_is_tweetstorm":false,"jetpack_publicize_feature_enabled":true},"categories":[6950],"tags":[],"jetpack_publicize_connections":[],"yoast_head":"<!-- This site is optimized with the Yoast SEO plugin v19.1 - https:\/\/yoast.com\/wordpress\/plugins\/seo\/ -->\n<title>Utvr\u0111en redosljed izbornih lista u Ulcinj - Lajme nga Ulqini<\/title>\n<meta name=\"description\" content=\"ULCINJ \u2013 Op\u0161tinska izborna komisija \u017erijebanjem je utvrdila redosljed izbornih listi na lokalnim izborima u Ulcinju koji se odr\u017eavaju 26. januara.\u00a0 Pod\" \/>\n<meta name=\"robots\" content=\"index, follow, max-snippet:-1, max-image-preview:large, max-video-preview:-1\" \/>\n<link rel=\"canonical\" href=\"https:\/\/www.visit-ulcinj.com\/blog\/2014\/01\/03\/utvrden-redosljed-izbornih-lista-u-ulcinj\/\" \/>\n<meta property=\"og:locale\" content=\"en_US\" \/>\n<meta property=\"og:type\" content=\"article\" \/>\n<meta property=\"og:title\" content=\"Utvr\u0111en redosljed izbornih lista u Ulcinj - Lajme nga Ulqini\" \/>\n<meta property=\"og:description\" content=\"ULCINJ \u2013 Op\u0161tinska izborna komisija \u017erijebanjem je utvrdila redosljed izbornih listi na lokalnim izborima u Ulcinju koji se odr\u017eavaju 26. januara.\u00a0 Pod\" \/>\n<meta property=\"og:url\" content=\"https:\/\/www.visit-ulcinj.com\/blog\/2014\/01\/03\/utvrden-redosljed-izbornih-lista-u-ulcinj\/\" \/>\n<meta property=\"og:site_name\" content=\"Lajme nga Ulqini\" \/>\n<meta property=\"article:published_time\" content=\"2014-01-03T17:01:21+00:00\" \/>\n<meta property=\"og:image\" content=\"http:\/\/www.visit-ulcinj.com\/blog\/wp-content\/uploads\/2014\/01\/Predsjednik-Opstinske-izborne-komisije-Jakup-Murati.jpg\" \/>\n<meta name=\"twitter:label1\" content=\"Written by\" \/>\n\t<meta name=\"twitter:data1\" content=\"ulqini\" \/>\n\t<meta name=\"twitter:label2\" content=\"Est. reading time\" \/>\n\t<meta name=\"twitter:data2\" content=\"1 minute\" \/>\n<script type=\"application\/ld+json\" class=\"yoast-schema-graph\">{\"@context\":\"https:\/\/schema.org\",\"@graph\":[{\"@type\":\"WebSite\",\"@id\":\"https:\/\/www.visit-ulcinj.com\/blog\/#website\",\"url\":\"https:\/\/www.visit-ulcinj.com\/blog\/\",\"name\":\"Lajme nga Ulqini\",\"description\":\"Lajme,Vijesti,Ulqini,Ulqin,Crna Gora,Mali i Zi\",\"potentialAction\":[{\"@type\":\"SearchAction\",\"target\":{\"@type\":\"EntryPoint\",\"urlTemplate\":\"https:\/\/www.visit-ulcinj.com\/blog\/?s={search_term_string}\"},\"query-input\":\"required name=search_term_string\"}],\"inLanguage\":\"en-US\"},{\"@type\":\"ImageObject\",\"inLanguage\":\"en-US\",\"@id\":\"https:\/\/www.visit-ulcinj.com\/blog\/2014\/01\/03\/utvrden-redosljed-izbornih-lista-u-ulcinj\/#primaryimage\",\"url\":\"https:\/\/www.visit-ulcinj.com\/blog\/wp-content\/uploads\/2014\/01\/Predsjednik-Opstinske-izborne-komisije-Jakup-Murati.jpg\",\"contentUrl\":\"https:\/\/www.visit-ulcinj.com\/blog\/wp-content\/uploads\/2014\/01\/Predsjednik-Opstinske-izborne-komisije-Jakup-Murati.jpg\",\"width\":960,\"height\":642},{\"@type\":\"WebPage\",\"@id\":\"https:\/\/www.visit-ulcinj.com\/blog\/2014\/01\/03\/utvrden-redosljed-izbornih-lista-u-ulcinj\/#webpage\",\"url\":\"https:\/\/www.visit-ulcinj.com\/blog\/2014\/01\/03\/utvrden-redosljed-izbornih-lista-u-ulcinj\/\",\"name\":\"Utvr\u0111en redosljed izbornih lista u Ulcinj - Lajme nga Ulqini\",\"isPartOf\":{\"@id\":\"https:\/\/www.visit-ulcinj.com\/blog\/#website\"},\"primaryImageOfPage\":{\"@id\":\"https:\/\/www.visit-ulcinj.com\/blog\/2014\/01\/03\/utvrden-redosljed-izbornih-lista-u-ulcinj\/#primaryimage\"},\"datePublished\":\"2014-01-03T17:01:21+00:00\",\"dateModified\":\"2014-01-03T17:01:21+00:00\",\"author\":{\"@id\":\"https:\/\/www.visit-ulcinj.com\/blog\/#\/schema\/person\/dcab619c614d3038751c63bc2aadc06d\"},\"description\":\"ULCINJ \u2013 Op\u0161tinska izborna komisija \u017erijebanjem je utvrdila redosljed izbornih listi na lokalnim izborima u Ulcinju koji se odr\u017eavaju 26. januara.\u00a0 Pod\",\"breadcrumb\":{\"@id\":\"https:\/\/www.visit-ulcinj.com\/blog\/2014\/01\/03\/utvrden-redosljed-izbornih-lista-u-ulcinj\/#breadcrumb\"},\"inLanguage\":\"en-US\",\"potentialAction\":[{\"@type\":\"ReadAction\",\"target\":[\"https:\/\/www.visit-ulcinj.com\/blog\/2014\/01\/03\/utvrden-redosljed-izbornih-lista-u-ulcinj\/\"]}]},{\"@type\":\"BreadcrumbList\",\"@id\":\"https:\/\/www.visit-ulcinj.com\/blog\/2014\/01\/03\/utvrden-redosljed-izbornih-lista-u-ulcinj\/#breadcrumb\",\"itemListElement\":[{\"@type\":\"ListItem\",\"position\":1,\"name\":\"Utvr\u0111en redosljed izbornih lista u Ulcinj\"}]},{\"@type\":\"Person\",\"@id\":\"https:\/\/www.visit-ulcinj.com\/blog\/#\/schema\/person\/dcab619c614d3038751c63bc2aadc06d\",\"name\":\"ulqini\",\"sameAs\":[\"http:\/\/www.visit-ulcinj.com\"],\"url\":\"https:\/\/www.visit-ulcinj.com\/blog\/author\/admin\/\"}]}<\/script>\n<!-- \/ Yoast SEO plugin. -->","yoast_head_json":{"title":"Utvr\u0111en redosljed izbornih lista u Ulcinj - Lajme nga Ulqini","description":"ULCINJ \u2013 Op\u0161tinska izborna komisija \u017erijebanjem je utvrdila redosljed izbornih listi na lokalnim izborima u Ulcinju koji se odr\u017eavaju 26. januara.\u00a0 Pod","robots":{"index":"index","follow":"follow","max-snippet":"max-snippet:-1","max-image-preview":"max-image-preview:large","max-video-preview":"max-video-preview:-1"},"canonical":"https:\/\/www.visit-ulcinj.com\/blog\/2014\/01\/03\/utvrden-redosljed-izbornih-lista-u-ulcinj\/","og_locale":"en_US","og_type":"article","og_title":"Utvr\u0111en redosljed izbornih lista u Ulcinj - Lajme nga Ulqini","og_description":"ULCINJ \u2013 Op\u0161tinska izborna komisija \u017erijebanjem je utvrdila redosljed izbornih listi na lokalnim izborima u Ulcinju koji se odr\u017eavaju 26. januara.\u00a0 Pod","og_url":"https:\/\/www.visit-ulcinj.com\/blog\/2014\/01\/03\/utvrden-redosljed-izbornih-lista-u-ulcinj\/","og_site_name":"Lajme nga Ulqini","article_published_time":"2014-01-03T17:01:21+00:00","og_image":[{"url":"http:\/\/www.visit-ulcinj.com\/blog\/wp-content\/uploads\/2014\/01\/Predsjednik-Opstinske-izborne-komisije-Jakup-Murati.jpg"}],"twitter_misc":{"Written by":"ulqini","Est. reading time":"1 minute"},"schema":{"@context":"https:\/\/schema.org","@graph":[{"@type":"WebSite","@id":"https:\/\/www.visit-ulcinj.com\/blog\/#website","url":"https:\/\/www.visit-ulcinj.com\/blog\/","name":"Lajme nga Ulqini","description":"Lajme,Vijesti,Ulqini,Ulqin,Crna Gora,Mali i Zi","potentialAction":[{"@type":"SearchAction","target":{"@type":"EntryPoint","urlTemplate":"https:\/\/www.visit-ulcinj.com\/blog\/?s={search_term_string}"},"query-input":"required name=search_term_string"}],"inLanguage":"en-US"},{"@type":"ImageObject","inLanguage":"en-US","@id":"https:\/\/www.visit-ulcinj.com\/blog\/2014\/01\/03\/utvrden-redosljed-izbornih-lista-u-ulcinj\/#primaryimage","url":"https:\/\/www.visit-ulcinj.com\/blog\/wp-content\/uploads\/2014\/01\/Predsjednik-Opstinske-izborne-komisije-Jakup-Murati.jpg","contentUrl":"https:\/\/www.visit-ulcinj.com\/blog\/wp-content\/uploads\/2014\/01\/Predsjednik-Opstinske-izborne-komisije-Jakup-Murati.jpg","width":960,"height":642},{"@type":"WebPage","@id":"https:\/\/www.visit-ulcinj.com\/blog\/2014\/01\/03\/utvrden-redosljed-izbornih-lista-u-ulcinj\/#webpage","url":"https:\/\/www.visit-ulcinj.com\/blog\/2014\/01\/03\/utvrden-redosljed-izbornih-lista-u-ulcinj\/","name":"Utvr\u0111en redosljed izbornih lista u Ulcinj - Lajme nga Ulqini","isPartOf":{"@id":"https:\/\/www.visit-ulcinj.com\/blog\/#website"},"primaryImageOfPage":{"@id":"https:\/\/www.visit-ulcinj.com\/blog\/2014\/01\/03\/utvrden-redosljed-izbornih-lista-u-ulcinj\/#primaryimage"},"datePublished":"2014-01-03T17:01:21+00:00","dateModified":"2014-01-03T17:01:21+00:00","author":{"@id":"https:\/\/www.visit-ulcinj.com\/blog\/#\/schema\/person\/dcab619c614d3038751c63bc2aadc06d"},"description":"ULCINJ \u2013 Op\u0161tinska izborna komisija \u017erijebanjem je utvrdila redosljed izbornih listi na lokalnim izborima u Ulcinju koji se odr\u017eavaju 26. januara.\u00a0 Pod","breadcrumb":{"@id":"https:\/\/www.visit-ulcinj.com\/blog\/2014\/01\/03\/utvrden-redosljed-izbornih-lista-u-ulcinj\/#breadcrumb"},"inLanguage":"en-US","potentialAction":[{"@type":"ReadAction","target":["https:\/\/www.visit-ulcinj.com\/blog\/2014\/01\/03\/utvrden-redosljed-izbornih-lista-u-ulcinj\/"]}]},{"@type":"BreadcrumbList","@id":"https:\/\/www.visit-ulcinj.com\/blog\/2014\/01\/03\/utvrden-redosljed-izbornih-lista-u-ulcinj\/#breadcrumb","itemListElement":[{"@type":"ListItem","position":1,"name":"Utvr\u0111en redosljed izbornih lista u Ulcinj"}]},{"@type":"Person","@id":"https:\/\/www.visit-ulcinj.com\/blog\/#\/schema\/person\/dcab619c614d3038751c63bc2aadc06d","name":"ulqini","sameAs":["http:\/\/www.visit-ulcinj.com"],"url":"https:\/\/www.visit-ulcinj.com\/blog\/author\/admin\/"}]}},"jetpack_featured_media_url":"","jetpack_sharing_enabled":true,"jetpack_shortlink":"https:\/\/wp.me\/pe6lTn-kgf","_links":{"self":[{"href":"https:\/\/www.visit-ulcinj.com\/blog\/wp-json\/wp\/v2\/posts\/77887"}],"collection":[{"href":"https:\/\/www.visit-ulcinj.com\/blog\/wp-json\/wp\/v2\/posts"}],"about":[{"href":"https:\/\/www.visit-ulcinj.com\/blog\/wp-json\/wp\/v2\/types\/post"}],"author":[{"embeddable":true,"href":"https:\/\/www.visit-ulcinj.com\/blog\/wp-json\/wp\/v2\/users\/1"}],"replies":[{"embeddable":true,"href":"https:\/\/www.visit-ulcinj.com\/blog\/wp-json\/wp\/v2\/comments?post=77887"}],"version-history":[{"count":1,"href":"https:\/\/www.visit-ulcinj.com\/blog\/wp-json\/wp\/v2\/posts\/77887\/revisions"}],"predecessor-version":[{"id":77889,"href":"https:\/\/www.visit-ulcinj.com\/blog\/wp-json\/wp\/v2\/posts\/77887\/revisions\/77889"}],"wp:attachment":[{"href":"https:\/\/www.visit-ulcinj.com\/blog\/wp-json\/wp\/v2\/media?parent=77887"}],"wp:term":[{"taxonomy":"category","embeddable":true,"href":"https:\/\/www.visit-ulcinj.com\/blog\/wp-json\/wp\/v2\/categories?post=77887"},{"taxonomy":"post_tag","embeddable":true,"href":"https:\/\/www.visit-ulcinj.com\/blog\/wp-json\/wp\/v2\/tags?post=77887"}],"curies":[{"name":"wp","href":"https:\/\/api.w.org\/{rel}","templated":true}]}}