{"id":77890,"date":"2014-01-03T19:45:47","date_gmt":"2014-01-03T18:45:47","guid":{"rendered":"http:\/\/www.visit-ulcinj.com\/blog\/?p=77890"},"modified":"2014-01-03T19:45:47","modified_gmt":"2014-01-03T18:45:47","slug":"opstina-ulcinj-u-totalnoj-finansijskoj-blokadi","status":"publish","type":"post","link":"https:\/\/www.visit-ulcinj.com\/blog\/2014\/01\/03\/opstina-ulcinj-u-totalnoj-finansijskoj-blokadi\/","title":{"rendered":"Op\u0161tina Ulcinj u totalnoj finansijskoj blokadi"},"content":{"rendered":"<p><a href=\"http:\/\/www.visit-ulcinj.com\/blog\/wp-content\/uploads\/2014\/01\/Agron-Ibrahimi-1.jpg\"><img loading=\"lazy\" class=\"alignleft  wp-image-77891\" alt=\"Agron Ibrahimi-1\" src=\"http:\/\/www.visit-ulcinj.com\/blog\/wp-content\/uploads\/2014\/01\/Agron-Ibrahimi-1.jpg\" width=\"508\" height=\"360\" \/><\/a>Od 1. januara Op\u0161tina Ulcinj ne mo\u017ee da izvr\u0161i nijedno pla\u0107anje prema dobavlja\u010dima niti da ispla\u0107uje zarade zaposlenima jer ne postoji odluka o privremenom finansiranju organa lokalne samouprave u prvom tromjese\u010dju ove godine. Ta odluka je zakonska obaveza s obzirom na to da, zbog poznate politi\u010dke krize nije razmatran i usvojen bud\u017eet za 2014. godinu. Lokalna samouprava se na\u0161la u nezavidnoj situaciji jer su protiv te odluke na nedavnoj vanrednoj sjednici Skup\u0161tine op\u0161tine glasali svi odborni\u010dki klubovi, sa izuzetkom Nove demokratske snage \u2013 Forca. Stru\u010dnjaci smatraju da bi ovakva situacija, ukoliko se \u0161to prije ne rije\u0161i, mogla u narednom periodu da izazove ozbiljne konsekvence. Ekonomista i kandidat Demokratskog fronta za odbornika u SO Ulcinj \u017deljko Rolovi\u0107 smatra da ukoliko se bud\u017eet ne donese do 31. marta 2014. godine Op\u0161tini prijeti prinudna uprava.<br \/>\n\u2013 Trebalo bi uzeti u obzir sve pretpostavke. Lokalni izbori se zavr\u0161avaju krajem mjeseca i postavlja se pitanje \u0161ta ako se odmah ne bude formirala vlast. U Ulcinju smo imali situaciju da 2010. godine nakon majskih izbora nije mogla da se konstitui\u0161e vlast, ve\u0107 su izbori ponovljeni u oktobru. Tako\u0111e, nema odluke o privremenom finansiranju koja je bila obaveza jer nema predloga bud\u017eeta. I da je donesena takva odluka va\u017eila bi do 31. marta \u2013 obja\u0161njava Rolovi\u0107 i dodaje da u sada\u0161njoj situaciji neka od ovla\u0161\u0107enja mo\u017ee da iskoristi jedino predsjednik op\u0161tine.<br \/>\n\u2013 Me\u0111utim, ta ovla\u0161\u0107enja nijesu velika. Ina\u010de, po odluci o privremenom finansiranju mo\u017ee da se mjese\u010dno tro\u0161i jedna dvanaestina rashoda iz bud\u017eeta iz prethodne godine. Ne vi\u0161e od toga. Znaju\u0107i kolike su obaveze prema dobavlja\u010dima, zaposlenima&#8230; kao i drugim tro\u0161kovima, radi se o veoma velikom problemu za koji je prvenstveno odgovorna vladaju\u0107a koalicija i predsjednik Op\u0161tine. Nikako se nije smjelo dozvoliti da rashodna strana bud\u017eeta do\u0111e u blokadu. Vlast, kakva god da je bila, imala je vremena da izbjegne ovu situaciju, ali na\u017ealost nije. Sada \u0107e zbog toga biti te\u0161kih posljedica, prije svega za one koji zavise od sredstava iz op\u0161tinske kase \u2013 smatra Rolovi\u0107.<br \/>\nI sekretar za bud\u017eet i finansije Agron Ibrahimi ka\u017ee da se lokalna uprava na\u0161la u nesvakida\u0161njoj situaciji koja ote\u017eava ionako slo\u017eeno finansijsko stanje.<br \/>\n\u2013 To je veliki problem, ali postoje dva na\u010dina da ga rije\u0161imo. Prvi je da predsjednik Op\u0161tine Nazif Cungu sam donese tu odluku koja bi se naknadno verifikovala na prvom slede\u0107om okupljanju lokalnog parlamenta. To je uostalom i neophodno kako bi se izbjegla ve\u0107a \u0161teta po rad lokalnih organa. Druga varijanta je da se do izbora koji su zakazani za 26. januar iskoristi prilika da se sazove vanredna sjednica Skup\u0161tine op\u0161tine kako bi se usvojila odluka o privremenom finansiranju. Zato je potrebna saglasnost ve\u0107ine politi\u010dkih subjekata u lokalnom parlamentu, a vidjeli smo ve\u0107 da tog konsenzusa nedavno nije bilo \u2013 poja\u0161njava Ibrahimi i dodaje da trenutnom situacijom nijesu ugro\u017eeni lokalni izbori.<br \/>\n\u2013 Prije nove godine OIK-u smo prebacili 12 hiljada eura i ta sredstva trebalo bi da omogu\u0107e da se bez ve\u0107ih problema organizuju izbori. Ipak, politi\u010dke partije ne mogu sada o\u010dekivati sredstva koja ih po zakonu sleduju i to se eventualno mo\u017ee uraditi \u010dim se rije\u0161i ovaj problem \u2013 navodi Ibrahimi.<br \/>\n\u010celnici svih stranaka, sa izuzetkom Force, optu\u017eili su nedavno lokalnu vlast da nije izvr\u0161ila obaveze prema njima, koje iznose preko 60 hiljada eura. U DPS-u tvrde da im se duguje 10 hiljada eura, a u DUA ka\u017eu da 18 mjeseci nijesu dobili nijedan cent sredtava koja ih po zakonu sleduju.<br \/>\n<strong>M.K.<\/strong><\/p>\n<p><strong> Reprogram dugova<\/strong><br \/>\nPotpisivanjem Sanacionog plana sa Vladom Crne Gore, odnosno Ministarstvom finansija, op\u0161tina Ulcinj obavezala se od 11. juna pro\u0161le godine na reprogramiranje obaveze prema dr\u017eavi na period od pet godina. Po tom planu svakog mjeseca Op\u0161tina upla\u0107uje ne\u0161to preko 40 hiljada eura dr\u017eavi. Kako \u0107e se blokada bud\u017eetskih sredstava odraziti na po\u0161tovanje tog plana zasad nije poznato. Ina\u010de, potpisivanjem tog dokumenta Op\u0161tina je dobila pravo na kori\u0161\u0107enje dodatnih kreditnih sredstava \u010dak i za operativne tro\u0161kove. Taj dokument za ve\u0107inu opozicionih \u010dak i stranka vladaju\u0107e koalicije zna\u010di uvo\u0111enje ste\u010daja u op\u0161tini Ulcinj.<\/p>\n<p><strong>Izvor: DAN<\/strong><\/p>\n","protected":false},"excerpt":{"rendered":"<p>Od 1. januara Op\u0161tina Ulcinj ne mo\u017ee da izvr\u0161i nijedno pla\u0107anje prema dobavlja\u010dima niti da ispla\u0107uje zarade zaposlenima jer ne postoji odluka o privremenom finansiranju organa lokalne samouprave u prvom tromjese\u010dju ove godine. Ta odluka je zakonska obaveza s obzirom na to da, zbog poznate politi\u010dke krize nije razmatran i usvojen bud\u017eet za 2014. godinu. [&hellip;]<\/p>\n","protected":false},"author":1,"featured_media":0,"comment_status":"closed","ping_status":"closed","sticky":false,"template":"","format":"standard","meta":{"spay_email":"","jetpack_publicize_message":"","jetpack_is_tweetstorm":false,"jetpack_publicize_feature_enabled":true},"categories":[8337],"tags":[],"jetpack_publicize_connections":[],"yoast_head":"<!-- This site is optimized with the Yoast SEO plugin v19.1 - https:\/\/yoast.com\/wordpress\/plugins\/seo\/ -->\n<title>Op\u0161tina Ulcinj u totalnoj finansijskoj blokadi - Lajme nga Ulqini<\/title>\n<meta name=\"description\" content=\"Od 1. januara Op\u0161tina Ulcinj ne mo\u017ee da izvr\u0161i nijedno pla\u0107anje prema dobavlja\u010dima niti da ispla\u0107uje zarade zaposlenima jer ne postoji odluka o\" \/>\n<meta name=\"robots\" content=\"index, follow, max-snippet:-1, max-image-preview:large, max-video-preview:-1\" \/>\n<link rel=\"canonical\" href=\"https:\/\/www.visit-ulcinj.com\/blog\/2014\/01\/03\/opstina-ulcinj-u-totalnoj-finansijskoj-blokadi\/\" \/>\n<meta property=\"og:locale\" content=\"en_US\" \/>\n<meta property=\"og:type\" content=\"article\" \/>\n<meta property=\"og:title\" content=\"Op\u0161tina Ulcinj u totalnoj finansijskoj blokadi - Lajme nga Ulqini\" \/>\n<meta property=\"og:description\" content=\"Od 1. januara Op\u0161tina Ulcinj ne mo\u017ee da izvr\u0161i nijedno pla\u0107anje prema dobavlja\u010dima niti da ispla\u0107uje zarade zaposlenima jer ne postoji odluka o\" \/>\n<meta property=\"og:url\" content=\"https:\/\/www.visit-ulcinj.com\/blog\/2014\/01\/03\/opstina-ulcinj-u-totalnoj-finansijskoj-blokadi\/\" \/>\n<meta property=\"og:site_name\" content=\"Lajme nga Ulqini\" \/>\n<meta property=\"article:published_time\" content=\"2014-01-03T18:45:47+00:00\" \/>\n<meta property=\"og:image\" content=\"http:\/\/www.visit-ulcinj.com\/blog\/wp-content\/uploads\/2014\/01\/Agron-Ibrahimi-1.jpg\" \/>\n<meta name=\"twitter:label1\" content=\"Written by\" \/>\n\t<meta name=\"twitter:data1\" content=\"ulqini\" \/>\n\t<meta name=\"twitter:label2\" content=\"Est. reading time\" \/>\n\t<meta name=\"twitter:data2\" content=\"4 minutes\" \/>\n<script type=\"application\/ld+json\" class=\"yoast-schema-graph\">{\"@context\":\"https:\/\/schema.org\",\"@graph\":[{\"@type\":\"WebSite\",\"@id\":\"https:\/\/www.visit-ulcinj.com\/blog\/#website\",\"url\":\"https:\/\/www.visit-ulcinj.com\/blog\/\",\"name\":\"Lajme nga Ulqini\",\"description\":\"Lajme,Vijesti,Ulqini,Ulqin,Crna Gora,Mali i Zi\",\"potentialAction\":[{\"@type\":\"SearchAction\",\"target\":{\"@type\":\"EntryPoint\",\"urlTemplate\":\"https:\/\/www.visit-ulcinj.com\/blog\/?s={search_term_string}\"},\"query-input\":\"required name=search_term_string\"}],\"inLanguage\":\"en-US\"},{\"@type\":\"ImageObject\",\"inLanguage\":\"en-US\",\"@id\":\"https:\/\/www.visit-ulcinj.com\/blog\/2014\/01\/03\/opstina-ulcinj-u-totalnoj-finansijskoj-blokadi\/#primaryimage\",\"url\":\"https:\/\/www.visit-ulcinj.com\/blog\/wp-content\/uploads\/2014\/01\/Agron-Ibrahimi-1.jpg\",\"contentUrl\":\"https:\/\/www.visit-ulcinj.com\/blog\/wp-content\/uploads\/2014\/01\/Agron-Ibrahimi-1.jpg\",\"width\":538,\"height\":472},{\"@type\":\"WebPage\",\"@id\":\"https:\/\/www.visit-ulcinj.com\/blog\/2014\/01\/03\/opstina-ulcinj-u-totalnoj-finansijskoj-blokadi\/#webpage\",\"url\":\"https:\/\/www.visit-ulcinj.com\/blog\/2014\/01\/03\/opstina-ulcinj-u-totalnoj-finansijskoj-blokadi\/\",\"name\":\"Op\u0161tina Ulcinj u totalnoj finansijskoj blokadi - Lajme nga Ulqini\",\"isPartOf\":{\"@id\":\"https:\/\/www.visit-ulcinj.com\/blog\/#website\"},\"primaryImageOfPage\":{\"@id\":\"https:\/\/www.visit-ulcinj.com\/blog\/2014\/01\/03\/opstina-ulcinj-u-totalnoj-finansijskoj-blokadi\/#primaryimage\"},\"datePublished\":\"2014-01-03T18:45:47+00:00\",\"dateModified\":\"2014-01-03T18:45:47+00:00\",\"author\":{\"@id\":\"https:\/\/www.visit-ulcinj.com\/blog\/#\/schema\/person\/dcab619c614d3038751c63bc2aadc06d\"},\"description\":\"Od 1. januara Op\u0161tina Ulcinj ne mo\u017ee da izvr\u0161i nijedno pla\u0107anje prema dobavlja\u010dima niti da ispla\u0107uje zarade zaposlenima jer ne postoji odluka o\",\"breadcrumb\":{\"@id\":\"https:\/\/www.visit-ulcinj.com\/blog\/2014\/01\/03\/opstina-ulcinj-u-totalnoj-finansijskoj-blokadi\/#breadcrumb\"},\"inLanguage\":\"en-US\",\"potentialAction\":[{\"@type\":\"ReadAction\",\"target\":[\"https:\/\/www.visit-ulcinj.com\/blog\/2014\/01\/03\/opstina-ulcinj-u-totalnoj-finansijskoj-blokadi\/\"]}]},{\"@type\":\"BreadcrumbList\",\"@id\":\"https:\/\/www.visit-ulcinj.com\/blog\/2014\/01\/03\/opstina-ulcinj-u-totalnoj-finansijskoj-blokadi\/#breadcrumb\",\"itemListElement\":[{\"@type\":\"ListItem\",\"position\":1,\"name\":\"Op\u0161tina Ulcinj u totalnoj finansijskoj blokadi\"}]},{\"@type\":\"Person\",\"@id\":\"https:\/\/www.visit-ulcinj.com\/blog\/#\/schema\/person\/dcab619c614d3038751c63bc2aadc06d\",\"name\":\"ulqini\",\"sameAs\":[\"http:\/\/www.visit-ulcinj.com\"],\"url\":\"https:\/\/www.visit-ulcinj.com\/blog\/author\/admin\/\"}]}<\/script>\n<!-- \/ Yoast SEO plugin. -->","yoast_head_json":{"title":"Op\u0161tina Ulcinj u totalnoj finansijskoj blokadi - Lajme nga Ulqini","description":"Od 1. januara Op\u0161tina Ulcinj ne mo\u017ee da izvr\u0161i nijedno pla\u0107anje prema dobavlja\u010dima niti da ispla\u0107uje zarade zaposlenima jer ne postoji odluka o","robots":{"index":"index","follow":"follow","max-snippet":"max-snippet:-1","max-image-preview":"max-image-preview:large","max-video-preview":"max-video-preview:-1"},"canonical":"https:\/\/www.visit-ulcinj.com\/blog\/2014\/01\/03\/opstina-ulcinj-u-totalnoj-finansijskoj-blokadi\/","og_locale":"en_US","og_type":"article","og_title":"Op\u0161tina Ulcinj u totalnoj finansijskoj blokadi - Lajme nga Ulqini","og_description":"Od 1. januara Op\u0161tina Ulcinj ne mo\u017ee da izvr\u0161i nijedno pla\u0107anje prema dobavlja\u010dima niti da ispla\u0107uje zarade zaposlenima jer ne postoji odluka o","og_url":"https:\/\/www.visit-ulcinj.com\/blog\/2014\/01\/03\/opstina-ulcinj-u-totalnoj-finansijskoj-blokadi\/","og_site_name":"Lajme nga Ulqini","article_published_time":"2014-01-03T18:45:47+00:00","og_image":[{"url":"http:\/\/www.visit-ulcinj.com\/blog\/wp-content\/uploads\/2014\/01\/Agron-Ibrahimi-1.jpg"}],"twitter_misc":{"Written by":"ulqini","Est. reading time":"4 minutes"},"schema":{"@context":"https:\/\/schema.org","@graph":[{"@type":"WebSite","@id":"https:\/\/www.visit-ulcinj.com\/blog\/#website","url":"https:\/\/www.visit-ulcinj.com\/blog\/","name":"Lajme nga Ulqini","description":"Lajme,Vijesti,Ulqini,Ulqin,Crna Gora,Mali i Zi","potentialAction":[{"@type":"SearchAction","target":{"@type":"EntryPoint","urlTemplate":"https:\/\/www.visit-ulcinj.com\/blog\/?s={search_term_string}"},"query-input":"required name=search_term_string"}],"inLanguage":"en-US"},{"@type":"ImageObject","inLanguage":"en-US","@id":"https:\/\/www.visit-ulcinj.com\/blog\/2014\/01\/03\/opstina-ulcinj-u-totalnoj-finansijskoj-blokadi\/#primaryimage","url":"https:\/\/www.visit-ulcinj.com\/blog\/wp-content\/uploads\/2014\/01\/Agron-Ibrahimi-1.jpg","contentUrl":"https:\/\/www.visit-ulcinj.com\/blog\/wp-content\/uploads\/2014\/01\/Agron-Ibrahimi-1.jpg","width":538,"height":472},{"@type":"WebPage","@id":"https:\/\/www.visit-ulcinj.com\/blog\/2014\/01\/03\/opstina-ulcinj-u-totalnoj-finansijskoj-blokadi\/#webpage","url":"https:\/\/www.visit-ulcinj.com\/blog\/2014\/01\/03\/opstina-ulcinj-u-totalnoj-finansijskoj-blokadi\/","name":"Op\u0161tina Ulcinj u totalnoj finansijskoj blokadi - Lajme nga Ulqini","isPartOf":{"@id":"https:\/\/www.visit-ulcinj.com\/blog\/#website"},"primaryImageOfPage":{"@id":"https:\/\/www.visit-ulcinj.com\/blog\/2014\/01\/03\/opstina-ulcinj-u-totalnoj-finansijskoj-blokadi\/#primaryimage"},"datePublished":"2014-01-03T18:45:47+00:00","dateModified":"2014-01-03T18:45:47+00:00","author":{"@id":"https:\/\/www.visit-ulcinj.com\/blog\/#\/schema\/person\/dcab619c614d3038751c63bc2aadc06d"},"description":"Od 1. januara Op\u0161tina Ulcinj ne mo\u017ee da izvr\u0161i nijedno pla\u0107anje prema dobavlja\u010dima niti da ispla\u0107uje zarade zaposlenima jer ne postoji odluka o","breadcrumb":{"@id":"https:\/\/www.visit-ulcinj.com\/blog\/2014\/01\/03\/opstina-ulcinj-u-totalnoj-finansijskoj-blokadi\/#breadcrumb"},"inLanguage":"en-US","potentialAction":[{"@type":"ReadAction","target":["https:\/\/www.visit-ulcinj.com\/blog\/2014\/01\/03\/opstina-ulcinj-u-totalnoj-finansijskoj-blokadi\/"]}]},{"@type":"BreadcrumbList","@id":"https:\/\/www.visit-ulcinj.com\/blog\/2014\/01\/03\/opstina-ulcinj-u-totalnoj-finansijskoj-blokadi\/#breadcrumb","itemListElement":[{"@type":"ListItem","position":1,"name":"Op\u0161tina Ulcinj u totalnoj finansijskoj blokadi"}]},{"@type":"Person","@id":"https:\/\/www.visit-ulcinj.com\/blog\/#\/schema\/person\/dcab619c614d3038751c63bc2aadc06d","name":"ulqini","sameAs":["http:\/\/www.visit-ulcinj.com"],"url":"https:\/\/www.visit-ulcinj.com\/blog\/author\/admin\/"}]}},"jetpack_featured_media_url":"","jetpack_sharing_enabled":true,"jetpack_shortlink":"https:\/\/wp.me\/pe6lTn-kgi","_links":{"self":[{"href":"https:\/\/www.visit-ulcinj.com\/blog\/wp-json\/wp\/v2\/posts\/77890"}],"collection":[{"href":"https:\/\/www.visit-ulcinj.com\/blog\/wp-json\/wp\/v2\/posts"}],"about":[{"href":"https:\/\/www.visit-ulcinj.com\/blog\/wp-json\/wp\/v2\/types\/post"}],"author":[{"embeddable":true,"href":"https:\/\/www.visit-ulcinj.com\/blog\/wp-json\/wp\/v2\/users\/1"}],"replies":[{"embeddable":true,"href":"https:\/\/www.visit-ulcinj.com\/blog\/wp-json\/wp\/v2\/comments?post=77890"}],"version-history":[{"count":1,"href":"https:\/\/www.visit-ulcinj.com\/blog\/wp-json\/wp\/v2\/posts\/77890\/revisions"}],"predecessor-version":[{"id":77892,"href":"https:\/\/www.visit-ulcinj.com\/blog\/wp-json\/wp\/v2\/posts\/77890\/revisions\/77892"}],"wp:attachment":[{"href":"https:\/\/www.visit-ulcinj.com\/blog\/wp-json\/wp\/v2\/media?parent=77890"}],"wp:term":[{"taxonomy":"category","embeddable":true,"href":"https:\/\/www.visit-ulcinj.com\/blog\/wp-json\/wp\/v2\/categories?post=77890"},{"taxonomy":"post_tag","embeddable":true,"href":"https:\/\/www.visit-ulcinj.com\/blog\/wp-json\/wp\/v2\/tags?post=77890"}],"curies":[{"name":"wp","href":"https:\/\/api.w.org\/{rel}","templated":true}]}}