{"id":77898,"date":"2014-01-04T20:27:38","date_gmt":"2014-01-04T19:27:38","guid":{"rendered":"http:\/\/www.visit-ulcinj.com\/blog\/?p=77898"},"modified":"2014-01-04T20:27:38","modified_gmt":"2014-01-04T19:27:38","slug":"miodrag-lekic-u-posjeti-df-ulcinj","status":"publish","type":"post","link":"https:\/\/www.visit-ulcinj.com\/blog\/2014\/01\/04\/miodrag-lekic-u-posjeti-df-ulcinj\/","title":{"rendered":"Miodrag Leki\u0107 u posjeti DF Ulcinj"},"content":{"rendered":"<p><a href=\"http:\/\/www.visit-ulcinj.com\/blog\/wp-content\/uploads\/2014\/01\/Lekic-u-posjeti-DF-Ulcinj.jpg\"><img loading=\"lazy\" class=\"alignleft  wp-image-77900\" alt=\"Lekic u posjeti DF Ulcinj\" src=\"http:\/\/www.visit-ulcinj.com\/blog\/wp-content\/uploads\/2014\/01\/Lekic-u-posjeti-DF-Ulcinj.jpg\" width=\"508\" height=\"321\" \/><\/a>Predsjednik Demokratskog Fronta Miodrag Leki\u0107 posjetio je ju\u010de OO Ulcinj Demokratskog fronta. Na sastanku su razmatrane teme iz oblasti ekonomije, socijalnih pitanja, kao i politi\u010dka situacija. Ocijenjeno je da je privredna situacija u gradu katastrofalna i \u00a0konstatovan kolaps skoro svih zna\u010dajnih privrednih subjekata, kako u dr\u017eavnom, tako i u privatnom sektoru.<\/p>\n<p>Najni\u017ea prosje\u010dna plata u dr\u017eavi je ogledalo cjelokupnog stanja na nivou op\u0161tine. Mo\u017eemo slobodno re\u0107i da Ulcinj pripada , kada je Crna Gora u pitanju, nerazvijenom sjeveru.<\/p>\n<p>Neusvajanje bud\u017eeta za 2014. godinu, kao i neusvajanje odluke o privremenom finansiranju, jasna je poruka gra\u0111anima da ovo vi\u0161e li\u010di na cirkus nego na Skup\u0161tinu Op\u0161tine.<\/p>\n<p>Na sastanku je istaknuto zadovoljstvo kada je u pitanju izborna lista Demokratskog Fronta \u2013 Za Ulcinj Svih Nas, koju je podr\u017ealo vi\u0161e od 300 gra\u0111ana Ulcinja. Svima njima iskrenu zahvalnost uputili su predsjednik Demokratskog Fronta Miodrag Leki\u0107 i nosilac liste dr Milan Rolovi\u0107.<\/p>\n<p>Nakon sastanka, rukovodstvo Op\u0161tinskog Odbora Demokratskog Fronta Ulcinj, na \u010delu sa predsjednikom Demokratskog Fronta, pro\u0161etali su gradom i, u neposrednom razgovoru sa gra\u0111anima Ulcinja, konstatovali da se mo\u017ee mnogo vi\u0161e i mnogo bolje.<\/p>\n<p><strong>Izvor: demokratskifront.me<\/strong><\/p>\n","protected":false},"excerpt":{"rendered":"<p>Predsjednik Demokratskog Fronta Miodrag Leki\u0107 posjetio je ju\u010de OO Ulcinj Demokratskog fronta. Na sastanku su razmatrane teme iz oblasti ekonomije, socijalnih pitanja, kao i politi\u010dka situacija. Ocijenjeno je da je privredna situacija u gradu katastrofalna i \u00a0konstatovan kolaps skoro svih zna\u010dajnih privrednih subjekata, kako u dr\u017eavnom, tako i u privatnom sektoru. Najni\u017ea prosje\u010dna plata u [&hellip;]<\/p>\n","protected":false},"author":1,"featured_media":0,"comment_status":"closed","ping_status":"closed","sticky":false,"template":"","format":"standard","meta":{"spay_email":"","jetpack_publicize_message":"","jetpack_is_tweetstorm":false,"jetpack_publicize_feature_enabled":true},"categories":[8337],"tags":[],"jetpack_publicize_connections":[],"yoast_head":"<!-- This site is optimized with the Yoast SEO plugin v19.1 - https:\/\/yoast.com\/wordpress\/plugins\/seo\/ -->\n<title>Miodrag Leki\u0107 u posjeti DF Ulcinj - Lajme nga Ulqini<\/title>\n<meta name=\"description\" content=\"Predsjednik Demokratskog Fronta Miodrag Leki\u0107 posjetio je ju\u010de OO Ulcinj Demokratskog fronta. Na sastanku su razmatrane teme iz oblasti ekonomije,\" \/>\n<meta name=\"robots\" content=\"index, follow, max-snippet:-1, max-image-preview:large, max-video-preview:-1\" \/>\n<link rel=\"canonical\" href=\"https:\/\/www.visit-ulcinj.com\/blog\/2014\/01\/04\/miodrag-lekic-u-posjeti-df-ulcinj\/\" \/>\n<meta property=\"og:locale\" content=\"en_US\" \/>\n<meta property=\"og:type\" content=\"article\" \/>\n<meta property=\"og:title\" content=\"Miodrag Leki\u0107 u posjeti DF Ulcinj - Lajme nga Ulqini\" \/>\n<meta property=\"og:description\" content=\"Predsjednik Demokratskog Fronta Miodrag Leki\u0107 posjetio je ju\u010de OO Ulcinj Demokratskog fronta. Na sastanku su razmatrane teme iz oblasti ekonomije,\" \/>\n<meta property=\"og:url\" content=\"https:\/\/www.visit-ulcinj.com\/blog\/2014\/01\/04\/miodrag-lekic-u-posjeti-df-ulcinj\/\" \/>\n<meta property=\"og:site_name\" content=\"Lajme nga Ulqini\" \/>\n<meta property=\"article:published_time\" content=\"2014-01-04T19:27:38+00:00\" \/>\n<meta property=\"og:image\" content=\"http:\/\/www.visit-ulcinj.com\/blog\/wp-content\/uploads\/2014\/01\/Lekic-u-posjeti-DF-Ulcinj.jpg\" \/>\n<meta name=\"twitter:label1\" content=\"Written by\" \/>\n\t<meta name=\"twitter:data1\" content=\"ulqini\" \/>\n\t<meta name=\"twitter:label2\" content=\"Est. reading time\" \/>\n\t<meta name=\"twitter:data2\" content=\"1 minute\" \/>\n<script type=\"application\/ld+json\" class=\"yoast-schema-graph\">{\"@context\":\"https:\/\/schema.org\",\"@graph\":[{\"@type\":\"WebSite\",\"@id\":\"https:\/\/www.visit-ulcinj.com\/blog\/#website\",\"url\":\"https:\/\/www.visit-ulcinj.com\/blog\/\",\"name\":\"Lajme nga Ulqini\",\"description\":\"Lajme,Vijesti,Ulqini,Ulqin,Crna Gora,Mali i Zi\",\"potentialAction\":[{\"@type\":\"SearchAction\",\"target\":{\"@type\":\"EntryPoint\",\"urlTemplate\":\"https:\/\/www.visit-ulcinj.com\/blog\/?s={search_term_string}\"},\"query-input\":\"required name=search_term_string\"}],\"inLanguage\":\"en-US\"},{\"@type\":\"ImageObject\",\"inLanguage\":\"en-US\",\"@id\":\"https:\/\/www.visit-ulcinj.com\/blog\/2014\/01\/04\/miodrag-lekic-u-posjeti-df-ulcinj\/#primaryimage\",\"url\":\"https:\/\/www.visit-ulcinj.com\/blog\/wp-content\/uploads\/2014\/01\/Lekic-u-posjeti-DF-Ulcinj.jpg\",\"contentUrl\":\"https:\/\/www.visit-ulcinj.com\/blog\/wp-content\/uploads\/2014\/01\/Lekic-u-posjeti-DF-Ulcinj.jpg\",\"width\":570,\"height\":321},{\"@type\":\"WebPage\",\"@id\":\"https:\/\/www.visit-ulcinj.com\/blog\/2014\/01\/04\/miodrag-lekic-u-posjeti-df-ulcinj\/#webpage\",\"url\":\"https:\/\/www.visit-ulcinj.com\/blog\/2014\/01\/04\/miodrag-lekic-u-posjeti-df-ulcinj\/\",\"name\":\"Miodrag Leki\u0107 u posjeti DF Ulcinj - Lajme nga Ulqini\",\"isPartOf\":{\"@id\":\"https:\/\/www.visit-ulcinj.com\/blog\/#website\"},\"primaryImageOfPage\":{\"@id\":\"https:\/\/www.visit-ulcinj.com\/blog\/2014\/01\/04\/miodrag-lekic-u-posjeti-df-ulcinj\/#primaryimage\"},\"datePublished\":\"2014-01-04T19:27:38+00:00\",\"dateModified\":\"2014-01-04T19:27:38+00:00\",\"author\":{\"@id\":\"https:\/\/www.visit-ulcinj.com\/blog\/#\/schema\/person\/dcab619c614d3038751c63bc2aadc06d\"},\"description\":\"Predsjednik Demokratskog Fronta Miodrag Leki\u0107 posjetio je ju\u010de OO Ulcinj Demokratskog fronta. Na sastanku su razmatrane teme iz oblasti ekonomije,\",\"breadcrumb\":{\"@id\":\"https:\/\/www.visit-ulcinj.com\/blog\/2014\/01\/04\/miodrag-lekic-u-posjeti-df-ulcinj\/#breadcrumb\"},\"inLanguage\":\"en-US\",\"potentialAction\":[{\"@type\":\"ReadAction\",\"target\":[\"https:\/\/www.visit-ulcinj.com\/blog\/2014\/01\/04\/miodrag-lekic-u-posjeti-df-ulcinj\/\"]}]},{\"@type\":\"BreadcrumbList\",\"@id\":\"https:\/\/www.visit-ulcinj.com\/blog\/2014\/01\/04\/miodrag-lekic-u-posjeti-df-ulcinj\/#breadcrumb\",\"itemListElement\":[{\"@type\":\"ListItem\",\"position\":1,\"name\":\"Miodrag Leki\u0107 u posjeti DF Ulcinj\"}]},{\"@type\":\"Person\",\"@id\":\"https:\/\/www.visit-ulcinj.com\/blog\/#\/schema\/person\/dcab619c614d3038751c63bc2aadc06d\",\"name\":\"ulqini\",\"sameAs\":[\"http:\/\/www.visit-ulcinj.com\"],\"url\":\"https:\/\/www.visit-ulcinj.com\/blog\/author\/admin\/\"}]}<\/script>\n<!-- \/ Yoast SEO plugin. -->","yoast_head_json":{"title":"Miodrag Leki\u0107 u posjeti DF Ulcinj - Lajme nga Ulqini","description":"Predsjednik Demokratskog Fronta Miodrag Leki\u0107 posjetio je ju\u010de OO Ulcinj Demokratskog fronta. Na sastanku su razmatrane teme iz oblasti ekonomije,","robots":{"index":"index","follow":"follow","max-snippet":"max-snippet:-1","max-image-preview":"max-image-preview:large","max-video-preview":"max-video-preview:-1"},"canonical":"https:\/\/www.visit-ulcinj.com\/blog\/2014\/01\/04\/miodrag-lekic-u-posjeti-df-ulcinj\/","og_locale":"en_US","og_type":"article","og_title":"Miodrag Leki\u0107 u posjeti DF Ulcinj - Lajme nga Ulqini","og_description":"Predsjednik Demokratskog Fronta Miodrag Leki\u0107 posjetio je ju\u010de OO Ulcinj Demokratskog fronta. Na sastanku su razmatrane teme iz oblasti ekonomije,","og_url":"https:\/\/www.visit-ulcinj.com\/blog\/2014\/01\/04\/miodrag-lekic-u-posjeti-df-ulcinj\/","og_site_name":"Lajme nga Ulqini","article_published_time":"2014-01-04T19:27:38+00:00","og_image":[{"url":"http:\/\/www.visit-ulcinj.com\/blog\/wp-content\/uploads\/2014\/01\/Lekic-u-posjeti-DF-Ulcinj.jpg"}],"twitter_misc":{"Written by":"ulqini","Est. reading time":"1 minute"},"schema":{"@context":"https:\/\/schema.org","@graph":[{"@type":"WebSite","@id":"https:\/\/www.visit-ulcinj.com\/blog\/#website","url":"https:\/\/www.visit-ulcinj.com\/blog\/","name":"Lajme nga Ulqini","description":"Lajme,Vijesti,Ulqini,Ulqin,Crna Gora,Mali i Zi","potentialAction":[{"@type":"SearchAction","target":{"@type":"EntryPoint","urlTemplate":"https:\/\/www.visit-ulcinj.com\/blog\/?s={search_term_string}"},"query-input":"required name=search_term_string"}],"inLanguage":"en-US"},{"@type":"ImageObject","inLanguage":"en-US","@id":"https:\/\/www.visit-ulcinj.com\/blog\/2014\/01\/04\/miodrag-lekic-u-posjeti-df-ulcinj\/#primaryimage","url":"https:\/\/www.visit-ulcinj.com\/blog\/wp-content\/uploads\/2014\/01\/Lekic-u-posjeti-DF-Ulcinj.jpg","contentUrl":"https:\/\/www.visit-ulcinj.com\/blog\/wp-content\/uploads\/2014\/01\/Lekic-u-posjeti-DF-Ulcinj.jpg","width":570,"height":321},{"@type":"WebPage","@id":"https:\/\/www.visit-ulcinj.com\/blog\/2014\/01\/04\/miodrag-lekic-u-posjeti-df-ulcinj\/#webpage","url":"https:\/\/www.visit-ulcinj.com\/blog\/2014\/01\/04\/miodrag-lekic-u-posjeti-df-ulcinj\/","name":"Miodrag Leki\u0107 u posjeti DF Ulcinj - Lajme nga Ulqini","isPartOf":{"@id":"https:\/\/www.visit-ulcinj.com\/blog\/#website"},"primaryImageOfPage":{"@id":"https:\/\/www.visit-ulcinj.com\/blog\/2014\/01\/04\/miodrag-lekic-u-posjeti-df-ulcinj\/#primaryimage"},"datePublished":"2014-01-04T19:27:38+00:00","dateModified":"2014-01-04T19:27:38+00:00","author":{"@id":"https:\/\/www.visit-ulcinj.com\/blog\/#\/schema\/person\/dcab619c614d3038751c63bc2aadc06d"},"description":"Predsjednik Demokratskog Fronta Miodrag Leki\u0107 posjetio je ju\u010de OO Ulcinj Demokratskog fronta. Na sastanku su razmatrane teme iz oblasti ekonomije,","breadcrumb":{"@id":"https:\/\/www.visit-ulcinj.com\/blog\/2014\/01\/04\/miodrag-lekic-u-posjeti-df-ulcinj\/#breadcrumb"},"inLanguage":"en-US","potentialAction":[{"@type":"ReadAction","target":["https:\/\/www.visit-ulcinj.com\/blog\/2014\/01\/04\/miodrag-lekic-u-posjeti-df-ulcinj\/"]}]},{"@type":"BreadcrumbList","@id":"https:\/\/www.visit-ulcinj.com\/blog\/2014\/01\/04\/miodrag-lekic-u-posjeti-df-ulcinj\/#breadcrumb","itemListElement":[{"@type":"ListItem","position":1,"name":"Miodrag Leki\u0107 u posjeti DF Ulcinj"}]},{"@type":"Person","@id":"https:\/\/www.visit-ulcinj.com\/blog\/#\/schema\/person\/dcab619c614d3038751c63bc2aadc06d","name":"ulqini","sameAs":["http:\/\/www.visit-ulcinj.com"],"url":"https:\/\/www.visit-ulcinj.com\/blog\/author\/admin\/"}]}},"jetpack_featured_media_url":"","jetpack_sharing_enabled":true,"jetpack_shortlink":"https:\/\/wp.me\/pe6lTn-kgq","_links":{"self":[{"href":"https:\/\/www.visit-ulcinj.com\/blog\/wp-json\/wp\/v2\/posts\/77898"}],"collection":[{"href":"https:\/\/www.visit-ulcinj.com\/blog\/wp-json\/wp\/v2\/posts"}],"about":[{"href":"https:\/\/www.visit-ulcinj.com\/blog\/wp-json\/wp\/v2\/types\/post"}],"author":[{"embeddable":true,"href":"https:\/\/www.visit-ulcinj.com\/blog\/wp-json\/wp\/v2\/users\/1"}],"replies":[{"embeddable":true,"href":"https:\/\/www.visit-ulcinj.com\/blog\/wp-json\/wp\/v2\/comments?post=77898"}],"version-history":[{"count":1,"href":"https:\/\/www.visit-ulcinj.com\/blog\/wp-json\/wp\/v2\/posts\/77898\/revisions"}],"predecessor-version":[{"id":77901,"href":"https:\/\/www.visit-ulcinj.com\/blog\/wp-json\/wp\/v2\/posts\/77898\/revisions\/77901"}],"wp:attachment":[{"href":"https:\/\/www.visit-ulcinj.com\/blog\/wp-json\/wp\/v2\/media?parent=77898"}],"wp:term":[{"taxonomy":"category","embeddable":true,"href":"https:\/\/www.visit-ulcinj.com\/blog\/wp-json\/wp\/v2\/categories?post=77898"},{"taxonomy":"post_tag","embeddable":true,"href":"https:\/\/www.visit-ulcinj.com\/blog\/wp-json\/wp\/v2\/tags?post=77898"}],"curies":[{"name":"wp","href":"https:\/\/api.w.org\/{rel}","templated":true}]}}