{"id":7790,"date":"2008-12-28T20:10:11","date_gmt":"2008-12-28T19:10:11","guid":{"rendered":"http:\/\/www.visit-ulcinj.com\/blog\/?p=7790"},"modified":"2008-12-28T20:11:17","modified_gmt":"2008-12-28T19:11:17","slug":"cili-ne-ulqin-ingridi-ne-tirane","status":"publish","type":"post","link":"https:\/\/www.visit-ulcinj.com\/blog\/2008\/12\/28\/cili-ne-ulqin-ingridi-ne-tirane\/","title":{"rendered":"\u00c7ili n\u00eb Ulqin, Ingridi n\u00eb Tiran\u00eb"},"content":{"rendered":"<p><img loading=\"lazy\" class=\"alignleft size-full wp-image-7796\" title=\"ciljeta-xhilaga-_-ingrid-gjoni-5\" src=\"http:\/\/www.visit-ulcinj.com\/blog\/wp-content\/uploads\/2008\/12\/ciljeta-xhilaga-_-ingrid-gjoni-5.jpg\" alt=\"ciljeta-xhilaga-_-ingrid-gjoni-5\" width=\"250\" height=\"250\" \/>Dy k\u00ebng\u00ebtaret e hitit &#8220;Pu\u00e7i pu\u00e7i&#8221;, \u00c7iljeta Xhilaga dhe Ingrid Gjoni, nat\u00ebn e nd\u00ebrrimit t\u00eb viteve do ta kalojn\u00eb me angazhime si shumica e k\u00ebng\u00ebtar\u00ebve.<br \/>\n\u00c7iljeta tashm\u00eb e ka t\u00eb aranzhuar q\u00eb t\u00eb k\u00ebndoj\u00eb n\u00eb Ulqin m\u00eb 31 dhjetor, nd\u00ebrsa k\u00ebng\u00ebtarja \u00ebsht\u00eb shprehur se n\u00ebse p\u00ebr ndonj\u00eb arsye koncerti nuk mbahet, at\u00ebher\u00eb ajo do t\u00eb festoj\u00eb me t\u00eb dashurin e saj, Romeon.<br \/>\nNga ana tjet\u00ebr, Ingrid Gjoni nat\u00ebn e nd\u00ebrrimit t\u00eb motmoteve do t\u00eb k\u00ebndoj\u00eb n\u00eb sheshin e Tiran\u00ebs si pjes\u00eb e organizimit t\u00eb kryeqytetit shqiptar p\u00ebr ta festuar Vitin e Ri.<\/p>\n<p>.<\/p>\n<p>.<\/p>\n<p><strong>Telegrafi<\/strong><\/p>\n<p><strong><br \/>\n<\/strong><\/p>\n<!--YouTube Error: bad URL entered-->\n","protected":false},"excerpt":{"rendered":"<p>Dy k\u00ebng\u00ebtaret e hitit &#8220;Pu\u00e7i pu\u00e7i&#8221;, \u00c7iljeta Xhilaga dhe Ingrid Gjoni, nat\u00ebn e nd\u00ebrrimit t\u00eb viteve do ta kalojn\u00eb me angazhime si shumica e k\u00ebng\u00ebtar\u00ebve. \u00c7iljeta tashm\u00eb e ka t\u00eb aranzhuar q\u00eb t\u00eb k\u00ebndoj\u00eb n\u00eb Ulqin m\u00eb 31 dhjetor, nd\u00ebrsa k\u00ebng\u00ebtarja \u00ebsht\u00eb shprehur se n\u00ebse p\u00ebr ndonj\u00eb arsye koncerti nuk mbahet, at\u00ebher\u00eb ajo do t\u00eb [&hellip;]<\/p>\n","protected":false},"author":1,"featured_media":0,"comment_status":"open","ping_status":"closed","sticky":false,"template":"","format":"standard","meta":{"spay_email":"","jetpack_publicize_message":"","jetpack_is_tweetstorm":false,"jetpack_publicize_feature_enabled":true},"categories":[1],"tags":[5457,5456,4966,5458,5455],"jetpack_publicize_connections":[],"yoast_head":"<!-- This site is optimized with the Yoast SEO plugin v19.1 - https:\/\/yoast.com\/wordpress\/plugins\/seo\/ -->\n<title>\u00c7ili n\u00eb Ulqin, Ingridi n\u00eb Tiran\u00eb - Lajme nga Ulqini<\/title>\n<meta name=\"description\" content=\"Dy k\u00ebng\u00ebtaret e hitit &quot;Pu\u00e7i pu\u00e7i&quot;, \u00c7iljeta Xhilaga dhe Ingrid Gjoni, nat\u00ebn e nd\u00ebrrimit t\u00eb viteve do ta kalojn\u00eb me angazhime si shumica e k\u00ebng\u00ebtar\u00ebve.\" \/>\n<meta name=\"robots\" content=\"index, follow, max-snippet:-1, max-image-preview:large, max-video-preview:-1\" \/>\n<link rel=\"canonical\" href=\"https:\/\/www.visit-ulcinj.com\/blog\/2008\/12\/28\/cili-ne-ulqin-ingridi-ne-tirane\/\" \/>\n<meta property=\"og:locale\" content=\"en_US\" \/>\n<meta property=\"og:type\" content=\"article\" \/>\n<meta property=\"og:title\" content=\"\u00c7ili n\u00eb Ulqin, Ingridi n\u00eb Tiran\u00eb - Lajme nga Ulqini\" \/>\n<meta property=\"og:description\" content=\"Dy k\u00ebng\u00ebtaret e hitit &quot;Pu\u00e7i pu\u00e7i&quot;, \u00c7iljeta Xhilaga dhe Ingrid Gjoni, nat\u00ebn e nd\u00ebrrimit t\u00eb viteve do ta kalojn\u00eb me angazhime si shumica e k\u00ebng\u00ebtar\u00ebve.\" \/>\n<meta property=\"og:url\" content=\"https:\/\/www.visit-ulcinj.com\/blog\/2008\/12\/28\/cili-ne-ulqin-ingridi-ne-tirane\/\" \/>\n<meta property=\"og:site_name\" content=\"Lajme nga Ulqini\" \/>\n<meta property=\"article:published_time\" content=\"2008-12-28T19:10:11+00:00\" \/>\n<meta property=\"article:modified_time\" content=\"2008-12-28T19:11:17+00:00\" \/>\n<meta property=\"og:image\" content=\"https:\/\/www.visit-ulcinj.com\/blog\/wp-content\/uploads\/2008\/12\/ciljeta-xhilaga-_ingrid-gjoni1-150x150.jpg\" \/>\n<meta name=\"twitter:label1\" content=\"Written by\" \/>\n\t<meta name=\"twitter:data1\" content=\"ulqini\" \/>\n\t<meta name=\"twitter:label2\" content=\"Est. reading time\" \/>\n\t<meta name=\"twitter:data2\" content=\"1 minute\" \/>\n<script type=\"application\/ld+json\" class=\"yoast-schema-graph\">{\"@context\":\"https:\/\/schema.org\",\"@graph\":[{\"@type\":\"WebSite\",\"@id\":\"https:\/\/www.visit-ulcinj.com\/blog\/#website\",\"url\":\"https:\/\/www.visit-ulcinj.com\/blog\/\",\"name\":\"Lajme nga Ulqini\",\"description\":\"Lajme,Vijesti,Ulqini,Ulqin,Crna Gora,Mali i Zi\",\"potentialAction\":[{\"@type\":\"SearchAction\",\"target\":{\"@type\":\"EntryPoint\",\"urlTemplate\":\"https:\/\/www.visit-ulcinj.com\/blog\/?s={search_term_string}\"},\"query-input\":\"required name=search_term_string\"}],\"inLanguage\":\"en-US\"},{\"@type\":\"ImageObject\",\"inLanguage\":\"en-US\",\"@id\":\"https:\/\/www.visit-ulcinj.com\/blog\/2008\/12\/28\/cili-ne-ulqin-ingridi-ne-tirane\/#primaryimage\",\"url\":\"http:\/\/www.visit-ulcinj.com\/blog\/wp-content\/uploads\/2008\/12\/ciljeta-xhilaga-_-ingrid-gjoni-5.jpg\",\"contentUrl\":\"http:\/\/www.visit-ulcinj.com\/blog\/wp-content\/uploads\/2008\/12\/ciljeta-xhilaga-_-ingrid-gjoni-5.jpg\"},{\"@type\":\"WebPage\",\"@id\":\"https:\/\/www.visit-ulcinj.com\/blog\/2008\/12\/28\/cili-ne-ulqin-ingridi-ne-tirane\/#webpage\",\"url\":\"https:\/\/www.visit-ulcinj.com\/blog\/2008\/12\/28\/cili-ne-ulqin-ingridi-ne-tirane\/\",\"name\":\"\u00c7ili n\u00eb Ulqin, Ingridi n\u00eb Tiran\u00eb - Lajme nga Ulqini\",\"isPartOf\":{\"@id\":\"https:\/\/www.visit-ulcinj.com\/blog\/#website\"},\"primaryImageOfPage\":{\"@id\":\"https:\/\/www.visit-ulcinj.com\/blog\/2008\/12\/28\/cili-ne-ulqin-ingridi-ne-tirane\/#primaryimage\"},\"datePublished\":\"2008-12-28T19:10:11+00:00\",\"dateModified\":\"2008-12-28T19:11:17+00:00\",\"author\":{\"@id\":\"https:\/\/www.visit-ulcinj.com\/blog\/#\/schema\/person\/dcab619c614d3038751c63bc2aadc06d\"},\"description\":\"Dy k\u00ebng\u00ebtaret e hitit \\\"Pu\u00e7i pu\u00e7i\\\", \u00c7iljeta Xhilaga dhe Ingrid Gjoni, nat\u00ebn e nd\u00ebrrimit t\u00eb viteve do ta kalojn\u00eb me angazhime si shumica e k\u00ebng\u00ebtar\u00ebve.\",\"breadcrumb\":{\"@id\":\"https:\/\/www.visit-ulcinj.com\/blog\/2008\/12\/28\/cili-ne-ulqin-ingridi-ne-tirane\/#breadcrumb\"},\"inLanguage\":\"en-US\",\"potentialAction\":[{\"@type\":\"ReadAction\",\"target\":[\"https:\/\/www.visit-ulcinj.com\/blog\/2008\/12\/28\/cili-ne-ulqin-ingridi-ne-tirane\/\"]}]},{\"@type\":\"BreadcrumbList\",\"@id\":\"https:\/\/www.visit-ulcinj.com\/blog\/2008\/12\/28\/cili-ne-ulqin-ingridi-ne-tirane\/#breadcrumb\",\"itemListElement\":[{\"@type\":\"ListItem\",\"position\":1,\"name\":\"\u00c7ili n\u00eb Ulqin, Ingridi n\u00eb Tiran\u00eb\"}]},{\"@type\":\"Person\",\"@id\":\"https:\/\/www.visit-ulcinj.com\/blog\/#\/schema\/person\/dcab619c614d3038751c63bc2aadc06d\",\"name\":\"ulqini\",\"sameAs\":[\"http:\/\/www.visit-ulcinj.com\"],\"url\":\"https:\/\/www.visit-ulcinj.com\/blog\/author\/admin\/\"}]}<\/script>\n<!-- \/ Yoast SEO plugin. -->","yoast_head_json":{"title":"\u00c7ili n\u00eb Ulqin, Ingridi n\u00eb Tiran\u00eb - Lajme nga Ulqini","description":"Dy k\u00ebng\u00ebtaret e hitit \"Pu\u00e7i pu\u00e7i\", \u00c7iljeta Xhilaga dhe Ingrid Gjoni, nat\u00ebn e nd\u00ebrrimit t\u00eb viteve do ta kalojn\u00eb me angazhime si shumica e k\u00ebng\u00ebtar\u00ebve.","robots":{"index":"index","follow":"follow","max-snippet":"max-snippet:-1","max-image-preview":"max-image-preview:large","max-video-preview":"max-video-preview:-1"},"canonical":"https:\/\/www.visit-ulcinj.com\/blog\/2008\/12\/28\/cili-ne-ulqin-ingridi-ne-tirane\/","og_locale":"en_US","og_type":"article","og_title":"\u00c7ili n\u00eb Ulqin, Ingridi n\u00eb Tiran\u00eb - Lajme nga Ulqini","og_description":"Dy k\u00ebng\u00ebtaret e hitit \"Pu\u00e7i pu\u00e7i\", \u00c7iljeta Xhilaga dhe Ingrid Gjoni, nat\u00ebn e nd\u00ebrrimit t\u00eb viteve do ta kalojn\u00eb me angazhime si shumica e k\u00ebng\u00ebtar\u00ebve.","og_url":"https:\/\/www.visit-ulcinj.com\/blog\/2008\/12\/28\/cili-ne-ulqin-ingridi-ne-tirane\/","og_site_name":"Lajme nga Ulqini","article_published_time":"2008-12-28T19:10:11+00:00","article_modified_time":"2008-12-28T19:11:17+00:00","og_image":[{"url":"https:\/\/www.visit-ulcinj.com\/blog\/wp-content\/uploads\/2008\/12\/ciljeta-xhilaga-_ingrid-gjoni1-150x150.jpg"}],"twitter_misc":{"Written by":"ulqini","Est. reading time":"1 minute"},"schema":{"@context":"https:\/\/schema.org","@graph":[{"@type":"WebSite","@id":"https:\/\/www.visit-ulcinj.com\/blog\/#website","url":"https:\/\/www.visit-ulcinj.com\/blog\/","name":"Lajme nga Ulqini","description":"Lajme,Vijesti,Ulqini,Ulqin,Crna Gora,Mali i Zi","potentialAction":[{"@type":"SearchAction","target":{"@type":"EntryPoint","urlTemplate":"https:\/\/www.visit-ulcinj.com\/blog\/?s={search_term_string}"},"query-input":"required name=search_term_string"}],"inLanguage":"en-US"},{"@type":"ImageObject","inLanguage":"en-US","@id":"https:\/\/www.visit-ulcinj.com\/blog\/2008\/12\/28\/cili-ne-ulqin-ingridi-ne-tirane\/#primaryimage","url":"http:\/\/www.visit-ulcinj.com\/blog\/wp-content\/uploads\/2008\/12\/ciljeta-xhilaga-_-ingrid-gjoni-5.jpg","contentUrl":"http:\/\/www.visit-ulcinj.com\/blog\/wp-content\/uploads\/2008\/12\/ciljeta-xhilaga-_-ingrid-gjoni-5.jpg"},{"@type":"WebPage","@id":"https:\/\/www.visit-ulcinj.com\/blog\/2008\/12\/28\/cili-ne-ulqin-ingridi-ne-tirane\/#webpage","url":"https:\/\/www.visit-ulcinj.com\/blog\/2008\/12\/28\/cili-ne-ulqin-ingridi-ne-tirane\/","name":"\u00c7ili n\u00eb Ulqin, Ingridi n\u00eb Tiran\u00eb - Lajme nga Ulqini","isPartOf":{"@id":"https:\/\/www.visit-ulcinj.com\/blog\/#website"},"primaryImageOfPage":{"@id":"https:\/\/www.visit-ulcinj.com\/blog\/2008\/12\/28\/cili-ne-ulqin-ingridi-ne-tirane\/#primaryimage"},"datePublished":"2008-12-28T19:10:11+00:00","dateModified":"2008-12-28T19:11:17+00:00","author":{"@id":"https:\/\/www.visit-ulcinj.com\/blog\/#\/schema\/person\/dcab619c614d3038751c63bc2aadc06d"},"description":"Dy k\u00ebng\u00ebtaret e hitit \"Pu\u00e7i pu\u00e7i\", \u00c7iljeta Xhilaga dhe Ingrid Gjoni, nat\u00ebn e nd\u00ebrrimit t\u00eb viteve do ta kalojn\u00eb me angazhime si shumica e k\u00ebng\u00ebtar\u00ebve.","breadcrumb":{"@id":"https:\/\/www.visit-ulcinj.com\/blog\/2008\/12\/28\/cili-ne-ulqin-ingridi-ne-tirane\/#breadcrumb"},"inLanguage":"en-US","potentialAction":[{"@type":"ReadAction","target":["https:\/\/www.visit-ulcinj.com\/blog\/2008\/12\/28\/cili-ne-ulqin-ingridi-ne-tirane\/"]}]},{"@type":"BreadcrumbList","@id":"https:\/\/www.visit-ulcinj.com\/blog\/2008\/12\/28\/cili-ne-ulqin-ingridi-ne-tirane\/#breadcrumb","itemListElement":[{"@type":"ListItem","position":1,"name":"\u00c7ili n\u00eb Ulqin, Ingridi n\u00eb Tiran\u00eb"}]},{"@type":"Person","@id":"https:\/\/www.visit-ulcinj.com\/blog\/#\/schema\/person\/dcab619c614d3038751c63bc2aadc06d","name":"ulqini","sameAs":["http:\/\/www.visit-ulcinj.com"],"url":"https:\/\/www.visit-ulcinj.com\/blog\/author\/admin\/"}]}},"jetpack_featured_media_url":"","jetpack_sharing_enabled":true,"jetpack_shortlink":"https:\/\/wp.me\/pe6lTn-21E","_links":{"self":[{"href":"https:\/\/www.visit-ulcinj.com\/blog\/wp-json\/wp\/v2\/posts\/7790"}],"collection":[{"href":"https:\/\/www.visit-ulcinj.com\/blog\/wp-json\/wp\/v2\/posts"}],"about":[{"href":"https:\/\/www.visit-ulcinj.com\/blog\/wp-json\/wp\/v2\/types\/post"}],"author":[{"embeddable":true,"href":"https:\/\/www.visit-ulcinj.com\/blog\/wp-json\/wp\/v2\/users\/1"}],"replies":[{"embeddable":true,"href":"https:\/\/www.visit-ulcinj.com\/blog\/wp-json\/wp\/v2\/comments?post=7790"}],"version-history":[{"count":0,"href":"https:\/\/www.visit-ulcinj.com\/blog\/wp-json\/wp\/v2\/posts\/7790\/revisions"}],"wp:attachment":[{"href":"https:\/\/www.visit-ulcinj.com\/blog\/wp-json\/wp\/v2\/media?parent=7790"}],"wp:term":[{"taxonomy":"category","embeddable":true,"href":"https:\/\/www.visit-ulcinj.com\/blog\/wp-json\/wp\/v2\/categories?post=7790"},{"taxonomy":"post_tag","embeddable":true,"href":"https:\/\/www.visit-ulcinj.com\/blog\/wp-json\/wp\/v2\/tags?post=7790"}],"curies":[{"name":"wp","href":"https:\/\/api.w.org\/{rel}","templated":true}]}}