{"id":77905,"date":"2014-01-05T09:14:49","date_gmt":"2014-01-05T08:14:49","guid":{"rendered":"http:\/\/www.visit-ulcinj.com\/blog\/?p=77905"},"modified":"2014-01-05T09:16:24","modified_gmt":"2014-01-05T08:16:24","slug":"gjermania-kerkon-emigrante-te-kualifikuar-ne-shendetesi","status":"publish","type":"post","link":"https:\/\/www.visit-ulcinj.com\/blog\/2014\/01\/05\/gjermania-kerkon-emigrante-te-kualifikuar-ne-shendetesi\/","title":{"rendered":"Gjermania k\u00ebrkon emigrant\u00eb t\u00eb kualifikuar n\u00eb sh\u00ebndet\u00ebsi"},"content":{"rendered":"<p><strong><a href=\"http:\/\/www.visit-ulcinj.com\/blog\/wp-content\/uploads\/2014\/01\/medecin.jpg\"><img loading=\"lazy\" class=\"alignleft  wp-image-77906\" alt=\"medecin\" src=\"http:\/\/www.visit-ulcinj.com\/blog\/wp-content\/uploads\/2014\/01\/medecin.jpg\" width=\"508\" height=\"300\" \/><\/a><\/strong>Gjermania ka nevoj\u00eb p\u00ebr m\u00eb shum\u00eb punonj\u00ebs t\u00eb kualifikuar n\u00eb kujdesin p\u00ebr t\u00eb moshuarit<\/p>\n<div>\n<div>\n<div>\n<p>Projekti n\u00eb Offenbach synon t\u00eb t\u00ebrheq\u00eb emigrante p\u00ebr k\u00ebt\u00eb profesion, duke p\u00ebrfshir\u00eb kursin e gjermanishtes dhe kujdestari intensive.<\/p>\n<p>Aktualisht n\u00eb Gjermani 2.4 milion\u00eb njer\u00ebz kan\u00eb nevoj\u00eb p\u00ebr p\u00ebrkujdesje, sipas vler\u00ebsimeve n\u00eb 2030, ky num\u00ebr do t\u00eb jet\u00eb 3.4 milion\u00eb njer\u00ebz.<\/p>\n<p>Ekspert\u00ebt presin q\u00eb deri at\u00ebher\u00eb t\u00eb nevojiten m\u00eb shum\u00eb se 100.000 pun\u00ebtor\u00eb t\u00eb kualifikuar shtes\u00eb.<\/p>\n<p>Aktualisht sipas t\u00eb dh\u00ebnave t\u00eb Zyr\u00ebs Federale t\u00eb Statistikave rreth 950.000 vet\u00eb punojn\u00eb n\u00eb kujdesin p\u00ebr t\u00eb moshuarit.<\/p>\n<p>Emigrantet nuk k\u00ebrkohen vet\u00ebm n\u00eb Offenbach si fuqi e kualifikuar pun\u00ebtore. N\u00eb t\u00eb gjith\u00eb Gjermanin\u00eb ka projekte t\u00eb tilla model, t\u00eb cilat synojn\u00eb t\u00eb t\u00ebrheqin imigrant\u00ebt n\u00eb profesione n\u00eb sektorin e sh\u00ebndet\u00ebsis\u00eb.<\/p>\n<p>Nj\u00eb projekt i till\u00eb \u00ebsht\u00eb edhe &#8220;E ardhmja e kujdesit \u00ebsht\u00eb me ngjyra&#8221;, nj\u00eb projekt i organizat\u00ebs humanitare Caritas n\u00eb Ipeshkvin\u00eb e K\u00eblnit. P\u00ebrgjegj\u00ebsit e projektit k\u00ebrkojn\u00eb para s\u00eb gjithash n\u00eb shkolla p\u00ebr fuqi t\u00eb re pun\u00ebtore.<\/p>\n<p>Serena Cerra \u00ebsht\u00eb koordinatore e projektit n\u00eb qarkun Mettmann pran\u00eb Dyseldorfit. Ajo shpjegon p\u00ebrse k\u00ebrkohen pik\u00ebrisht emigrant\u00ebt n\u00eb sektorin e sh\u00ebndet\u00ebsis\u00eb.<\/p>\n<p>&#8220;Njer\u00ebzit q\u00eb kan\u00eb nevoj\u00eb p\u00ebr p\u00ebrkujdesje me kalimin e koh\u00ebs po b\u00ebhen gjithnj\u00eb e m\u00eb t\u00eb p\u00ebrzier&#8221;.<\/p>\n<p>Kjo do t\u00eb thot\u00eb se n\u00eb Gjermani jetojn\u00eb gjithnj\u00eb e m\u00eb shum\u00eb t\u00eb moshuar me rr\u00ebnj\u00eb t\u00eb huaja, p\u00ebr t\u00eb cil\u00ebt duhet ofruar p\u00ebrkujdesje n\u00eb sht\u00ebpi apo azile p\u00ebr t\u00eb moshuarit.<\/p>\n<p>Pra nevojitet edhe fuqi pun\u00ebtore e specializuar q\u00eb i p\u00ebrgjigjet nevojave speciale t\u00eb imigrant\u00ebve t\u00eb moshuar apo q\u00eb mund t\u00eb flas\u00eb me ta n\u00eb gjuh\u00ebn e tyre.<\/p>\n<p>Profesioni i kujdestarit p\u00ebr t\u00eb moshuarit v\u00ebrtet nuk \u00ebsht\u00eb i leht\u00eb, pranon \u201cCerra\u201d, por q\u00eb ka t\u00eb b\u00ebj me nj\u00eb profesion q\u00eb ofron shum\u00eb siguri p\u00ebr t\u00eb ardhmen.&#8221;<\/p>\n<p>Krahas gjuh\u00ebs gjermane p\u00ebr shum\u00eb gra q\u00eb marrin pjes\u00eb n\u00eb projekt problem \u00ebsht\u00eb edhe koordinimi i familjes me profesionin.<\/p>\n<p><strong>albinfo.ch<\/strong><\/p>\n<\/div>\n<\/div>\n<\/div>\n","protected":false},"excerpt":{"rendered":"<p>Gjermania ka nevoj\u00eb p\u00ebr m\u00eb shum\u00eb punonj\u00ebs t\u00eb kualifikuar n\u00eb kujdesin p\u00ebr t\u00eb moshuarit Projekti n\u00eb Offenbach synon t\u00eb t\u00ebrheq\u00eb emigrante p\u00ebr k\u00ebt\u00eb profesion, duke p\u00ebrfshir\u00eb kursin e gjermanishtes dhe kujdestari intensive. Aktualisht n\u00eb Gjermani 2.4 milion\u00eb njer\u00ebz kan\u00eb nevoj\u00eb p\u00ebr p\u00ebrkujdesje, sipas vler\u00ebsimeve n\u00eb 2030, ky num\u00ebr do t\u00eb jet\u00eb 3.4 milion\u00eb njer\u00ebz. Ekspert\u00ebt [&hellip;]<\/p>\n","protected":false},"author":1,"featured_media":0,"comment_status":"closed","ping_status":"closed","sticky":false,"template":"","format":"standard","meta":{"spay_email":"","jetpack_publicize_message":"","jetpack_is_tweetstorm":false,"jetpack_publicize_feature_enabled":true},"categories":[7],"tags":[],"jetpack_publicize_connections":[],"yoast_head":"<!-- This site is optimized with the Yoast SEO plugin v19.1 - https:\/\/yoast.com\/wordpress\/plugins\/seo\/ -->\n<title>Gjermania k\u00ebrkon emigrant\u00eb t\u00eb kualifikuar n\u00eb sh\u00ebndet\u00ebsi - Lajme nga Ulqini<\/title>\n<meta name=\"description\" content=\"Gjermania ka nevoj\u00eb p\u00ebr m\u00eb shum\u00eb punonj\u00ebs t\u00eb kualifikuar n\u00eb kujdesin p\u00ebr t\u00eb moshuarit Projekti n\u00eb Offenbach synon t\u00eb t\u00ebrheq\u00eb emigrante p\u00ebr k\u00ebt\u00eb profesion,\" \/>\n<meta name=\"robots\" content=\"index, follow, max-snippet:-1, max-image-preview:large, max-video-preview:-1\" \/>\n<link rel=\"canonical\" href=\"https:\/\/www.visit-ulcinj.com\/blog\/2014\/01\/05\/gjermania-kerkon-emigrante-te-kualifikuar-ne-shendetesi\/\" \/>\n<meta property=\"og:locale\" content=\"en_US\" \/>\n<meta property=\"og:type\" content=\"article\" \/>\n<meta property=\"og:title\" content=\"Gjermania k\u00ebrkon emigrant\u00eb t\u00eb kualifikuar n\u00eb sh\u00ebndet\u00ebsi - Lajme nga Ulqini\" \/>\n<meta property=\"og:description\" content=\"Gjermania ka nevoj\u00eb p\u00ebr m\u00eb shum\u00eb punonj\u00ebs t\u00eb kualifikuar n\u00eb kujdesin p\u00ebr t\u00eb moshuarit Projekti n\u00eb Offenbach synon t\u00eb t\u00ebrheq\u00eb emigrante p\u00ebr k\u00ebt\u00eb profesion,\" \/>\n<meta property=\"og:url\" content=\"https:\/\/www.visit-ulcinj.com\/blog\/2014\/01\/05\/gjermania-kerkon-emigrante-te-kualifikuar-ne-shendetesi\/\" \/>\n<meta property=\"og:site_name\" content=\"Lajme nga Ulqini\" \/>\n<meta property=\"article:published_time\" content=\"2014-01-05T08:14:49+00:00\" \/>\n<meta property=\"article:modified_time\" content=\"2014-01-05T08:16:24+00:00\" \/>\n<meta property=\"og:image\" content=\"http:\/\/www.visit-ulcinj.com\/blog\/wp-content\/uploads\/2014\/01\/medecin.jpg\" \/>\n<meta name=\"twitter:label1\" content=\"Written by\" \/>\n\t<meta name=\"twitter:data1\" content=\"ulqini\" \/>\n\t<meta name=\"twitter:label2\" content=\"Est. reading time\" \/>\n\t<meta name=\"twitter:data2\" content=\"2 minutes\" \/>\n<script type=\"application\/ld+json\" class=\"yoast-schema-graph\">{\"@context\":\"https:\/\/schema.org\",\"@graph\":[{\"@type\":\"WebSite\",\"@id\":\"https:\/\/www.visit-ulcinj.com\/blog\/#website\",\"url\":\"https:\/\/www.visit-ulcinj.com\/blog\/\",\"name\":\"Lajme nga Ulqini\",\"description\":\"Lajme,Vijesti,Ulqini,Ulqin,Crna Gora,Mali i Zi\",\"potentialAction\":[{\"@type\":\"SearchAction\",\"target\":{\"@type\":\"EntryPoint\",\"urlTemplate\":\"https:\/\/www.visit-ulcinj.com\/blog\/?s={search_term_string}\"},\"query-input\":\"required name=search_term_string\"}],\"inLanguage\":\"en-US\"},{\"@type\":\"ImageObject\",\"inLanguage\":\"en-US\",\"@id\":\"https:\/\/www.visit-ulcinj.com\/blog\/2014\/01\/05\/gjermania-kerkon-emigrante-te-kualifikuar-ne-shendetesi\/#primaryimage\",\"url\":\"https:\/\/www.visit-ulcinj.com\/blog\/wp-content\/uploads\/2014\/01\/medecin.jpg\",\"contentUrl\":\"https:\/\/www.visit-ulcinj.com\/blog\/wp-content\/uploads\/2014\/01\/medecin.jpg\",\"width\":450,\"height\":300},{\"@type\":\"WebPage\",\"@id\":\"https:\/\/www.visit-ulcinj.com\/blog\/2014\/01\/05\/gjermania-kerkon-emigrante-te-kualifikuar-ne-shendetesi\/#webpage\",\"url\":\"https:\/\/www.visit-ulcinj.com\/blog\/2014\/01\/05\/gjermania-kerkon-emigrante-te-kualifikuar-ne-shendetesi\/\",\"name\":\"Gjermania k\u00ebrkon emigrant\u00eb t\u00eb kualifikuar n\u00eb sh\u00ebndet\u00ebsi - Lajme nga Ulqini\",\"isPartOf\":{\"@id\":\"https:\/\/www.visit-ulcinj.com\/blog\/#website\"},\"primaryImageOfPage\":{\"@id\":\"https:\/\/www.visit-ulcinj.com\/blog\/2014\/01\/05\/gjermania-kerkon-emigrante-te-kualifikuar-ne-shendetesi\/#primaryimage\"},\"datePublished\":\"2014-01-05T08:14:49+00:00\",\"dateModified\":\"2014-01-05T08:16:24+00:00\",\"author\":{\"@id\":\"https:\/\/www.visit-ulcinj.com\/blog\/#\/schema\/person\/dcab619c614d3038751c63bc2aadc06d\"},\"description\":\"Gjermania ka nevoj\u00eb p\u00ebr m\u00eb shum\u00eb punonj\u00ebs t\u00eb kualifikuar n\u00eb kujdesin p\u00ebr t\u00eb moshuarit Projekti n\u00eb Offenbach synon t\u00eb t\u00ebrheq\u00eb emigrante p\u00ebr k\u00ebt\u00eb profesion,\",\"breadcrumb\":{\"@id\":\"https:\/\/www.visit-ulcinj.com\/blog\/2014\/01\/05\/gjermania-kerkon-emigrante-te-kualifikuar-ne-shendetesi\/#breadcrumb\"},\"inLanguage\":\"en-US\",\"potentialAction\":[{\"@type\":\"ReadAction\",\"target\":[\"https:\/\/www.visit-ulcinj.com\/blog\/2014\/01\/05\/gjermania-kerkon-emigrante-te-kualifikuar-ne-shendetesi\/\"]}]},{\"@type\":\"BreadcrumbList\",\"@id\":\"https:\/\/www.visit-ulcinj.com\/blog\/2014\/01\/05\/gjermania-kerkon-emigrante-te-kualifikuar-ne-shendetesi\/#breadcrumb\",\"itemListElement\":[{\"@type\":\"ListItem\",\"position\":1,\"name\":\"Gjermania k\u00ebrkon emigrant\u00eb t\u00eb kualifikuar n\u00eb sh\u00ebndet\u00ebsi\"}]},{\"@type\":\"Person\",\"@id\":\"https:\/\/www.visit-ulcinj.com\/blog\/#\/schema\/person\/dcab619c614d3038751c63bc2aadc06d\",\"name\":\"ulqini\",\"sameAs\":[\"http:\/\/www.visit-ulcinj.com\"],\"url\":\"https:\/\/www.visit-ulcinj.com\/blog\/author\/admin\/\"}]}<\/script>\n<!-- \/ Yoast SEO plugin. -->","yoast_head_json":{"title":"Gjermania k\u00ebrkon emigrant\u00eb t\u00eb kualifikuar n\u00eb sh\u00ebndet\u00ebsi - Lajme nga Ulqini","description":"Gjermania ka nevoj\u00eb p\u00ebr m\u00eb shum\u00eb punonj\u00ebs t\u00eb kualifikuar n\u00eb kujdesin p\u00ebr t\u00eb moshuarit Projekti n\u00eb Offenbach synon t\u00eb t\u00ebrheq\u00eb emigrante p\u00ebr k\u00ebt\u00eb profesion,","robots":{"index":"index","follow":"follow","max-snippet":"max-snippet:-1","max-image-preview":"max-image-preview:large","max-video-preview":"max-video-preview:-1"},"canonical":"https:\/\/www.visit-ulcinj.com\/blog\/2014\/01\/05\/gjermania-kerkon-emigrante-te-kualifikuar-ne-shendetesi\/","og_locale":"en_US","og_type":"article","og_title":"Gjermania k\u00ebrkon emigrant\u00eb t\u00eb kualifikuar n\u00eb sh\u00ebndet\u00ebsi - Lajme nga Ulqini","og_description":"Gjermania ka nevoj\u00eb p\u00ebr m\u00eb shum\u00eb punonj\u00ebs t\u00eb kualifikuar n\u00eb kujdesin p\u00ebr t\u00eb moshuarit Projekti n\u00eb Offenbach synon t\u00eb t\u00ebrheq\u00eb emigrante p\u00ebr k\u00ebt\u00eb profesion,","og_url":"https:\/\/www.visit-ulcinj.com\/blog\/2014\/01\/05\/gjermania-kerkon-emigrante-te-kualifikuar-ne-shendetesi\/","og_site_name":"Lajme nga Ulqini","article_published_time":"2014-01-05T08:14:49+00:00","article_modified_time":"2014-01-05T08:16:24+00:00","og_image":[{"url":"http:\/\/www.visit-ulcinj.com\/blog\/wp-content\/uploads\/2014\/01\/medecin.jpg"}],"twitter_misc":{"Written by":"ulqini","Est. reading time":"2 minutes"},"schema":{"@context":"https:\/\/schema.org","@graph":[{"@type":"WebSite","@id":"https:\/\/www.visit-ulcinj.com\/blog\/#website","url":"https:\/\/www.visit-ulcinj.com\/blog\/","name":"Lajme nga Ulqini","description":"Lajme,Vijesti,Ulqini,Ulqin,Crna Gora,Mali i Zi","potentialAction":[{"@type":"SearchAction","target":{"@type":"EntryPoint","urlTemplate":"https:\/\/www.visit-ulcinj.com\/blog\/?s={search_term_string}"},"query-input":"required name=search_term_string"}],"inLanguage":"en-US"},{"@type":"ImageObject","inLanguage":"en-US","@id":"https:\/\/www.visit-ulcinj.com\/blog\/2014\/01\/05\/gjermania-kerkon-emigrante-te-kualifikuar-ne-shendetesi\/#primaryimage","url":"https:\/\/www.visit-ulcinj.com\/blog\/wp-content\/uploads\/2014\/01\/medecin.jpg","contentUrl":"https:\/\/www.visit-ulcinj.com\/blog\/wp-content\/uploads\/2014\/01\/medecin.jpg","width":450,"height":300},{"@type":"WebPage","@id":"https:\/\/www.visit-ulcinj.com\/blog\/2014\/01\/05\/gjermania-kerkon-emigrante-te-kualifikuar-ne-shendetesi\/#webpage","url":"https:\/\/www.visit-ulcinj.com\/blog\/2014\/01\/05\/gjermania-kerkon-emigrante-te-kualifikuar-ne-shendetesi\/","name":"Gjermania k\u00ebrkon emigrant\u00eb t\u00eb kualifikuar n\u00eb sh\u00ebndet\u00ebsi - Lajme nga Ulqini","isPartOf":{"@id":"https:\/\/www.visit-ulcinj.com\/blog\/#website"},"primaryImageOfPage":{"@id":"https:\/\/www.visit-ulcinj.com\/blog\/2014\/01\/05\/gjermania-kerkon-emigrante-te-kualifikuar-ne-shendetesi\/#primaryimage"},"datePublished":"2014-01-05T08:14:49+00:00","dateModified":"2014-01-05T08:16:24+00:00","author":{"@id":"https:\/\/www.visit-ulcinj.com\/blog\/#\/schema\/person\/dcab619c614d3038751c63bc2aadc06d"},"description":"Gjermania ka nevoj\u00eb p\u00ebr m\u00eb shum\u00eb punonj\u00ebs t\u00eb kualifikuar n\u00eb kujdesin p\u00ebr t\u00eb moshuarit Projekti n\u00eb Offenbach synon t\u00eb t\u00ebrheq\u00eb emigrante p\u00ebr k\u00ebt\u00eb profesion,","breadcrumb":{"@id":"https:\/\/www.visit-ulcinj.com\/blog\/2014\/01\/05\/gjermania-kerkon-emigrante-te-kualifikuar-ne-shendetesi\/#breadcrumb"},"inLanguage":"en-US","potentialAction":[{"@type":"ReadAction","target":["https:\/\/www.visit-ulcinj.com\/blog\/2014\/01\/05\/gjermania-kerkon-emigrante-te-kualifikuar-ne-shendetesi\/"]}]},{"@type":"BreadcrumbList","@id":"https:\/\/www.visit-ulcinj.com\/blog\/2014\/01\/05\/gjermania-kerkon-emigrante-te-kualifikuar-ne-shendetesi\/#breadcrumb","itemListElement":[{"@type":"ListItem","position":1,"name":"Gjermania k\u00ebrkon emigrant\u00eb t\u00eb kualifikuar n\u00eb sh\u00ebndet\u00ebsi"}]},{"@type":"Person","@id":"https:\/\/www.visit-ulcinj.com\/blog\/#\/schema\/person\/dcab619c614d3038751c63bc2aadc06d","name":"ulqini","sameAs":["http:\/\/www.visit-ulcinj.com"],"url":"https:\/\/www.visit-ulcinj.com\/blog\/author\/admin\/"}]}},"jetpack_featured_media_url":"","jetpack_sharing_enabled":true,"jetpack_shortlink":"https:\/\/wp.me\/pe6lTn-kgx","_links":{"self":[{"href":"https:\/\/www.visit-ulcinj.com\/blog\/wp-json\/wp\/v2\/posts\/77905"}],"collection":[{"href":"https:\/\/www.visit-ulcinj.com\/blog\/wp-json\/wp\/v2\/posts"}],"about":[{"href":"https:\/\/www.visit-ulcinj.com\/blog\/wp-json\/wp\/v2\/types\/post"}],"author":[{"embeddable":true,"href":"https:\/\/www.visit-ulcinj.com\/blog\/wp-json\/wp\/v2\/users\/1"}],"replies":[{"embeddable":true,"href":"https:\/\/www.visit-ulcinj.com\/blog\/wp-json\/wp\/v2\/comments?post=77905"}],"version-history":[{"count":1,"href":"https:\/\/www.visit-ulcinj.com\/blog\/wp-json\/wp\/v2\/posts\/77905\/revisions"}],"predecessor-version":[{"id":77907,"href":"https:\/\/www.visit-ulcinj.com\/blog\/wp-json\/wp\/v2\/posts\/77905\/revisions\/77907"}],"wp:attachment":[{"href":"https:\/\/www.visit-ulcinj.com\/blog\/wp-json\/wp\/v2\/media?parent=77905"}],"wp:term":[{"taxonomy":"category","embeddable":true,"href":"https:\/\/www.visit-ulcinj.com\/blog\/wp-json\/wp\/v2\/categories?post=77905"},{"taxonomy":"post_tag","embeddable":true,"href":"https:\/\/www.visit-ulcinj.com\/blog\/wp-json\/wp\/v2\/tags?post=77905"}],"curies":[{"name":"wp","href":"https:\/\/api.w.org\/{rel}","templated":true}]}}