{"id":77910,"date":"2014-01-06T18:59:32","date_gmt":"2014-01-06T17:59:32","guid":{"rendered":"http:\/\/www.visit-ulcinj.com\/blog\/?p=77910"},"modified":"2014-01-07T12:01:05","modified_gmt":"2014-01-07T11:01:05","slug":"shqiperia-te-mbylle-ambasadat-ne-zagreb-sarajeve-e-podgorice","status":"publish","type":"post","link":"https:\/\/www.visit-ulcinj.com\/blog\/2014\/01\/06\/shqiperia-te-mbylle-ambasadat-ne-zagreb-sarajeve-e-podgorice\/","title":{"rendered":"Shqip\u00ebria do t\u00eb mbyll\u00eb ambasadat n\u00eb Zagreb, Sarajev\u00eb e Podgoric\u00eb?"},"content":{"rendered":"<p><a href=\"http:\/\/www.visit-ulcinj.com\/blog\/wp-content\/uploads\/2014\/01\/ambasada_e_shqiperise_1.jpg\"><img loading=\"lazy\" class=\"alignleft  wp-image-77911\" alt=\"ambasada_e_shqiperise_1\" src=\"http:\/\/www.visit-ulcinj.com\/blog\/wp-content\/uploads\/2014\/01\/ambasada_e_shqiperise_1.jpg\" width=\"350\" height=\"297\" \/><\/a>Ministria e Pun\u00ebve t\u00eb Jashtme po p\u00ebrgatit draftin p\u00ebr mbylljen e tri ambasadave, n\u00eb Kroaci, Mal t\u00eb Zi dhe Bosnj\u00eb- Hercegovin\u00eb. P\u00ebr momentin, k\u00ebto ambasada mund t\u00eb konsiderohen t\u00eb falimentuara p\u00ebr mund\u00ebsin\u00eb q\u00eb ato kan\u00eb p\u00ebr t\u00eb funksionuar, pasi buxheti q\u00eb Ministria e Jashtme ka akorduar p\u00ebr to nuk i kalon t\u00eb 400 mij\u00eb eurot.\u00a0 N\u00eb Sarajev\u00eb ambasada funksionon vet\u00ebm me ambasadorin, n\u00eb Zagreb dhe n\u00eb Podgoric\u00eb funksionojn\u00eb me ambasadorin dhe dy punonj\u00ebs t\u00eb tjer\u00eb.<\/p>\n<p>Gazeta \u201cPanorama\u201d citon sot z\u00ebdh\u00ebn\u00ebsin e MPJ, Glevi Dervishi, i cili shprehet se \u201c\u00ebsht\u00eb duke u vler\u00ebsuar puna e Ambasad\u00ebs son\u00eb n\u00eb Sarajev\u00eb\u201d, duke mohuar mbylljen e dy ambasadave t\u00eb tjera, at\u00eb n\u00eb Zagreb dhe n\u00eb Podgoric\u00eb.<\/p>\n<p>Shqip\u00ebria ka marr\u00eb nga Kroacia t\u00eb gjith\u00eb praktik\u00ebn ligjore t\u00eb gatshme p\u00ebr an\u00ebtar\u00ebsim n\u00eb BE, si dhe p\u00ebr vizat dhe MSA. N\u00eb Podgoric\u00eb kemi rreth 9 p\u00ebr qind shqiptar\u00eb etnik\u00eb q\u00eb mbeten fare pa mb\u00ebshtetje. Interesat ekonomike dhe gjeopolitike n\u00eb k\u00ebto tri vende jan\u00eb t\u00eb m\u00ebdha p\u00ebr Shqip\u00ebrin\u00eb.<\/p>\n<p><strong>AMA-News<\/strong><\/p>\n","protected":false},"excerpt":{"rendered":"<p>Ministria e Pun\u00ebve t\u00eb Jashtme po p\u00ebrgatit draftin p\u00ebr mbylljen e tri ambasadave, n\u00eb Kroaci, Mal t\u00eb Zi dhe Bosnj\u00eb- Hercegovin\u00eb. P\u00ebr momentin, k\u00ebto ambasada mund t\u00eb konsiderohen t\u00eb falimentuara p\u00ebr mund\u00ebsin\u00eb q\u00eb ato kan\u00eb p\u00ebr t\u00eb funksionuar, pasi buxheti q\u00eb Ministria e Jashtme ka akorduar p\u00ebr to nuk i kalon t\u00eb 400 mij\u00eb eurot.\u00a0 [&hellip;]<\/p>\n","protected":false},"author":1,"featured_media":0,"comment_status":"closed","ping_status":"closed","sticky":false,"template":"","format":"standard","meta":{"spay_email":"","jetpack_publicize_message":"","jetpack_is_tweetstorm":false,"jetpack_publicize_feature_enabled":true},"categories":[13],"tags":[],"jetpack_publicize_connections":[],"yoast_head":"<!-- This site is optimized with the Yoast SEO plugin v19.1 - https:\/\/yoast.com\/wordpress\/plugins\/seo\/ -->\n<title>Shqip\u00ebria do t\u00eb mbyll\u00eb ambasadat n\u00eb Zagreb, Sarajev\u00eb e Podgoric\u00eb? - Lajme nga Ulqini<\/title>\n<meta name=\"description\" content=\"Ministria e Pun\u00ebve t\u00eb Jashtme po p\u00ebrgatit draftin p\u00ebr mbylljen e tri ambasadave, n\u00eb Kroaci, Mal t\u00eb Zi dhe Bosnj\u00eb- Hercegovin\u00eb. P\u00ebr momentin, k\u00ebto ambasada\" \/>\n<meta name=\"robots\" content=\"index, follow, max-snippet:-1, max-image-preview:large, max-video-preview:-1\" \/>\n<link rel=\"canonical\" href=\"https:\/\/www.visit-ulcinj.com\/blog\/2014\/01\/06\/shqiperia-te-mbylle-ambasadat-ne-zagreb-sarajeve-e-podgorice\/\" \/>\n<meta property=\"og:locale\" content=\"en_US\" \/>\n<meta property=\"og:type\" content=\"article\" \/>\n<meta property=\"og:title\" content=\"Shqip\u00ebria do t\u00eb mbyll\u00eb ambasadat n\u00eb Zagreb, Sarajev\u00eb e Podgoric\u00eb? - Lajme nga Ulqini\" \/>\n<meta property=\"og:description\" content=\"Ministria e Pun\u00ebve t\u00eb Jashtme po p\u00ebrgatit draftin p\u00ebr mbylljen e tri ambasadave, n\u00eb Kroaci, Mal t\u00eb Zi dhe Bosnj\u00eb- Hercegovin\u00eb. P\u00ebr momentin, k\u00ebto ambasada\" \/>\n<meta property=\"og:url\" content=\"https:\/\/www.visit-ulcinj.com\/blog\/2014\/01\/06\/shqiperia-te-mbylle-ambasadat-ne-zagreb-sarajeve-e-podgorice\/\" \/>\n<meta property=\"og:site_name\" content=\"Lajme nga Ulqini\" \/>\n<meta property=\"article:published_time\" content=\"2014-01-06T17:59:32+00:00\" \/>\n<meta property=\"article:modified_time\" content=\"2014-01-07T11:01:05+00:00\" \/>\n<meta property=\"og:image\" content=\"http:\/\/www.visit-ulcinj.com\/blog\/wp-content\/uploads\/2014\/01\/ambasada_e_shqiperise_1.jpg\" \/>\n<meta name=\"twitter:label1\" content=\"Written by\" \/>\n\t<meta name=\"twitter:data1\" content=\"ulqini\" \/>\n\t<meta name=\"twitter:label2\" content=\"Est. reading time\" \/>\n\t<meta name=\"twitter:data2\" content=\"1 minute\" \/>\n<script type=\"application\/ld+json\" class=\"yoast-schema-graph\">{\"@context\":\"https:\/\/schema.org\",\"@graph\":[{\"@type\":\"WebSite\",\"@id\":\"https:\/\/www.visit-ulcinj.com\/blog\/#website\",\"url\":\"https:\/\/www.visit-ulcinj.com\/blog\/\",\"name\":\"Lajme nga Ulqini\",\"description\":\"Lajme,Vijesti,Ulqini,Ulqin,Crna Gora,Mali i Zi\",\"potentialAction\":[{\"@type\":\"SearchAction\",\"target\":{\"@type\":\"EntryPoint\",\"urlTemplate\":\"https:\/\/www.visit-ulcinj.com\/blog\/?s={search_term_string}\"},\"query-input\":\"required name=search_term_string\"}],\"inLanguage\":\"en-US\"},{\"@type\":\"ImageObject\",\"inLanguage\":\"en-US\",\"@id\":\"https:\/\/www.visit-ulcinj.com\/blog\/2014\/01\/06\/shqiperia-te-mbylle-ambasadat-ne-zagreb-sarajeve-e-podgorice\/#primaryimage\",\"url\":\"https:\/\/www.visit-ulcinj.com\/blog\/wp-content\/uploads\/2014\/01\/ambasada_e_shqiperise_1.jpg\",\"contentUrl\":\"https:\/\/www.visit-ulcinj.com\/blog\/wp-content\/uploads\/2014\/01\/ambasada_e_shqiperise_1.jpg\",\"width\":448,\"height\":297},{\"@type\":\"WebPage\",\"@id\":\"https:\/\/www.visit-ulcinj.com\/blog\/2014\/01\/06\/shqiperia-te-mbylle-ambasadat-ne-zagreb-sarajeve-e-podgorice\/#webpage\",\"url\":\"https:\/\/www.visit-ulcinj.com\/blog\/2014\/01\/06\/shqiperia-te-mbylle-ambasadat-ne-zagreb-sarajeve-e-podgorice\/\",\"name\":\"Shqip\u00ebria do t\u00eb mbyll\u00eb ambasadat n\u00eb Zagreb, Sarajev\u00eb e Podgoric\u00eb? - Lajme nga Ulqini\",\"isPartOf\":{\"@id\":\"https:\/\/www.visit-ulcinj.com\/blog\/#website\"},\"primaryImageOfPage\":{\"@id\":\"https:\/\/www.visit-ulcinj.com\/blog\/2014\/01\/06\/shqiperia-te-mbylle-ambasadat-ne-zagreb-sarajeve-e-podgorice\/#primaryimage\"},\"datePublished\":\"2014-01-06T17:59:32+00:00\",\"dateModified\":\"2014-01-07T11:01:05+00:00\",\"author\":{\"@id\":\"https:\/\/www.visit-ulcinj.com\/blog\/#\/schema\/person\/dcab619c614d3038751c63bc2aadc06d\"},\"description\":\"Ministria e Pun\u00ebve t\u00eb Jashtme po p\u00ebrgatit draftin p\u00ebr mbylljen e tri ambasadave, n\u00eb Kroaci, Mal t\u00eb Zi dhe Bosnj\u00eb- Hercegovin\u00eb. P\u00ebr momentin, k\u00ebto ambasada\",\"breadcrumb\":{\"@id\":\"https:\/\/www.visit-ulcinj.com\/blog\/2014\/01\/06\/shqiperia-te-mbylle-ambasadat-ne-zagreb-sarajeve-e-podgorice\/#breadcrumb\"},\"inLanguage\":\"en-US\",\"potentialAction\":[{\"@type\":\"ReadAction\",\"target\":[\"https:\/\/www.visit-ulcinj.com\/blog\/2014\/01\/06\/shqiperia-te-mbylle-ambasadat-ne-zagreb-sarajeve-e-podgorice\/\"]}]},{\"@type\":\"BreadcrumbList\",\"@id\":\"https:\/\/www.visit-ulcinj.com\/blog\/2014\/01\/06\/shqiperia-te-mbylle-ambasadat-ne-zagreb-sarajeve-e-podgorice\/#breadcrumb\",\"itemListElement\":[{\"@type\":\"ListItem\",\"position\":1,\"name\":\"Shqip\u00ebria do t\u00eb mbyll\u00eb ambasadat n\u00eb Zagreb, Sarajev\u00eb e Podgoric\u00eb?\"}]},{\"@type\":\"Person\",\"@id\":\"https:\/\/www.visit-ulcinj.com\/blog\/#\/schema\/person\/dcab619c614d3038751c63bc2aadc06d\",\"name\":\"ulqini\",\"sameAs\":[\"http:\/\/www.visit-ulcinj.com\"],\"url\":\"https:\/\/www.visit-ulcinj.com\/blog\/author\/admin\/\"}]}<\/script>\n<!-- \/ Yoast SEO plugin. -->","yoast_head_json":{"title":"Shqip\u00ebria do t\u00eb mbyll\u00eb ambasadat n\u00eb Zagreb, Sarajev\u00eb e Podgoric\u00eb? - Lajme nga Ulqini","description":"Ministria e Pun\u00ebve t\u00eb Jashtme po p\u00ebrgatit draftin p\u00ebr mbylljen e tri ambasadave, n\u00eb Kroaci, Mal t\u00eb Zi dhe Bosnj\u00eb- Hercegovin\u00eb. P\u00ebr momentin, k\u00ebto ambasada","robots":{"index":"index","follow":"follow","max-snippet":"max-snippet:-1","max-image-preview":"max-image-preview:large","max-video-preview":"max-video-preview:-1"},"canonical":"https:\/\/www.visit-ulcinj.com\/blog\/2014\/01\/06\/shqiperia-te-mbylle-ambasadat-ne-zagreb-sarajeve-e-podgorice\/","og_locale":"en_US","og_type":"article","og_title":"Shqip\u00ebria do t\u00eb mbyll\u00eb ambasadat n\u00eb Zagreb, Sarajev\u00eb e Podgoric\u00eb? - Lajme nga Ulqini","og_description":"Ministria e Pun\u00ebve t\u00eb Jashtme po p\u00ebrgatit draftin p\u00ebr mbylljen e tri ambasadave, n\u00eb Kroaci, Mal t\u00eb Zi dhe Bosnj\u00eb- Hercegovin\u00eb. P\u00ebr momentin, k\u00ebto ambasada","og_url":"https:\/\/www.visit-ulcinj.com\/blog\/2014\/01\/06\/shqiperia-te-mbylle-ambasadat-ne-zagreb-sarajeve-e-podgorice\/","og_site_name":"Lajme nga Ulqini","article_published_time":"2014-01-06T17:59:32+00:00","article_modified_time":"2014-01-07T11:01:05+00:00","og_image":[{"url":"http:\/\/www.visit-ulcinj.com\/blog\/wp-content\/uploads\/2014\/01\/ambasada_e_shqiperise_1.jpg"}],"twitter_misc":{"Written by":"ulqini","Est. reading time":"1 minute"},"schema":{"@context":"https:\/\/schema.org","@graph":[{"@type":"WebSite","@id":"https:\/\/www.visit-ulcinj.com\/blog\/#website","url":"https:\/\/www.visit-ulcinj.com\/blog\/","name":"Lajme nga Ulqini","description":"Lajme,Vijesti,Ulqini,Ulqin,Crna Gora,Mali i Zi","potentialAction":[{"@type":"SearchAction","target":{"@type":"EntryPoint","urlTemplate":"https:\/\/www.visit-ulcinj.com\/blog\/?s={search_term_string}"},"query-input":"required name=search_term_string"}],"inLanguage":"en-US"},{"@type":"ImageObject","inLanguage":"en-US","@id":"https:\/\/www.visit-ulcinj.com\/blog\/2014\/01\/06\/shqiperia-te-mbylle-ambasadat-ne-zagreb-sarajeve-e-podgorice\/#primaryimage","url":"https:\/\/www.visit-ulcinj.com\/blog\/wp-content\/uploads\/2014\/01\/ambasada_e_shqiperise_1.jpg","contentUrl":"https:\/\/www.visit-ulcinj.com\/blog\/wp-content\/uploads\/2014\/01\/ambasada_e_shqiperise_1.jpg","width":448,"height":297},{"@type":"WebPage","@id":"https:\/\/www.visit-ulcinj.com\/blog\/2014\/01\/06\/shqiperia-te-mbylle-ambasadat-ne-zagreb-sarajeve-e-podgorice\/#webpage","url":"https:\/\/www.visit-ulcinj.com\/blog\/2014\/01\/06\/shqiperia-te-mbylle-ambasadat-ne-zagreb-sarajeve-e-podgorice\/","name":"Shqip\u00ebria do t\u00eb mbyll\u00eb ambasadat n\u00eb Zagreb, Sarajev\u00eb e Podgoric\u00eb? - Lajme nga Ulqini","isPartOf":{"@id":"https:\/\/www.visit-ulcinj.com\/blog\/#website"},"primaryImageOfPage":{"@id":"https:\/\/www.visit-ulcinj.com\/blog\/2014\/01\/06\/shqiperia-te-mbylle-ambasadat-ne-zagreb-sarajeve-e-podgorice\/#primaryimage"},"datePublished":"2014-01-06T17:59:32+00:00","dateModified":"2014-01-07T11:01:05+00:00","author":{"@id":"https:\/\/www.visit-ulcinj.com\/blog\/#\/schema\/person\/dcab619c614d3038751c63bc2aadc06d"},"description":"Ministria e Pun\u00ebve t\u00eb Jashtme po p\u00ebrgatit draftin p\u00ebr mbylljen e tri ambasadave, n\u00eb Kroaci, Mal t\u00eb Zi dhe Bosnj\u00eb- Hercegovin\u00eb. P\u00ebr momentin, k\u00ebto ambasada","breadcrumb":{"@id":"https:\/\/www.visit-ulcinj.com\/blog\/2014\/01\/06\/shqiperia-te-mbylle-ambasadat-ne-zagreb-sarajeve-e-podgorice\/#breadcrumb"},"inLanguage":"en-US","potentialAction":[{"@type":"ReadAction","target":["https:\/\/www.visit-ulcinj.com\/blog\/2014\/01\/06\/shqiperia-te-mbylle-ambasadat-ne-zagreb-sarajeve-e-podgorice\/"]}]},{"@type":"BreadcrumbList","@id":"https:\/\/www.visit-ulcinj.com\/blog\/2014\/01\/06\/shqiperia-te-mbylle-ambasadat-ne-zagreb-sarajeve-e-podgorice\/#breadcrumb","itemListElement":[{"@type":"ListItem","position":1,"name":"Shqip\u00ebria do t\u00eb mbyll\u00eb ambasadat n\u00eb Zagreb, Sarajev\u00eb e Podgoric\u00eb?"}]},{"@type":"Person","@id":"https:\/\/www.visit-ulcinj.com\/blog\/#\/schema\/person\/dcab619c614d3038751c63bc2aadc06d","name":"ulqini","sameAs":["http:\/\/www.visit-ulcinj.com"],"url":"https:\/\/www.visit-ulcinj.com\/blog\/author\/admin\/"}]}},"jetpack_featured_media_url":"","jetpack_sharing_enabled":true,"jetpack_shortlink":"https:\/\/wp.me\/pe6lTn-kgC","_links":{"self":[{"href":"https:\/\/www.visit-ulcinj.com\/blog\/wp-json\/wp\/v2\/posts\/77910"}],"collection":[{"href":"https:\/\/www.visit-ulcinj.com\/blog\/wp-json\/wp\/v2\/posts"}],"about":[{"href":"https:\/\/www.visit-ulcinj.com\/blog\/wp-json\/wp\/v2\/types\/post"}],"author":[{"embeddable":true,"href":"https:\/\/www.visit-ulcinj.com\/blog\/wp-json\/wp\/v2\/users\/1"}],"replies":[{"embeddable":true,"href":"https:\/\/www.visit-ulcinj.com\/blog\/wp-json\/wp\/v2\/comments?post=77910"}],"version-history":[{"count":2,"href":"https:\/\/www.visit-ulcinj.com\/blog\/wp-json\/wp\/v2\/posts\/77910\/revisions"}],"predecessor-version":[{"id":77913,"href":"https:\/\/www.visit-ulcinj.com\/blog\/wp-json\/wp\/v2\/posts\/77910\/revisions\/77913"}],"wp:attachment":[{"href":"https:\/\/www.visit-ulcinj.com\/blog\/wp-json\/wp\/v2\/media?parent=77910"}],"wp:term":[{"taxonomy":"category","embeddable":true,"href":"https:\/\/www.visit-ulcinj.com\/blog\/wp-json\/wp\/v2\/categories?post=77910"},{"taxonomy":"post_tag","embeddable":true,"href":"https:\/\/www.visit-ulcinj.com\/blog\/wp-json\/wp\/v2\/tags?post=77910"}],"curies":[{"name":"wp","href":"https:\/\/api.w.org\/{rel}","templated":true}]}}