{"id":77914,"date":"2014-01-07T08:01:06","date_gmt":"2014-01-07T07:01:06","guid":{"rendered":"http:\/\/www.visit-ulcinj.com\/blog\/?p=77914"},"modified":"2014-01-07T08:01:06","modified_gmt":"2014-01-07T07:01:06","slug":"df-inicijativa-za-gradnju-kapele-crkve-svetog-nikole","status":"publish","type":"post","link":"https:\/\/www.visit-ulcinj.com\/blog\/2014\/01\/07\/df-inicijativa-za-gradnju-kapele-crkve-svetog-nikole\/","title":{"rendered":"DF: Inicijativa za gradnju kapele crkve Svetog Nikole"},"content":{"rendered":"<p><a href=\"http:\/\/www.visit-ulcinj.com\/blog\/wp-content\/uploads\/2014\/01\/crkva-Svetog-Nikole-Ulcinj.jpg\"><img loading=\"lazy\" class=\"alignleft  wp-image-77915\" alt=\"crkva Svetog Nikole-Ulcinj\" src=\"http:\/\/www.visit-ulcinj.com\/blog\/wp-content\/uploads\/2014\/01\/crkva-Svetog-Nikole-Ulcinj.jpg\" width=\"508\" height=\"360\" \/><\/a>ULCINj &#8211; Op\u0161tinski odbor Demokratskog fronta uru\u010dio je ju\u010de donaciju ulcinjskoj parohiji, saop\u0161teno je iz DF-a. Sastanku su prisustvovali \u010dlanovi Foruma mladih OO DF-a, te nosilac liste na predstoje\u0107im izborima prim. dr Milan Rolovi\u0107.<br \/>\n&#8211; U srda\u010dnom i iskrenom razgovoru sa dugogodi\u0161njim ulcinjskim parohom, protojerejem Radojicom Bo\u017eovi\u0107em razmotreno je vi\u0161e tema. Razgovaralo se o duhovnom i materijalnom pobolj\u0161anju stanja u crkvenoj op\u0161tini sa akcentom na potrebu izgradnje kapele za korisnike groblja ispod Starog grada, kod crkve Svetog Nikole. Konstatovano je da je Ulcinj jedini grad koji nema ovaj objekat ili ga ima u ruiniranom obliku na drugom groblju, a koji se ovih dana,nakon tri tendera stavlja u funkciju. U\u010desnici sastanka su se slo\u017eili da treba intenzivirati inicijativu oko izgradnje kapele i uvrstiti to pitanje u predstoje\u0107i bud\u017eet za 2014. godinu. Ukoliko se ne nai\u0111e na razumijevanje lokalne samouprave treba podsta\u0107i samoorganizaciju gra\u0111ana i u saradnji sa Mitropolijom crnogorsko- primorskom realizovati projekat. Protojerej Bo\u017eovi\u0107 je zahvalio mladima DF na uru\u010denoj donaciji i po\u017eelio im uspjeh na predstoje\u0107im lokalnim izborima, u \u017eivotu i radu \u2013 navedeno je u saop\u0161tenju uz podsje\u0107anje da je DF kao jedan od konstituena koalicije \u201eBolji Ulcinj, bolja Crna Gora\u201d bio jedan od inicijatora da pomenuti projekat u\u0111e u bud\u017eet.<br \/>\n<strong>M.K.<\/strong><\/p>\n<p><strong>Izvor: Dan<\/strong><\/p>\n","protected":false},"excerpt":{"rendered":"<p>ULCINj &#8211; Op\u0161tinski odbor Demokratskog fronta uru\u010dio je ju\u010de donaciju ulcinjskoj parohiji, saop\u0161teno je iz DF-a. Sastanku su prisustvovali \u010dlanovi Foruma mladih OO DF-a, te nosilac liste na predstoje\u0107im izborima prim. dr Milan Rolovi\u0107. &#8211; U srda\u010dnom i iskrenom razgovoru sa dugogodi\u0161njim ulcinjskim parohom, protojerejem Radojicom Bo\u017eovi\u0107em razmotreno je vi\u0161e tema. Razgovaralo se o duhovnom [&hellip;]<\/p>\n","protected":false},"author":1,"featured_media":0,"comment_status":"closed","ping_status":"closed","sticky":false,"template":"","format":"standard","meta":{"spay_email":"","jetpack_publicize_message":"","jetpack_is_tweetstorm":false,"jetpack_publicize_feature_enabled":true},"categories":[8337],"tags":[],"jetpack_publicize_connections":[],"yoast_head":"<!-- This site is optimized with the Yoast SEO plugin v19.1 - https:\/\/yoast.com\/wordpress\/plugins\/seo\/ -->\n<title>DF: Inicijativa za gradnju kapele crkve Svetog Nikole - Lajme nga Ulqini<\/title>\n<meta name=\"description\" content=\"ULCINj - Op\u0161tinski odbor Demokratskog fronta uru\u010dio je ju\u010de donaciju ulcinjskoj parohiji, saop\u0161teno je iz DF-a. Sastanku su prisustvovali \u010dlanovi Foruma\" \/>\n<meta name=\"robots\" content=\"index, follow, max-snippet:-1, max-image-preview:large, max-video-preview:-1\" \/>\n<link rel=\"canonical\" href=\"https:\/\/www.visit-ulcinj.com\/blog\/2014\/01\/07\/df-inicijativa-za-gradnju-kapele-crkve-svetog-nikole\/\" \/>\n<meta property=\"og:locale\" content=\"en_US\" \/>\n<meta property=\"og:type\" content=\"article\" \/>\n<meta property=\"og:title\" content=\"DF: Inicijativa za gradnju kapele crkve Svetog Nikole - Lajme nga Ulqini\" \/>\n<meta property=\"og:description\" content=\"ULCINj - Op\u0161tinski odbor Demokratskog fronta uru\u010dio je ju\u010de donaciju ulcinjskoj parohiji, saop\u0161teno je iz DF-a. Sastanku su prisustvovali \u010dlanovi Foruma\" \/>\n<meta property=\"og:url\" content=\"https:\/\/www.visit-ulcinj.com\/blog\/2014\/01\/07\/df-inicijativa-za-gradnju-kapele-crkve-svetog-nikole\/\" \/>\n<meta property=\"og:site_name\" content=\"Lajme nga Ulqini\" \/>\n<meta property=\"article:published_time\" content=\"2014-01-07T07:01:06+00:00\" \/>\n<meta property=\"og:image\" content=\"http:\/\/www.visit-ulcinj.com\/blog\/wp-content\/uploads\/2014\/01\/crkva-Svetog-Nikole-Ulcinj.jpg\" \/>\n<meta name=\"twitter:label1\" content=\"Written by\" \/>\n\t<meta name=\"twitter:data1\" content=\"ulqini\" \/>\n\t<meta name=\"twitter:label2\" content=\"Est. reading time\" \/>\n\t<meta name=\"twitter:data2\" content=\"1 minute\" \/>\n<script type=\"application\/ld+json\" class=\"yoast-schema-graph\">{\"@context\":\"https:\/\/schema.org\",\"@graph\":[{\"@type\":\"WebSite\",\"@id\":\"https:\/\/www.visit-ulcinj.com\/blog\/#website\",\"url\":\"https:\/\/www.visit-ulcinj.com\/blog\/\",\"name\":\"Lajme nga Ulqini\",\"description\":\"Lajme,Vijesti,Ulqini,Ulqin,Crna Gora,Mali i Zi\",\"potentialAction\":[{\"@type\":\"SearchAction\",\"target\":{\"@type\":\"EntryPoint\",\"urlTemplate\":\"https:\/\/www.visit-ulcinj.com\/blog\/?s={search_term_string}\"},\"query-input\":\"required name=search_term_string\"}],\"inLanguage\":\"en-US\"},{\"@type\":\"ImageObject\",\"inLanguage\":\"en-US\",\"@id\":\"https:\/\/www.visit-ulcinj.com\/blog\/2014\/01\/07\/df-inicijativa-za-gradnju-kapele-crkve-svetog-nikole\/#primaryimage\",\"url\":\"https:\/\/www.visit-ulcinj.com\/blog\/wp-content\/uploads\/2014\/01\/crkva-Svetog-Nikole-Ulcinj.jpg\",\"contentUrl\":\"https:\/\/www.visit-ulcinj.com\/blog\/wp-content\/uploads\/2014\/01\/crkva-Svetog-Nikole-Ulcinj.jpg\",\"width\":800,\"height\":600},{\"@type\":\"WebPage\",\"@id\":\"https:\/\/www.visit-ulcinj.com\/blog\/2014\/01\/07\/df-inicijativa-za-gradnju-kapele-crkve-svetog-nikole\/#webpage\",\"url\":\"https:\/\/www.visit-ulcinj.com\/blog\/2014\/01\/07\/df-inicijativa-za-gradnju-kapele-crkve-svetog-nikole\/\",\"name\":\"DF: Inicijativa za gradnju kapele crkve Svetog Nikole - Lajme nga Ulqini\",\"isPartOf\":{\"@id\":\"https:\/\/www.visit-ulcinj.com\/blog\/#website\"},\"primaryImageOfPage\":{\"@id\":\"https:\/\/www.visit-ulcinj.com\/blog\/2014\/01\/07\/df-inicijativa-za-gradnju-kapele-crkve-svetog-nikole\/#primaryimage\"},\"datePublished\":\"2014-01-07T07:01:06+00:00\",\"dateModified\":\"2014-01-07T07:01:06+00:00\",\"author\":{\"@id\":\"https:\/\/www.visit-ulcinj.com\/blog\/#\/schema\/person\/dcab619c614d3038751c63bc2aadc06d\"},\"description\":\"ULCINj - Op\u0161tinski odbor Demokratskog fronta uru\u010dio je ju\u010de donaciju ulcinjskoj parohiji, saop\u0161teno je iz DF-a. Sastanku su prisustvovali \u010dlanovi Foruma\",\"breadcrumb\":{\"@id\":\"https:\/\/www.visit-ulcinj.com\/blog\/2014\/01\/07\/df-inicijativa-za-gradnju-kapele-crkve-svetog-nikole\/#breadcrumb\"},\"inLanguage\":\"en-US\",\"potentialAction\":[{\"@type\":\"ReadAction\",\"target\":[\"https:\/\/www.visit-ulcinj.com\/blog\/2014\/01\/07\/df-inicijativa-za-gradnju-kapele-crkve-svetog-nikole\/\"]}]},{\"@type\":\"BreadcrumbList\",\"@id\":\"https:\/\/www.visit-ulcinj.com\/blog\/2014\/01\/07\/df-inicijativa-za-gradnju-kapele-crkve-svetog-nikole\/#breadcrumb\",\"itemListElement\":[{\"@type\":\"ListItem\",\"position\":1,\"name\":\"DF: Inicijativa za gradnju kapele crkve Svetog Nikole\"}]},{\"@type\":\"Person\",\"@id\":\"https:\/\/www.visit-ulcinj.com\/blog\/#\/schema\/person\/dcab619c614d3038751c63bc2aadc06d\",\"name\":\"ulqini\",\"sameAs\":[\"http:\/\/www.visit-ulcinj.com\"],\"url\":\"https:\/\/www.visit-ulcinj.com\/blog\/author\/admin\/\"}]}<\/script>\n<!-- \/ Yoast SEO plugin. -->","yoast_head_json":{"title":"DF: Inicijativa za gradnju kapele crkve Svetog Nikole - Lajme nga Ulqini","description":"ULCINj - Op\u0161tinski odbor Demokratskog fronta uru\u010dio je ju\u010de donaciju ulcinjskoj parohiji, saop\u0161teno je iz DF-a. Sastanku su prisustvovali \u010dlanovi Foruma","robots":{"index":"index","follow":"follow","max-snippet":"max-snippet:-1","max-image-preview":"max-image-preview:large","max-video-preview":"max-video-preview:-1"},"canonical":"https:\/\/www.visit-ulcinj.com\/blog\/2014\/01\/07\/df-inicijativa-za-gradnju-kapele-crkve-svetog-nikole\/","og_locale":"en_US","og_type":"article","og_title":"DF: Inicijativa za gradnju kapele crkve Svetog Nikole - Lajme nga Ulqini","og_description":"ULCINj - Op\u0161tinski odbor Demokratskog fronta uru\u010dio je ju\u010de donaciju ulcinjskoj parohiji, saop\u0161teno je iz DF-a. Sastanku su prisustvovali \u010dlanovi Foruma","og_url":"https:\/\/www.visit-ulcinj.com\/blog\/2014\/01\/07\/df-inicijativa-za-gradnju-kapele-crkve-svetog-nikole\/","og_site_name":"Lajme nga Ulqini","article_published_time":"2014-01-07T07:01:06+00:00","og_image":[{"url":"http:\/\/www.visit-ulcinj.com\/blog\/wp-content\/uploads\/2014\/01\/crkva-Svetog-Nikole-Ulcinj.jpg"}],"twitter_misc":{"Written by":"ulqini","Est. reading time":"1 minute"},"schema":{"@context":"https:\/\/schema.org","@graph":[{"@type":"WebSite","@id":"https:\/\/www.visit-ulcinj.com\/blog\/#website","url":"https:\/\/www.visit-ulcinj.com\/blog\/","name":"Lajme nga Ulqini","description":"Lajme,Vijesti,Ulqini,Ulqin,Crna Gora,Mali i Zi","potentialAction":[{"@type":"SearchAction","target":{"@type":"EntryPoint","urlTemplate":"https:\/\/www.visit-ulcinj.com\/blog\/?s={search_term_string}"},"query-input":"required name=search_term_string"}],"inLanguage":"en-US"},{"@type":"ImageObject","inLanguage":"en-US","@id":"https:\/\/www.visit-ulcinj.com\/blog\/2014\/01\/07\/df-inicijativa-za-gradnju-kapele-crkve-svetog-nikole\/#primaryimage","url":"https:\/\/www.visit-ulcinj.com\/blog\/wp-content\/uploads\/2014\/01\/crkva-Svetog-Nikole-Ulcinj.jpg","contentUrl":"https:\/\/www.visit-ulcinj.com\/blog\/wp-content\/uploads\/2014\/01\/crkva-Svetog-Nikole-Ulcinj.jpg","width":800,"height":600},{"@type":"WebPage","@id":"https:\/\/www.visit-ulcinj.com\/blog\/2014\/01\/07\/df-inicijativa-za-gradnju-kapele-crkve-svetog-nikole\/#webpage","url":"https:\/\/www.visit-ulcinj.com\/blog\/2014\/01\/07\/df-inicijativa-za-gradnju-kapele-crkve-svetog-nikole\/","name":"DF: Inicijativa za gradnju kapele crkve Svetog Nikole - Lajme nga Ulqini","isPartOf":{"@id":"https:\/\/www.visit-ulcinj.com\/blog\/#website"},"primaryImageOfPage":{"@id":"https:\/\/www.visit-ulcinj.com\/blog\/2014\/01\/07\/df-inicijativa-za-gradnju-kapele-crkve-svetog-nikole\/#primaryimage"},"datePublished":"2014-01-07T07:01:06+00:00","dateModified":"2014-01-07T07:01:06+00:00","author":{"@id":"https:\/\/www.visit-ulcinj.com\/blog\/#\/schema\/person\/dcab619c614d3038751c63bc2aadc06d"},"description":"ULCINj - Op\u0161tinski odbor Demokratskog fronta uru\u010dio je ju\u010de donaciju ulcinjskoj parohiji, saop\u0161teno je iz DF-a. Sastanku su prisustvovali \u010dlanovi Foruma","breadcrumb":{"@id":"https:\/\/www.visit-ulcinj.com\/blog\/2014\/01\/07\/df-inicijativa-za-gradnju-kapele-crkve-svetog-nikole\/#breadcrumb"},"inLanguage":"en-US","potentialAction":[{"@type":"ReadAction","target":["https:\/\/www.visit-ulcinj.com\/blog\/2014\/01\/07\/df-inicijativa-za-gradnju-kapele-crkve-svetog-nikole\/"]}]},{"@type":"BreadcrumbList","@id":"https:\/\/www.visit-ulcinj.com\/blog\/2014\/01\/07\/df-inicijativa-za-gradnju-kapele-crkve-svetog-nikole\/#breadcrumb","itemListElement":[{"@type":"ListItem","position":1,"name":"DF: Inicijativa za gradnju kapele crkve Svetog Nikole"}]},{"@type":"Person","@id":"https:\/\/www.visit-ulcinj.com\/blog\/#\/schema\/person\/dcab619c614d3038751c63bc2aadc06d","name":"ulqini","sameAs":["http:\/\/www.visit-ulcinj.com"],"url":"https:\/\/www.visit-ulcinj.com\/blog\/author\/admin\/"}]}},"jetpack_featured_media_url":"","jetpack_sharing_enabled":true,"jetpack_shortlink":"https:\/\/wp.me\/pe6lTn-kgG","_links":{"self":[{"href":"https:\/\/www.visit-ulcinj.com\/blog\/wp-json\/wp\/v2\/posts\/77914"}],"collection":[{"href":"https:\/\/www.visit-ulcinj.com\/blog\/wp-json\/wp\/v2\/posts"}],"about":[{"href":"https:\/\/www.visit-ulcinj.com\/blog\/wp-json\/wp\/v2\/types\/post"}],"author":[{"embeddable":true,"href":"https:\/\/www.visit-ulcinj.com\/blog\/wp-json\/wp\/v2\/users\/1"}],"replies":[{"embeddable":true,"href":"https:\/\/www.visit-ulcinj.com\/blog\/wp-json\/wp\/v2\/comments?post=77914"}],"version-history":[{"count":2,"href":"https:\/\/www.visit-ulcinj.com\/blog\/wp-json\/wp\/v2\/posts\/77914\/revisions"}],"predecessor-version":[{"id":77917,"href":"https:\/\/www.visit-ulcinj.com\/blog\/wp-json\/wp\/v2\/posts\/77914\/revisions\/77917"}],"wp:attachment":[{"href":"https:\/\/www.visit-ulcinj.com\/blog\/wp-json\/wp\/v2\/media?parent=77914"}],"wp:term":[{"taxonomy":"category","embeddable":true,"href":"https:\/\/www.visit-ulcinj.com\/blog\/wp-json\/wp\/v2\/categories?post=77914"},{"taxonomy":"post_tag","embeddable":true,"href":"https:\/\/www.visit-ulcinj.com\/blog\/wp-json\/wp\/v2\/tags?post=77914"}],"curies":[{"name":"wp","href":"https:\/\/api.w.org\/{rel}","templated":true}]}}