{"id":77921,"date":"2014-01-07T11:03:26","date_gmt":"2014-01-07T10:03:26","guid":{"rendered":"http:\/\/www.visit-ulcinj.com\/blog\/?p=77921"},"modified":"2014-01-07T18:33:19","modified_gmt":"2014-01-07T17:33:19","slug":"nika-pikepamjet-serbo-malazeze-per-truallin","status":"publish","type":"post","link":"https:\/\/www.visit-ulcinj.com\/blog\/2014\/01\/07\/nika-pikepamjet-serbo-malazeze-per-truallin\/","title":{"rendered":"Nika: Pik\u00ebpamjet serbo malazeze p\u00ebr truallin?!"},"content":{"rendered":"<p><b><i><a href=\"http:\/\/www.visit-ulcinj.com\/blog\/wp-content\/uploads\/2008\/09\/muhamet-nika_ulqin.jpg\"><img loading=\"lazy\" class=\"alignleft  wp-image-3728\" alt=\"muhamet-nika_ulqin\" src=\"http:\/\/www.visit-ulcinj.com\/blog\/wp-content\/uploads\/2008\/09\/muhamet-nika_ulqin.jpg\" width=\"300\" height=\"218\" \/><\/a>Shkruan:Muhamet Nika<\/i><\/b><\/p>\n<p><b><i>Politika serbe e arsyetonte luften ndaj shqiptar\u00ebve , duke pohuar se\u00a0 shqiptar\u00ebt nuk e kan\u00eb t\u00eb huaj\u00a0 teorin\u00eb e prishjes s\u00eb gjakut- Incestit ?! Gjoja ajo ishte ngritur n\u00eb\u00a0\u00a0 platform\u00eb t\u00eb irredent\u00ebs.<\/i><\/b><\/p>\n<p>Te \u00e7do civilizim e kultur\u00eb shohim se vet\u00ebdija p\u00ebr truallin (p\u00ebr tok\u00ebn si n\u00ebn\u00eb ), lidhet me vet\u00ebdijen religjioze( shpirt\u00ebrore) t\u00eb popujve me tradit\u00eb religjioz t\u00eb shkrimeve t\u00eb shenjta, kurse t\u00eb popujt tjer\u00eb, me tradit\u00eb pagane, vet\u00ebdija p\u00ebr truallin lidhet me vet\u00ebdijen mitike t\u00eb memories kolektive t\u00eb tyre si dhe me p\u00ebrvoj\u00ebn jet\u00ebsore t\u00eb shekujve q\u00eb jetuan. Shqiptar\u00ebt, mendojm\u00eb se hyjn\u00eb n\u00eb grupin e dyt\u00eb t\u00eb popujve t\u00eb cil\u00ebt bot\u00ebn e vet shpirt\u00ebrore nuk e p\u00ebrjetojn\u00eb si bot\u00eb religjioze, si p\u00ebr shembull : arab\u00ebt apo \u00e7ifut\u00ebt dhe t\u00eb krishter\u00eb(per\u00ebndimoret), ata shpesh her\u00eb bot\u00ebn shpirt\u00ebrore t\u00eb tyre e ngat\u00ebrrojn\u00eb me vet\u00ebdijen e p\u00ebrkat\u00ebsis\u00eb etnike e\u00a0 komb\u00ebtare ?!<\/p>\n<p>Nga k\u00ebto dy pik\u00ebnisje t\u00eb vet\u00ebdijes p\u00ebr truallin , nd\u00ebr kultura t\u00eb ndryshme, kemi edhe dy pik\u00ebpamje t\u00eb ndryshme p\u00ebr truallin q\u00eb manifestohen te ne shqiptar\u00ebt n\u00eb raport me tjer\u00ebt, por edhe\u00a0 me fqinj\u00ebt tan\u00eb&#8230;.?! K\u00ebshtu p\u00ebr shembull, ta z\u00ebm\u00eb derisa ne shqiptar\u00ebt, b\u00ebnim luft\u00eb p\u00ebr t\u00eb mbrojtur truallin ton\u00eb shqiptar , q\u00eb na obligonte vet\u00ebdija komb\u00ebtare ose lokale si motiv shtyt\u00ebs; t\u00eb tjer\u00ebt \u2013Serbomalazez\u00ebt, na luftonin si shqiptar\u00eb, por n\u00eb radh\u00eb t\u00eb par\u00eb na luftonin me motivin shtyr\u00ebs t\u00eb tyrin anti-islam q\u00eb e provokonte p\u00ebrkat\u00ebsia religjioze ortodokse \u201e e shkieve..\u201c?!!<\/p>\n<p>Memoria kolektive e tyre fetare,ortodokse ishte ajo q\u00eb historikisht i motivonte n\u00eb luft\u00eb kund\u00ebr trojeve tona etnike<\/p>\n<p><b><i>\u00c7 thot\u00eb Florika Shtefen<\/i><\/b><\/p>\n<p>Sipas politik\u00ebs shovene serbe, triumfi i\u00a0 rac\u00ebs me \u00e7do kusht, n\u00eb d\u00ebm t\u00eb kombit tjet\u00ebr , me t\u00eb madhe u p\u00ebrdor si arsyetim p\u00ebr dhun\u00eb edhe nga politika serbe . Serb\u00ebt\u00a0 p\u00ebr t\u00eb arsyetuar represionin shtetror\u00a0 t\u00eb tyrin, ndaj shqiptar\u00ebve,dhe m\u00eb von\u00eb luft\u00ebn ndaj tyre, shpesh her\u00eb\u00a0 i akuzonin sipas fantazis\u00eb s\u00eb vet t\u00eb smur\u00eb duke nxitur\u00a0 e b\u00ebr\u00eb thirrje n\u00eb luft\u00eb t\u00eb hapur ndaj tyre.<\/p>\n<p>Ja se \u00e7far\u00eb shk\u00ebputem, n\u00eb mes tjerash, nga\u00a0 libri,\u00a0 \u00c7\u2019thon\u00eb dh \u00e7\u2019k\u00ebrkojn\u00eb kosovar\u00ebt( p\u00ebrmbledhje artikujsh dhe studimesh&#8230;.)2, N\u00eb\u00a0 nj\u00eb reagim t\u00eb\u00a0 dr. Agim Vinc\u00ebs , n\u00eb\u00a0 p\u00ebrgjigje t\u00eb shkrimit \u201c Gruja shqiptare pas mureve t\u00eb larta\u201c, Gazeta \u201e NIN\u201c,1971- T\u00eb poetesh\u00ebs\u00a0 rumune nga Novi Sadi, Florika Shtefan: \u201e&#8230; F.SH., me guxim dhe vendosm\u00ebri, pa asnj\u00eb lekundje dhe pa pik\u00eb delikatese, b\u00ebn\u00eb zhvirgj\u00ebrimin e nj\u00eb teme tabu: problemin e incestit t\u00eb shqiptar\u00ebve! Me urdh\u00ebr t\u00eb irredent\u00ebs kjo \u201e fabrik\u00eb\u00a0 riprodhuese\u201c punon dhe punon pa nd\u00ebrprerje, me q\u00ebllimin e qart\u00eb q\u00eb t\u00eb realizoj\u00eb sa<\/p>\n<p>m\u00eb par\u00eb objektivin- Krijimin e nj\u00eb Kosove\u00a0 \u201eetnikisht t\u00eb past\u00ebr\u201c dhe realizimin e \u00ebndrrave t\u00eb \u201eShqip\u00ebris\u00eb s\u00eb Madhe\u201c,&#8230;&#8230;Sipas Florika Shtefanit, nj\u00eb miku i saj , q\u00eb ka punuar si profesor n\u00eb nj\u00eb shkoll\u00eb t\u00eb mesme diku n\u00eb bregdetin e Malit t\u00eb ZI, gjoja i paska treguar p\u00ebr nj\u00eb vajz\u00eb shqiptare, maturante, e cila nja- dy muaj para provimeve t\u00eb matur\u00ebs nuk mund ta fshihte m\u00eb \u201eshtatzanin\u00eb e saj\u201c. Kur profesoresha, kujdestarja e klas\u00ebs, u p\u00ebrpoq q\u00eb ta ndihmonte nx\u00ebn\u00ebsen e vet\u201c me q\u00ebllim q\u00eb t\u00eb m\u00ebsonte se kush ishte babai\u00a0 dhe eventualisht ta ndihmonte n\u00eb lidhje me t\u00eb riun e pa njohur\u201c,kjo vajz\u00eb, maturante shqiptare sikur nuk kishte ndodhur asgj\u00eb, pranoi se \u201enuk e dinte se kush mund t\u00eb ishte babai i f\u00ebmij\u00ebs s\u00eb ardhshme: ndoshta v\u00ebllai ose ndo nj\u00eb prej xhaxhalar\u00ebve&#8230;Me te dy ka pasur marr\u00ebdh\u00ebnie seksuale\u201c?!<\/p>\n<p>Kushdo\u00a0 q\u00eb sa do pak e njeh\u00a0 jet\u00ebn , psikologjin\u00eb dhe mentalitetin e shqiptar\u00ebve , e kupton se kjo \u00ebsht\u00eb nj\u00eb trillim. Incesti , apo\u201c prishja e gjakut \u201e si\u00e7 thuhet n\u00eb popull, p\u00ebrfundon Dr. Agim Vinca , \u00ebsht\u00eb nj\u00eb dukuri margjinale te \u00e7do popull e t\u00eb shqiptar\u00ebt ndoshta m\u00eb pak e praktikuar<\/p>\n<p><b><i>\u00c7far\u00eb i pengon serb\u00ebt te shqiptar\u00ebt?!<\/i><\/b><\/p>\n<p>&nbsp;<\/p>\n<p>Nga shikimi i historis\u00eb , v\u00ebrejm\u00eb se mllefi i serbeve ndaj shqiptar\u00ebve, nuk u shua nga viti 1389 e k\u00ebtej,vjersh\u00ebtori serb Mitko Popoviq p\u00ebr\u00a0 shembull ,shohim t\u2019i ftoj\u00eb serb\u00ebt,\u00a0 t\u00eb \u00e7ohen n\u00eb luft\u00eb e t\u00eb mos ndalen deri n\u00eb Stamboll.<\/p>\n<p>\u201d&#8230;.P\u00ebrpara n\u00eb pun\u00eb t\u00eb p\u00ebrgjakshme v\u00ebllez\u00ebr le t\u00eb jet\u00eb Stambolli Serb\u201d. Proklamata e tyre gjat\u00eb luft\u00ebrave n\u00eb Kosov\u00eb Maqedoni e Shqip\u00ebri ishte: \u201c Sa m\u00eb pak turq e shqiptar\u00eb\u00a0 aq ma e madhe merita e juaj atdhetare&#8230;\u201dAndaj ata edhe ushtruan dhunime t\u00eb skajshme mbi popullsin\u00eb civile, dogj\u00ebn pla\u00e7kiten dhe i ther\u00ebn me thik\u00eb e duke i hedhur n\u00eb er\u00eb me gjith\u00eb xhami \u2013rasti i Prizrenit. Nd\u00ebrsa pas k\u00ebtij akti , nga viti 1914 u shp\u00ebrngulen p\u00ebr n\u00eb turqi mbi 250mij\u00eb shqiptar\u00eb. Kurse pas gjith\u00eb k\u00ebsaj dhune q\u00ebndronte penda serbe. Ajo q\u00eb i pengonte m\u00eb s\u00eb shumti serb\u00ebt ishte p\u00ebrkat\u00ebsia islame e popullit shqiptar?!!<\/p>\n<p>Akademiku serb Vlladan Gjuriq- Gjorgjeviq, n\u00eb shkrimin \u201cArnauti i Velike sile\u201df. 141, shkruan: \u201dShqip\u00ebria e pavarur do t\u00eb ishte shteti ri islamik n\u00eb Evrop\u00eb dhe ky do t\u00eb ishte anakroniz\u00ebm&#8230;\u201d.<\/p>\n<p>Tjet\u00ebr, ja se \u00e7far\u00eb shkruan Vaso \u00c7ubrilloviq n\u00eb\u00a0 elaboratin e tij \u201d Shp\u00ebrngulja e arnautve\u201d rreth\u00a0 metodave q\u00eb duhet t\u00eb p\u00ebrdoren\u00a0 gjat\u00eb shp\u00ebrnguljes s\u00eb shqiptar\u00ebve.\u201d&#8230; Duhen tu shtohen tatimet, t\u00eb mos u pranohen tapit\u00eb e pasuris\u00eb s\u00eb patundshme , duhet tu rr\u00ebnohen muret dhe gardhet rreth sht\u00ebpive, duhet tu prishen varret, duhet tu ndalohen martesat me disa gra, duhet tu keqtrajtohen hoxh\u00ebt, duhet t\u00eb burgosen&#8230;Mir\u00ebpo shp\u00ebrthimi i luft\u00ebs s\u00eb par\u00eb bot\u00ebrore e ndalon k\u00ebt\u00eb aksion i cili nis m\u00eb von\u00eb , me v\u00ebnien e administrat\u00ebs ushtarake n\u00eb Kosov\u00eb p\u00ebr t\u00eb vazhduar me aksionin fam\u00eb<\/p>\n<p>keq t\u00eb grumbullimit t\u00eb arm\u00ebve t\u00eb viteve 50&#8230;K\u00ebsaj m\u00eb pas i kontribuonte ortodoksia komuniste , q\u00eb rrafshonte p\u00ebrkat\u00ebsin\u00eb nacionale, n\u00eb em\u00ebr t\u00eb qytet\u00ebrimit kozmopolit.<\/p>\n<p>Fatkeq\u00ebsisht, si rezultat i doktrin\u00ebs \u00c7ubrilloviqiane dhe doktrin\u00ebs\u00a0 s\u00eb lis\u00eb komuniste\u00a0 edhe sot n\u00eb jet\u00ebn politike, hetohen\u00a0 aty k\u00ebtu, shenjat e lis\u00eb. &#8230;, konkretisht , manifestim i\u00a0 shenjave t\u00eb lis\u00eb&#8230; , jan\u00eb ato ,\u00a0 kur\u00a0 disa politikan\u00eb ton\u00eb , n\u00eb raport me tjer\u00ebt mburren se nuk jan\u00eb nacionalist\u00eb&#8230;, se n\u00eb raport me malazez\u00ebt, jan\u00eb lojal(kupto, q\u00eb nuk jan\u00eb kundra, edhe kur kund\u00ebrshtojn\u00eb), se jan\u00eb kozmopolit\u00eb, se si pengon asnj\u00eb ras\u00eb&#8230;,(por duke p\u00ebrjashtuar llagapet shqiptare , t\u00eb cilat, ata p\u00ebrvete, preferojn\u00eb ti sllavizojn\u00eb- sipas d\u00ebshir\u00ebs s\u00eb dikurshme t\u00eb knjazit Danillo?!!<\/p>\n","protected":false},"excerpt":{"rendered":"<p>Shkruan:Muhamet Nika Politika serbe e arsyetonte luften ndaj shqiptar\u00ebve , duke pohuar se\u00a0 shqiptar\u00ebt nuk e kan\u00eb t\u00eb huaj\u00a0 teorin\u00eb e prishjes s\u00eb gjakut- Incestit ?! Gjoja ajo ishte ngritur n\u00eb\u00a0\u00a0 platform\u00eb t\u00eb irredent\u00ebs. Te \u00e7do civilizim e kultur\u00eb shohim se vet\u00ebdija p\u00ebr truallin (p\u00ebr tok\u00ebn si n\u00ebn\u00eb ), lidhet me vet\u00ebdijen religjioze( shpirt\u00ebrore) t\u00eb [&hellip;]<\/p>\n","protected":false},"author":1,"featured_media":0,"comment_status":"closed","ping_status":"closed","sticky":false,"template":"","format":"standard","meta":{"spay_email":"","jetpack_publicize_message":"","jetpack_is_tweetstorm":false,"jetpack_publicize_feature_enabled":true},"categories":[14249],"tags":[],"jetpack_publicize_connections":[],"yoast_head":"<!-- This site is optimized with the Yoast SEO plugin v19.1 - https:\/\/yoast.com\/wordpress\/plugins\/seo\/ -->\n<title>Nika: Pik\u00ebpamjet serbo malazeze p\u00ebr truallin?! - Lajme nga Ulqini<\/title>\n<meta name=\"description\" content=\"Shkruan:Muhamet Nika Politika serbe e arsyetonte luften ndaj shqiptar\u00ebve , duke pohuar se\u00a0 shqiptar\u00ebt nuk e kan\u00eb t\u00eb huaj\u00a0 teorin\u00eb e prishjes s\u00eb gjakut-\" \/>\n<meta name=\"robots\" content=\"index, follow, max-snippet:-1, max-image-preview:large, max-video-preview:-1\" \/>\n<link rel=\"canonical\" href=\"https:\/\/www.visit-ulcinj.com\/blog\/2014\/01\/07\/nika-pikepamjet-serbo-malazeze-per-truallin\/\" \/>\n<meta property=\"og:locale\" content=\"en_US\" \/>\n<meta property=\"og:type\" content=\"article\" \/>\n<meta property=\"og:title\" content=\"Nika: Pik\u00ebpamjet serbo malazeze p\u00ebr truallin?! - Lajme nga Ulqini\" \/>\n<meta property=\"og:description\" content=\"Shkruan:Muhamet Nika Politika serbe e arsyetonte luften ndaj shqiptar\u00ebve , duke pohuar se\u00a0 shqiptar\u00ebt nuk e kan\u00eb t\u00eb huaj\u00a0 teorin\u00eb e prishjes s\u00eb gjakut-\" \/>\n<meta property=\"og:url\" content=\"https:\/\/www.visit-ulcinj.com\/blog\/2014\/01\/07\/nika-pikepamjet-serbo-malazeze-per-truallin\/\" \/>\n<meta property=\"og:site_name\" content=\"Lajme nga Ulqini\" \/>\n<meta property=\"article:published_time\" content=\"2014-01-07T10:03:26+00:00\" \/>\n<meta property=\"article:modified_time\" content=\"2014-01-07T17:33:19+00:00\" \/>\n<meta property=\"og:image\" content=\"http:\/\/www.visit-ulcinj.com\/blog\/wp-content\/uploads\/2008\/09\/muhamet-nika_ulqin.jpg\" \/>\n<meta name=\"twitter:label1\" content=\"Written by\" \/>\n\t<meta name=\"twitter:data1\" content=\"ulqini\" \/>\n\t<meta name=\"twitter:label2\" content=\"Est. reading time\" \/>\n\t<meta name=\"twitter:data2\" content=\"6 minutes\" \/>\n<script type=\"application\/ld+json\" class=\"yoast-schema-graph\">{\"@context\":\"https:\/\/schema.org\",\"@graph\":[{\"@type\":\"WebSite\",\"@id\":\"https:\/\/www.visit-ulcinj.com\/blog\/#website\",\"url\":\"https:\/\/www.visit-ulcinj.com\/blog\/\",\"name\":\"Lajme nga Ulqini\",\"description\":\"Lajme,Vijesti,Ulqini,Ulqin,Crna Gora,Mali i Zi\",\"potentialAction\":[{\"@type\":\"SearchAction\",\"target\":{\"@type\":\"EntryPoint\",\"urlTemplate\":\"https:\/\/www.visit-ulcinj.com\/blog\/?s={search_term_string}\"},\"query-input\":\"required name=search_term_string\"}],\"inLanguage\":\"en-US\"},{\"@type\":\"ImageObject\",\"inLanguage\":\"en-US\",\"@id\":\"https:\/\/www.visit-ulcinj.com\/blog\/2014\/01\/07\/nika-pikepamjet-serbo-malazeze-per-truallin\/#primaryimage\",\"url\":\"http:\/\/www.visit-ulcinj.com\/blog\/wp-content\/uploads\/2008\/09\/muhamet-nika_ulqin.jpg\",\"contentUrl\":\"http:\/\/www.visit-ulcinj.com\/blog\/wp-content\/uploads\/2008\/09\/muhamet-nika_ulqin.jpg\"},{\"@type\":\"WebPage\",\"@id\":\"https:\/\/www.visit-ulcinj.com\/blog\/2014\/01\/07\/nika-pikepamjet-serbo-malazeze-per-truallin\/#webpage\",\"url\":\"https:\/\/www.visit-ulcinj.com\/blog\/2014\/01\/07\/nika-pikepamjet-serbo-malazeze-per-truallin\/\",\"name\":\"Nika: Pik\u00ebpamjet serbo malazeze p\u00ebr truallin?! - Lajme nga Ulqini\",\"isPartOf\":{\"@id\":\"https:\/\/www.visit-ulcinj.com\/blog\/#website\"},\"primaryImageOfPage\":{\"@id\":\"https:\/\/www.visit-ulcinj.com\/blog\/2014\/01\/07\/nika-pikepamjet-serbo-malazeze-per-truallin\/#primaryimage\"},\"datePublished\":\"2014-01-07T10:03:26+00:00\",\"dateModified\":\"2014-01-07T17:33:19+00:00\",\"author\":{\"@id\":\"https:\/\/www.visit-ulcinj.com\/blog\/#\/schema\/person\/dcab619c614d3038751c63bc2aadc06d\"},\"description\":\"Shkruan:Muhamet Nika Politika serbe e arsyetonte luften ndaj shqiptar\u00ebve , duke pohuar se\u00a0 shqiptar\u00ebt nuk e kan\u00eb t\u00eb huaj\u00a0 teorin\u00eb e prishjes s\u00eb gjakut-\",\"breadcrumb\":{\"@id\":\"https:\/\/www.visit-ulcinj.com\/blog\/2014\/01\/07\/nika-pikepamjet-serbo-malazeze-per-truallin\/#breadcrumb\"},\"inLanguage\":\"en-US\",\"potentialAction\":[{\"@type\":\"ReadAction\",\"target\":[\"https:\/\/www.visit-ulcinj.com\/blog\/2014\/01\/07\/nika-pikepamjet-serbo-malazeze-per-truallin\/\"]}]},{\"@type\":\"BreadcrumbList\",\"@id\":\"https:\/\/www.visit-ulcinj.com\/blog\/2014\/01\/07\/nika-pikepamjet-serbo-malazeze-per-truallin\/#breadcrumb\",\"itemListElement\":[{\"@type\":\"ListItem\",\"position\":1,\"name\":\"Nika: Pik\u00ebpamjet serbo malazeze p\u00ebr truallin?!\"}]},{\"@type\":\"Person\",\"@id\":\"https:\/\/www.visit-ulcinj.com\/blog\/#\/schema\/person\/dcab619c614d3038751c63bc2aadc06d\",\"name\":\"ulqini\",\"sameAs\":[\"http:\/\/www.visit-ulcinj.com\"],\"url\":\"https:\/\/www.visit-ulcinj.com\/blog\/author\/admin\/\"}]}<\/script>\n<!-- \/ Yoast SEO plugin. -->","yoast_head_json":{"title":"Nika: Pik\u00ebpamjet serbo malazeze p\u00ebr truallin?! - Lajme nga Ulqini","description":"Shkruan:Muhamet Nika Politika serbe e arsyetonte luften ndaj shqiptar\u00ebve , duke pohuar se\u00a0 shqiptar\u00ebt nuk e kan\u00eb t\u00eb huaj\u00a0 teorin\u00eb e prishjes s\u00eb gjakut-","robots":{"index":"index","follow":"follow","max-snippet":"max-snippet:-1","max-image-preview":"max-image-preview:large","max-video-preview":"max-video-preview:-1"},"canonical":"https:\/\/www.visit-ulcinj.com\/blog\/2014\/01\/07\/nika-pikepamjet-serbo-malazeze-per-truallin\/","og_locale":"en_US","og_type":"article","og_title":"Nika: Pik\u00ebpamjet serbo malazeze p\u00ebr truallin?! - Lajme nga Ulqini","og_description":"Shkruan:Muhamet Nika Politika serbe e arsyetonte luften ndaj shqiptar\u00ebve , duke pohuar se\u00a0 shqiptar\u00ebt nuk e kan\u00eb t\u00eb huaj\u00a0 teorin\u00eb e prishjes s\u00eb gjakut-","og_url":"https:\/\/www.visit-ulcinj.com\/blog\/2014\/01\/07\/nika-pikepamjet-serbo-malazeze-per-truallin\/","og_site_name":"Lajme nga Ulqini","article_published_time":"2014-01-07T10:03:26+00:00","article_modified_time":"2014-01-07T17:33:19+00:00","og_image":[{"url":"http:\/\/www.visit-ulcinj.com\/blog\/wp-content\/uploads\/2008\/09\/muhamet-nika_ulqin.jpg"}],"twitter_misc":{"Written by":"ulqini","Est. reading time":"6 minutes"},"schema":{"@context":"https:\/\/schema.org","@graph":[{"@type":"WebSite","@id":"https:\/\/www.visit-ulcinj.com\/blog\/#website","url":"https:\/\/www.visit-ulcinj.com\/blog\/","name":"Lajme nga Ulqini","description":"Lajme,Vijesti,Ulqini,Ulqin,Crna Gora,Mali i Zi","potentialAction":[{"@type":"SearchAction","target":{"@type":"EntryPoint","urlTemplate":"https:\/\/www.visit-ulcinj.com\/blog\/?s={search_term_string}"},"query-input":"required name=search_term_string"}],"inLanguage":"en-US"},{"@type":"ImageObject","inLanguage":"en-US","@id":"https:\/\/www.visit-ulcinj.com\/blog\/2014\/01\/07\/nika-pikepamjet-serbo-malazeze-per-truallin\/#primaryimage","url":"http:\/\/www.visit-ulcinj.com\/blog\/wp-content\/uploads\/2008\/09\/muhamet-nika_ulqin.jpg","contentUrl":"http:\/\/www.visit-ulcinj.com\/blog\/wp-content\/uploads\/2008\/09\/muhamet-nika_ulqin.jpg"},{"@type":"WebPage","@id":"https:\/\/www.visit-ulcinj.com\/blog\/2014\/01\/07\/nika-pikepamjet-serbo-malazeze-per-truallin\/#webpage","url":"https:\/\/www.visit-ulcinj.com\/blog\/2014\/01\/07\/nika-pikepamjet-serbo-malazeze-per-truallin\/","name":"Nika: Pik\u00ebpamjet serbo malazeze p\u00ebr truallin?! - Lajme nga Ulqini","isPartOf":{"@id":"https:\/\/www.visit-ulcinj.com\/blog\/#website"},"primaryImageOfPage":{"@id":"https:\/\/www.visit-ulcinj.com\/blog\/2014\/01\/07\/nika-pikepamjet-serbo-malazeze-per-truallin\/#primaryimage"},"datePublished":"2014-01-07T10:03:26+00:00","dateModified":"2014-01-07T17:33:19+00:00","author":{"@id":"https:\/\/www.visit-ulcinj.com\/blog\/#\/schema\/person\/dcab619c614d3038751c63bc2aadc06d"},"description":"Shkruan:Muhamet Nika Politika serbe e arsyetonte luften ndaj shqiptar\u00ebve , duke pohuar se\u00a0 shqiptar\u00ebt nuk e kan\u00eb t\u00eb huaj\u00a0 teorin\u00eb e prishjes s\u00eb gjakut-","breadcrumb":{"@id":"https:\/\/www.visit-ulcinj.com\/blog\/2014\/01\/07\/nika-pikepamjet-serbo-malazeze-per-truallin\/#breadcrumb"},"inLanguage":"en-US","potentialAction":[{"@type":"ReadAction","target":["https:\/\/www.visit-ulcinj.com\/blog\/2014\/01\/07\/nika-pikepamjet-serbo-malazeze-per-truallin\/"]}]},{"@type":"BreadcrumbList","@id":"https:\/\/www.visit-ulcinj.com\/blog\/2014\/01\/07\/nika-pikepamjet-serbo-malazeze-per-truallin\/#breadcrumb","itemListElement":[{"@type":"ListItem","position":1,"name":"Nika: Pik\u00ebpamjet serbo malazeze p\u00ebr truallin?!"}]},{"@type":"Person","@id":"https:\/\/www.visit-ulcinj.com\/blog\/#\/schema\/person\/dcab619c614d3038751c63bc2aadc06d","name":"ulqini","sameAs":["http:\/\/www.visit-ulcinj.com"],"url":"https:\/\/www.visit-ulcinj.com\/blog\/author\/admin\/"}]}},"jetpack_featured_media_url":"","jetpack_sharing_enabled":true,"jetpack_shortlink":"https:\/\/wp.me\/pe6lTn-kgN","_links":{"self":[{"href":"https:\/\/www.visit-ulcinj.com\/blog\/wp-json\/wp\/v2\/posts\/77921"}],"collection":[{"href":"https:\/\/www.visit-ulcinj.com\/blog\/wp-json\/wp\/v2\/posts"}],"about":[{"href":"https:\/\/www.visit-ulcinj.com\/blog\/wp-json\/wp\/v2\/types\/post"}],"author":[{"embeddable":true,"href":"https:\/\/www.visit-ulcinj.com\/blog\/wp-json\/wp\/v2\/users\/1"}],"replies":[{"embeddable":true,"href":"https:\/\/www.visit-ulcinj.com\/blog\/wp-json\/wp\/v2\/comments?post=77921"}],"version-history":[{"count":2,"href":"https:\/\/www.visit-ulcinj.com\/blog\/wp-json\/wp\/v2\/posts\/77921\/revisions"}],"predecessor-version":[{"id":77942,"href":"https:\/\/www.visit-ulcinj.com\/blog\/wp-json\/wp\/v2\/posts\/77921\/revisions\/77942"}],"wp:attachment":[{"href":"https:\/\/www.visit-ulcinj.com\/blog\/wp-json\/wp\/v2\/media?parent=77921"}],"wp:term":[{"taxonomy":"category","embeddable":true,"href":"https:\/\/www.visit-ulcinj.com\/blog\/wp-json\/wp\/v2\/categories?post=77921"},{"taxonomy":"post_tag","embeddable":true,"href":"https:\/\/www.visit-ulcinj.com\/blog\/wp-json\/wp\/v2\/tags?post=77921"}],"curies":[{"name":"wp","href":"https:\/\/api.w.org\/{rel}","templated":true}]}}