{"id":77923,"date":"2014-01-07T11:37:30","date_gmt":"2014-01-07T10:37:30","guid":{"rendered":"http:\/\/www.visit-ulcinj.com\/blog\/?p=77923"},"modified":"2014-01-10T18:33:24","modified_gmt":"2014-01-10T17:33:24","slug":"te-merret-politike-antigona-kotorri-video","status":"publish","type":"post","link":"https:\/\/www.visit-ulcinj.com\/blog\/2014\/01\/07\/te-merret-politike-antigona-kotorri-video\/","title":{"rendered":"A do t\u00eb merret me politik\u00eb Antigona Kotorri ? &#8211; Video"},"content":{"rendered":"<p><a href=\"http:\/\/www.visit-ulcinj.com\/blog\/wp-content\/uploads\/2014\/01\/Antigona-Kotorri.jpg\"><img loading=\"lazy\" class=\"alignleft  wp-image-77925\" alt=\"Antigona Kotorri\" src=\"http:\/\/www.visit-ulcinj.com\/blog\/wp-content\/uploads\/2014\/01\/Antigona-Kotorri.jpg\" width=\"508\" height=\"360\" \/><\/a>Antigona Kotorri nuk \u00ebsht\u00eb nj\u00eb em\u00ebr i panjohur p\u00ebr bot\u00ebn mediale. Gjithmon\u00eb duke punuar n\u00eb prapasken\u00eb ajo deri me tani \u00ebsht\u00eb autore e disa emisioneve jo vet\u00ebm n\u00eb televizionin q\u00eb ajo e menaxhon \u201c1st Channel\u201d por edhe n\u00eb televizione t\u00eb tjera. N\u00eb k\u00ebt\u00eb intervist\u00eb p\u00ebr Express, Antigona flet p\u00ebr ecjen e televizionit t\u00eb saj por edhe p\u00ebr jet\u00ebn private. Ajo po ashtu flet edhe p\u00ebr fatin e televizionit t\u00eb saj n\u00ebse ortaku i saj Valon Maloku, apo ValaMala do t\u00eb merret me politik\u00eb.<\/p>\n<p><strong>Express: Kush \u00ebsht\u00eb Antigona Kotorri?<\/strong><\/p>\n<p><strong>Antigona:<\/strong> E lindur n\u00eb Mitrovic\u00eb, me prejardhje nga fshati Kotorr n\u00eb Drenic\u00eb. Prej mosh\u00ebs 1 vje\u00e7are rritur n\u00eb Mal t\u00eb Zi, shkolluar n\u00eb Ulqin dhe n\u00eb Itali. Aktualisht e martuar n\u00eb martes\u00ebn e dyt\u00eb nga e cila e kam nj\u00eb vajz\u00eb 13 vje\u00e7are. Dy djemt\u00eb i kam nga martesa e par\u00eb 25 dhe 22 vje\u00e7ar. Nga 2002 banoree rregullt e Kosov\u00ebs. Ngaq\u00eb n\u00ebna ime ishte ulqinake dhe babai nga Mitrovica, un\u00eb jam rritur dhe jam kultivuar n\u00eb t\u00eb dyja kulturat nj\u00ebkoh\u00ebsisht dhe gjithmon\u00eb edhe si f\u00ebmij\u00eb por edhe sot jam ndier m\u00eb s\u00eb miri rrug\u00ebs duke u kthyer prej Ulqinit dhe rrug\u00ebs duke shkuar n\u00eb Prishtin\u00eb dhe anasjelltas.<\/p>\n<p><strong>Express: P\u00ebr momentin jeni drejtore menaxhuese e televizionit 1st Channel. Si po ec\u00ebn televizioni?<\/strong><\/p>\n<p><strong>Antigona:<\/strong> Televizioni 1st Channel po ec\u00ebn me hapa t\u00eb vegj\u00ebl por t\u00eb sigurt drejt nj\u00eb televizioni popullor dhe q\u00eb i p\u00ebrket t\u00eb gjith\u00eb shtresave t\u00eb shikuesve. Duke marr\u00eb parasysh kriz\u00ebn ekonomike, politike dhe mediale n\u00eb Kosov\u00eb. Shpreh k\u00ebnaq\u00ebsin\u00eb time q\u00eb akoma do t\u00eb vazhdojm\u00eb t\u00eb konkurrojm\u00eb n\u00eb treg me programet tona t\u00eb vogla por atraktive.<\/p>\n<p><strong>Express: P\u00ebrpara gjithmon\u00eb keni qen\u00eb si producente. Tani producente dhe drejtoresh\u00eb n\u00eb nj\u00eb televizion?<\/strong><\/p>\n<p><strong>Antigona:<\/strong> Kam qen\u00eb producente n\u00eb k\u00ebt\u00eb cil\u00ebsi p\u00ebr her\u00eb t\u00eb par\u00eb n\u00eb emisionin &#8220;P\u00ebrrall\u00eb me tupan&#8221; i cili faktikisht e ka b\u00ebr\u00eb t\u00eb njohur emrin tim, mir\u00ebpo pun\u00ebt e mia n\u00eb backstage n\u00eb televizion kan\u00eb filluar shum\u00eb m\u00eb her\u00ebt si organizatore, koordinatore, makeup artist etj. Prej vitit 1997 si n\u00eb Mal t\u00eb Zi, Kosov\u00eb edhe Shqip\u00ebri. Tani p\u00ebr tani jam producente e shumic\u00ebs s\u00eb emisioneve n\u00eb 1st Channel dhe me k\u00ebnaq\u00ebsi e b\u00ebj k\u00ebt\u00eb pun\u00eb.<\/p>\n<p><strong>Express: The qe je nga Ulqini, por veproni n\u00eb Kosov\u00ebe dhe nuk jeni drejtoresha e vetme e nj\u00eb televizioni, pasi q\u00eb edhe dy femra jan\u00eb drejtore menaxhuese t\u00eb dy televizioneve komb\u00ebtare. A keni komunikim me Af\u00ebrditen dhe Flaken?<\/strong><\/p>\n<p><strong>Antigona:<\/strong> \u00cbsht\u00eb k\u00ebnaq\u00ebsi shum\u00eb e madhe p\u00ebr mu qe jam drejtuese e nj\u00eb mediumi, e k\u00ebnaq\u00ebsia \u00ebsht\u00eb edhe m\u00eb e madhe q\u00eb n\u00eb Kosov\u00eb shumic\u00ebn e medieve i drejtojn\u00eb grat\u00eb. Af\u00ebrdit\u00ebn dhe Flak\u00ebn i kam pasur drejtoresha, kam nj\u00eb respekt t\u00eb ve\u00e7ant\u00eb p\u00ebr t\u00eb dyja, edhe pse tash komunikimet e mir\u00ebfillta mungojn\u00eb, momentalisht.<\/p>\n<p><strong>Express: Kjo puna n\u00eb televizion a ju len koh\u00eb p\u00ebr jet\u00ebn private?<\/strong><\/p>\n<p><strong>Antigona:<\/strong> Puna e televizionit nuk \u00ebsht\u00eb pun\u00eb, \u00ebsht\u00eb pasion dhe privat\u00ebsia ime \u00ebsht\u00eb vet televizioni. Nuk kam asgj\u00eb m\u00eb private sesa vet 1st Channel.<\/p>\n<p><strong>Express: Sa ju del koh\u00eb p\u00ebr f\u00ebmij\u00ebt? <\/strong><\/p>\n<p><strong>Antigona:<\/strong> F\u00ebmij\u00ebt e mi tashm\u00eb jan\u00eb t\u00eb rritur. Ylli \u00ebsht\u00eb student i aktrimit, Shk\u00eblqimi ka mbaruar inxhinierin\u00eb e z\u00ebrit n\u00eb SAE Institut, kurse Inis ka 13 vjet dhe po b\u00ebhet nj\u00eb vajz\u00eb me pasionet e sho\u00ebbizitm po ashtu. Me t\u00eb m\u00eb shum\u00eb merret babai i saj, i cili po ashtu \u00ebsht\u00eb krah i fort\u00eb p\u00ebr mua n\u00eb \u00e7do hap t\u00eb jet\u00ebs. Jam prej atyre prind\u00ebrve q\u00eb mendoj q\u00eb f\u00ebmij\u00ebve ton\u00eb nuk i duhet koha jon\u00eb n\u00eb infinit, besoj dhe shpresoj q\u00eb atyre q\u00eb atyre iu duhet koha jon\u00eb kualitative.<\/p>\n<p><strong>Express: Cili qytet ju p\u00eblqen m\u00eb s\u00eb shumti?<\/strong><\/p>\n<p><strong>Antigona: <\/strong>Prishtina \u00ebsht\u00eb jeta ime, kurse gjith\u00eb jet\u00ebn time ja dedikoj Ulqinit. Kurse prej t\u00eb gjitha qyteteve q\u00eb kam vizituar deri m\u00eb sot, vet\u00ebm n\u00eb Zurichu. Ndjehesh n\u00eb t\u00eb si n\u00eb nj\u00eb qytet shqiptar.<\/p>\n<p><strong>Express: A merreni me ndonj\u00eb sport, n\u00ebse po cili \u00ebsht\u00eb ai?<\/strong><\/p>\n<p><strong>Antigona:<\/strong> Kurr\u00eb n\u00eb jet\u00eb nuk jam marr\u00eb me asnj\u00eb sport, p\u00ebrve\u00e7 n\u00ebse e quajm\u00ebsport amvis\u00ebrin\u00eb. Pun\u00ebt e sht\u00ebpis\u00eb i kryej vet dhe m\u00eb p\u00eblqejn\u00eb shum\u00eb.<\/p>\n<p><a href=\"http:\/\/www.visit-ulcinj.com\/blog\/wp-content\/uploads\/2014\/01\/Valon_Maloku_dhe_Antigona_Kotorri.jpg\"><img loading=\"lazy\" class=\"alignleft  wp-image-77926\" alt=\"Valon_Maloku_dhe_Antigona_Kotorri\" src=\"http:\/\/www.visit-ulcinj.com\/blog\/wp-content\/uploads\/2014\/01\/Valon_Maloku_dhe_Antigona_Kotorri.jpg\" width=\"508\" height=\"360\" \/><\/a><\/p>\n<p><strong>Express: Pasi q\u00eb Valon Maloku ka vendosur t\u00eb merret me politik\u00eb ka do t\u00eb shkoj\u00eb 1st Channel, apo edhe ju do t\u00eb ky\u00e7eni n\u00eb politik\u00eb dhe do t\u00eb ikni nga media?<\/strong><\/p>\n<p><strong>Antigona:<\/strong> Valon Maloku \u00ebsht\u00eb ortaku im p\u00ebr gati 10 vite. N\u00eb fakt ai me politik\u00eb \u00ebsht\u00eb marr\u00eb gjithmon\u00eb n\u00eb k\u00ebt\u00eb apo at\u00eb m\u00ebnyr\u00eb. N\u00ebse ai do t\u00eb pozicionohet n\u00eb ndonj\u00eb subjekt politik 1st Channel do t\u00eb mbetet gjithmon\u00eb i pavarur dhe popullor me ose pa Valonin. N\u00eb televizionin ton\u00eb ka njer\u00ebz t\u00eb partive t\u00eb ndryshme dhe bindjeve t\u00eb ndryshme politike por kjo nuk ndryshon aspak politik\u00ebn ton\u00eb redaktoriale sepse redaktori kryesor n\u00eb First Channel \u00ebsht\u00eb vet shikuesi. \u00c7do mandat zgjat 4 vite kurse 1st Channel sapo i ka mbushur2 vite t\u00eb plota. Mendoj t\u00eb mbesim n\u00eb k\u00ebt\u00eb fush\u00eb p\u00ebr shum\u00eb m\u00eb gjat\u00eb sesa nj\u00eb mandat politik. Jam e bindur q\u00eb edhe Valoni do t\u00eb veproj\u00eb konform ligjeve t\u00eb shtetit t\u00eb Kosov\u00ebs dhe t\u00eb drejtave q\u00eb i ka si gazetar, si pronar dhe si individ dhe kjo nuk do t\u00eb pengoj\u00eb aspak pun\u00ebn time ose t\u00eb gazetar\u00ebve t\u00eb tjer\u00eb. P\u00ebrndryshe un\u00eb n\u00ebse ndonj\u00ebher\u00eb vendosi t\u00eb merrem me politik\u00eb do t\u00eb kthehem n\u00eb Ulqin, atje kan\u00eb m\u00eb tep\u00ebr nevoj\u00eb p\u00ebr mua.<\/p>\n<p><strong>Gazeta Express<\/strong><\/p>\n<!--YouTube Error: bad URL entered-->\n","protected":false},"excerpt":{"rendered":"<p>Antigona Kotorri nuk \u00ebsht\u00eb nj\u00eb em\u00ebr i panjohur p\u00ebr bot\u00ebn mediale. Gjithmon\u00eb duke punuar n\u00eb prapasken\u00eb ajo deri me tani \u00ebsht\u00eb autore e disa emisioneve jo vet\u00ebm n\u00eb televizionin q\u00eb ajo e menaxhon \u201c1st Channel\u201d por edhe n\u00eb televizione t\u00eb tjera. N\u00eb k\u00ebt\u00eb intervist\u00eb p\u00ebr Express, Antigona flet p\u00ebr ecjen e televizionit t\u00eb saj por [&hellip;]<\/p>\n","protected":false},"author":1,"featured_media":0,"comment_status":"closed","ping_status":"closed","sticky":false,"template":"","format":"standard","meta":{"spay_email":"","jetpack_publicize_message":"","jetpack_is_tweetstorm":false,"jetpack_publicize_feature_enabled":true},"categories":[5,4],"tags":[],"jetpack_publicize_connections":[],"yoast_head":"<!-- This site is optimized with the Yoast SEO plugin v19.1 - https:\/\/yoast.com\/wordpress\/plugins\/seo\/ -->\n<title>A do t\u00eb merret me politik\u00eb Antigona Kotorri ? - Video - Lajme nga Ulqini<\/title>\n<meta name=\"description\" content=\"Antigona Kotorri nuk \u00ebsht\u00eb nj\u00eb em\u00ebr i panjohur p\u00ebr bot\u00ebn mediale. Gjithmon\u00eb duke punuar n\u00eb prapasken\u00eb ajo deri me tani \u00ebsht\u00eb autore e disa emisioneve jo\" \/>\n<meta name=\"robots\" content=\"index, follow, max-snippet:-1, max-image-preview:large, max-video-preview:-1\" \/>\n<link rel=\"canonical\" href=\"https:\/\/www.visit-ulcinj.com\/blog\/2014\/01\/07\/te-merret-politike-antigona-kotorri-video\/\" \/>\n<meta property=\"og:locale\" content=\"en_US\" \/>\n<meta property=\"og:type\" content=\"article\" \/>\n<meta property=\"og:title\" content=\"A do t\u00eb merret me politik\u00eb Antigona Kotorri ? - Video - Lajme nga Ulqini\" \/>\n<meta property=\"og:description\" content=\"Antigona Kotorri nuk \u00ebsht\u00eb nj\u00eb em\u00ebr i panjohur p\u00ebr bot\u00ebn mediale. Gjithmon\u00eb duke punuar n\u00eb prapasken\u00eb ajo deri me tani \u00ebsht\u00eb autore e disa emisioneve jo\" \/>\n<meta property=\"og:url\" content=\"https:\/\/www.visit-ulcinj.com\/blog\/2014\/01\/07\/te-merret-politike-antigona-kotorri-video\/\" \/>\n<meta property=\"og:site_name\" content=\"Lajme nga Ulqini\" \/>\n<meta property=\"article:published_time\" content=\"2014-01-07T10:37:30+00:00\" \/>\n<meta property=\"article:modified_time\" content=\"2014-01-10T17:33:24+00:00\" \/>\n<meta property=\"og:image\" content=\"http:\/\/www.visit-ulcinj.com\/blog\/wp-content\/uploads\/2014\/01\/Antigona-Kotorri.jpg\" \/>\n<meta name=\"twitter:label1\" content=\"Written by\" \/>\n\t<meta name=\"twitter:data1\" content=\"ulqini\" \/>\n\t<meta name=\"twitter:label2\" content=\"Est. reading time\" \/>\n\t<meta name=\"twitter:data2\" content=\"5 minutes\" \/>\n<script type=\"application\/ld+json\" class=\"yoast-schema-graph\">{\"@context\":\"https:\/\/schema.org\",\"@graph\":[{\"@type\":\"WebSite\",\"@id\":\"https:\/\/www.visit-ulcinj.com\/blog\/#website\",\"url\":\"https:\/\/www.visit-ulcinj.com\/blog\/\",\"name\":\"Lajme nga Ulqini\",\"description\":\"Lajme,Vijesti,Ulqini,Ulqin,Crna Gora,Mali i Zi\",\"potentialAction\":[{\"@type\":\"SearchAction\",\"target\":{\"@type\":\"EntryPoint\",\"urlTemplate\":\"https:\/\/www.visit-ulcinj.com\/blog\/?s={search_term_string}\"},\"query-input\":\"required name=search_term_string\"}],\"inLanguage\":\"en-US\"},{\"@type\":\"ImageObject\",\"inLanguage\":\"en-US\",\"@id\":\"https:\/\/www.visit-ulcinj.com\/blog\/2014\/01\/07\/te-merret-politike-antigona-kotorri-video\/#primaryimage\",\"url\":\"http:\/\/www.visit-ulcinj.com\/blog\/wp-content\/uploads\/2014\/01\/Antigona-Kotorri.jpg\",\"contentUrl\":\"http:\/\/www.visit-ulcinj.com\/blog\/wp-content\/uploads\/2014\/01\/Antigona-Kotorri.jpg\"},{\"@type\":\"WebPage\",\"@id\":\"https:\/\/www.visit-ulcinj.com\/blog\/2014\/01\/07\/te-merret-politike-antigona-kotorri-video\/#webpage\",\"url\":\"https:\/\/www.visit-ulcinj.com\/blog\/2014\/01\/07\/te-merret-politike-antigona-kotorri-video\/\",\"name\":\"A do t\u00eb merret me politik\u00eb Antigona Kotorri ? - Video - Lajme nga Ulqini\",\"isPartOf\":{\"@id\":\"https:\/\/www.visit-ulcinj.com\/blog\/#website\"},\"primaryImageOfPage\":{\"@id\":\"https:\/\/www.visit-ulcinj.com\/blog\/2014\/01\/07\/te-merret-politike-antigona-kotorri-video\/#primaryimage\"},\"datePublished\":\"2014-01-07T10:37:30+00:00\",\"dateModified\":\"2014-01-10T17:33:24+00:00\",\"author\":{\"@id\":\"https:\/\/www.visit-ulcinj.com\/blog\/#\/schema\/person\/dcab619c614d3038751c63bc2aadc06d\"},\"description\":\"Antigona Kotorri nuk \u00ebsht\u00eb nj\u00eb em\u00ebr i panjohur p\u00ebr bot\u00ebn mediale. Gjithmon\u00eb duke punuar n\u00eb prapasken\u00eb ajo deri me tani \u00ebsht\u00eb autore e disa emisioneve jo\",\"breadcrumb\":{\"@id\":\"https:\/\/www.visit-ulcinj.com\/blog\/2014\/01\/07\/te-merret-politike-antigona-kotorri-video\/#breadcrumb\"},\"inLanguage\":\"en-US\",\"potentialAction\":[{\"@type\":\"ReadAction\",\"target\":[\"https:\/\/www.visit-ulcinj.com\/blog\/2014\/01\/07\/te-merret-politike-antigona-kotorri-video\/\"]}]},{\"@type\":\"BreadcrumbList\",\"@id\":\"https:\/\/www.visit-ulcinj.com\/blog\/2014\/01\/07\/te-merret-politike-antigona-kotorri-video\/#breadcrumb\",\"itemListElement\":[{\"@type\":\"ListItem\",\"position\":1,\"name\":\"A do t\u00eb merret me politik\u00eb Antigona Kotorri ? &#8211; Video\"}]},{\"@type\":\"Person\",\"@id\":\"https:\/\/www.visit-ulcinj.com\/blog\/#\/schema\/person\/dcab619c614d3038751c63bc2aadc06d\",\"name\":\"ulqini\",\"sameAs\":[\"http:\/\/www.visit-ulcinj.com\"],\"url\":\"https:\/\/www.visit-ulcinj.com\/blog\/author\/admin\/\"}]}<\/script>\n<!-- \/ Yoast SEO plugin. -->","yoast_head_json":{"title":"A do t\u00eb merret me politik\u00eb Antigona Kotorri ? - Video - Lajme nga Ulqini","description":"Antigona Kotorri nuk \u00ebsht\u00eb nj\u00eb em\u00ebr i panjohur p\u00ebr bot\u00ebn mediale. Gjithmon\u00eb duke punuar n\u00eb prapasken\u00eb ajo deri me tani \u00ebsht\u00eb autore e disa emisioneve jo","robots":{"index":"index","follow":"follow","max-snippet":"max-snippet:-1","max-image-preview":"max-image-preview:large","max-video-preview":"max-video-preview:-1"},"canonical":"https:\/\/www.visit-ulcinj.com\/blog\/2014\/01\/07\/te-merret-politike-antigona-kotorri-video\/","og_locale":"en_US","og_type":"article","og_title":"A do t\u00eb merret me politik\u00eb Antigona Kotorri ? - Video - Lajme nga Ulqini","og_description":"Antigona Kotorri nuk \u00ebsht\u00eb nj\u00eb em\u00ebr i panjohur p\u00ebr bot\u00ebn mediale. Gjithmon\u00eb duke punuar n\u00eb prapasken\u00eb ajo deri me tani \u00ebsht\u00eb autore e disa emisioneve jo","og_url":"https:\/\/www.visit-ulcinj.com\/blog\/2014\/01\/07\/te-merret-politike-antigona-kotorri-video\/","og_site_name":"Lajme nga Ulqini","article_published_time":"2014-01-07T10:37:30+00:00","article_modified_time":"2014-01-10T17:33:24+00:00","og_image":[{"url":"http:\/\/www.visit-ulcinj.com\/blog\/wp-content\/uploads\/2014\/01\/Antigona-Kotorri.jpg"}],"twitter_misc":{"Written by":"ulqini","Est. reading time":"5 minutes"},"schema":{"@context":"https:\/\/schema.org","@graph":[{"@type":"WebSite","@id":"https:\/\/www.visit-ulcinj.com\/blog\/#website","url":"https:\/\/www.visit-ulcinj.com\/blog\/","name":"Lajme nga Ulqini","description":"Lajme,Vijesti,Ulqini,Ulqin,Crna Gora,Mali i Zi","potentialAction":[{"@type":"SearchAction","target":{"@type":"EntryPoint","urlTemplate":"https:\/\/www.visit-ulcinj.com\/blog\/?s={search_term_string}"},"query-input":"required name=search_term_string"}],"inLanguage":"en-US"},{"@type":"ImageObject","inLanguage":"en-US","@id":"https:\/\/www.visit-ulcinj.com\/blog\/2014\/01\/07\/te-merret-politike-antigona-kotorri-video\/#primaryimage","url":"http:\/\/www.visit-ulcinj.com\/blog\/wp-content\/uploads\/2014\/01\/Antigona-Kotorri.jpg","contentUrl":"http:\/\/www.visit-ulcinj.com\/blog\/wp-content\/uploads\/2014\/01\/Antigona-Kotorri.jpg"},{"@type":"WebPage","@id":"https:\/\/www.visit-ulcinj.com\/blog\/2014\/01\/07\/te-merret-politike-antigona-kotorri-video\/#webpage","url":"https:\/\/www.visit-ulcinj.com\/blog\/2014\/01\/07\/te-merret-politike-antigona-kotorri-video\/","name":"A do t\u00eb merret me politik\u00eb Antigona Kotorri ? - Video - Lajme nga Ulqini","isPartOf":{"@id":"https:\/\/www.visit-ulcinj.com\/blog\/#website"},"primaryImageOfPage":{"@id":"https:\/\/www.visit-ulcinj.com\/blog\/2014\/01\/07\/te-merret-politike-antigona-kotorri-video\/#primaryimage"},"datePublished":"2014-01-07T10:37:30+00:00","dateModified":"2014-01-10T17:33:24+00:00","author":{"@id":"https:\/\/www.visit-ulcinj.com\/blog\/#\/schema\/person\/dcab619c614d3038751c63bc2aadc06d"},"description":"Antigona Kotorri nuk \u00ebsht\u00eb nj\u00eb em\u00ebr i panjohur p\u00ebr bot\u00ebn mediale. Gjithmon\u00eb duke punuar n\u00eb prapasken\u00eb ajo deri me tani \u00ebsht\u00eb autore e disa emisioneve jo","breadcrumb":{"@id":"https:\/\/www.visit-ulcinj.com\/blog\/2014\/01\/07\/te-merret-politike-antigona-kotorri-video\/#breadcrumb"},"inLanguage":"en-US","potentialAction":[{"@type":"ReadAction","target":["https:\/\/www.visit-ulcinj.com\/blog\/2014\/01\/07\/te-merret-politike-antigona-kotorri-video\/"]}]},{"@type":"BreadcrumbList","@id":"https:\/\/www.visit-ulcinj.com\/blog\/2014\/01\/07\/te-merret-politike-antigona-kotorri-video\/#breadcrumb","itemListElement":[{"@type":"ListItem","position":1,"name":"A do t\u00eb merret me politik\u00eb Antigona Kotorri ? &#8211; Video"}]},{"@type":"Person","@id":"https:\/\/www.visit-ulcinj.com\/blog\/#\/schema\/person\/dcab619c614d3038751c63bc2aadc06d","name":"ulqini","sameAs":["http:\/\/www.visit-ulcinj.com"],"url":"https:\/\/www.visit-ulcinj.com\/blog\/author\/admin\/"}]}},"jetpack_featured_media_url":"","jetpack_sharing_enabled":true,"jetpack_shortlink":"https:\/\/wp.me\/pe6lTn-kgP","_links":{"self":[{"href":"https:\/\/www.visit-ulcinj.com\/blog\/wp-json\/wp\/v2\/posts\/77923"}],"collection":[{"href":"https:\/\/www.visit-ulcinj.com\/blog\/wp-json\/wp\/v2\/posts"}],"about":[{"href":"https:\/\/www.visit-ulcinj.com\/blog\/wp-json\/wp\/v2\/types\/post"}],"author":[{"embeddable":true,"href":"https:\/\/www.visit-ulcinj.com\/blog\/wp-json\/wp\/v2\/users\/1"}],"replies":[{"embeddable":true,"href":"https:\/\/www.visit-ulcinj.com\/blog\/wp-json\/wp\/v2\/comments?post=77923"}],"version-history":[{"count":1,"href":"https:\/\/www.visit-ulcinj.com\/blog\/wp-json\/wp\/v2\/posts\/77923\/revisions"}],"predecessor-version":[{"id":77927,"href":"https:\/\/www.visit-ulcinj.com\/blog\/wp-json\/wp\/v2\/posts\/77923\/revisions\/77927"}],"wp:attachment":[{"href":"https:\/\/www.visit-ulcinj.com\/blog\/wp-json\/wp\/v2\/media?parent=77923"}],"wp:term":[{"taxonomy":"category","embeddable":true,"href":"https:\/\/www.visit-ulcinj.com\/blog\/wp-json\/wp\/v2\/categories?post=77923"},{"taxonomy":"post_tag","embeddable":true,"href":"https:\/\/www.visit-ulcinj.com\/blog\/wp-json\/wp\/v2\/tags?post=77923"}],"curies":[{"name":"wp","href":"https:\/\/api.w.org\/{rel}","templated":true}]}}