{"id":77929,"date":"2014-01-07T12:01:19","date_gmt":"2014-01-07T11:01:19","guid":{"rendered":"http:\/\/www.visit-ulcinj.com\/blog\/?p=77929"},"modified":"2014-01-07T12:01:19","modified_gmt":"2014-01-07T11:01:19","slug":"sinishtaj-dhe-camaj-plani-ri-per-tuzin-papranueshem","status":"publish","type":"post","link":"https:\/\/www.visit-ulcinj.com\/blog\/2014\/01\/07\/sinishtaj-dhe-camaj-plani-ri-per-tuzin-papranueshem\/","title":{"rendered":"Sinishtaj dhe Camaj: Plani i ri per Tuzin i papranuesh\u00ebm"},"content":{"rendered":"<p><a href=\"http:\/\/www.visit-ulcinj.com\/blog\/wp-content\/uploads\/2014\/01\/camaj_sinishtaj.jpg\"><img loading=\"lazy\" class=\"alignleft size-full wp-image-77930\" alt=\"camaj_sinishtaj\" src=\"http:\/\/www.visit-ulcinj.com\/blog\/wp-content\/uploads\/2014\/01\/camaj_sinishtaj.jpg\" width=\"342\" height=\"360\" srcset=\"https:\/\/www.visit-ulcinj.com\/blog\/wp-content\/uploads\/2014\/01\/camaj_sinishtaj.jpg 342w, https:\/\/www.visit-ulcinj.com\/blog\/wp-content\/uploads\/2014\/01\/camaj_sinishtaj-285x300.jpg 285w\" sizes=\"(max-width: 342px) 100vw, 342px\" \/><\/a>Nikoll\u00eb Camaj (Ldn\u00ebMZ) n\u00eb lidhje me planin e ri p\u00ebr Komun\u00ebn e Tuzit, i cili parasheh q\u00eb territori i Mal\u00ebsis\u00eb t\u00eb fitoj statusin e Komun\u00ebs n\u00ebn ombrell\u00ebn e Podgoric\u00ebs, u shpreh se \u00ebsht\u00eb e papranueshme dhe se nuk do t\u00eb pranojn\u00eb eksperimente.<\/p>\n<p>Camaj tha se ky lloj organizimi nuk mund t\u00eb gjendet askund n\u00eb rajon dhe se \u00ebsht\u00eb koha q\u00eb dikush seriozisht t\u00eb merret me k\u00ebt\u00eb \u00e7\u00ebshtje e jo t\u00eb vazhdohet me eksperimente.<\/p>\n<p>Ai p\u00ebrkujtoi se n\u00eb Mal t\u00eb Zi ekziston pushteti n\u00eb dy nivele, prandaj \u00ebsht\u00eb e papranueshme q\u00eb Mal\u00ebsia t\u00eb ket\u00eb nd\u00ebrmjet\u00ebsues apo tutor, q\u00eb sipas atij plani parasheh q\u00eb Kryebashkiaku i Podgoric\u00ebs t\u00eb ket\u00eb fjal\u00ebn e fundit n\u00eb situata t\u00eb caktuara dhe se nuk \u00ebsht\u00eb e pranueshme asgj\u00eb m\u00eb pak se vet\u00ebqeverisje e plot\u00eb, ashtu si t\u00eb gjitha komunat tjera n\u00eb Mal t\u00eb Zi, tha Camaj.<\/p>\n<p>Vasel Sinishtaj, kryetar i Iniciativ\u00ebs Qytetare \u2013 Tuz, sqaroi se e drejta e qytetar\u00ebve t\u00eb Mal\u00ebsis\u00eb nuk mund t\u00eb arrihet p\u00ebrmes Ligjit p\u00ebr Kryeqytetit duke theksuar se komunat urbane ishin d\u00ebshtime politike.<\/p>\n<p>Sinishtaj rikujtoi se me 31 janar kur ishte takuar me p\u00ebrfaq\u00ebsuesit e qeveris\u00eb, n\u00eb lidhje me mb\u00ebshtetjen e mundshme t\u00eb kandidatit presidencial, p\u00ebr Komun\u00ebn e Tuzit dhe kufijt\u00eb e saj administrativ kishte k\u00ebrkuar vendime ligjore e jo politike.<\/p>\n<p>Ai tha se projektligjin n\u00eb fjal\u00eb nuk e ka par\u00eb dhe se nuk do t\u00eb p\u00ebrgjigjet thirrjeve p\u00ebr bisedime deri sa t\u00eb marrin dokumentin.<\/p>\n<p>Sinishtaj m\u00eb her\u00ebt disa her\u00eb kishte deklaruar se n\u00eb rast se Mal\u00ebsia nuk fiton komun\u00ebn e plot\u00eb deri n\u00eb zgjedhjet e ardhshme lokale, do t\u00eb i bojkotojn\u00eb ato zgjedhje. \/MALESIA.ORG\/<\/p>\n","protected":false},"excerpt":{"rendered":"<p>Nikoll\u00eb Camaj (Ldn\u00ebMZ) n\u00eb lidhje me planin e ri p\u00ebr Komun\u00ebn e Tuzit, i cili parasheh q\u00eb territori i Mal\u00ebsis\u00eb t\u00eb fitoj statusin e Komun\u00ebs n\u00ebn ombrell\u00ebn e Podgoric\u00ebs, u shpreh se \u00ebsht\u00eb e papranueshme dhe se nuk do t\u00eb pranojn\u00eb eksperimente. Camaj tha se ky lloj organizimi nuk mund t\u00eb gjendet askund n\u00eb rajon [&hellip;]<\/p>\n","protected":false},"author":1,"featured_media":0,"comment_status":"closed","ping_status":"closed","sticky":false,"template":"","format":"standard","meta":{"spay_email":"","jetpack_publicize_message":"","jetpack_is_tweetstorm":false,"jetpack_publicize_feature_enabled":true},"categories":[14],"tags":[],"jetpack_publicize_connections":[],"yoast_head":"<!-- This site is optimized with the Yoast SEO plugin v19.1 - https:\/\/yoast.com\/wordpress\/plugins\/seo\/ -->\n<title>Sinishtaj dhe Camaj: Plani i ri per Tuzin i papranuesh\u00ebm - Lajme nga Ulqini<\/title>\n<meta name=\"description\" content=\"Nikoll\u00eb Camaj (Ldn\u00ebMZ) n\u00eb lidhje me planin e ri p\u00ebr Komun\u00ebn e Tuzit, i cili parasheh q\u00eb territori i Mal\u00ebsis\u00eb t\u00eb fitoj statusin e Komun\u00ebs n\u00ebn ombrell\u00ebn e\" \/>\n<meta name=\"robots\" content=\"index, follow, max-snippet:-1, max-image-preview:large, max-video-preview:-1\" \/>\n<link rel=\"canonical\" href=\"https:\/\/www.visit-ulcinj.com\/blog\/2014\/01\/07\/sinishtaj-dhe-camaj-plani-ri-per-tuzin-papranueshem\/\" \/>\n<meta property=\"og:locale\" content=\"en_US\" \/>\n<meta property=\"og:type\" content=\"article\" \/>\n<meta property=\"og:title\" content=\"Sinishtaj dhe Camaj: Plani i ri per Tuzin i papranuesh\u00ebm - Lajme nga Ulqini\" \/>\n<meta property=\"og:description\" content=\"Nikoll\u00eb Camaj (Ldn\u00ebMZ) n\u00eb lidhje me planin e ri p\u00ebr Komun\u00ebn e Tuzit, i cili parasheh q\u00eb territori i Mal\u00ebsis\u00eb t\u00eb fitoj statusin e Komun\u00ebs n\u00ebn ombrell\u00ebn e\" \/>\n<meta property=\"og:url\" content=\"https:\/\/www.visit-ulcinj.com\/blog\/2014\/01\/07\/sinishtaj-dhe-camaj-plani-ri-per-tuzin-papranueshem\/\" \/>\n<meta property=\"og:site_name\" content=\"Lajme nga Ulqini\" \/>\n<meta property=\"article:published_time\" content=\"2014-01-07T11:01:19+00:00\" \/>\n<meta property=\"og:image\" content=\"http:\/\/www.visit-ulcinj.com\/blog\/wp-content\/uploads\/2014\/01\/camaj_sinishtaj.jpg\" \/>\n<meta name=\"twitter:label1\" content=\"Written by\" \/>\n\t<meta name=\"twitter:data1\" content=\"ulqini\" \/>\n\t<meta name=\"twitter:label2\" content=\"Est. reading time\" \/>\n\t<meta name=\"twitter:data2\" content=\"1 minute\" \/>\n<script type=\"application\/ld+json\" class=\"yoast-schema-graph\">{\"@context\":\"https:\/\/schema.org\",\"@graph\":[{\"@type\":\"WebSite\",\"@id\":\"https:\/\/www.visit-ulcinj.com\/blog\/#website\",\"url\":\"https:\/\/www.visit-ulcinj.com\/blog\/\",\"name\":\"Lajme nga Ulqini\",\"description\":\"Lajme,Vijesti,Ulqini,Ulqin,Crna Gora,Mali i Zi\",\"potentialAction\":[{\"@type\":\"SearchAction\",\"target\":{\"@type\":\"EntryPoint\",\"urlTemplate\":\"https:\/\/www.visit-ulcinj.com\/blog\/?s={search_term_string}\"},\"query-input\":\"required name=search_term_string\"}],\"inLanguage\":\"en-US\"},{\"@type\":\"ImageObject\",\"inLanguage\":\"en-US\",\"@id\":\"https:\/\/www.visit-ulcinj.com\/blog\/2014\/01\/07\/sinishtaj-dhe-camaj-plani-ri-per-tuzin-papranueshem\/#primaryimage\",\"url\":\"https:\/\/www.visit-ulcinj.com\/blog\/wp-content\/uploads\/2014\/01\/camaj_sinishtaj.jpg\",\"contentUrl\":\"https:\/\/www.visit-ulcinj.com\/blog\/wp-content\/uploads\/2014\/01\/camaj_sinishtaj.jpg\",\"width\":342,\"height\":360},{\"@type\":\"WebPage\",\"@id\":\"https:\/\/www.visit-ulcinj.com\/blog\/2014\/01\/07\/sinishtaj-dhe-camaj-plani-ri-per-tuzin-papranueshem\/#webpage\",\"url\":\"https:\/\/www.visit-ulcinj.com\/blog\/2014\/01\/07\/sinishtaj-dhe-camaj-plani-ri-per-tuzin-papranueshem\/\",\"name\":\"Sinishtaj dhe Camaj: Plani i ri per Tuzin i papranuesh\u00ebm - Lajme nga Ulqini\",\"isPartOf\":{\"@id\":\"https:\/\/www.visit-ulcinj.com\/blog\/#website\"},\"primaryImageOfPage\":{\"@id\":\"https:\/\/www.visit-ulcinj.com\/blog\/2014\/01\/07\/sinishtaj-dhe-camaj-plani-ri-per-tuzin-papranueshem\/#primaryimage\"},\"datePublished\":\"2014-01-07T11:01:19+00:00\",\"dateModified\":\"2014-01-07T11:01:19+00:00\",\"author\":{\"@id\":\"https:\/\/www.visit-ulcinj.com\/blog\/#\/schema\/person\/dcab619c614d3038751c63bc2aadc06d\"},\"description\":\"Nikoll\u00eb Camaj (Ldn\u00ebMZ) n\u00eb lidhje me planin e ri p\u00ebr Komun\u00ebn e Tuzit, i cili parasheh q\u00eb territori i Mal\u00ebsis\u00eb t\u00eb fitoj statusin e Komun\u00ebs n\u00ebn ombrell\u00ebn e\",\"breadcrumb\":{\"@id\":\"https:\/\/www.visit-ulcinj.com\/blog\/2014\/01\/07\/sinishtaj-dhe-camaj-plani-ri-per-tuzin-papranueshem\/#breadcrumb\"},\"inLanguage\":\"en-US\",\"potentialAction\":[{\"@type\":\"ReadAction\",\"target\":[\"https:\/\/www.visit-ulcinj.com\/blog\/2014\/01\/07\/sinishtaj-dhe-camaj-plani-ri-per-tuzin-papranueshem\/\"]}]},{\"@type\":\"BreadcrumbList\",\"@id\":\"https:\/\/www.visit-ulcinj.com\/blog\/2014\/01\/07\/sinishtaj-dhe-camaj-plani-ri-per-tuzin-papranueshem\/#breadcrumb\",\"itemListElement\":[{\"@type\":\"ListItem\",\"position\":1,\"name\":\"Sinishtaj dhe Camaj: Plani i ri per Tuzin i papranuesh\u00ebm\"}]},{\"@type\":\"Person\",\"@id\":\"https:\/\/www.visit-ulcinj.com\/blog\/#\/schema\/person\/dcab619c614d3038751c63bc2aadc06d\",\"name\":\"ulqini\",\"sameAs\":[\"http:\/\/www.visit-ulcinj.com\"],\"url\":\"https:\/\/www.visit-ulcinj.com\/blog\/author\/admin\/\"}]}<\/script>\n<!-- \/ Yoast SEO plugin. -->","yoast_head_json":{"title":"Sinishtaj dhe Camaj: Plani i ri per Tuzin i papranuesh\u00ebm - Lajme nga Ulqini","description":"Nikoll\u00eb Camaj (Ldn\u00ebMZ) n\u00eb lidhje me planin e ri p\u00ebr Komun\u00ebn e Tuzit, i cili parasheh q\u00eb territori i Mal\u00ebsis\u00eb t\u00eb fitoj statusin e Komun\u00ebs n\u00ebn ombrell\u00ebn e","robots":{"index":"index","follow":"follow","max-snippet":"max-snippet:-1","max-image-preview":"max-image-preview:large","max-video-preview":"max-video-preview:-1"},"canonical":"https:\/\/www.visit-ulcinj.com\/blog\/2014\/01\/07\/sinishtaj-dhe-camaj-plani-ri-per-tuzin-papranueshem\/","og_locale":"en_US","og_type":"article","og_title":"Sinishtaj dhe Camaj: Plani i ri per Tuzin i papranuesh\u00ebm - Lajme nga Ulqini","og_description":"Nikoll\u00eb Camaj (Ldn\u00ebMZ) n\u00eb lidhje me planin e ri p\u00ebr Komun\u00ebn e Tuzit, i cili parasheh q\u00eb territori i Mal\u00ebsis\u00eb t\u00eb fitoj statusin e Komun\u00ebs n\u00ebn ombrell\u00ebn e","og_url":"https:\/\/www.visit-ulcinj.com\/blog\/2014\/01\/07\/sinishtaj-dhe-camaj-plani-ri-per-tuzin-papranueshem\/","og_site_name":"Lajme nga Ulqini","article_published_time":"2014-01-07T11:01:19+00:00","og_image":[{"url":"http:\/\/www.visit-ulcinj.com\/blog\/wp-content\/uploads\/2014\/01\/camaj_sinishtaj.jpg"}],"twitter_misc":{"Written by":"ulqini","Est. reading time":"1 minute"},"schema":{"@context":"https:\/\/schema.org","@graph":[{"@type":"WebSite","@id":"https:\/\/www.visit-ulcinj.com\/blog\/#website","url":"https:\/\/www.visit-ulcinj.com\/blog\/","name":"Lajme nga Ulqini","description":"Lajme,Vijesti,Ulqini,Ulqin,Crna Gora,Mali i Zi","potentialAction":[{"@type":"SearchAction","target":{"@type":"EntryPoint","urlTemplate":"https:\/\/www.visit-ulcinj.com\/blog\/?s={search_term_string}"},"query-input":"required name=search_term_string"}],"inLanguage":"en-US"},{"@type":"ImageObject","inLanguage":"en-US","@id":"https:\/\/www.visit-ulcinj.com\/blog\/2014\/01\/07\/sinishtaj-dhe-camaj-plani-ri-per-tuzin-papranueshem\/#primaryimage","url":"https:\/\/www.visit-ulcinj.com\/blog\/wp-content\/uploads\/2014\/01\/camaj_sinishtaj.jpg","contentUrl":"https:\/\/www.visit-ulcinj.com\/blog\/wp-content\/uploads\/2014\/01\/camaj_sinishtaj.jpg","width":342,"height":360},{"@type":"WebPage","@id":"https:\/\/www.visit-ulcinj.com\/blog\/2014\/01\/07\/sinishtaj-dhe-camaj-plani-ri-per-tuzin-papranueshem\/#webpage","url":"https:\/\/www.visit-ulcinj.com\/blog\/2014\/01\/07\/sinishtaj-dhe-camaj-plani-ri-per-tuzin-papranueshem\/","name":"Sinishtaj dhe Camaj: Plani i ri per Tuzin i papranuesh\u00ebm - Lajme nga Ulqini","isPartOf":{"@id":"https:\/\/www.visit-ulcinj.com\/blog\/#website"},"primaryImageOfPage":{"@id":"https:\/\/www.visit-ulcinj.com\/blog\/2014\/01\/07\/sinishtaj-dhe-camaj-plani-ri-per-tuzin-papranueshem\/#primaryimage"},"datePublished":"2014-01-07T11:01:19+00:00","dateModified":"2014-01-07T11:01:19+00:00","author":{"@id":"https:\/\/www.visit-ulcinj.com\/blog\/#\/schema\/person\/dcab619c614d3038751c63bc2aadc06d"},"description":"Nikoll\u00eb Camaj (Ldn\u00ebMZ) n\u00eb lidhje me planin e ri p\u00ebr Komun\u00ebn e Tuzit, i cili parasheh q\u00eb territori i Mal\u00ebsis\u00eb t\u00eb fitoj statusin e Komun\u00ebs n\u00ebn ombrell\u00ebn e","breadcrumb":{"@id":"https:\/\/www.visit-ulcinj.com\/blog\/2014\/01\/07\/sinishtaj-dhe-camaj-plani-ri-per-tuzin-papranueshem\/#breadcrumb"},"inLanguage":"en-US","potentialAction":[{"@type":"ReadAction","target":["https:\/\/www.visit-ulcinj.com\/blog\/2014\/01\/07\/sinishtaj-dhe-camaj-plani-ri-per-tuzin-papranueshem\/"]}]},{"@type":"BreadcrumbList","@id":"https:\/\/www.visit-ulcinj.com\/blog\/2014\/01\/07\/sinishtaj-dhe-camaj-plani-ri-per-tuzin-papranueshem\/#breadcrumb","itemListElement":[{"@type":"ListItem","position":1,"name":"Sinishtaj dhe Camaj: Plani i ri per Tuzin i papranuesh\u00ebm"}]},{"@type":"Person","@id":"https:\/\/www.visit-ulcinj.com\/blog\/#\/schema\/person\/dcab619c614d3038751c63bc2aadc06d","name":"ulqini","sameAs":["http:\/\/www.visit-ulcinj.com"],"url":"https:\/\/www.visit-ulcinj.com\/blog\/author\/admin\/"}]}},"jetpack_featured_media_url":"","jetpack_sharing_enabled":true,"jetpack_shortlink":"https:\/\/wp.me\/pe6lTn-kgV","_links":{"self":[{"href":"https:\/\/www.visit-ulcinj.com\/blog\/wp-json\/wp\/v2\/posts\/77929"}],"collection":[{"href":"https:\/\/www.visit-ulcinj.com\/blog\/wp-json\/wp\/v2\/posts"}],"about":[{"href":"https:\/\/www.visit-ulcinj.com\/blog\/wp-json\/wp\/v2\/types\/post"}],"author":[{"embeddable":true,"href":"https:\/\/www.visit-ulcinj.com\/blog\/wp-json\/wp\/v2\/users\/1"}],"replies":[{"embeddable":true,"href":"https:\/\/www.visit-ulcinj.com\/blog\/wp-json\/wp\/v2\/comments?post=77929"}],"version-history":[{"count":1,"href":"https:\/\/www.visit-ulcinj.com\/blog\/wp-json\/wp\/v2\/posts\/77929\/revisions"}],"predecessor-version":[{"id":77931,"href":"https:\/\/www.visit-ulcinj.com\/blog\/wp-json\/wp\/v2\/posts\/77929\/revisions\/77931"}],"wp:attachment":[{"href":"https:\/\/www.visit-ulcinj.com\/blog\/wp-json\/wp\/v2\/media?parent=77929"}],"wp:term":[{"taxonomy":"category","embeddable":true,"href":"https:\/\/www.visit-ulcinj.com\/blog\/wp-json\/wp\/v2\/categories?post=77929"},{"taxonomy":"post_tag","embeddable":true,"href":"https:\/\/www.visit-ulcinj.com\/blog\/wp-json\/wp\/v2\/tags?post=77929"}],"curies":[{"name":"wp","href":"https:\/\/api.w.org\/{rel}","templated":true}]}}