{"id":77935,"date":"2014-01-07T14:06:11","date_gmt":"2014-01-07T13:06:11","guid":{"rendered":"http:\/\/www.visit-ulcinj.com\/blog\/?p=77935"},"modified":"2014-01-07T14:06:11","modified_gmt":"2014-01-07T13:06:11","slug":"nxjerrja-e-vendimit-per-financim-te-perkohshem-te-komunes-se-ulqinit","status":"publish","type":"post","link":"https:\/\/www.visit-ulcinj.com\/blog\/2014\/01\/07\/nxjerrja-e-vendimit-per-financim-te-perkohshem-te-komunes-se-ulqinit\/","title":{"rendered":"Nxjerrja e Vendimit p\u00ebr financim t\u00eb p\u00ebrkohsh\u00ebm t\u00eb Komun\u00ebs s\u00eb Ulqinit"},"content":{"rendered":"<p><a href=\"http:\/\/www.visit-ulcinj.com\/blog\/wp-content\/uploads\/2011\/03\/Opstina-Ulcinj-Press.jpg\"><img loading=\"lazy\" class=\"alignleft  wp-image-45233\" alt=\"Opstina Ulcinj Press\" src=\"http:\/\/www.visit-ulcinj.com\/blog\/wp-content\/uploads\/2011\/03\/Opstina-Ulcinj-Press.jpg\" width=\"508\" height=\"360\" \/><\/a>Kryetari i Komun\u00ebs s\u00eb Ulqinit Nazif Cungu ka nxjerr\u00eb sot Vendimin p\u00ebr financimin e p\u00ebrkohsh\u00ebm t\u00eb nevojave t\u00eb Buxhetit t\u00eb Komun\u00ebs s\u00eb Ulqinit p\u00ebr periudh\u00ebn janar \u2013 mars 2014.<\/p>\n<p>Shkak p\u00ebr nxjerrjen e k\u00ebtij Vendimi \u00ebsht\u00eb mos shtirja e k\u00ebtij Vendimi n\u00eb rendin e dit\u00ebs t\u00eb Kuvendit t\u00eb Komun\u00ebs n\u00eb mbledhjen e mbajtur me dat\u00ebn 27. 12. 2013, dhe p\u00ebr shkak q\u00eb me shtyrjen e m\u00ebtejme t\u00eb nxjerrjes s\u00eb tij vendimi, do t\u00eb vinte deri te mosfunksionimi i organeve t\u00eb vet\u00ebqeverisjes lokale.<\/p>\n<p>Pasi q\u00eb vazhdimi i m\u00ebtejm\u00eb i k\u00ebsaj situate do t\u00eb kishte pasoja materiale dhe jomateriale p\u00ebr qytetar\u00ebt, t\u00eb cil\u00ebt p\u00ebr k\u00ebt\u00eb shkak nuk do t\u00eb mund t\u00eb realizonin t\u00eb drejtat e tyre para organeve t\u00eb vet\u00ebqeverisjes lokale, jan\u00eb krijuar kushtet p\u00ebr aplikimin e autorizimeve nga neni \u00a086 i Statutit t\u00eb Komun\u00ebs s\u00eb Ulqinit nga ana e Kryetarit t\u00eb Komun\u00ebs, me t\u00eb cilin i jepet autorizim p\u00ebr nxjerrjen e vendimeve nga kompetencat e Kuvendit.<\/p>\n<p>Me k\u00ebt\u00eb Vendim evitohet bllokada e pun\u00ebs s\u00eb vet\u00ebqeverisjes lokale dhe b\u00ebhet tejkalimi i p\u00ebrkohsh\u00ebm tremujor n\u00eb financimin e pun\u00ebs s\u00eb vet\u00ebqeverisjes lokale dhe realizimi i projekteve t\u00eb filluara.<\/p>\n<p>Vendimi do t\u2019i dor\u00ebzohet Kuvendit p\u00ebr konfirmim n\u00eb mbledhjen e par\u00eb t\u00eb radh\u00ebs.<\/p>\n","protected":false},"excerpt":{"rendered":"<p>Kryetari i Komun\u00ebs s\u00eb Ulqinit Nazif Cungu ka nxjerr\u00eb sot Vendimin p\u00ebr financimin e p\u00ebrkohsh\u00ebm t\u00eb nevojave t\u00eb Buxhetit t\u00eb Komun\u00ebs s\u00eb Ulqinit p\u00ebr periudh\u00ebn janar \u2013 mars 2014. Shkak p\u00ebr nxjerrjen e k\u00ebtij Vendimi \u00ebsht\u00eb mos shtirja e k\u00ebtij Vendimi n\u00eb rendin e dit\u00ebs t\u00eb Kuvendit t\u00eb Komun\u00ebs n\u00eb mbledhjen e mbajtur me dat\u00ebn [&hellip;]<\/p>\n","protected":false},"author":1,"featured_media":0,"comment_status":"closed","ping_status":"closed","sticky":false,"template":"","format":"standard","meta":{"spay_email":"","jetpack_publicize_message":"","jetpack_is_tweetstorm":false,"jetpack_publicize_feature_enabled":true},"categories":[6],"tags":[],"jetpack_publicize_connections":[],"yoast_head":"<!-- This site is optimized with the Yoast SEO plugin v19.1 - https:\/\/yoast.com\/wordpress\/plugins\/seo\/ -->\n<title>Nxjerrja e Vendimit p\u00ebr financim t\u00eb p\u00ebrkohsh\u00ebm t\u00eb Komun\u00ebs s\u00eb Ulqinit - Lajme nga Ulqini<\/title>\n<meta name=\"description\" content=\"Kryetari i Komun\u00ebs s\u00eb Ulqinit Nazif Cungu ka nxjerr\u00eb sot Vendimin p\u00ebr financimin e p\u00ebrkohsh\u00ebm t\u00eb nevojave t\u00eb Buxhetit t\u00eb Komun\u00ebs s\u00eb Ulqinit p\u00ebr periudh\u00ebn\" \/>\n<meta name=\"robots\" content=\"index, follow, max-snippet:-1, max-image-preview:large, max-video-preview:-1\" \/>\n<link rel=\"canonical\" href=\"https:\/\/www.visit-ulcinj.com\/blog\/2014\/01\/07\/nxjerrja-e-vendimit-per-financim-te-perkohshem-te-komunes-se-ulqinit\/\" \/>\n<meta property=\"og:locale\" content=\"en_US\" \/>\n<meta property=\"og:type\" content=\"article\" \/>\n<meta property=\"og:title\" content=\"Nxjerrja e Vendimit p\u00ebr financim t\u00eb p\u00ebrkohsh\u00ebm t\u00eb Komun\u00ebs s\u00eb Ulqinit - Lajme nga Ulqini\" \/>\n<meta property=\"og:description\" content=\"Kryetari i Komun\u00ebs s\u00eb Ulqinit Nazif Cungu ka nxjerr\u00eb sot Vendimin p\u00ebr financimin e p\u00ebrkohsh\u00ebm t\u00eb nevojave t\u00eb Buxhetit t\u00eb Komun\u00ebs s\u00eb Ulqinit p\u00ebr periudh\u00ebn\" \/>\n<meta property=\"og:url\" content=\"https:\/\/www.visit-ulcinj.com\/blog\/2014\/01\/07\/nxjerrja-e-vendimit-per-financim-te-perkohshem-te-komunes-se-ulqinit\/\" \/>\n<meta property=\"og:site_name\" content=\"Lajme nga Ulqini\" \/>\n<meta property=\"article:published_time\" content=\"2014-01-07T13:06:11+00:00\" \/>\n<meta property=\"og:image\" content=\"http:\/\/www.visit-ulcinj.com\/blog\/wp-content\/uploads\/2011\/03\/Opstina-Ulcinj-Press.jpg\" \/>\n<meta name=\"twitter:label1\" content=\"Written by\" \/>\n\t<meta name=\"twitter:data1\" content=\"ulqini\" \/>\n\t<meta name=\"twitter:label2\" content=\"Est. reading time\" \/>\n\t<meta name=\"twitter:data2\" content=\"1 minute\" \/>\n<script type=\"application\/ld+json\" class=\"yoast-schema-graph\">{\"@context\":\"https:\/\/schema.org\",\"@graph\":[{\"@type\":\"WebSite\",\"@id\":\"https:\/\/www.visit-ulcinj.com\/blog\/#website\",\"url\":\"https:\/\/www.visit-ulcinj.com\/blog\/\",\"name\":\"Lajme nga Ulqini\",\"description\":\"Lajme,Vijesti,Ulqini,Ulqin,Crna Gora,Mali i Zi\",\"potentialAction\":[{\"@type\":\"SearchAction\",\"target\":{\"@type\":\"EntryPoint\",\"urlTemplate\":\"https:\/\/www.visit-ulcinj.com\/blog\/?s={search_term_string}\"},\"query-input\":\"required name=search_term_string\"}],\"inLanguage\":\"en-US\"},{\"@type\":\"ImageObject\",\"inLanguage\":\"en-US\",\"@id\":\"https:\/\/www.visit-ulcinj.com\/blog\/2014\/01\/07\/nxjerrja-e-vendimit-per-financim-te-perkohshem-te-komunes-se-ulqinit\/#primaryimage\",\"url\":\"https:\/\/www.visit-ulcinj.com\/blog\/wp-content\/uploads\/2011\/03\/Opstina-Ulcinj-Press.jpg\",\"contentUrl\":\"https:\/\/www.visit-ulcinj.com\/blog\/wp-content\/uploads\/2011\/03\/Opstina-Ulcinj-Press.jpg\",\"width\":\"720\",\"height\":\"576\"},{\"@type\":\"WebPage\",\"@id\":\"https:\/\/www.visit-ulcinj.com\/blog\/2014\/01\/07\/nxjerrja-e-vendimit-per-financim-te-perkohshem-te-komunes-se-ulqinit\/#webpage\",\"url\":\"https:\/\/www.visit-ulcinj.com\/blog\/2014\/01\/07\/nxjerrja-e-vendimit-per-financim-te-perkohshem-te-komunes-se-ulqinit\/\",\"name\":\"Nxjerrja e Vendimit p\u00ebr financim t\u00eb p\u00ebrkohsh\u00ebm t\u00eb Komun\u00ebs s\u00eb Ulqinit - Lajme nga Ulqini\",\"isPartOf\":{\"@id\":\"https:\/\/www.visit-ulcinj.com\/blog\/#website\"},\"primaryImageOfPage\":{\"@id\":\"https:\/\/www.visit-ulcinj.com\/blog\/2014\/01\/07\/nxjerrja-e-vendimit-per-financim-te-perkohshem-te-komunes-se-ulqinit\/#primaryimage\"},\"datePublished\":\"2014-01-07T13:06:11+00:00\",\"dateModified\":\"2014-01-07T13:06:11+00:00\",\"author\":{\"@id\":\"https:\/\/www.visit-ulcinj.com\/blog\/#\/schema\/person\/dcab619c614d3038751c63bc2aadc06d\"},\"description\":\"Kryetari i Komun\u00ebs s\u00eb Ulqinit Nazif Cungu ka nxjerr\u00eb sot Vendimin p\u00ebr financimin e p\u00ebrkohsh\u00ebm t\u00eb nevojave t\u00eb Buxhetit t\u00eb Komun\u00ebs s\u00eb Ulqinit p\u00ebr periudh\u00ebn\",\"breadcrumb\":{\"@id\":\"https:\/\/www.visit-ulcinj.com\/blog\/2014\/01\/07\/nxjerrja-e-vendimit-per-financim-te-perkohshem-te-komunes-se-ulqinit\/#breadcrumb\"},\"inLanguage\":\"en-US\",\"potentialAction\":[{\"@type\":\"ReadAction\",\"target\":[\"https:\/\/www.visit-ulcinj.com\/blog\/2014\/01\/07\/nxjerrja-e-vendimit-per-financim-te-perkohshem-te-komunes-se-ulqinit\/\"]}]},{\"@type\":\"BreadcrumbList\",\"@id\":\"https:\/\/www.visit-ulcinj.com\/blog\/2014\/01\/07\/nxjerrja-e-vendimit-per-financim-te-perkohshem-te-komunes-se-ulqinit\/#breadcrumb\",\"itemListElement\":[{\"@type\":\"ListItem\",\"position\":1,\"name\":\"Nxjerrja e Vendimit p\u00ebr financim t\u00eb p\u00ebrkohsh\u00ebm t\u00eb Komun\u00ebs s\u00eb Ulqinit\"}]},{\"@type\":\"Person\",\"@id\":\"https:\/\/www.visit-ulcinj.com\/blog\/#\/schema\/person\/dcab619c614d3038751c63bc2aadc06d\",\"name\":\"ulqini\",\"sameAs\":[\"http:\/\/www.visit-ulcinj.com\"],\"url\":\"https:\/\/www.visit-ulcinj.com\/blog\/author\/admin\/\"}]}<\/script>\n<!-- \/ Yoast SEO plugin. -->","yoast_head_json":{"title":"Nxjerrja e Vendimit p\u00ebr financim t\u00eb p\u00ebrkohsh\u00ebm t\u00eb Komun\u00ebs s\u00eb Ulqinit - Lajme nga Ulqini","description":"Kryetari i Komun\u00ebs s\u00eb Ulqinit Nazif Cungu ka nxjerr\u00eb sot Vendimin p\u00ebr financimin e p\u00ebrkohsh\u00ebm t\u00eb nevojave t\u00eb Buxhetit t\u00eb Komun\u00ebs s\u00eb Ulqinit p\u00ebr periudh\u00ebn","robots":{"index":"index","follow":"follow","max-snippet":"max-snippet:-1","max-image-preview":"max-image-preview:large","max-video-preview":"max-video-preview:-1"},"canonical":"https:\/\/www.visit-ulcinj.com\/blog\/2014\/01\/07\/nxjerrja-e-vendimit-per-financim-te-perkohshem-te-komunes-se-ulqinit\/","og_locale":"en_US","og_type":"article","og_title":"Nxjerrja e Vendimit p\u00ebr financim t\u00eb p\u00ebrkohsh\u00ebm t\u00eb Komun\u00ebs s\u00eb Ulqinit - Lajme nga Ulqini","og_description":"Kryetari i Komun\u00ebs s\u00eb Ulqinit Nazif Cungu ka nxjerr\u00eb sot Vendimin p\u00ebr financimin e p\u00ebrkohsh\u00ebm t\u00eb nevojave t\u00eb Buxhetit t\u00eb Komun\u00ebs s\u00eb Ulqinit p\u00ebr periudh\u00ebn","og_url":"https:\/\/www.visit-ulcinj.com\/blog\/2014\/01\/07\/nxjerrja-e-vendimit-per-financim-te-perkohshem-te-komunes-se-ulqinit\/","og_site_name":"Lajme nga Ulqini","article_published_time":"2014-01-07T13:06:11+00:00","og_image":[{"url":"http:\/\/www.visit-ulcinj.com\/blog\/wp-content\/uploads\/2011\/03\/Opstina-Ulcinj-Press.jpg"}],"twitter_misc":{"Written by":"ulqini","Est. reading time":"1 minute"},"schema":{"@context":"https:\/\/schema.org","@graph":[{"@type":"WebSite","@id":"https:\/\/www.visit-ulcinj.com\/blog\/#website","url":"https:\/\/www.visit-ulcinj.com\/blog\/","name":"Lajme nga Ulqini","description":"Lajme,Vijesti,Ulqini,Ulqin,Crna Gora,Mali i Zi","potentialAction":[{"@type":"SearchAction","target":{"@type":"EntryPoint","urlTemplate":"https:\/\/www.visit-ulcinj.com\/blog\/?s={search_term_string}"},"query-input":"required name=search_term_string"}],"inLanguage":"en-US"},{"@type":"ImageObject","inLanguage":"en-US","@id":"https:\/\/www.visit-ulcinj.com\/blog\/2014\/01\/07\/nxjerrja-e-vendimit-per-financim-te-perkohshem-te-komunes-se-ulqinit\/#primaryimage","url":"https:\/\/www.visit-ulcinj.com\/blog\/wp-content\/uploads\/2011\/03\/Opstina-Ulcinj-Press.jpg","contentUrl":"https:\/\/www.visit-ulcinj.com\/blog\/wp-content\/uploads\/2011\/03\/Opstina-Ulcinj-Press.jpg","width":"720","height":"576"},{"@type":"WebPage","@id":"https:\/\/www.visit-ulcinj.com\/blog\/2014\/01\/07\/nxjerrja-e-vendimit-per-financim-te-perkohshem-te-komunes-se-ulqinit\/#webpage","url":"https:\/\/www.visit-ulcinj.com\/blog\/2014\/01\/07\/nxjerrja-e-vendimit-per-financim-te-perkohshem-te-komunes-se-ulqinit\/","name":"Nxjerrja e Vendimit p\u00ebr financim t\u00eb p\u00ebrkohsh\u00ebm t\u00eb Komun\u00ebs s\u00eb Ulqinit - Lajme nga Ulqini","isPartOf":{"@id":"https:\/\/www.visit-ulcinj.com\/blog\/#website"},"primaryImageOfPage":{"@id":"https:\/\/www.visit-ulcinj.com\/blog\/2014\/01\/07\/nxjerrja-e-vendimit-per-financim-te-perkohshem-te-komunes-se-ulqinit\/#primaryimage"},"datePublished":"2014-01-07T13:06:11+00:00","dateModified":"2014-01-07T13:06:11+00:00","author":{"@id":"https:\/\/www.visit-ulcinj.com\/blog\/#\/schema\/person\/dcab619c614d3038751c63bc2aadc06d"},"description":"Kryetari i Komun\u00ebs s\u00eb Ulqinit Nazif Cungu ka nxjerr\u00eb sot Vendimin p\u00ebr financimin e p\u00ebrkohsh\u00ebm t\u00eb nevojave t\u00eb Buxhetit t\u00eb Komun\u00ebs s\u00eb Ulqinit p\u00ebr periudh\u00ebn","breadcrumb":{"@id":"https:\/\/www.visit-ulcinj.com\/blog\/2014\/01\/07\/nxjerrja-e-vendimit-per-financim-te-perkohshem-te-komunes-se-ulqinit\/#breadcrumb"},"inLanguage":"en-US","potentialAction":[{"@type":"ReadAction","target":["https:\/\/www.visit-ulcinj.com\/blog\/2014\/01\/07\/nxjerrja-e-vendimit-per-financim-te-perkohshem-te-komunes-se-ulqinit\/"]}]},{"@type":"BreadcrumbList","@id":"https:\/\/www.visit-ulcinj.com\/blog\/2014\/01\/07\/nxjerrja-e-vendimit-per-financim-te-perkohshem-te-komunes-se-ulqinit\/#breadcrumb","itemListElement":[{"@type":"ListItem","position":1,"name":"Nxjerrja e Vendimit p\u00ebr financim t\u00eb p\u00ebrkohsh\u00ebm t\u00eb Komun\u00ebs s\u00eb Ulqinit"}]},{"@type":"Person","@id":"https:\/\/www.visit-ulcinj.com\/blog\/#\/schema\/person\/dcab619c614d3038751c63bc2aadc06d","name":"ulqini","sameAs":["http:\/\/www.visit-ulcinj.com"],"url":"https:\/\/www.visit-ulcinj.com\/blog\/author\/admin\/"}]}},"jetpack_featured_media_url":"","jetpack_sharing_enabled":true,"jetpack_shortlink":"https:\/\/wp.me\/pe6lTn-kh1","_links":{"self":[{"href":"https:\/\/www.visit-ulcinj.com\/blog\/wp-json\/wp\/v2\/posts\/77935"}],"collection":[{"href":"https:\/\/www.visit-ulcinj.com\/blog\/wp-json\/wp\/v2\/posts"}],"about":[{"href":"https:\/\/www.visit-ulcinj.com\/blog\/wp-json\/wp\/v2\/types\/post"}],"author":[{"embeddable":true,"href":"https:\/\/www.visit-ulcinj.com\/blog\/wp-json\/wp\/v2\/users\/1"}],"replies":[{"embeddable":true,"href":"https:\/\/www.visit-ulcinj.com\/blog\/wp-json\/wp\/v2\/comments?post=77935"}],"version-history":[{"count":1,"href":"https:\/\/www.visit-ulcinj.com\/blog\/wp-json\/wp\/v2\/posts\/77935\/revisions"}],"predecessor-version":[{"id":77936,"href":"https:\/\/www.visit-ulcinj.com\/blog\/wp-json\/wp\/v2\/posts\/77935\/revisions\/77936"}],"wp:attachment":[{"href":"https:\/\/www.visit-ulcinj.com\/blog\/wp-json\/wp\/v2\/media?parent=77935"}],"wp:term":[{"taxonomy":"category","embeddable":true,"href":"https:\/\/www.visit-ulcinj.com\/blog\/wp-json\/wp\/v2\/categories?post=77935"},{"taxonomy":"post_tag","embeddable":true,"href":"https:\/\/www.visit-ulcinj.com\/blog\/wp-json\/wp\/v2\/tags?post=77935"}],"curies":[{"name":"wp","href":"https:\/\/api.w.org\/{rel}","templated":true}]}}