{"id":77943,"date":"2014-01-07T18:41:12","date_gmt":"2014-01-07T17:41:12","guid":{"rendered":"http:\/\/www.visit-ulcinj.com\/blog\/?p=77943"},"modified":"2014-01-10T18:34:24","modified_gmt":"2014-01-10T17:34:24","slug":"memoriam-enver-eno-mollabeqiri","status":"publish","type":"post","link":"https:\/\/www.visit-ulcinj.com\/blog\/2014\/01\/07\/memoriam-enver-eno-mollabeqiri\/","title":{"rendered":"In Memoriam: Enver &#8211; Eno Mollabeqiri"},"content":{"rendered":"<p><a href=\"http:\/\/www.visit-ulcinj.com\/blog\/wp-content\/uploads\/2014\/01\/Enver-Mollabeqiri-Eno.jpg\"><img loading=\"lazy\" class=\"alignleft size-full wp-image-77944\" alt=\"Enver-Mollabeqiri-Eno\" src=\"http:\/\/www.visit-ulcinj.com\/blog\/wp-content\/uploads\/2014\/01\/Enver-Mollabeqiri-Eno.jpg\" width=\"300\" height=\"420\" srcset=\"https:\/\/www.visit-ulcinj.com\/blog\/wp-content\/uploads\/2014\/01\/Enver-Mollabeqiri-Eno.jpg 300w, https:\/\/www.visit-ulcinj.com\/blog\/wp-content\/uploads\/2014\/01\/Enver-Mollabeqiri-Eno-214x300.jpg 214w\" sizes=\"(max-width: 300px) 100vw, 300px\" \/><\/a>Sot, m\u00eb 7 janar 2014, pas nj\u00eb s\u00ebmundjeje t\u00eb r\u00ebnd\u00eb,\u00a0 nd\u00ebrroi jet\u00eb Enver \u2013 Eno Mollabeqiri dhe duke mos pasur mund\u00ebsi t\u00eb vij n\u00eb Ulqin, po i shkruaj k\u00ebto rreshta p\u00ebr t\u00eb ngush\u00eblluar veten, familjen e tij, por edhe Ulqinin, sepse kemi humbur nj\u00eb njeri t\u00eb qet\u00eb, por tejet ambicioz dhe erudit.<\/p>\n<p>Me profesion &#8212; ekonomist, me shpirt &#8212; ulqinak, me zem\u00ebr &#8212; shqiptar, e me vepra intelektual . Ka shikuar dhe vrojtuar p\u00ebrpara moshatar\u00ebve t\u00eb vet. Ka folur kur t\u00eb tjer\u00ebt kan\u00eb heshtur. Ka shkruar kur t\u00eb tjer\u00ebt nuk guxonin.\u00a0 Ka b\u00ebr\u00eb gj\u00ebrat q\u00eb t\u00eb tjer\u00ebt nuk dinin t\u2019i b\u00ebnin. Arriti shum\u00eb gj\u00ebra shum\u00eb p\u00ebrpara moshatar\u00ebv\u00eb t\u00eb vet. Dh\u00eb k\u00ebshtu, nd\u00ebrroi edhe jet\u00eb p\u00ebrpara t\u00eb tjer\u00ebve, por na la n\u00eb trash\u00ebgimi nj\u00eb seri librash, nj\u00eb p\u00ebrmbledhje artikujsh dhe dy amanete.\u00a0 I pari \u00ebsht\u00eb q\u00eb t\u00eb lexojm\u00eb,\u00a0 se me k\u00ebt\u00eb,\u00a0 jo vet\u00ebm q\u00eb nuk do ta harrojm\u00eb at\u00eb, por k\u00ebshtu nuk do ta harrojm\u00eb Ulqinin dhe nuk do t\u00eb lejojm\u00eb q\u00eb Ulqini t\u00eb harrohet. I dyti \u00ebsht\u00eb personal: meq\u00eb ai nuk na harroi ne, ne nuk duhet t\u2019ia harrojm\u00eb familjen, nusen, djalin dhe dy vajzat e tij.<\/p>\n<p>Lus Zotin, q\u00eb ta fal\u00eb at\u00eb, ta ngres\u00eb n\u00eb shkall\u00ebn e t\u00eb udh\u00ebzuarve dhe ta\u00a0 z\u00ebvend\u00ebsoj\u00eb at\u00eb me ata q\u00eb mbesin nga pasardh\u00ebsit e tij.<\/p>\n<p>&nbsp;<\/p>\n<p>Ilir \u00c7apuni, Tiran\u00eb<\/p>\n<p>Stafi i Lajmeve nga Ulqini dergon ngushllimet e sinqerta familjes\u00a0 Mollabeqiri\u00a0 nga Ulqini<\/p>\n","protected":false},"excerpt":{"rendered":"<p>Sot, m\u00eb 7 janar 2014, pas nj\u00eb s\u00ebmundjeje t\u00eb r\u00ebnd\u00eb,\u00a0 nd\u00ebrroi jet\u00eb Enver \u2013 Eno Mollabeqiri dhe duke mos pasur mund\u00ebsi t\u00eb vij n\u00eb Ulqin, po i shkruaj k\u00ebto rreshta p\u00ebr t\u00eb ngush\u00eblluar veten, familjen e tij, por edhe Ulqinin, sepse kemi humbur nj\u00eb njeri t\u00eb qet\u00eb, por tejet ambicioz dhe erudit. Me profesion &#8212; [&hellip;]<\/p>\n","protected":false},"author":1,"featured_media":0,"comment_status":"closed","ping_status":"closed","sticky":false,"template":"","format":"standard","meta":{"spay_email":"","jetpack_publicize_message":"","jetpack_is_tweetstorm":false,"jetpack_publicize_feature_enabled":true},"categories":[6950],"tags":[],"jetpack_publicize_connections":[],"yoast_head":"<!-- This site is optimized with the Yoast SEO plugin v19.1 - https:\/\/yoast.com\/wordpress\/plugins\/seo\/ -->\n<title>In Memoriam: Enver - Eno Mollabeqiri - Lajme nga Ulqini<\/title>\n<meta name=\"description\" content=\"Sot, m\u00eb 7 janar 2014, pas nj\u00eb s\u00ebmundjeje t\u00eb r\u00ebnd\u00eb,\u00a0 nd\u00ebrroi jet\u00eb Enver \u2013 Eno Mollabeqiri dhe duke mos pasur mund\u00ebsi t\u00eb vij n\u00eb Ulqin, po i shkruaj k\u00ebto\" \/>\n<meta name=\"robots\" content=\"index, follow, max-snippet:-1, max-image-preview:large, max-video-preview:-1\" \/>\n<link rel=\"canonical\" href=\"https:\/\/www.visit-ulcinj.com\/blog\/2014\/01\/07\/memoriam-enver-eno-mollabeqiri\/\" \/>\n<meta property=\"og:locale\" content=\"en_US\" \/>\n<meta property=\"og:type\" content=\"article\" \/>\n<meta property=\"og:title\" content=\"In Memoriam: Enver - Eno Mollabeqiri - Lajme nga Ulqini\" \/>\n<meta property=\"og:description\" content=\"Sot, m\u00eb 7 janar 2014, pas nj\u00eb s\u00ebmundjeje t\u00eb r\u00ebnd\u00eb,\u00a0 nd\u00ebrroi jet\u00eb Enver \u2013 Eno Mollabeqiri dhe duke mos pasur mund\u00ebsi t\u00eb vij n\u00eb Ulqin, po i shkruaj k\u00ebto\" \/>\n<meta property=\"og:url\" content=\"https:\/\/www.visit-ulcinj.com\/blog\/2014\/01\/07\/memoriam-enver-eno-mollabeqiri\/\" \/>\n<meta property=\"og:site_name\" content=\"Lajme nga Ulqini\" \/>\n<meta property=\"article:published_time\" content=\"2014-01-07T17:41:12+00:00\" \/>\n<meta property=\"article:modified_time\" content=\"2014-01-10T17:34:24+00:00\" \/>\n<meta property=\"og:image\" content=\"http:\/\/www.visit-ulcinj.com\/blog\/wp-content\/uploads\/2014\/01\/Enver-Mollabeqiri-Eno.jpg\" \/>\n<meta name=\"twitter:label1\" content=\"Written by\" \/>\n\t<meta name=\"twitter:data1\" content=\"ulqini\" \/>\n\t<meta name=\"twitter:label2\" content=\"Est. reading time\" \/>\n\t<meta name=\"twitter:data2\" content=\"1 minute\" \/>\n<script type=\"application\/ld+json\" class=\"yoast-schema-graph\">{\"@context\":\"https:\/\/schema.org\",\"@graph\":[{\"@type\":\"WebSite\",\"@id\":\"https:\/\/www.visit-ulcinj.com\/blog\/#website\",\"url\":\"https:\/\/www.visit-ulcinj.com\/blog\/\",\"name\":\"Lajme nga Ulqini\",\"description\":\"Lajme,Vijesti,Ulqini,Ulqin,Crna Gora,Mali i Zi\",\"potentialAction\":[{\"@type\":\"SearchAction\",\"target\":{\"@type\":\"EntryPoint\",\"urlTemplate\":\"https:\/\/www.visit-ulcinj.com\/blog\/?s={search_term_string}\"},\"query-input\":\"required name=search_term_string\"}],\"inLanguage\":\"en-US\"},{\"@type\":\"ImageObject\",\"inLanguage\":\"en-US\",\"@id\":\"https:\/\/www.visit-ulcinj.com\/blog\/2014\/01\/07\/memoriam-enver-eno-mollabeqiri\/#primaryimage\",\"url\":\"https:\/\/www.visit-ulcinj.com\/blog\/wp-content\/uploads\/2014\/01\/Enver-Mollabeqiri-Eno.jpg\",\"contentUrl\":\"https:\/\/www.visit-ulcinj.com\/blog\/wp-content\/uploads\/2014\/01\/Enver-Mollabeqiri-Eno.jpg\",\"width\":300,\"height\":420},{\"@type\":\"WebPage\",\"@id\":\"https:\/\/www.visit-ulcinj.com\/blog\/2014\/01\/07\/memoriam-enver-eno-mollabeqiri\/#webpage\",\"url\":\"https:\/\/www.visit-ulcinj.com\/blog\/2014\/01\/07\/memoriam-enver-eno-mollabeqiri\/\",\"name\":\"In Memoriam: Enver - Eno Mollabeqiri - Lajme nga Ulqini\",\"isPartOf\":{\"@id\":\"https:\/\/www.visit-ulcinj.com\/blog\/#website\"},\"primaryImageOfPage\":{\"@id\":\"https:\/\/www.visit-ulcinj.com\/blog\/2014\/01\/07\/memoriam-enver-eno-mollabeqiri\/#primaryimage\"},\"datePublished\":\"2014-01-07T17:41:12+00:00\",\"dateModified\":\"2014-01-10T17:34:24+00:00\",\"author\":{\"@id\":\"https:\/\/www.visit-ulcinj.com\/blog\/#\/schema\/person\/dcab619c614d3038751c63bc2aadc06d\"},\"description\":\"Sot, m\u00eb 7 janar 2014, pas nj\u00eb s\u00ebmundjeje t\u00eb r\u00ebnd\u00eb,\u00a0 nd\u00ebrroi jet\u00eb Enver \u2013 Eno Mollabeqiri dhe duke mos pasur mund\u00ebsi t\u00eb vij n\u00eb Ulqin, po i shkruaj k\u00ebto\",\"breadcrumb\":{\"@id\":\"https:\/\/www.visit-ulcinj.com\/blog\/2014\/01\/07\/memoriam-enver-eno-mollabeqiri\/#breadcrumb\"},\"inLanguage\":\"en-US\",\"potentialAction\":[{\"@type\":\"ReadAction\",\"target\":[\"https:\/\/www.visit-ulcinj.com\/blog\/2014\/01\/07\/memoriam-enver-eno-mollabeqiri\/\"]}]},{\"@type\":\"BreadcrumbList\",\"@id\":\"https:\/\/www.visit-ulcinj.com\/blog\/2014\/01\/07\/memoriam-enver-eno-mollabeqiri\/#breadcrumb\",\"itemListElement\":[{\"@type\":\"ListItem\",\"position\":1,\"name\":\"In Memoriam: Enver &#8211; Eno Mollabeqiri\"}]},{\"@type\":\"Person\",\"@id\":\"https:\/\/www.visit-ulcinj.com\/blog\/#\/schema\/person\/dcab619c614d3038751c63bc2aadc06d\",\"name\":\"ulqini\",\"sameAs\":[\"http:\/\/www.visit-ulcinj.com\"],\"url\":\"https:\/\/www.visit-ulcinj.com\/blog\/author\/admin\/\"}]}<\/script>\n<!-- \/ Yoast SEO plugin. -->","yoast_head_json":{"title":"In Memoriam: Enver - Eno Mollabeqiri - Lajme nga Ulqini","description":"Sot, m\u00eb 7 janar 2014, pas nj\u00eb s\u00ebmundjeje t\u00eb r\u00ebnd\u00eb,\u00a0 nd\u00ebrroi jet\u00eb Enver \u2013 Eno Mollabeqiri dhe duke mos pasur mund\u00ebsi t\u00eb vij n\u00eb Ulqin, po i shkruaj k\u00ebto","robots":{"index":"index","follow":"follow","max-snippet":"max-snippet:-1","max-image-preview":"max-image-preview:large","max-video-preview":"max-video-preview:-1"},"canonical":"https:\/\/www.visit-ulcinj.com\/blog\/2014\/01\/07\/memoriam-enver-eno-mollabeqiri\/","og_locale":"en_US","og_type":"article","og_title":"In Memoriam: Enver - Eno Mollabeqiri - Lajme nga Ulqini","og_description":"Sot, m\u00eb 7 janar 2014, pas nj\u00eb s\u00ebmundjeje t\u00eb r\u00ebnd\u00eb,\u00a0 nd\u00ebrroi jet\u00eb Enver \u2013 Eno Mollabeqiri dhe duke mos pasur mund\u00ebsi t\u00eb vij n\u00eb Ulqin, po i shkruaj k\u00ebto","og_url":"https:\/\/www.visit-ulcinj.com\/blog\/2014\/01\/07\/memoriam-enver-eno-mollabeqiri\/","og_site_name":"Lajme nga Ulqini","article_published_time":"2014-01-07T17:41:12+00:00","article_modified_time":"2014-01-10T17:34:24+00:00","og_image":[{"url":"http:\/\/www.visit-ulcinj.com\/blog\/wp-content\/uploads\/2014\/01\/Enver-Mollabeqiri-Eno.jpg"}],"twitter_misc":{"Written by":"ulqini","Est. reading time":"1 minute"},"schema":{"@context":"https:\/\/schema.org","@graph":[{"@type":"WebSite","@id":"https:\/\/www.visit-ulcinj.com\/blog\/#website","url":"https:\/\/www.visit-ulcinj.com\/blog\/","name":"Lajme nga Ulqini","description":"Lajme,Vijesti,Ulqini,Ulqin,Crna Gora,Mali i Zi","potentialAction":[{"@type":"SearchAction","target":{"@type":"EntryPoint","urlTemplate":"https:\/\/www.visit-ulcinj.com\/blog\/?s={search_term_string}"},"query-input":"required name=search_term_string"}],"inLanguage":"en-US"},{"@type":"ImageObject","inLanguage":"en-US","@id":"https:\/\/www.visit-ulcinj.com\/blog\/2014\/01\/07\/memoriam-enver-eno-mollabeqiri\/#primaryimage","url":"https:\/\/www.visit-ulcinj.com\/blog\/wp-content\/uploads\/2014\/01\/Enver-Mollabeqiri-Eno.jpg","contentUrl":"https:\/\/www.visit-ulcinj.com\/blog\/wp-content\/uploads\/2014\/01\/Enver-Mollabeqiri-Eno.jpg","width":300,"height":420},{"@type":"WebPage","@id":"https:\/\/www.visit-ulcinj.com\/blog\/2014\/01\/07\/memoriam-enver-eno-mollabeqiri\/#webpage","url":"https:\/\/www.visit-ulcinj.com\/blog\/2014\/01\/07\/memoriam-enver-eno-mollabeqiri\/","name":"In Memoriam: Enver - Eno Mollabeqiri - Lajme nga Ulqini","isPartOf":{"@id":"https:\/\/www.visit-ulcinj.com\/blog\/#website"},"primaryImageOfPage":{"@id":"https:\/\/www.visit-ulcinj.com\/blog\/2014\/01\/07\/memoriam-enver-eno-mollabeqiri\/#primaryimage"},"datePublished":"2014-01-07T17:41:12+00:00","dateModified":"2014-01-10T17:34:24+00:00","author":{"@id":"https:\/\/www.visit-ulcinj.com\/blog\/#\/schema\/person\/dcab619c614d3038751c63bc2aadc06d"},"description":"Sot, m\u00eb 7 janar 2014, pas nj\u00eb s\u00ebmundjeje t\u00eb r\u00ebnd\u00eb,\u00a0 nd\u00ebrroi jet\u00eb Enver \u2013 Eno Mollabeqiri dhe duke mos pasur mund\u00ebsi t\u00eb vij n\u00eb Ulqin, po i shkruaj k\u00ebto","breadcrumb":{"@id":"https:\/\/www.visit-ulcinj.com\/blog\/2014\/01\/07\/memoriam-enver-eno-mollabeqiri\/#breadcrumb"},"inLanguage":"en-US","potentialAction":[{"@type":"ReadAction","target":["https:\/\/www.visit-ulcinj.com\/blog\/2014\/01\/07\/memoriam-enver-eno-mollabeqiri\/"]}]},{"@type":"BreadcrumbList","@id":"https:\/\/www.visit-ulcinj.com\/blog\/2014\/01\/07\/memoriam-enver-eno-mollabeqiri\/#breadcrumb","itemListElement":[{"@type":"ListItem","position":1,"name":"In Memoriam: Enver &#8211; Eno Mollabeqiri"}]},{"@type":"Person","@id":"https:\/\/www.visit-ulcinj.com\/blog\/#\/schema\/person\/dcab619c614d3038751c63bc2aadc06d","name":"ulqini","sameAs":["http:\/\/www.visit-ulcinj.com"],"url":"https:\/\/www.visit-ulcinj.com\/blog\/author\/admin\/"}]}},"jetpack_featured_media_url":"","jetpack_sharing_enabled":true,"jetpack_shortlink":"https:\/\/wp.me\/pe6lTn-kh9","_links":{"self":[{"href":"https:\/\/www.visit-ulcinj.com\/blog\/wp-json\/wp\/v2\/posts\/77943"}],"collection":[{"href":"https:\/\/www.visit-ulcinj.com\/blog\/wp-json\/wp\/v2\/posts"}],"about":[{"href":"https:\/\/www.visit-ulcinj.com\/blog\/wp-json\/wp\/v2\/types\/post"}],"author":[{"embeddable":true,"href":"https:\/\/www.visit-ulcinj.com\/blog\/wp-json\/wp\/v2\/users\/1"}],"replies":[{"embeddable":true,"href":"https:\/\/www.visit-ulcinj.com\/blog\/wp-json\/wp\/v2\/comments?post=77943"}],"version-history":[{"count":2,"href":"https:\/\/www.visit-ulcinj.com\/blog\/wp-json\/wp\/v2\/posts\/77943\/revisions"}],"predecessor-version":[{"id":77946,"href":"https:\/\/www.visit-ulcinj.com\/blog\/wp-json\/wp\/v2\/posts\/77943\/revisions\/77946"}],"wp:attachment":[{"href":"https:\/\/www.visit-ulcinj.com\/blog\/wp-json\/wp\/v2\/media?parent=77943"}],"wp:term":[{"taxonomy":"category","embeddable":true,"href":"https:\/\/www.visit-ulcinj.com\/blog\/wp-json\/wp\/v2\/categories?post=77943"},{"taxonomy":"post_tag","embeddable":true,"href":"https:\/\/www.visit-ulcinj.com\/blog\/wp-json\/wp\/v2\/tags?post=77943"}],"curies":[{"name":"wp","href":"https:\/\/api.w.org\/{rel}","templated":true}]}}