{"id":77960,"date":"2014-01-09T07:41:07","date_gmt":"2014-01-09T06:41:07","guid":{"rendered":"http:\/\/www.visit-ulcinj.com\/blog\/?p=77960"},"modified":"2014-01-09T07:47:50","modified_gmt":"2014-01-09T06:47:50","slug":"ulcinj-ekonomski-srozan-zaboravljen-u-svakom-smislu","status":"publish","type":"post","link":"https:\/\/www.visit-ulcinj.com\/blog\/2014\/01\/09\/ulcinj-ekonomski-srozan-zaboravljen-u-svakom-smislu\/","title":{"rendered":"Ulcinj ekonomski srozan i zaboravljen u svakom smislu &#8211; Video"},"content":{"rendered":"<p><a href=\"http:\/\/www.visit-ulcinj.com\/blog\/wp-content\/uploads\/2013\/06\/ulcinj-crna-gora.jpg\"><img loading=\"lazy\" class=\"alignleft  wp-image-72474\" alt=\"ulcinj-crna-gora\" src=\"http:\/\/www.visit-ulcinj.com\/blog\/wp-content\/uploads\/2013\/06\/ulcinj-crna-gora.jpg\" width=\"508\" height=\"360\" \/><\/a>Osamnaest je dana do izbora u Ulcnju na kojima \u0107e gra\u0111ani izme\u0111u devet partija i koalicije birati novu lokalnu vlast.<\/p>\n<div>\n<p>O\u010dekuje se da nijedna partija ne\u0107e sama imati ve\u0107inu, pa su vjerovatne postizborne koalicije.<\/p>\n<p>Predstavnici partija saglasni su da je Ulcinj ekonomski srozan i zaboravljen u svakom smislu. Podi\u0107i ga na noge i vratiti mu staru slavu bi\u0107e te\u017eak zadatak.<\/p>\n<p>\u201cO\u010dekujemo da \u0107emo dobiti povjerenje ljudi i da nastavimo da rukovodimo Ulcinjom\u201d, kazao je za TV Vijesti <strong>Genci Nimanbegu<\/strong> iz Force.<\/p>\n<p>U Demokratskoj partiji socijalista DPS o\u010dekuju da budu najja\u010di politi\u010dki subjekt u tom gradu.<\/p>\n<p>U Demokratskoj uniji Albanaca DUA vlada optimizam da \u0107e na predstoje\u0107im izborima pro\u0107i sa boljim rezultatom nego \u0161to njihovi oponenti o\u010dekuju.<\/p>\n<p>Na izborima u Ulcinju prvi put u\u010destvuje Pozitivna Crna Gora.<\/p>\n<p>\u201cMi smo jedina partija koja nudi ne\u0161to su\u0161tinski novo. Ovi izbori nijesu ne\u0161to gjde mo\u017ee da se dostigne zenith Pozitivne Crne Gore, ali su dobra \u0161ansa da se predstavi jedna ekipa novih ljudi\u201d, smatra <strong>Dritan Abazovi\u0107<\/strong> iz Pozitivne.<\/p>\n<p>S obzirom na dosada\u0161nji raspored snaga i ra\u010dunicu, nakon izbora te\u0161ko da \u0107e neka partija imati ve\u0107inu. Po\u0161to \u0107e vjerovatno biti primorani da udru\u017euju snage jo\u0161 je neizvjesno ko \u0107e kome pru\u017eiti ruku nakon zvani\u010dnih rezultata.<\/p>\n<p>\u201cVremena kada je bilo po\u017eeljnih i nepo\u017eeljih politi\u010dkih subjekata su pro\u0161la, na sre\u0107u za Ulcinj. Tako da tu mo\u017ee do\u0107i sve u obzir od nacionalnih partija, do takozvanih gra\u0111aninskih partija, kao i prosrpskih partija\u201d, istakao je Nimanbegu.<\/p>\n<p>U DPS-u navode da \u0107e nakon izbora razmi\u0161ljati s kim \u0107e u koaliciju.<\/p>\n<p>\u201cSigurno ne\u0107emo napraviti koaliciju sa onima koji ne \u017eele dobro Ulcinju\u201d, naglasio je <strong>Ljoro Nreki\u0107<\/strong> iz DPS-a.<\/p>\n<p>Abazovi\u0107 napominje da je DPS jedina partija sa kojom Pozitivna ne razmi\u0161lja da u\u0111e u koaliciju.<\/p>\n<p>\u201cDPS je grobar privrede Ulcinja i svega onog pozitivnog \u0161to je ovaj grad bio\u201d, dodao je on.<\/p>\n<p><strong>Mehmet Zenka<\/strong> iz DUE ka\u017ee da \u0107e u\u0107i u koaliciju samo sa partijama koje \u017eele da rade za dobrobit i razvoj grada.<\/p>\n<p><strong>Izvor: CDM<\/strong><\/p>\n<!--YouTube Error: bad URL entered-->\n<\/div>\n","protected":false},"excerpt":{"rendered":"<p>Osamnaest je dana do izbora u Ulcnju na kojima \u0107e gra\u0111ani izme\u0111u devet partija i koalicije birati novu lokalnu vlast. O\u010dekuje se da nijedna partija ne\u0107e sama imati ve\u0107inu, pa su vjerovatne postizborne koalicije. Predstavnici partija saglasni su da je Ulcinj ekonomski srozan i zaboravljen u svakom smislu. Podi\u0107i ga na noge i vratiti mu [&hellip;]<\/p>\n","protected":false},"author":1,"featured_media":0,"comment_status":"closed","ping_status":"closed","sticky":false,"template":"","format":"standard","meta":{"spay_email":"","jetpack_publicize_message":"","jetpack_is_tweetstorm":false,"jetpack_publicize_feature_enabled":true},"categories":[8337],"tags":[],"jetpack_publicize_connections":[],"yoast_head":"<!-- This site is optimized with the Yoast SEO plugin v19.1 - https:\/\/yoast.com\/wordpress\/plugins\/seo\/ -->\n<title>Ulcinj ekonomski srozan i zaboravljen u svakom smislu - Video - Lajme nga Ulqini<\/title>\n<meta name=\"description\" content=\"Osamnaest je dana do izbora u Ulcnju na kojima \u0107e gra\u0111ani izme\u0111u devet partija i koalicije birati novu lokalnu vlast. O\u010dekuje se da nijedna partija ne\u0107e\" \/>\n<meta name=\"robots\" content=\"index, follow, max-snippet:-1, max-image-preview:large, max-video-preview:-1\" \/>\n<link rel=\"canonical\" href=\"https:\/\/www.visit-ulcinj.com\/blog\/2014\/01\/09\/ulcinj-ekonomski-srozan-zaboravljen-u-svakom-smislu\/\" \/>\n<meta property=\"og:locale\" content=\"en_US\" \/>\n<meta property=\"og:type\" content=\"article\" \/>\n<meta property=\"og:title\" content=\"Ulcinj ekonomski srozan i zaboravljen u svakom smislu - Video - Lajme nga Ulqini\" \/>\n<meta property=\"og:description\" content=\"Osamnaest je dana do izbora u Ulcnju na kojima \u0107e gra\u0111ani izme\u0111u devet partija i koalicije birati novu lokalnu vlast. O\u010dekuje se da nijedna partija ne\u0107e\" \/>\n<meta property=\"og:url\" content=\"https:\/\/www.visit-ulcinj.com\/blog\/2014\/01\/09\/ulcinj-ekonomski-srozan-zaboravljen-u-svakom-smislu\/\" \/>\n<meta property=\"og:site_name\" content=\"Lajme nga Ulqini\" \/>\n<meta property=\"article:published_time\" content=\"2014-01-09T06:41:07+00:00\" \/>\n<meta property=\"article:modified_time\" content=\"2014-01-09T06:47:50+00:00\" \/>\n<meta property=\"og:image\" content=\"http:\/\/www.visit-ulcinj.com\/blog\/wp-content\/uploads\/2013\/06\/ulcinj-crna-gora.jpg\" \/>\n<meta name=\"twitter:label1\" content=\"Written by\" \/>\n\t<meta name=\"twitter:data1\" content=\"ulqini\" \/>\n\t<meta name=\"twitter:label2\" content=\"Est. reading time\" \/>\n\t<meta name=\"twitter:data2\" content=\"2 minutes\" \/>\n<script type=\"application\/ld+json\" class=\"yoast-schema-graph\">{\"@context\":\"https:\/\/schema.org\",\"@graph\":[{\"@type\":\"WebSite\",\"@id\":\"https:\/\/www.visit-ulcinj.com\/blog\/#website\",\"url\":\"https:\/\/www.visit-ulcinj.com\/blog\/\",\"name\":\"Lajme nga Ulqini\",\"description\":\"Lajme,Vijesti,Ulqini,Ulqin,Crna Gora,Mali i Zi\",\"potentialAction\":[{\"@type\":\"SearchAction\",\"target\":{\"@type\":\"EntryPoint\",\"urlTemplate\":\"https:\/\/www.visit-ulcinj.com\/blog\/?s={search_term_string}\"},\"query-input\":\"required name=search_term_string\"}],\"inLanguage\":\"en-US\"},{\"@type\":\"ImageObject\",\"inLanguage\":\"en-US\",\"@id\":\"https:\/\/www.visit-ulcinj.com\/blog\/2014\/01\/09\/ulcinj-ekonomski-srozan-zaboravljen-u-svakom-smislu\/#primaryimage\",\"url\":\"https:\/\/www.visit-ulcinj.com\/blog\/wp-content\/uploads\/2013\/06\/ulcinj-crna-gora.jpg\",\"contentUrl\":\"https:\/\/www.visit-ulcinj.com\/blog\/wp-content\/uploads\/2013\/06\/ulcinj-crna-gora.jpg\",\"width\":800,\"height\":517},{\"@type\":\"WebPage\",\"@id\":\"https:\/\/www.visit-ulcinj.com\/blog\/2014\/01\/09\/ulcinj-ekonomski-srozan-zaboravljen-u-svakom-smislu\/#webpage\",\"url\":\"https:\/\/www.visit-ulcinj.com\/blog\/2014\/01\/09\/ulcinj-ekonomski-srozan-zaboravljen-u-svakom-smislu\/\",\"name\":\"Ulcinj ekonomski srozan i zaboravljen u svakom smislu - Video - Lajme nga Ulqini\",\"isPartOf\":{\"@id\":\"https:\/\/www.visit-ulcinj.com\/blog\/#website\"},\"primaryImageOfPage\":{\"@id\":\"https:\/\/www.visit-ulcinj.com\/blog\/2014\/01\/09\/ulcinj-ekonomski-srozan-zaboravljen-u-svakom-smislu\/#primaryimage\"},\"datePublished\":\"2014-01-09T06:41:07+00:00\",\"dateModified\":\"2014-01-09T06:47:50+00:00\",\"author\":{\"@id\":\"https:\/\/www.visit-ulcinj.com\/blog\/#\/schema\/person\/dcab619c614d3038751c63bc2aadc06d\"},\"description\":\"Osamnaest je dana do izbora u Ulcnju na kojima \u0107e gra\u0111ani izme\u0111u devet partija i koalicije birati novu lokalnu vlast. O\u010dekuje se da nijedna partija ne\u0107e\",\"breadcrumb\":{\"@id\":\"https:\/\/www.visit-ulcinj.com\/blog\/2014\/01\/09\/ulcinj-ekonomski-srozan-zaboravljen-u-svakom-smislu\/#breadcrumb\"},\"inLanguage\":\"en-US\",\"potentialAction\":[{\"@type\":\"ReadAction\",\"target\":[\"https:\/\/www.visit-ulcinj.com\/blog\/2014\/01\/09\/ulcinj-ekonomski-srozan-zaboravljen-u-svakom-smislu\/\"]}]},{\"@type\":\"BreadcrumbList\",\"@id\":\"https:\/\/www.visit-ulcinj.com\/blog\/2014\/01\/09\/ulcinj-ekonomski-srozan-zaboravljen-u-svakom-smislu\/#breadcrumb\",\"itemListElement\":[{\"@type\":\"ListItem\",\"position\":1,\"name\":\"Ulcinj ekonomski srozan i zaboravljen u svakom smislu &#8211; Video\"}]},{\"@type\":\"Person\",\"@id\":\"https:\/\/www.visit-ulcinj.com\/blog\/#\/schema\/person\/dcab619c614d3038751c63bc2aadc06d\",\"name\":\"ulqini\",\"sameAs\":[\"http:\/\/www.visit-ulcinj.com\"],\"url\":\"https:\/\/www.visit-ulcinj.com\/blog\/author\/admin\/\"}]}<\/script>\n<!-- \/ Yoast SEO plugin. -->","yoast_head_json":{"title":"Ulcinj ekonomski srozan i zaboravljen u svakom smislu - Video - Lajme nga Ulqini","description":"Osamnaest je dana do izbora u Ulcnju na kojima \u0107e gra\u0111ani izme\u0111u devet partija i koalicije birati novu lokalnu vlast. O\u010dekuje se da nijedna partija ne\u0107e","robots":{"index":"index","follow":"follow","max-snippet":"max-snippet:-1","max-image-preview":"max-image-preview:large","max-video-preview":"max-video-preview:-1"},"canonical":"https:\/\/www.visit-ulcinj.com\/blog\/2014\/01\/09\/ulcinj-ekonomski-srozan-zaboravljen-u-svakom-smislu\/","og_locale":"en_US","og_type":"article","og_title":"Ulcinj ekonomski srozan i zaboravljen u svakom smislu - Video - Lajme nga Ulqini","og_description":"Osamnaest je dana do izbora u Ulcnju na kojima \u0107e gra\u0111ani izme\u0111u devet partija i koalicije birati novu lokalnu vlast. O\u010dekuje se da nijedna partija ne\u0107e","og_url":"https:\/\/www.visit-ulcinj.com\/blog\/2014\/01\/09\/ulcinj-ekonomski-srozan-zaboravljen-u-svakom-smislu\/","og_site_name":"Lajme nga Ulqini","article_published_time":"2014-01-09T06:41:07+00:00","article_modified_time":"2014-01-09T06:47:50+00:00","og_image":[{"url":"http:\/\/www.visit-ulcinj.com\/blog\/wp-content\/uploads\/2013\/06\/ulcinj-crna-gora.jpg"}],"twitter_misc":{"Written by":"ulqini","Est. reading time":"2 minutes"},"schema":{"@context":"https:\/\/schema.org","@graph":[{"@type":"WebSite","@id":"https:\/\/www.visit-ulcinj.com\/blog\/#website","url":"https:\/\/www.visit-ulcinj.com\/blog\/","name":"Lajme nga Ulqini","description":"Lajme,Vijesti,Ulqini,Ulqin,Crna Gora,Mali i Zi","potentialAction":[{"@type":"SearchAction","target":{"@type":"EntryPoint","urlTemplate":"https:\/\/www.visit-ulcinj.com\/blog\/?s={search_term_string}"},"query-input":"required name=search_term_string"}],"inLanguage":"en-US"},{"@type":"ImageObject","inLanguage":"en-US","@id":"https:\/\/www.visit-ulcinj.com\/blog\/2014\/01\/09\/ulcinj-ekonomski-srozan-zaboravljen-u-svakom-smislu\/#primaryimage","url":"https:\/\/www.visit-ulcinj.com\/blog\/wp-content\/uploads\/2013\/06\/ulcinj-crna-gora.jpg","contentUrl":"https:\/\/www.visit-ulcinj.com\/blog\/wp-content\/uploads\/2013\/06\/ulcinj-crna-gora.jpg","width":800,"height":517},{"@type":"WebPage","@id":"https:\/\/www.visit-ulcinj.com\/blog\/2014\/01\/09\/ulcinj-ekonomski-srozan-zaboravljen-u-svakom-smislu\/#webpage","url":"https:\/\/www.visit-ulcinj.com\/blog\/2014\/01\/09\/ulcinj-ekonomski-srozan-zaboravljen-u-svakom-smislu\/","name":"Ulcinj ekonomski srozan i zaboravljen u svakom smislu - Video - Lajme nga Ulqini","isPartOf":{"@id":"https:\/\/www.visit-ulcinj.com\/blog\/#website"},"primaryImageOfPage":{"@id":"https:\/\/www.visit-ulcinj.com\/blog\/2014\/01\/09\/ulcinj-ekonomski-srozan-zaboravljen-u-svakom-smislu\/#primaryimage"},"datePublished":"2014-01-09T06:41:07+00:00","dateModified":"2014-01-09T06:47:50+00:00","author":{"@id":"https:\/\/www.visit-ulcinj.com\/blog\/#\/schema\/person\/dcab619c614d3038751c63bc2aadc06d"},"description":"Osamnaest je dana do izbora u Ulcnju na kojima \u0107e gra\u0111ani izme\u0111u devet partija i koalicije birati novu lokalnu vlast. O\u010dekuje se da nijedna partija ne\u0107e","breadcrumb":{"@id":"https:\/\/www.visit-ulcinj.com\/blog\/2014\/01\/09\/ulcinj-ekonomski-srozan-zaboravljen-u-svakom-smislu\/#breadcrumb"},"inLanguage":"en-US","potentialAction":[{"@type":"ReadAction","target":["https:\/\/www.visit-ulcinj.com\/blog\/2014\/01\/09\/ulcinj-ekonomski-srozan-zaboravljen-u-svakom-smislu\/"]}]},{"@type":"BreadcrumbList","@id":"https:\/\/www.visit-ulcinj.com\/blog\/2014\/01\/09\/ulcinj-ekonomski-srozan-zaboravljen-u-svakom-smislu\/#breadcrumb","itemListElement":[{"@type":"ListItem","position":1,"name":"Ulcinj ekonomski srozan i zaboravljen u svakom smislu &#8211; Video"}]},{"@type":"Person","@id":"https:\/\/www.visit-ulcinj.com\/blog\/#\/schema\/person\/dcab619c614d3038751c63bc2aadc06d","name":"ulqini","sameAs":["http:\/\/www.visit-ulcinj.com"],"url":"https:\/\/www.visit-ulcinj.com\/blog\/author\/admin\/"}]}},"jetpack_featured_media_url":"","jetpack_sharing_enabled":true,"jetpack_shortlink":"https:\/\/wp.me\/pe6lTn-khq","_links":{"self":[{"href":"https:\/\/www.visit-ulcinj.com\/blog\/wp-json\/wp\/v2\/posts\/77960"}],"collection":[{"href":"https:\/\/www.visit-ulcinj.com\/blog\/wp-json\/wp\/v2\/posts"}],"about":[{"href":"https:\/\/www.visit-ulcinj.com\/blog\/wp-json\/wp\/v2\/types\/post"}],"author":[{"embeddable":true,"href":"https:\/\/www.visit-ulcinj.com\/blog\/wp-json\/wp\/v2\/users\/1"}],"replies":[{"embeddable":true,"href":"https:\/\/www.visit-ulcinj.com\/blog\/wp-json\/wp\/v2\/comments?post=77960"}],"version-history":[{"count":3,"href":"https:\/\/www.visit-ulcinj.com\/blog\/wp-json\/wp\/v2\/posts\/77960\/revisions"}],"predecessor-version":[{"id":77963,"href":"https:\/\/www.visit-ulcinj.com\/blog\/wp-json\/wp\/v2\/posts\/77960\/revisions\/77963"}],"wp:attachment":[{"href":"https:\/\/www.visit-ulcinj.com\/blog\/wp-json\/wp\/v2\/media?parent=77960"}],"wp:term":[{"taxonomy":"category","embeddable":true,"href":"https:\/\/www.visit-ulcinj.com\/blog\/wp-json\/wp\/v2\/categories?post=77960"},{"taxonomy":"post_tag","embeddable":true,"href":"https:\/\/www.visit-ulcinj.com\/blog\/wp-json\/wp\/v2\/tags?post=77960"}],"curies":[{"name":"wp","href":"https:\/\/api.w.org\/{rel}","templated":true}]}}