{"id":78005,"date":"2014-01-10T17:43:58","date_gmt":"2014-01-10T16:43:58","guid":{"rendered":"http:\/\/www.visit-ulcinj.com\/blog\/?p=78005"},"modified":"2014-01-10T17:54:43","modified_gmt":"2014-01-10T16:54:43","slug":"ko-ce-sa-kim-u-postizbornu-koaliciju-u-ulcinju","status":"publish","type":"post","link":"https:\/\/www.visit-ulcinj.com\/blog\/2014\/01\/10\/ko-ce-sa-kim-u-postizbornu-koaliciju-u-ulcinju\/","title":{"rendered":"Ko \u0107e sa kim u postizbornu koaliciju u Ulcinju?"},"content":{"rendered":"<p><a href=\"http:\/\/www.visit-ulcinj.com\/blog\/wp-content\/uploads\/2014\/01\/Postizborna-koalicija-u-Ulcinju-1.jpg\"><img loading=\"lazy\" class=\"alignleft  wp-image-78010\" alt=\"Postizborna koalicija u Ulcinju-1\" src=\"http:\/\/www.visit-ulcinj.com\/blog\/wp-content\/uploads\/2014\/01\/Postizborna-koalicija-u-Ulcinju-1.jpg\" width=\"508\" height=\"400\" \/><\/a>I dok se u Podgorici vaga ko \u0107e sa kim na izbore, u Ulcinju je pitanje &#8211; ko \u0107e \u010diniti postizbornu koalciju.<br \/>\nPrema najavama iz lokalnog DPS nakon 26. janura, kada \u0107e osam partija \u00a0i jedna koalicija odmjeriti snage u najju\u017enijoj crnogorskoj op\u0161tini \u00a0mogu\u0107 je scenario po kojem \u0107e se udru\u017eiti sa Forcom i SDP-om . Za Antenu M Ljoro Nreki\u0107:<\/p>\n<p>\u201c Naravno da \u0107emo sa onim partijama koje su bliske sa na\u0161om partijom i koje su u koaliciji na dr\u017eavnom nivou, to je jedno, a drugo, to \u0107e zavistiti kako se pona\u0161aju u predizbornoj kampanji, ukoliko se budu pona\u0161ali korektno i mi \u0107emo se pona\u0161ati korektno nakon izbora\u201d.<\/p>\n<p>Iz ulcinjskog SDP-a \u00a0poru\u010duju ne postoji partija na lokalnom nivou sa kojom ne bi mogli u postizbornu koaliciju.<\/p>\n<p>Skender Elezagi\u0107 podsje\u0107a da su sa DPS-om jedno vrijeme bili partneri na lokalnom, a sada na dr\u017eavnom nivou:<\/p>\n<p>\u201c \u00a0U principu imamo pozitivna iskustva, tako da je realna saradnja sa DPS-om \u00a0na nivou lokalne uprave nakon 26 januara\u201d.<\/p>\n<p>A kako Elezagi\u0107 gleda na mogu\u0107u saradnju sa Forcom:<\/p>\n<p>\u201c Normalno da \u0107emo prilikom dono\u0161enja takve odluke imati u vidu dosada\u0161nje iskustvo u vr\u0161enje vlasti u posljednje dvije godine. Naravno vodi\u0107emo ra\u010duna o personalnim re\u0161enjima koje budu ponudili koalicioni partneri, svakako vodi\u0107emo ra\u010duna i o tome da li sa ljudima koji budu vr\u0161ili odgovorne funkcije mo\u017eemo do\u0107i do ostvarenja zajedni\u010dkih ciljeva. \u00a0\u201c<\/p>\n<p>Do po\u010detka na\u0161e informativne emisije nije bilo mogu\u0107e dobiti komentar iz Force.<\/p>\n<p>A evo kakva je postizborna kombinatorika u Pozitivnoj. Dritan Abazovi\u0107:<\/p>\n<p>\u201c Na\u0161a ra\u010dunica je jednostavna, prvo mi \u017eelimo da vidimo kolika je na\u0161a snaga u Ulcinju i od toga \u0107e zavisiti da li \u0107emo uop\u0161te ulaziti u neke pregovore. \u0160to se nas ti\u010de mi imamo veoma jasan plan razvoja Ulcinja i svi oni koji budu \u017eeljeli da doprinesu razvoju grada na\u0161i su prirodni partneri. Oni koji su sve uradili u posljednih 20 godina da Ulcinj bude ekonomski devastiran nijesu prirodni partneri Pozitivne\u201d.<\/p>\n<p>Dakle, Pozitivna kao partnera u Ulcinju ne vidi DPS. \u00a0Abazovi\u0107 ima poruku i za ostale partije:<\/p>\n<p>\u201c Ukoliko kod drugih partnera bude takva vizija da oni budu isklju\u010deni iz budu\u0107e vlasti mi smo spremni za razgovore. Sa druge strane ono \u0161to je mnogo realnije jeste da su fakti\u010dki \u00a0nacionalne partije dogovorile sa DPS, samo marketin\u0161ki to ne \u017eele da prika\u017eu, kako ne bi gubili glasove. Mislim da je mnogo realno o\u010dekivati nastavak njihove saradnje, koja do sada nije donijela ni\u0161ta dobro Ulcinju, niti \u0107e\u201d.<\/p>\n<p>Podsje\u0107amo, do raspisivanja izbora u Ulcinju do\u0161lo je nakon \u0161to je na vanrednoj sjednici Skup\u0161tine op\u0161tine u novembru jednoglasno usvojena odluka o skra\u0107enju mandata odbornicima lokalnog parlamenta.<\/p>\n<p>Ina\u010de, kriza u vladaju\u0107oj koaliciji o\u010digledna je od jula. Tada je do\u0161lo do raskola \u00a0i \u00a0te\u0161kih optu\u017ebi izme\u0111u \u010delnika Force i \u00a0SDP-a.<\/p>\n<p>Nakon sjednice u julu, lokalni parlament nije zasijedao vi\u0161e od 100 dana.<br \/>\n<strong>Jelena \u0106etkovi\u0107<\/strong><br \/>\n<strong>Izvor: Radio Antena M<\/strong><\/p>\n","protected":false},"excerpt":{"rendered":"<p>I dok se u Podgorici vaga ko \u0107e sa kim na izbore, u Ulcinju je pitanje &#8211; ko \u0107e \u010diniti postizbornu koalciju. Prema najavama iz lokalnog DPS nakon 26. janura, kada \u0107e osam partija \u00a0i jedna koalicija odmjeriti snage u najju\u017enijoj crnogorskoj op\u0161tini \u00a0mogu\u0107 je scenario po kojem \u0107e se udru\u017eiti sa Forcom i SDP-om [&hellip;]<\/p>\n","protected":false},"author":1,"featured_media":0,"comment_status":"closed","ping_status":"closed","sticky":false,"template":"","format":"standard","meta":{"spay_email":"","jetpack_publicize_message":"","jetpack_is_tweetstorm":false,"jetpack_publicize_feature_enabled":true},"categories":[8337],"tags":[],"jetpack_publicize_connections":[],"yoast_head":"<!-- This site is optimized with the Yoast SEO plugin v19.1 - https:\/\/yoast.com\/wordpress\/plugins\/seo\/ -->\n<title>Ko \u0107e sa kim u postizbornu koaliciju u Ulcinju? - Lajme nga Ulqini<\/title>\n<meta name=\"description\" content=\"I dok se u Podgorici vaga ko \u0107e sa kim na izbore, u Ulcinju je pitanje - ko \u0107e \u010diniti postizbornu koalciju. Prema najavama iz lokalnog DPS nakon 26.\" \/>\n<meta name=\"robots\" content=\"index, follow, max-snippet:-1, max-image-preview:large, max-video-preview:-1\" \/>\n<link rel=\"canonical\" href=\"https:\/\/www.visit-ulcinj.com\/blog\/2014\/01\/10\/ko-ce-sa-kim-u-postizbornu-koaliciju-u-ulcinju\/\" \/>\n<meta property=\"og:locale\" content=\"en_US\" \/>\n<meta property=\"og:type\" content=\"article\" \/>\n<meta property=\"og:title\" content=\"Ko \u0107e sa kim u postizbornu koaliciju u Ulcinju? - Lajme nga Ulqini\" \/>\n<meta property=\"og:description\" content=\"I dok se u Podgorici vaga ko \u0107e sa kim na izbore, u Ulcinju je pitanje - ko \u0107e \u010diniti postizbornu koalciju. Prema najavama iz lokalnog DPS nakon 26.\" \/>\n<meta property=\"og:url\" content=\"https:\/\/www.visit-ulcinj.com\/blog\/2014\/01\/10\/ko-ce-sa-kim-u-postizbornu-koaliciju-u-ulcinju\/\" \/>\n<meta property=\"og:site_name\" content=\"Lajme nga Ulqini\" \/>\n<meta property=\"article:published_time\" content=\"2014-01-10T16:43:58+00:00\" \/>\n<meta property=\"article:modified_time\" content=\"2014-01-10T16:54:43+00:00\" \/>\n<meta property=\"og:image\" content=\"http:\/\/www.visit-ulcinj.com\/blog\/wp-content\/uploads\/2014\/01\/Postizborna-koalicija-u-Ulcinju-1.jpg\" \/>\n<meta name=\"twitter:label1\" content=\"Written by\" \/>\n\t<meta name=\"twitter:data1\" content=\"ulqini\" \/>\n\t<meta name=\"twitter:label2\" content=\"Est. reading time\" \/>\n\t<meta name=\"twitter:data2\" content=\"3 minutes\" \/>\n<script type=\"application\/ld+json\" class=\"yoast-schema-graph\">{\"@context\":\"https:\/\/schema.org\",\"@graph\":[{\"@type\":\"WebSite\",\"@id\":\"https:\/\/www.visit-ulcinj.com\/blog\/#website\",\"url\":\"https:\/\/www.visit-ulcinj.com\/blog\/\",\"name\":\"Lajme nga Ulqini\",\"description\":\"Lajme,Vijesti,Ulqini,Ulqin,Crna Gora,Mali i Zi\",\"potentialAction\":[{\"@type\":\"SearchAction\",\"target\":{\"@type\":\"EntryPoint\",\"urlTemplate\":\"https:\/\/www.visit-ulcinj.com\/blog\/?s={search_term_string}\"},\"query-input\":\"required name=search_term_string\"}],\"inLanguage\":\"en-US\"},{\"@type\":\"ImageObject\",\"inLanguage\":\"en-US\",\"@id\":\"https:\/\/www.visit-ulcinj.com\/blog\/2014\/01\/10\/ko-ce-sa-kim-u-postizbornu-koaliciju-u-ulcinju\/#primaryimage\",\"url\":\"https:\/\/www.visit-ulcinj.com\/blog\/wp-content\/uploads\/2014\/01\/Postizborna-koalicija-u-Ulcinju-1.jpg\",\"contentUrl\":\"https:\/\/www.visit-ulcinj.com\/blog\/wp-content\/uploads\/2014\/01\/Postizborna-koalicija-u-Ulcinju-1.jpg\",\"width\":1000,\"height\":1000},{\"@type\":\"WebPage\",\"@id\":\"https:\/\/www.visit-ulcinj.com\/blog\/2014\/01\/10\/ko-ce-sa-kim-u-postizbornu-koaliciju-u-ulcinju\/#webpage\",\"url\":\"https:\/\/www.visit-ulcinj.com\/blog\/2014\/01\/10\/ko-ce-sa-kim-u-postizbornu-koaliciju-u-ulcinju\/\",\"name\":\"Ko \u0107e sa kim u postizbornu koaliciju u Ulcinju? - Lajme nga Ulqini\",\"isPartOf\":{\"@id\":\"https:\/\/www.visit-ulcinj.com\/blog\/#website\"},\"primaryImageOfPage\":{\"@id\":\"https:\/\/www.visit-ulcinj.com\/blog\/2014\/01\/10\/ko-ce-sa-kim-u-postizbornu-koaliciju-u-ulcinju\/#primaryimage\"},\"datePublished\":\"2014-01-10T16:43:58+00:00\",\"dateModified\":\"2014-01-10T16:54:43+00:00\",\"author\":{\"@id\":\"https:\/\/www.visit-ulcinj.com\/blog\/#\/schema\/person\/dcab619c614d3038751c63bc2aadc06d\"},\"description\":\"I dok se u Podgorici vaga ko \u0107e sa kim na izbore, u Ulcinju je pitanje - ko \u0107e \u010diniti postizbornu koalciju. Prema najavama iz lokalnog DPS nakon 26.\",\"breadcrumb\":{\"@id\":\"https:\/\/www.visit-ulcinj.com\/blog\/2014\/01\/10\/ko-ce-sa-kim-u-postizbornu-koaliciju-u-ulcinju\/#breadcrumb\"},\"inLanguage\":\"en-US\",\"potentialAction\":[{\"@type\":\"ReadAction\",\"target\":[\"https:\/\/www.visit-ulcinj.com\/blog\/2014\/01\/10\/ko-ce-sa-kim-u-postizbornu-koaliciju-u-ulcinju\/\"]}]},{\"@type\":\"BreadcrumbList\",\"@id\":\"https:\/\/www.visit-ulcinj.com\/blog\/2014\/01\/10\/ko-ce-sa-kim-u-postizbornu-koaliciju-u-ulcinju\/#breadcrumb\",\"itemListElement\":[{\"@type\":\"ListItem\",\"position\":1,\"name\":\"Ko \u0107e sa kim u postizbornu koaliciju u Ulcinju?\"}]},{\"@type\":\"Person\",\"@id\":\"https:\/\/www.visit-ulcinj.com\/blog\/#\/schema\/person\/dcab619c614d3038751c63bc2aadc06d\",\"name\":\"ulqini\",\"sameAs\":[\"http:\/\/www.visit-ulcinj.com\"],\"url\":\"https:\/\/www.visit-ulcinj.com\/blog\/author\/admin\/\"}]}<\/script>\n<!-- \/ Yoast SEO plugin. -->","yoast_head_json":{"title":"Ko \u0107e sa kim u postizbornu koaliciju u Ulcinju? - Lajme nga Ulqini","description":"I dok se u Podgorici vaga ko \u0107e sa kim na izbore, u Ulcinju je pitanje - ko \u0107e \u010diniti postizbornu koalciju. Prema najavama iz lokalnog DPS nakon 26.","robots":{"index":"index","follow":"follow","max-snippet":"max-snippet:-1","max-image-preview":"max-image-preview:large","max-video-preview":"max-video-preview:-1"},"canonical":"https:\/\/www.visit-ulcinj.com\/blog\/2014\/01\/10\/ko-ce-sa-kim-u-postizbornu-koaliciju-u-ulcinju\/","og_locale":"en_US","og_type":"article","og_title":"Ko \u0107e sa kim u postizbornu koaliciju u Ulcinju? - Lajme nga Ulqini","og_description":"I dok se u Podgorici vaga ko \u0107e sa kim na izbore, u Ulcinju je pitanje - ko \u0107e \u010diniti postizbornu koalciju. Prema najavama iz lokalnog DPS nakon 26.","og_url":"https:\/\/www.visit-ulcinj.com\/blog\/2014\/01\/10\/ko-ce-sa-kim-u-postizbornu-koaliciju-u-ulcinju\/","og_site_name":"Lajme nga Ulqini","article_published_time":"2014-01-10T16:43:58+00:00","article_modified_time":"2014-01-10T16:54:43+00:00","og_image":[{"url":"http:\/\/www.visit-ulcinj.com\/blog\/wp-content\/uploads\/2014\/01\/Postizborna-koalicija-u-Ulcinju-1.jpg"}],"twitter_misc":{"Written by":"ulqini","Est. reading time":"3 minutes"},"schema":{"@context":"https:\/\/schema.org","@graph":[{"@type":"WebSite","@id":"https:\/\/www.visit-ulcinj.com\/blog\/#website","url":"https:\/\/www.visit-ulcinj.com\/blog\/","name":"Lajme nga Ulqini","description":"Lajme,Vijesti,Ulqini,Ulqin,Crna Gora,Mali i Zi","potentialAction":[{"@type":"SearchAction","target":{"@type":"EntryPoint","urlTemplate":"https:\/\/www.visit-ulcinj.com\/blog\/?s={search_term_string}"},"query-input":"required name=search_term_string"}],"inLanguage":"en-US"},{"@type":"ImageObject","inLanguage":"en-US","@id":"https:\/\/www.visit-ulcinj.com\/blog\/2014\/01\/10\/ko-ce-sa-kim-u-postizbornu-koaliciju-u-ulcinju\/#primaryimage","url":"https:\/\/www.visit-ulcinj.com\/blog\/wp-content\/uploads\/2014\/01\/Postizborna-koalicija-u-Ulcinju-1.jpg","contentUrl":"https:\/\/www.visit-ulcinj.com\/blog\/wp-content\/uploads\/2014\/01\/Postizborna-koalicija-u-Ulcinju-1.jpg","width":1000,"height":1000},{"@type":"WebPage","@id":"https:\/\/www.visit-ulcinj.com\/blog\/2014\/01\/10\/ko-ce-sa-kim-u-postizbornu-koaliciju-u-ulcinju\/#webpage","url":"https:\/\/www.visit-ulcinj.com\/blog\/2014\/01\/10\/ko-ce-sa-kim-u-postizbornu-koaliciju-u-ulcinju\/","name":"Ko \u0107e sa kim u postizbornu koaliciju u Ulcinju? - Lajme nga Ulqini","isPartOf":{"@id":"https:\/\/www.visit-ulcinj.com\/blog\/#website"},"primaryImageOfPage":{"@id":"https:\/\/www.visit-ulcinj.com\/blog\/2014\/01\/10\/ko-ce-sa-kim-u-postizbornu-koaliciju-u-ulcinju\/#primaryimage"},"datePublished":"2014-01-10T16:43:58+00:00","dateModified":"2014-01-10T16:54:43+00:00","author":{"@id":"https:\/\/www.visit-ulcinj.com\/blog\/#\/schema\/person\/dcab619c614d3038751c63bc2aadc06d"},"description":"I dok se u Podgorici vaga ko \u0107e sa kim na izbore, u Ulcinju je pitanje - ko \u0107e \u010diniti postizbornu koalciju. Prema najavama iz lokalnog DPS nakon 26.","breadcrumb":{"@id":"https:\/\/www.visit-ulcinj.com\/blog\/2014\/01\/10\/ko-ce-sa-kim-u-postizbornu-koaliciju-u-ulcinju\/#breadcrumb"},"inLanguage":"en-US","potentialAction":[{"@type":"ReadAction","target":["https:\/\/www.visit-ulcinj.com\/blog\/2014\/01\/10\/ko-ce-sa-kim-u-postizbornu-koaliciju-u-ulcinju\/"]}]},{"@type":"BreadcrumbList","@id":"https:\/\/www.visit-ulcinj.com\/blog\/2014\/01\/10\/ko-ce-sa-kim-u-postizbornu-koaliciju-u-ulcinju\/#breadcrumb","itemListElement":[{"@type":"ListItem","position":1,"name":"Ko \u0107e sa kim u postizbornu koaliciju u Ulcinju?"}]},{"@type":"Person","@id":"https:\/\/www.visit-ulcinj.com\/blog\/#\/schema\/person\/dcab619c614d3038751c63bc2aadc06d","name":"ulqini","sameAs":["http:\/\/www.visit-ulcinj.com"],"url":"https:\/\/www.visit-ulcinj.com\/blog\/author\/admin\/"}]}},"jetpack_featured_media_url":"","jetpack_sharing_enabled":true,"jetpack_shortlink":"https:\/\/wp.me\/pe6lTn-ki9","_links":{"self":[{"href":"https:\/\/www.visit-ulcinj.com\/blog\/wp-json\/wp\/v2\/posts\/78005"}],"collection":[{"href":"https:\/\/www.visit-ulcinj.com\/blog\/wp-json\/wp\/v2\/posts"}],"about":[{"href":"https:\/\/www.visit-ulcinj.com\/blog\/wp-json\/wp\/v2\/types\/post"}],"author":[{"embeddable":true,"href":"https:\/\/www.visit-ulcinj.com\/blog\/wp-json\/wp\/v2\/users\/1"}],"replies":[{"embeddable":true,"href":"https:\/\/www.visit-ulcinj.com\/blog\/wp-json\/wp\/v2\/comments?post=78005"}],"version-history":[{"count":2,"href":"https:\/\/www.visit-ulcinj.com\/blog\/wp-json\/wp\/v2\/posts\/78005\/revisions"}],"predecessor-version":[{"id":78011,"href":"https:\/\/www.visit-ulcinj.com\/blog\/wp-json\/wp\/v2\/posts\/78005\/revisions\/78011"}],"wp:attachment":[{"href":"https:\/\/www.visit-ulcinj.com\/blog\/wp-json\/wp\/v2\/media?parent=78005"}],"wp:term":[{"taxonomy":"category","embeddable":true,"href":"https:\/\/www.visit-ulcinj.com\/blog\/wp-json\/wp\/v2\/categories?post=78005"},{"taxonomy":"post_tag","embeddable":true,"href":"https:\/\/www.visit-ulcinj.com\/blog\/wp-json\/wp\/v2\/tags?post=78005"}],"curies":[{"name":"wp","href":"https:\/\/api.w.org\/{rel}","templated":true}]}}