{"id":78012,"date":"2014-01-10T18:25:53","date_gmt":"2014-01-10T17:25:53","guid":{"rendered":"http:\/\/www.visit-ulcinj.com\/blog\/?p=78012"},"modified":"2014-01-10T18:25:53","modified_gmt":"2014-01-10T17:25:53","slug":"munib-abazit-ndahet-cmimi-kult-per-vitin-2013-ne-komunen-e-ulqinit","status":"publish","type":"post","link":"https:\/\/www.visit-ulcinj.com\/blog\/2014\/01\/10\/munib-abazit-ndahet-cmimi-kult-per-vitin-2013-ne-komunen-e-ulqinit\/","title":{"rendered":"Munib Abazit i ndahet \u00e7mimi Kult p\u00ebr vitin 2013 ne komunen e Ulqinit"},"content":{"rendered":"<p><a href=\"http:\/\/www.visit-ulcinj.com\/blog\/wp-content\/uploads\/2014\/01\/Munib-Abazit-i-ndahet-\u00e7mimi-Kult-p\u00ebr-vitin-2013.jpg\"><img loading=\"lazy\" class=\"alignleft  wp-image-78013\" alt=\"Munib Abazit i ndahet \u00e7mimi Kult p\u00ebr vitin 2013\" src=\"http:\/\/www.visit-ulcinj.com\/blog\/wp-content\/uploads\/2014\/01\/Munib-Abazit-i-ndahet-\u00e7mimi-Kult-p\u00ebr-vitin-2013.jpg\" width=\"508\" height=\"360\" \/><\/a>N\u00eb organizim t\u00eb Sekretariatit p\u00ebr Administrat\u00eb dhe veprimtari shoq\u00ebrore, n\u00eb hyrjen e Komunes s\u00eb Ulqinit u organizua ceremonia e ndarjes s\u00eb \u00e7mimeve p\u00ebr per kuntributin e dhene ne zhvillimin dhe afirmimin e kultures ne Ulqin. N\u00eb k\u00ebt\u00eb ceremoni u nda edhe mir\u00ebnjohja p\u00ebr regjisorin me t\u00eb mire te koreodram\u00ebs \u2018Kalendari\u2019 z. Munib Abazit.<br \/>\n<a href=\"http:\/\/www.visit-ulcinj.com\/blog\/wp-content\/uploads\/2014\/01\/Munib-Abazit-i-ndahet-\u00e7mimi-Kult-p\u00ebr-vitin-2013nga-Met-Gjoni.jpg\"><img loading=\"lazy\" class=\"alignleft  wp-image-78014\" alt=\"Munib Abazit i ndahet \u00e7mimi Kult p\u00ebr vitin 2013nga Met-Gjoni\" src=\"http:\/\/www.visit-ulcinj.com\/blog\/wp-content\/uploads\/2014\/01\/Munib-Abazit-i-ndahet-\u00e7mimi-Kult-p\u00ebr-vitin-2013nga-Met-Gjoni.jpg\" width=\"508\" height=\"360\" \/><\/a><\/p>\n<p>N\u00eb ket\u00eb ceremoni moren pjes\u00eb dhe nenkryetari i komunes s\u00eb Ulqinit z.Met Gjoni i cili b\u00ebri dor\u00ebzimin e diplomave dhe trofej\u00ebve dhe uroj an\u00ebtaret per kuntributin e dhene ne zhvillimin dhe afirmimin e kultures ne Ulqin qe edhe n\u00eb t\u00eb ardhmen t\u00eb vazhdojn t\u00eb shenojn suksese si deri tani.\/Lajme nga Ulqini\/<\/p>\n","protected":false},"excerpt":{"rendered":"<p>N\u00eb organizim t\u00eb Sekretariatit p\u00ebr Administrat\u00eb dhe veprimtari shoq\u00ebrore, n\u00eb hyrjen e Komunes s\u00eb Ulqinit u organizua ceremonia e ndarjes s\u00eb \u00e7mimeve p\u00ebr per kuntributin e dhene ne zhvillimin dhe afirmimin e kultures ne Ulqin. N\u00eb k\u00ebt\u00eb ceremoni u nda edhe mir\u00ebnjohja p\u00ebr regjisorin me t\u00eb mire te koreodram\u00ebs \u2018Kalendari\u2019 z. Munib Abazit. N\u00eb ket\u00eb [&hellip;]<\/p>\n","protected":false},"author":1,"featured_media":0,"comment_status":"closed","ping_status":"closed","sticky":false,"template":"","format":"standard","meta":{"spay_email":"","jetpack_publicize_message":"","jetpack_is_tweetstorm":false,"jetpack_publicize_feature_enabled":true},"categories":[4],"tags":[],"jetpack_publicize_connections":[],"yoast_head":"<!-- This site is optimized with the Yoast SEO plugin v19.1 - https:\/\/yoast.com\/wordpress\/plugins\/seo\/ -->\n<title>Munib Abazit i ndahet \u00e7mimi Kult p\u00ebr vitin 2013 ne komunen e Ulqinit - Lajme nga Ulqini<\/title>\n<meta name=\"description\" content=\"N\u00eb organizim t\u00eb Sekretariatit p\u00ebr Administrat\u00eb dhe veprimtari shoq\u00ebrore, n\u00eb hyrjen e Komunes s\u00eb Ulqinit u organizua ceremonia e ndarjes s\u00eb \u00e7mimeve p\u00ebr per\" \/>\n<meta name=\"robots\" content=\"index, follow, max-snippet:-1, max-image-preview:large, max-video-preview:-1\" \/>\n<link rel=\"canonical\" href=\"https:\/\/www.visit-ulcinj.com\/blog\/2014\/01\/10\/munib-abazit-ndahet-cmimi-kult-per-vitin-2013-ne-komunen-e-ulqinit\/\" \/>\n<meta property=\"og:locale\" content=\"en_US\" \/>\n<meta property=\"og:type\" content=\"article\" \/>\n<meta property=\"og:title\" content=\"Munib Abazit i ndahet \u00e7mimi Kult p\u00ebr vitin 2013 ne komunen e Ulqinit - Lajme nga Ulqini\" \/>\n<meta property=\"og:description\" content=\"N\u00eb organizim t\u00eb Sekretariatit p\u00ebr Administrat\u00eb dhe veprimtari shoq\u00ebrore, n\u00eb hyrjen e Komunes s\u00eb Ulqinit u organizua ceremonia e ndarjes s\u00eb \u00e7mimeve p\u00ebr per\" \/>\n<meta property=\"og:url\" content=\"https:\/\/www.visit-ulcinj.com\/blog\/2014\/01\/10\/munib-abazit-ndahet-cmimi-kult-per-vitin-2013-ne-komunen-e-ulqinit\/\" \/>\n<meta property=\"og:site_name\" content=\"Lajme nga Ulqini\" \/>\n<meta property=\"article:published_time\" content=\"2014-01-10T17:25:53+00:00\" \/>\n<meta name=\"twitter:label1\" content=\"Written by\" \/>\n\t<meta name=\"twitter:data1\" content=\"ulqini\" \/>\n\t<meta name=\"twitter:label2\" content=\"Est. reading time\" \/>\n\t<meta name=\"twitter:data2\" content=\"1 minute\" \/>\n<script type=\"application\/ld+json\" class=\"yoast-schema-graph\">{\"@context\":\"https:\/\/schema.org\",\"@graph\":[{\"@type\":\"WebSite\",\"@id\":\"https:\/\/www.visit-ulcinj.com\/blog\/#website\",\"url\":\"https:\/\/www.visit-ulcinj.com\/blog\/\",\"name\":\"Lajme nga Ulqini\",\"description\":\"Lajme,Vijesti,Ulqini,Ulqin,Crna Gora,Mali i Zi\",\"potentialAction\":[{\"@type\":\"SearchAction\",\"target\":{\"@type\":\"EntryPoint\",\"urlTemplate\":\"https:\/\/www.visit-ulcinj.com\/blog\/?s={search_term_string}\"},\"query-input\":\"required name=search_term_string\"}],\"inLanguage\":\"en-US\"},{\"@type\":\"WebPage\",\"@id\":\"https:\/\/www.visit-ulcinj.com\/blog\/2014\/01\/10\/munib-abazit-ndahet-cmimi-kult-per-vitin-2013-ne-komunen-e-ulqinit\/#webpage\",\"url\":\"https:\/\/www.visit-ulcinj.com\/blog\/2014\/01\/10\/munib-abazit-ndahet-cmimi-kult-per-vitin-2013-ne-komunen-e-ulqinit\/\",\"name\":\"Munib Abazit i ndahet \u00e7mimi Kult p\u00ebr vitin 2013 ne komunen e Ulqinit - Lajme nga Ulqini\",\"isPartOf\":{\"@id\":\"https:\/\/www.visit-ulcinj.com\/blog\/#website\"},\"datePublished\":\"2014-01-10T17:25:53+00:00\",\"dateModified\":\"2014-01-10T17:25:53+00:00\",\"author\":{\"@id\":\"https:\/\/www.visit-ulcinj.com\/blog\/#\/schema\/person\/dcab619c614d3038751c63bc2aadc06d\"},\"description\":\"N\u00eb organizim t\u00eb Sekretariatit p\u00ebr Administrat\u00eb dhe veprimtari shoq\u00ebrore, n\u00eb hyrjen e Komunes s\u00eb Ulqinit u organizua ceremonia e ndarjes s\u00eb \u00e7mimeve p\u00ebr per\",\"breadcrumb\":{\"@id\":\"https:\/\/www.visit-ulcinj.com\/blog\/2014\/01\/10\/munib-abazit-ndahet-cmimi-kult-per-vitin-2013-ne-komunen-e-ulqinit\/#breadcrumb\"},\"inLanguage\":\"en-US\",\"potentialAction\":[{\"@type\":\"ReadAction\",\"target\":[\"https:\/\/www.visit-ulcinj.com\/blog\/2014\/01\/10\/munib-abazit-ndahet-cmimi-kult-per-vitin-2013-ne-komunen-e-ulqinit\/\"]}]},{\"@type\":\"BreadcrumbList\",\"@id\":\"https:\/\/www.visit-ulcinj.com\/blog\/2014\/01\/10\/munib-abazit-ndahet-cmimi-kult-per-vitin-2013-ne-komunen-e-ulqinit\/#breadcrumb\",\"itemListElement\":[{\"@type\":\"ListItem\",\"position\":1,\"name\":\"Munib Abazit i ndahet \u00e7mimi Kult p\u00ebr vitin 2013 ne komunen e Ulqinit\"}]},{\"@type\":\"Person\",\"@id\":\"https:\/\/www.visit-ulcinj.com\/blog\/#\/schema\/person\/dcab619c614d3038751c63bc2aadc06d\",\"name\":\"ulqini\",\"sameAs\":[\"http:\/\/www.visit-ulcinj.com\"],\"url\":\"https:\/\/www.visit-ulcinj.com\/blog\/author\/admin\/\"}]}<\/script>\n<!-- \/ Yoast SEO plugin. -->","yoast_head_json":{"title":"Munib Abazit i ndahet \u00e7mimi Kult p\u00ebr vitin 2013 ne komunen e Ulqinit - Lajme nga Ulqini","description":"N\u00eb organizim t\u00eb Sekretariatit p\u00ebr Administrat\u00eb dhe veprimtari shoq\u00ebrore, n\u00eb hyrjen e Komunes s\u00eb Ulqinit u organizua ceremonia e ndarjes s\u00eb \u00e7mimeve p\u00ebr per","robots":{"index":"index","follow":"follow","max-snippet":"max-snippet:-1","max-image-preview":"max-image-preview:large","max-video-preview":"max-video-preview:-1"},"canonical":"https:\/\/www.visit-ulcinj.com\/blog\/2014\/01\/10\/munib-abazit-ndahet-cmimi-kult-per-vitin-2013-ne-komunen-e-ulqinit\/","og_locale":"en_US","og_type":"article","og_title":"Munib Abazit i ndahet \u00e7mimi Kult p\u00ebr vitin 2013 ne komunen e Ulqinit - Lajme nga Ulqini","og_description":"N\u00eb organizim t\u00eb Sekretariatit p\u00ebr Administrat\u00eb dhe veprimtari shoq\u00ebrore, n\u00eb hyrjen e Komunes s\u00eb Ulqinit u organizua ceremonia e ndarjes s\u00eb \u00e7mimeve p\u00ebr per","og_url":"https:\/\/www.visit-ulcinj.com\/blog\/2014\/01\/10\/munib-abazit-ndahet-cmimi-kult-per-vitin-2013-ne-komunen-e-ulqinit\/","og_site_name":"Lajme nga Ulqini","article_published_time":"2014-01-10T17:25:53+00:00","twitter_misc":{"Written by":"ulqini","Est. reading time":"1 minute"},"schema":{"@context":"https:\/\/schema.org","@graph":[{"@type":"WebSite","@id":"https:\/\/www.visit-ulcinj.com\/blog\/#website","url":"https:\/\/www.visit-ulcinj.com\/blog\/","name":"Lajme nga Ulqini","description":"Lajme,Vijesti,Ulqini,Ulqin,Crna Gora,Mali i Zi","potentialAction":[{"@type":"SearchAction","target":{"@type":"EntryPoint","urlTemplate":"https:\/\/www.visit-ulcinj.com\/blog\/?s={search_term_string}"},"query-input":"required name=search_term_string"}],"inLanguage":"en-US"},{"@type":"WebPage","@id":"https:\/\/www.visit-ulcinj.com\/blog\/2014\/01\/10\/munib-abazit-ndahet-cmimi-kult-per-vitin-2013-ne-komunen-e-ulqinit\/#webpage","url":"https:\/\/www.visit-ulcinj.com\/blog\/2014\/01\/10\/munib-abazit-ndahet-cmimi-kult-per-vitin-2013-ne-komunen-e-ulqinit\/","name":"Munib Abazit i ndahet \u00e7mimi Kult p\u00ebr vitin 2013 ne komunen e Ulqinit - Lajme nga Ulqini","isPartOf":{"@id":"https:\/\/www.visit-ulcinj.com\/blog\/#website"},"datePublished":"2014-01-10T17:25:53+00:00","dateModified":"2014-01-10T17:25:53+00:00","author":{"@id":"https:\/\/www.visit-ulcinj.com\/blog\/#\/schema\/person\/dcab619c614d3038751c63bc2aadc06d"},"description":"N\u00eb organizim t\u00eb Sekretariatit p\u00ebr Administrat\u00eb dhe veprimtari shoq\u00ebrore, n\u00eb hyrjen e Komunes s\u00eb Ulqinit u organizua ceremonia e ndarjes s\u00eb \u00e7mimeve p\u00ebr per","breadcrumb":{"@id":"https:\/\/www.visit-ulcinj.com\/blog\/2014\/01\/10\/munib-abazit-ndahet-cmimi-kult-per-vitin-2013-ne-komunen-e-ulqinit\/#breadcrumb"},"inLanguage":"en-US","potentialAction":[{"@type":"ReadAction","target":["https:\/\/www.visit-ulcinj.com\/blog\/2014\/01\/10\/munib-abazit-ndahet-cmimi-kult-per-vitin-2013-ne-komunen-e-ulqinit\/"]}]},{"@type":"BreadcrumbList","@id":"https:\/\/www.visit-ulcinj.com\/blog\/2014\/01\/10\/munib-abazit-ndahet-cmimi-kult-per-vitin-2013-ne-komunen-e-ulqinit\/#breadcrumb","itemListElement":[{"@type":"ListItem","position":1,"name":"Munib Abazit i ndahet \u00e7mimi Kult p\u00ebr vitin 2013 ne komunen e Ulqinit"}]},{"@type":"Person","@id":"https:\/\/www.visit-ulcinj.com\/blog\/#\/schema\/person\/dcab619c614d3038751c63bc2aadc06d","name":"ulqini","sameAs":["http:\/\/www.visit-ulcinj.com"],"url":"https:\/\/www.visit-ulcinj.com\/blog\/author\/admin\/"}]}},"jetpack_featured_media_url":"","jetpack_sharing_enabled":true,"jetpack_shortlink":"https:\/\/wp.me\/pe6lTn-kig","_links":{"self":[{"href":"https:\/\/www.visit-ulcinj.com\/blog\/wp-json\/wp\/v2\/posts\/78012"}],"collection":[{"href":"https:\/\/www.visit-ulcinj.com\/blog\/wp-json\/wp\/v2\/posts"}],"about":[{"href":"https:\/\/www.visit-ulcinj.com\/blog\/wp-json\/wp\/v2\/types\/post"}],"author":[{"embeddable":true,"href":"https:\/\/www.visit-ulcinj.com\/blog\/wp-json\/wp\/v2\/users\/1"}],"replies":[{"embeddable":true,"href":"https:\/\/www.visit-ulcinj.com\/blog\/wp-json\/wp\/v2\/comments?post=78012"}],"version-history":[{"count":1,"href":"https:\/\/www.visit-ulcinj.com\/blog\/wp-json\/wp\/v2\/posts\/78012\/revisions"}],"predecessor-version":[{"id":78015,"href":"https:\/\/www.visit-ulcinj.com\/blog\/wp-json\/wp\/v2\/posts\/78012\/revisions\/78015"}],"wp:attachment":[{"href":"https:\/\/www.visit-ulcinj.com\/blog\/wp-json\/wp\/v2\/media?parent=78012"}],"wp:term":[{"taxonomy":"category","embeddable":true,"href":"https:\/\/www.visit-ulcinj.com\/blog\/wp-json\/wp\/v2\/categories?post=78012"},{"taxonomy":"post_tag","embeddable":true,"href":"https:\/\/www.visit-ulcinj.com\/blog\/wp-json\/wp\/v2\/tags?post=78012"}],"curies":[{"name":"wp","href":"https:\/\/api.w.org\/{rel}","templated":true}]}}