{"id":7803,"date":"2008-12-28T20:44:12","date_gmt":"2008-12-28T19:44:12","guid":{"rendered":"http:\/\/www.visit-ulcinj.com\/blog\/?p=7803"},"modified":"2008-12-28T20:44:12","modified_gmt":"2008-12-28T19:44:12","slug":"mbi-150-te-vrare-dhe-300-te-plagosur-ne-rripin-e-gazes","status":"publish","type":"post","link":"https:\/\/www.visit-ulcinj.com\/blog\/2008\/12\/28\/mbi-150-te-vrare-dhe-300-te-plagosur-ne-rripin-e-gazes\/","title":{"rendered":"Mbi 150 t\u00eb vrar\u00eb dhe 300 t\u00eb plagosur n\u00eb Rripin e Gaz\u00ebs"},"content":{"rendered":"<p><img loading=\"lazy\" class=\"alignleft size-full wp-image-7804\" title=\"izraeli-masaker-ne-palestine\" src=\"http:\/\/www.visit-ulcinj.com\/blog\/wp-content\/uploads\/2008\/12\/izraeli-masaker-ne-palestine.jpg\" alt=\"izraeli-masaker-ne-palestine\" width=\"346\" height=\"259\" \/>Si pasoj\u00eb e sulmeve izraelite me raketa, n\u00eb Rripin e Gaz\u00ebs jan\u00eb vrar\u00eb t\u00eb pakt\u00ebn 150 vet\u00eb, nd\u00ebrsa jan\u00eb plagosur mbi 300 t\u00eb tjer\u00eb. Supozohet se nd\u00ebr t\u00eb vrar\u00ebt \u00ebsht\u00eb edhe shefi i policis\u00eb s\u00eb Hamasit.<br \/>\nHamasi \u00ebsht\u00eb p\u00ebrgjigjur me kund\u00ebrgoditje ndaj territoreve izraelite, prej nga njoftohet p\u00ebr nj\u00eb izraelit t\u00eb vrar\u00eb. Presidenti palestinez Mahmoud Abbas, ka d\u00ebnuar sulmet izraelite dhe ka vendosur kontakte urgjente me disa prej homolog\u00ebve t\u00eb tij nga vendet e rajonit.<br \/>\nP\u00ebr shkak t\u00eb gjendjes alarmante, Egjipti i ka hapur kufijt\u00eb p\u00ebr automjetet e ndihm\u00ebs s\u00eb shpejt\u00eb, n\u00eb pjes\u00ebn ku kufizohet me Rripin e Gaz\u00ebs.<br \/>\nMinistrat e jasht\u00ebm t\u00eb shteteve arabe paralajm\u00ebruan k\u00ebshillime emergjente. Nd\u00ebrkoh\u00eb q\u00eb p\u00ebrfaq\u00ebsuesi i BE p\u00ebr politik\u00ebn e jashtme dhe sigurin\u00eb, Javier Solana u ka b\u00ebr\u00eb thirrje pal\u00ebve p\u00ebr nd\u00ebrprerjen e menj\u00ebhershme t\u00eb konflikteve.<br \/>\nBritania e Madhe \u00ebsht\u00eb shprehur e shqet\u00ebsuar p\u00ebr shkak t\u00eb sulmeve izraelite. SHBA-t\u00eb kumtuan se Hamasi duhet t\u00eb nd\u00ebrpres\u00eb sulmet terroriste, n\u00eb qoft\u00eb se do t\u00eb b\u00ebhet pjes\u00eb e zgjidhjes paq\u00ebsore.<br \/>\nNd\u00ebrsa Izraeli ka paralajm\u00ebruar mund\u00ebsin\u00eb e shtrirjes s\u00eb sulmeve kund\u00ebr islamist\u00ebve radikal\u00eb. P\u00ebrfaq\u00ebsuesi i Ministris\u00eb s\u00eb Jashtme, Jigal Palmor deklaroi: &#8220;N\u00eb qoft\u00eb se Hamasi vazhdon agresionin e tij, ne nuk kemi zgjidhje tjet\u00ebr. Por ende nuk \u00ebsht\u00eb von\u00eb q\u00eb palestinez\u00ebt t&#8217;i b\u00ebjn\u00eb thirrje Hamasit q\u00eb ta nd\u00ebrprej\u00eb dhun\u00ebn.&#8221;<br \/>\nPresidenti izraelit Shimon Peres, me gjith\u00eb shkall\u00ebzimin e situat\u00ebs, e konsideron t\u00eb mundshme nj\u00eb marr\u00ebveshje me palestinez\u00ebt vitin e ardhsh\u00ebm. Mir\u00ebpo mbajt\u00ebsi i \u00e7mimit Nobel p\u00ebr paqen, ka p\u00ebrjashtuar bisedimet me Hamasin.<br \/>\n<strong>D-Welle<\/strong><\/p>\n<p>[flv]http:\/\/shqiphost.top-channel.tv\/18754796\/flv\/kronika\/ofensivaizrael.flv[\/flv]<\/p>\n","protected":false},"excerpt":{"rendered":"<p>Si pasoj\u00eb e sulmeve izraelite me raketa, n\u00eb Rripin e Gaz\u00ebs jan\u00eb vrar\u00eb t\u00eb pakt\u00ebn 150 vet\u00eb, nd\u00ebrsa jan\u00eb plagosur mbi 300 t\u00eb tjer\u00eb. Supozohet se nd\u00ebr t\u00eb vrar\u00ebt \u00ebsht\u00eb edhe shefi i policis\u00eb s\u00eb Hamasit. Hamasi \u00ebsht\u00eb p\u00ebrgjigjur me kund\u00ebrgoditje ndaj territoreve izraelite, prej nga njoftohet p\u00ebr nj\u00eb izraelit t\u00eb vrar\u00eb. Presidenti palestinez Mahmoud [&hellip;]<\/p>\n","protected":false},"author":1,"featured_media":0,"comment_status":"open","ping_status":"closed","sticky":false,"template":"","format":"standard","meta":{"spay_email":"","jetpack_publicize_message":"","jetpack_is_tweetstorm":false,"jetpack_publicize_feature_enabled":true},"categories":[7],"tags":[5464,5467,5465,5463,5466],"jetpack_publicize_connections":[],"yoast_head":"<!-- This site is optimized with the Yoast SEO plugin v19.1 - https:\/\/yoast.com\/wordpress\/plugins\/seo\/ -->\n<title>Mbi 150 t\u00eb vrar\u00eb dhe 300 t\u00eb plagosur n\u00eb Rripin e Gaz\u00ebs - Lajme nga Ulqini<\/title>\n<meta name=\"description\" content=\"Si pasoj\u00eb e sulmeve izraelite me raketa, n\u00eb Rripin e Gaz\u00ebs jan\u00eb vrar\u00eb t\u00eb pakt\u00ebn 150 vet\u00eb, nd\u00ebrsa jan\u00eb plagosur mbi 300 t\u00eb tjer\u00eb. Supozohet se nd\u00ebr t\u00eb\" \/>\n<meta name=\"robots\" content=\"index, follow, max-snippet:-1, max-image-preview:large, max-video-preview:-1\" \/>\n<link rel=\"canonical\" href=\"https:\/\/www.visit-ulcinj.com\/blog\/2008\/12\/28\/mbi-150-te-vrare-dhe-300-te-plagosur-ne-rripin-e-gazes\/\" \/>\n<meta property=\"og:locale\" content=\"en_US\" \/>\n<meta property=\"og:type\" content=\"article\" \/>\n<meta property=\"og:title\" content=\"Mbi 150 t\u00eb vrar\u00eb dhe 300 t\u00eb plagosur n\u00eb Rripin e Gaz\u00ebs - Lajme nga Ulqini\" \/>\n<meta property=\"og:description\" content=\"Si pasoj\u00eb e sulmeve izraelite me raketa, n\u00eb Rripin e Gaz\u00ebs jan\u00eb vrar\u00eb t\u00eb pakt\u00ebn 150 vet\u00eb, nd\u00ebrsa jan\u00eb plagosur mbi 300 t\u00eb tjer\u00eb. Supozohet se nd\u00ebr t\u00eb\" \/>\n<meta property=\"og:url\" content=\"https:\/\/www.visit-ulcinj.com\/blog\/2008\/12\/28\/mbi-150-te-vrare-dhe-300-te-plagosur-ne-rripin-e-gazes\/\" \/>\n<meta property=\"og:site_name\" content=\"Lajme nga Ulqini\" \/>\n<meta property=\"article:published_time\" content=\"2008-12-28T19:44:12+00:00\" \/>\n<meta property=\"og:image\" content=\"http:\/\/www.visit-ulcinj.com\/blog\/wp-content\/uploads\/2008\/12\/izraeli-masaker-ne-palestine.jpg\" \/>\n<meta name=\"twitter:label1\" content=\"Written by\" \/>\n\t<meta name=\"twitter:data1\" content=\"ulqini\" \/>\n\t<meta name=\"twitter:label2\" content=\"Est. reading time\" \/>\n\t<meta name=\"twitter:data2\" content=\"2 minutes\" \/>\n<script type=\"application\/ld+json\" class=\"yoast-schema-graph\">{\"@context\":\"https:\/\/schema.org\",\"@graph\":[{\"@type\":\"WebSite\",\"@id\":\"https:\/\/www.visit-ulcinj.com\/blog\/#website\",\"url\":\"https:\/\/www.visit-ulcinj.com\/blog\/\",\"name\":\"Lajme nga Ulqini\",\"description\":\"Lajme,Vijesti,Ulqini,Ulqin,Crna Gora,Mali i Zi\",\"potentialAction\":[{\"@type\":\"SearchAction\",\"target\":{\"@type\":\"EntryPoint\",\"urlTemplate\":\"https:\/\/www.visit-ulcinj.com\/blog\/?s={search_term_string}\"},\"query-input\":\"required name=search_term_string\"}],\"inLanguage\":\"en-US\"},{\"@type\":\"ImageObject\",\"inLanguage\":\"en-US\",\"@id\":\"https:\/\/www.visit-ulcinj.com\/blog\/2008\/12\/28\/mbi-150-te-vrare-dhe-300-te-plagosur-ne-rripin-e-gazes\/#primaryimage\",\"url\":\"http:\/\/www.visit-ulcinj.com\/blog\/wp-content\/uploads\/2008\/12\/izraeli-masaker-ne-palestine.jpg\",\"contentUrl\":\"http:\/\/www.visit-ulcinj.com\/blog\/wp-content\/uploads\/2008\/12\/izraeli-masaker-ne-palestine.jpg\"},{\"@type\":\"WebPage\",\"@id\":\"https:\/\/www.visit-ulcinj.com\/blog\/2008\/12\/28\/mbi-150-te-vrare-dhe-300-te-plagosur-ne-rripin-e-gazes\/#webpage\",\"url\":\"https:\/\/www.visit-ulcinj.com\/blog\/2008\/12\/28\/mbi-150-te-vrare-dhe-300-te-plagosur-ne-rripin-e-gazes\/\",\"name\":\"Mbi 150 t\u00eb vrar\u00eb dhe 300 t\u00eb plagosur n\u00eb Rripin e Gaz\u00ebs - Lajme nga Ulqini\",\"isPartOf\":{\"@id\":\"https:\/\/www.visit-ulcinj.com\/blog\/#website\"},\"primaryImageOfPage\":{\"@id\":\"https:\/\/www.visit-ulcinj.com\/blog\/2008\/12\/28\/mbi-150-te-vrare-dhe-300-te-plagosur-ne-rripin-e-gazes\/#primaryimage\"},\"datePublished\":\"2008-12-28T19:44:12+00:00\",\"dateModified\":\"2008-12-28T19:44:12+00:00\",\"author\":{\"@id\":\"https:\/\/www.visit-ulcinj.com\/blog\/#\/schema\/person\/dcab619c614d3038751c63bc2aadc06d\"},\"description\":\"Si pasoj\u00eb e sulmeve izraelite me raketa, n\u00eb Rripin e Gaz\u00ebs jan\u00eb vrar\u00eb t\u00eb pakt\u00ebn 150 vet\u00eb, nd\u00ebrsa jan\u00eb plagosur mbi 300 t\u00eb tjer\u00eb. Supozohet se nd\u00ebr t\u00eb\",\"breadcrumb\":{\"@id\":\"https:\/\/www.visit-ulcinj.com\/blog\/2008\/12\/28\/mbi-150-te-vrare-dhe-300-te-plagosur-ne-rripin-e-gazes\/#breadcrumb\"},\"inLanguage\":\"en-US\",\"potentialAction\":[{\"@type\":\"ReadAction\",\"target\":[\"https:\/\/www.visit-ulcinj.com\/blog\/2008\/12\/28\/mbi-150-te-vrare-dhe-300-te-plagosur-ne-rripin-e-gazes\/\"]}]},{\"@type\":\"BreadcrumbList\",\"@id\":\"https:\/\/www.visit-ulcinj.com\/blog\/2008\/12\/28\/mbi-150-te-vrare-dhe-300-te-plagosur-ne-rripin-e-gazes\/#breadcrumb\",\"itemListElement\":[{\"@type\":\"ListItem\",\"position\":1,\"name\":\"Mbi 150 t\u00eb vrar\u00eb dhe 300 t\u00eb plagosur n\u00eb Rripin e Gaz\u00ebs\"}]},{\"@type\":\"Person\",\"@id\":\"https:\/\/www.visit-ulcinj.com\/blog\/#\/schema\/person\/dcab619c614d3038751c63bc2aadc06d\",\"name\":\"ulqini\",\"sameAs\":[\"http:\/\/www.visit-ulcinj.com\"],\"url\":\"https:\/\/www.visit-ulcinj.com\/blog\/author\/admin\/\"}]}<\/script>\n<!-- \/ Yoast SEO plugin. -->","yoast_head_json":{"title":"Mbi 150 t\u00eb vrar\u00eb dhe 300 t\u00eb plagosur n\u00eb Rripin e Gaz\u00ebs - Lajme nga Ulqini","description":"Si pasoj\u00eb e sulmeve izraelite me raketa, n\u00eb Rripin e Gaz\u00ebs jan\u00eb vrar\u00eb t\u00eb pakt\u00ebn 150 vet\u00eb, nd\u00ebrsa jan\u00eb plagosur mbi 300 t\u00eb tjer\u00eb. Supozohet se nd\u00ebr t\u00eb","robots":{"index":"index","follow":"follow","max-snippet":"max-snippet:-1","max-image-preview":"max-image-preview:large","max-video-preview":"max-video-preview:-1"},"canonical":"https:\/\/www.visit-ulcinj.com\/blog\/2008\/12\/28\/mbi-150-te-vrare-dhe-300-te-plagosur-ne-rripin-e-gazes\/","og_locale":"en_US","og_type":"article","og_title":"Mbi 150 t\u00eb vrar\u00eb dhe 300 t\u00eb plagosur n\u00eb Rripin e Gaz\u00ebs - Lajme nga Ulqini","og_description":"Si pasoj\u00eb e sulmeve izraelite me raketa, n\u00eb Rripin e Gaz\u00ebs jan\u00eb vrar\u00eb t\u00eb pakt\u00ebn 150 vet\u00eb, nd\u00ebrsa jan\u00eb plagosur mbi 300 t\u00eb tjer\u00eb. Supozohet se nd\u00ebr t\u00eb","og_url":"https:\/\/www.visit-ulcinj.com\/blog\/2008\/12\/28\/mbi-150-te-vrare-dhe-300-te-plagosur-ne-rripin-e-gazes\/","og_site_name":"Lajme nga Ulqini","article_published_time":"2008-12-28T19:44:12+00:00","og_image":[{"url":"http:\/\/www.visit-ulcinj.com\/blog\/wp-content\/uploads\/2008\/12\/izraeli-masaker-ne-palestine.jpg"}],"twitter_misc":{"Written by":"ulqini","Est. reading time":"2 minutes"},"schema":{"@context":"https:\/\/schema.org","@graph":[{"@type":"WebSite","@id":"https:\/\/www.visit-ulcinj.com\/blog\/#website","url":"https:\/\/www.visit-ulcinj.com\/blog\/","name":"Lajme nga Ulqini","description":"Lajme,Vijesti,Ulqini,Ulqin,Crna Gora,Mali i Zi","potentialAction":[{"@type":"SearchAction","target":{"@type":"EntryPoint","urlTemplate":"https:\/\/www.visit-ulcinj.com\/blog\/?s={search_term_string}"},"query-input":"required name=search_term_string"}],"inLanguage":"en-US"},{"@type":"ImageObject","inLanguage":"en-US","@id":"https:\/\/www.visit-ulcinj.com\/blog\/2008\/12\/28\/mbi-150-te-vrare-dhe-300-te-plagosur-ne-rripin-e-gazes\/#primaryimage","url":"http:\/\/www.visit-ulcinj.com\/blog\/wp-content\/uploads\/2008\/12\/izraeli-masaker-ne-palestine.jpg","contentUrl":"http:\/\/www.visit-ulcinj.com\/blog\/wp-content\/uploads\/2008\/12\/izraeli-masaker-ne-palestine.jpg"},{"@type":"WebPage","@id":"https:\/\/www.visit-ulcinj.com\/blog\/2008\/12\/28\/mbi-150-te-vrare-dhe-300-te-plagosur-ne-rripin-e-gazes\/#webpage","url":"https:\/\/www.visit-ulcinj.com\/blog\/2008\/12\/28\/mbi-150-te-vrare-dhe-300-te-plagosur-ne-rripin-e-gazes\/","name":"Mbi 150 t\u00eb vrar\u00eb dhe 300 t\u00eb plagosur n\u00eb Rripin e Gaz\u00ebs - Lajme nga Ulqini","isPartOf":{"@id":"https:\/\/www.visit-ulcinj.com\/blog\/#website"},"primaryImageOfPage":{"@id":"https:\/\/www.visit-ulcinj.com\/blog\/2008\/12\/28\/mbi-150-te-vrare-dhe-300-te-plagosur-ne-rripin-e-gazes\/#primaryimage"},"datePublished":"2008-12-28T19:44:12+00:00","dateModified":"2008-12-28T19:44:12+00:00","author":{"@id":"https:\/\/www.visit-ulcinj.com\/blog\/#\/schema\/person\/dcab619c614d3038751c63bc2aadc06d"},"description":"Si pasoj\u00eb e sulmeve izraelite me raketa, n\u00eb Rripin e Gaz\u00ebs jan\u00eb vrar\u00eb t\u00eb pakt\u00ebn 150 vet\u00eb, nd\u00ebrsa jan\u00eb plagosur mbi 300 t\u00eb tjer\u00eb. Supozohet se nd\u00ebr t\u00eb","breadcrumb":{"@id":"https:\/\/www.visit-ulcinj.com\/blog\/2008\/12\/28\/mbi-150-te-vrare-dhe-300-te-plagosur-ne-rripin-e-gazes\/#breadcrumb"},"inLanguage":"en-US","potentialAction":[{"@type":"ReadAction","target":["https:\/\/www.visit-ulcinj.com\/blog\/2008\/12\/28\/mbi-150-te-vrare-dhe-300-te-plagosur-ne-rripin-e-gazes\/"]}]},{"@type":"BreadcrumbList","@id":"https:\/\/www.visit-ulcinj.com\/blog\/2008\/12\/28\/mbi-150-te-vrare-dhe-300-te-plagosur-ne-rripin-e-gazes\/#breadcrumb","itemListElement":[{"@type":"ListItem","position":1,"name":"Mbi 150 t\u00eb vrar\u00eb dhe 300 t\u00eb plagosur n\u00eb Rripin e Gaz\u00ebs"}]},{"@type":"Person","@id":"https:\/\/www.visit-ulcinj.com\/blog\/#\/schema\/person\/dcab619c614d3038751c63bc2aadc06d","name":"ulqini","sameAs":["http:\/\/www.visit-ulcinj.com"],"url":"https:\/\/www.visit-ulcinj.com\/blog\/author\/admin\/"}]}},"jetpack_featured_media_url":"","jetpack_sharing_enabled":true,"jetpack_shortlink":"https:\/\/wp.me\/pe6lTn-21R","_links":{"self":[{"href":"https:\/\/www.visit-ulcinj.com\/blog\/wp-json\/wp\/v2\/posts\/7803"}],"collection":[{"href":"https:\/\/www.visit-ulcinj.com\/blog\/wp-json\/wp\/v2\/posts"}],"about":[{"href":"https:\/\/www.visit-ulcinj.com\/blog\/wp-json\/wp\/v2\/types\/post"}],"author":[{"embeddable":true,"href":"https:\/\/www.visit-ulcinj.com\/blog\/wp-json\/wp\/v2\/users\/1"}],"replies":[{"embeddable":true,"href":"https:\/\/www.visit-ulcinj.com\/blog\/wp-json\/wp\/v2\/comments?post=7803"}],"version-history":[{"count":0,"href":"https:\/\/www.visit-ulcinj.com\/blog\/wp-json\/wp\/v2\/posts\/7803\/revisions"}],"wp:attachment":[{"href":"https:\/\/www.visit-ulcinj.com\/blog\/wp-json\/wp\/v2\/media?parent=7803"}],"wp:term":[{"taxonomy":"category","embeddable":true,"href":"https:\/\/www.visit-ulcinj.com\/blog\/wp-json\/wp\/v2\/categories?post=7803"},{"taxonomy":"post_tag","embeddable":true,"href":"https:\/\/www.visit-ulcinj.com\/blog\/wp-json\/wp\/v2\/tags?post=7803"}],"curies":[{"name":"wp","href":"https:\/\/api.w.org\/{rel}","templated":true}]}}