{"id":78044,"date":"2014-01-11T16:08:23","date_gmt":"2014-01-11T15:08:23","guid":{"rendered":"http:\/\/www.visit-ulcinj.com\/blog\/?p=78044"},"modified":"2014-01-11T16:10:00","modified_gmt":"2014-01-11T15:10:00","slug":"odrzana-medunarodna-ulicna-trka-u-ulcinju","status":"publish","type":"post","link":"https:\/\/www.visit-ulcinj.com\/blog\/2014\/01\/11\/odrzana-medunarodna-ulicna-trka-u-ulcinju\/","title":{"rendered":"Odr\u017eana me\u0111unarodna uli\u010dna trka u Ulcinju"},"content":{"rendered":"<p><strong><a href=\"http:\/\/www.visit-ulcinj.com\/blog\/wp-content\/uploads\/2014\/01\/ulicna-trka-u-Ulcinju.jpg\"><img loading=\"lazy\" class=\"alignleft  wp-image-78045\" alt=\"ulicna trka u Ulcinju\" src=\"http:\/\/www.visit-ulcinj.com\/blog\/wp-content\/uploads\/2014\/01\/ulicna-trka-u-Ulcinju.jpg\" width=\"508\" height=\"360\" \/><\/a>ULCINJ \u2013 Ju\u010de je u Ulcinju ispred zgrade op\u0161tine odr\u017eana tre\u0107a me\u0111unarodna uli\u010dna trka u mu\u0161koj i \u017eenskoj konkurenciji u raznim disciplinama. <\/strong><\/p>\n<p>Medalje pobjednicima su uru\u010dili najbolji sportisti Ulcinja za 2013. godinu teniser Rezart Cungu i karatistkinja Teuta Uko\u0161ata, kao i potpredsjednik op\u0161tine Ulcinj Met \u0110oni. U trku su bili uklju\u010deni i ulcinjski klubovi iz ostalih sportova i istim starosnim kategorijama. Pobjednici su dobili pehare, diplome i medalje, a prire\u0111en je i prigodan program.<br \/>\n<a href=\"http:\/\/www.visit-ulcinj.com\/blog\/wp-content\/uploads\/2014\/01\/pehari-i-medalje-trke-Ulcinj.jpg\"><img loading=\"lazy\" class=\"alignleft  wp-image-78046\" alt=\"pehari i medalje-trke-Ulcinj\" src=\"http:\/\/www.visit-ulcinj.com\/blog\/wp-content\/uploads\/2014\/01\/pehari-i-medalje-trke-Ulcinj.jpg\" width=\"508\" height=\"600\" \/><\/a><\/p>\n<p>Manifestaciju su organizovali SRD \u201eBelvi\u201c i NVO \u201eUlcinj sport\u201c pod pokroviteljstvom op\u0161tine Ulcinj, Atletskog saveza Crne Gore i\u00a0 TO Ulcinj.<\/p>\n<p><em><strong>A.\u017d.<\/strong><\/em><\/p>\n<p><strong>Izvor: POBJEDA<\/strong><\/p>\n<p><a href=\"http:\/\/www.visit-ulcinj.com\/blog\/wp-content\/uploads\/2014\/01\/Albion-Duraku.jpg\"><img loading=\"lazy\" class=\"alignleft  wp-image-78048\" alt=\"Albion Duraku\" src=\"http:\/\/www.visit-ulcinj.com\/blog\/wp-content\/uploads\/2014\/01\/Albion-Duraku.jpg\" width=\"508\" height=\"600\" \/><\/a><\/p>\n","protected":false},"excerpt":{"rendered":"<p>ULCINJ \u2013 Ju\u010de je u Ulcinju ispred zgrade op\u0161tine odr\u017eana tre\u0107a me\u0111unarodna uli\u010dna trka u mu\u0161koj i \u017eenskoj konkurenciji u raznim disciplinama. Medalje pobjednicima su uru\u010dili najbolji sportisti Ulcinja za 2013. godinu teniser Rezart Cungu i karatistkinja Teuta Uko\u0161ata, kao i potpredsjednik op\u0161tine Ulcinj Met \u0110oni. U trku su bili uklju\u010deni i ulcinjski klubovi iz [&hellip;]<\/p>\n","protected":false},"author":1,"featured_media":0,"comment_status":"closed","ping_status":"closed","sticky":false,"template":"","format":"standard","meta":{"spay_email":"","jetpack_publicize_message":"","jetpack_is_tweetstorm":false,"jetpack_publicize_feature_enabled":true},"categories":[6950],"tags":[],"jetpack_publicize_connections":[],"yoast_head":"<!-- This site is optimized with the Yoast SEO plugin v19.1 - https:\/\/yoast.com\/wordpress\/plugins\/seo\/ -->\n<title>Odr\u017eana me\u0111unarodna uli\u010dna trka u Ulcinju - Lajme nga Ulqini<\/title>\n<meta name=\"description\" content=\"ULCINJ \u2013 Ju\u010de je u Ulcinju ispred zgrade op\u0161tine odr\u017eana tre\u0107a me\u0111unarodna uli\u010dna trka u mu\u0161koj i \u017eenskoj konkurenciji u raznim disciplinama. Medalje\" \/>\n<meta name=\"robots\" content=\"index, follow, max-snippet:-1, max-image-preview:large, max-video-preview:-1\" \/>\n<link rel=\"canonical\" href=\"https:\/\/www.visit-ulcinj.com\/blog\/2014\/01\/11\/odrzana-medunarodna-ulicna-trka-u-ulcinju\/\" \/>\n<meta property=\"og:locale\" content=\"en_US\" \/>\n<meta property=\"og:type\" content=\"article\" \/>\n<meta property=\"og:title\" content=\"Odr\u017eana me\u0111unarodna uli\u010dna trka u Ulcinju - Lajme nga Ulqini\" \/>\n<meta property=\"og:description\" content=\"ULCINJ \u2013 Ju\u010de je u Ulcinju ispred zgrade op\u0161tine odr\u017eana tre\u0107a me\u0111unarodna uli\u010dna trka u mu\u0161koj i \u017eenskoj konkurenciji u raznim disciplinama. Medalje\" \/>\n<meta property=\"og:url\" content=\"https:\/\/www.visit-ulcinj.com\/blog\/2014\/01\/11\/odrzana-medunarodna-ulicna-trka-u-ulcinju\/\" \/>\n<meta property=\"og:site_name\" content=\"Lajme nga Ulqini\" \/>\n<meta property=\"article:published_time\" content=\"2014-01-11T15:08:23+00:00\" \/>\n<meta property=\"article:modified_time\" content=\"2014-01-11T15:10:00+00:00\" \/>\n<meta property=\"og:image\" content=\"http:\/\/www.visit-ulcinj.com\/blog\/wp-content\/uploads\/2014\/01\/ulicna-trka-u-Ulcinju.jpg\" \/>\n<meta name=\"twitter:label1\" content=\"Written by\" \/>\n\t<meta name=\"twitter:data1\" content=\"ulqini\" \/>\n\t<meta name=\"twitter:label2\" content=\"Est. reading time\" \/>\n\t<meta name=\"twitter:data2\" content=\"1 minute\" \/>\n<script type=\"application\/ld+json\" class=\"yoast-schema-graph\">{\"@context\":\"https:\/\/schema.org\",\"@graph\":[{\"@type\":\"WebSite\",\"@id\":\"https:\/\/www.visit-ulcinj.com\/blog\/#website\",\"url\":\"https:\/\/www.visit-ulcinj.com\/blog\/\",\"name\":\"Lajme nga Ulqini\",\"description\":\"Lajme,Vijesti,Ulqini,Ulqin,Crna Gora,Mali i Zi\",\"potentialAction\":[{\"@type\":\"SearchAction\",\"target\":{\"@type\":\"EntryPoint\",\"urlTemplate\":\"https:\/\/www.visit-ulcinj.com\/blog\/?s={search_term_string}\"},\"query-input\":\"required name=search_term_string\"}],\"inLanguage\":\"en-US\"},{\"@type\":\"ImageObject\",\"inLanguage\":\"en-US\",\"@id\":\"https:\/\/www.visit-ulcinj.com\/blog\/2014\/01\/11\/odrzana-medunarodna-ulicna-trka-u-ulcinju\/#primaryimage\",\"url\":\"https:\/\/www.visit-ulcinj.com\/blog\/wp-content\/uploads\/2014\/01\/ulicna-trka-u-Ulcinju.jpg\",\"contentUrl\":\"https:\/\/www.visit-ulcinj.com\/blog\/wp-content\/uploads\/2014\/01\/ulicna-trka-u-Ulcinju.jpg\",\"width\":768,\"height\":576},{\"@type\":\"WebPage\",\"@id\":\"https:\/\/www.visit-ulcinj.com\/blog\/2014\/01\/11\/odrzana-medunarodna-ulicna-trka-u-ulcinju\/#webpage\",\"url\":\"https:\/\/www.visit-ulcinj.com\/blog\/2014\/01\/11\/odrzana-medunarodna-ulicna-trka-u-ulcinju\/\",\"name\":\"Odr\u017eana me\u0111unarodna uli\u010dna trka u Ulcinju - Lajme nga Ulqini\",\"isPartOf\":{\"@id\":\"https:\/\/www.visit-ulcinj.com\/blog\/#website\"},\"primaryImageOfPage\":{\"@id\":\"https:\/\/www.visit-ulcinj.com\/blog\/2014\/01\/11\/odrzana-medunarodna-ulicna-trka-u-ulcinju\/#primaryimage\"},\"datePublished\":\"2014-01-11T15:08:23+00:00\",\"dateModified\":\"2014-01-11T15:10:00+00:00\",\"author\":{\"@id\":\"https:\/\/www.visit-ulcinj.com\/blog\/#\/schema\/person\/dcab619c614d3038751c63bc2aadc06d\"},\"description\":\"ULCINJ \u2013 Ju\u010de je u Ulcinju ispred zgrade op\u0161tine odr\u017eana tre\u0107a me\u0111unarodna uli\u010dna trka u mu\u0161koj i \u017eenskoj konkurenciji u raznim disciplinama. Medalje\",\"breadcrumb\":{\"@id\":\"https:\/\/www.visit-ulcinj.com\/blog\/2014\/01\/11\/odrzana-medunarodna-ulicna-trka-u-ulcinju\/#breadcrumb\"},\"inLanguage\":\"en-US\",\"potentialAction\":[{\"@type\":\"ReadAction\",\"target\":[\"https:\/\/www.visit-ulcinj.com\/blog\/2014\/01\/11\/odrzana-medunarodna-ulicna-trka-u-ulcinju\/\"]}]},{\"@type\":\"BreadcrumbList\",\"@id\":\"https:\/\/www.visit-ulcinj.com\/blog\/2014\/01\/11\/odrzana-medunarodna-ulicna-trka-u-ulcinju\/#breadcrumb\",\"itemListElement\":[{\"@type\":\"ListItem\",\"position\":1,\"name\":\"Odr\u017eana me\u0111unarodna uli\u010dna trka u Ulcinju\"}]},{\"@type\":\"Person\",\"@id\":\"https:\/\/www.visit-ulcinj.com\/blog\/#\/schema\/person\/dcab619c614d3038751c63bc2aadc06d\",\"name\":\"ulqini\",\"sameAs\":[\"http:\/\/www.visit-ulcinj.com\"],\"url\":\"https:\/\/www.visit-ulcinj.com\/blog\/author\/admin\/\"}]}<\/script>\n<!-- \/ Yoast SEO plugin. -->","yoast_head_json":{"title":"Odr\u017eana me\u0111unarodna uli\u010dna trka u Ulcinju - Lajme nga Ulqini","description":"ULCINJ \u2013 Ju\u010de je u Ulcinju ispred zgrade op\u0161tine odr\u017eana tre\u0107a me\u0111unarodna uli\u010dna trka u mu\u0161koj i \u017eenskoj konkurenciji u raznim disciplinama. Medalje","robots":{"index":"index","follow":"follow","max-snippet":"max-snippet:-1","max-image-preview":"max-image-preview:large","max-video-preview":"max-video-preview:-1"},"canonical":"https:\/\/www.visit-ulcinj.com\/blog\/2014\/01\/11\/odrzana-medunarodna-ulicna-trka-u-ulcinju\/","og_locale":"en_US","og_type":"article","og_title":"Odr\u017eana me\u0111unarodna uli\u010dna trka u Ulcinju - Lajme nga Ulqini","og_description":"ULCINJ \u2013 Ju\u010de je u Ulcinju ispred zgrade op\u0161tine odr\u017eana tre\u0107a me\u0111unarodna uli\u010dna trka u mu\u0161koj i \u017eenskoj konkurenciji u raznim disciplinama. Medalje","og_url":"https:\/\/www.visit-ulcinj.com\/blog\/2014\/01\/11\/odrzana-medunarodna-ulicna-trka-u-ulcinju\/","og_site_name":"Lajme nga Ulqini","article_published_time":"2014-01-11T15:08:23+00:00","article_modified_time":"2014-01-11T15:10:00+00:00","og_image":[{"url":"http:\/\/www.visit-ulcinj.com\/blog\/wp-content\/uploads\/2014\/01\/ulicna-trka-u-Ulcinju.jpg"}],"twitter_misc":{"Written by":"ulqini","Est. reading time":"1 minute"},"schema":{"@context":"https:\/\/schema.org","@graph":[{"@type":"WebSite","@id":"https:\/\/www.visit-ulcinj.com\/blog\/#website","url":"https:\/\/www.visit-ulcinj.com\/blog\/","name":"Lajme nga Ulqini","description":"Lajme,Vijesti,Ulqini,Ulqin,Crna Gora,Mali i Zi","potentialAction":[{"@type":"SearchAction","target":{"@type":"EntryPoint","urlTemplate":"https:\/\/www.visit-ulcinj.com\/blog\/?s={search_term_string}"},"query-input":"required name=search_term_string"}],"inLanguage":"en-US"},{"@type":"ImageObject","inLanguage":"en-US","@id":"https:\/\/www.visit-ulcinj.com\/blog\/2014\/01\/11\/odrzana-medunarodna-ulicna-trka-u-ulcinju\/#primaryimage","url":"https:\/\/www.visit-ulcinj.com\/blog\/wp-content\/uploads\/2014\/01\/ulicna-trka-u-Ulcinju.jpg","contentUrl":"https:\/\/www.visit-ulcinj.com\/blog\/wp-content\/uploads\/2014\/01\/ulicna-trka-u-Ulcinju.jpg","width":768,"height":576},{"@type":"WebPage","@id":"https:\/\/www.visit-ulcinj.com\/blog\/2014\/01\/11\/odrzana-medunarodna-ulicna-trka-u-ulcinju\/#webpage","url":"https:\/\/www.visit-ulcinj.com\/blog\/2014\/01\/11\/odrzana-medunarodna-ulicna-trka-u-ulcinju\/","name":"Odr\u017eana me\u0111unarodna uli\u010dna trka u Ulcinju - Lajme nga Ulqini","isPartOf":{"@id":"https:\/\/www.visit-ulcinj.com\/blog\/#website"},"primaryImageOfPage":{"@id":"https:\/\/www.visit-ulcinj.com\/blog\/2014\/01\/11\/odrzana-medunarodna-ulicna-trka-u-ulcinju\/#primaryimage"},"datePublished":"2014-01-11T15:08:23+00:00","dateModified":"2014-01-11T15:10:00+00:00","author":{"@id":"https:\/\/www.visit-ulcinj.com\/blog\/#\/schema\/person\/dcab619c614d3038751c63bc2aadc06d"},"description":"ULCINJ \u2013 Ju\u010de je u Ulcinju ispred zgrade op\u0161tine odr\u017eana tre\u0107a me\u0111unarodna uli\u010dna trka u mu\u0161koj i \u017eenskoj konkurenciji u raznim disciplinama. Medalje","breadcrumb":{"@id":"https:\/\/www.visit-ulcinj.com\/blog\/2014\/01\/11\/odrzana-medunarodna-ulicna-trka-u-ulcinju\/#breadcrumb"},"inLanguage":"en-US","potentialAction":[{"@type":"ReadAction","target":["https:\/\/www.visit-ulcinj.com\/blog\/2014\/01\/11\/odrzana-medunarodna-ulicna-trka-u-ulcinju\/"]}]},{"@type":"BreadcrumbList","@id":"https:\/\/www.visit-ulcinj.com\/blog\/2014\/01\/11\/odrzana-medunarodna-ulicna-trka-u-ulcinju\/#breadcrumb","itemListElement":[{"@type":"ListItem","position":1,"name":"Odr\u017eana me\u0111unarodna uli\u010dna trka u Ulcinju"}]},{"@type":"Person","@id":"https:\/\/www.visit-ulcinj.com\/blog\/#\/schema\/person\/dcab619c614d3038751c63bc2aadc06d","name":"ulqini","sameAs":["http:\/\/www.visit-ulcinj.com"],"url":"https:\/\/www.visit-ulcinj.com\/blog\/author\/admin\/"}]}},"jetpack_featured_media_url":"","jetpack_sharing_enabled":true,"jetpack_shortlink":"https:\/\/wp.me\/pe6lTn-kiM","_links":{"self":[{"href":"https:\/\/www.visit-ulcinj.com\/blog\/wp-json\/wp\/v2\/posts\/78044"}],"collection":[{"href":"https:\/\/www.visit-ulcinj.com\/blog\/wp-json\/wp\/v2\/posts"}],"about":[{"href":"https:\/\/www.visit-ulcinj.com\/blog\/wp-json\/wp\/v2\/types\/post"}],"author":[{"embeddable":true,"href":"https:\/\/www.visit-ulcinj.com\/blog\/wp-json\/wp\/v2\/users\/1"}],"replies":[{"embeddable":true,"href":"https:\/\/www.visit-ulcinj.com\/blog\/wp-json\/wp\/v2\/comments?post=78044"}],"version-history":[{"count":3,"href":"https:\/\/www.visit-ulcinj.com\/blog\/wp-json\/wp\/v2\/posts\/78044\/revisions"}],"predecessor-version":[{"id":78050,"href":"https:\/\/www.visit-ulcinj.com\/blog\/wp-json\/wp\/v2\/posts\/78044\/revisions\/78050"}],"wp:attachment":[{"href":"https:\/\/www.visit-ulcinj.com\/blog\/wp-json\/wp\/v2\/media?parent=78044"}],"wp:term":[{"taxonomy":"category","embeddable":true,"href":"https:\/\/www.visit-ulcinj.com\/blog\/wp-json\/wp\/v2\/categories?post=78044"},{"taxonomy":"post_tag","embeddable":true,"href":"https:\/\/www.visit-ulcinj.com\/blog\/wp-json\/wp\/v2\/tags?post=78044"}],"curies":[{"name":"wp","href":"https:\/\/api.w.org\/{rel}","templated":true}]}}