{"id":78051,"date":"2014-01-11T16:56:42","date_gmt":"2014-01-11T15:56:42","guid":{"rendered":"http:\/\/www.visit-ulcinj.com\/blog\/?p=78051"},"modified":"2014-01-12T08:01:00","modified_gmt":"2014-01-12T07:01:00","slug":"ne-ulqin-organizohet-vrapim-tradicional-2014-foto","status":"publish","type":"post","link":"https:\/\/www.visit-ulcinj.com\/blog\/2014\/01\/11\/ne-ulqin-organizohet-vrapim-tradicional-2014-foto\/","title":{"rendered":"N\u00eb Ulqin organizohet vrapim tradicional 2014 + Foto"},"content":{"rendered":"<p><strong><a href=\"http:\/\/www.visit-ulcinj.com\/blog\/wp-content\/uploads\/2014\/01\/N\u00eb-Ulqin-organizohet-vrapim-tradicional-2014.jpg\"><img loading=\"lazy\" class=\"alignleft  wp-image-78052\" alt=\"N\u00eb Ulqin organizohet vrapim tradicional 2014\" src=\"http:\/\/www.visit-ulcinj.com\/blog\/wp-content\/uploads\/2014\/01\/N\u00eb-Ulqin-organizohet-vrapim-tradicional-2014.jpg\" width=\"508\" height=\"360\" \/><\/a>Organizuar nga Komuna e Ulqinit dhe strukturat udh\u00ebheq\u00ebse t\u00eb sportit n\u00eb k\u00ebt\u00eb komn\u00eb \u00ebsht\u00eb mbajtur Vrapimi \u00a0tradicional<\/strong><\/p>\n<p>N\u00eb Ulqin, t\u00eb premten, m\u00eb 10 janar 2014, u mbajt vrapimi i tret\u00eb nd\u00ebrkomb\u00ebtar rrugor \u201cUlqini 2013\u201d, n\u00eb organizimin e Komun\u00ebs s\u00eb Ulqinit, Federat\u00ebs s\u00eb Atletik\u00ebs t\u00eb Malit t\u00eb Zi, SHRS \u201cBelvi\u201d dhe t\u00eb OJQ \u201cUlqini Sport\u201d. N\u00eb k\u00ebt\u00eb manifestim mor\u00ebn pjes\u00eb p\u00ebrfaq\u00ebsues t\u00eb atletik\u00ebs nga Shqip\u00ebria, Bosnja e Hercegovina, Serbia , Maqedonia,Hungaria, Kosova dhe sportist\u00eb nga klube t\u00eb sporteve t\u00eb ndryshme nga Ulqini dhe gjith\u00eb Mali i Zi.<\/p>\n<p>N\u00eb mesin e pjes\u00ebmarr\u00ebsve ishin edhe an\u00ebtar\u00ebt e Klubit t\u00eb Karates\u00eb \u201cUlqini\u201d. Djemt\u00eb dhe vajzat garuan n\u00eb dhjet\u00eb disiplina nga 12 t\u00eb cilat ishin t\u00eb parapara, t\u00eb ndar\u00eb sipas grupmoshave.<\/p>\n<div>\n<p>Rezultatet e gar\u00ebs n\u00eb \u00a0vrapim tradicional Ulqin 2014 jane:<\/p>\n<p>Kategoria e pionier\u00ebve t\u00eb ri 2001 dhe m\u00eb t\u00eb ri \u2013 sportist\u00ebt aktiv<\/p>\n<ul>\n<li>1.Suard Kodra Klubi i Atletik\u00ebs Shkodra<\/li>\n<li>2.Nikola Talijan-KA Jasenica<\/li>\n<li>3.Branko Basadiq-KA Jasenica<\/li>\n<\/ul>\n<p>Kategoria e pioniereve t\u00eb reja aktive 2001 dhe m\u00eb t\u00eb reja:<\/p>\n<ul>\n<li>1.Sofija Bankoviq(KA Jasenica)<\/li>\n<li>2.Tijana Dimiq(KA Jasenica)<\/li>\n<\/ul>\n<p>Kategoria e pionier\u00ebve t\u00eb rinj t\u00eb Ulqinit 2001 dhe m\u00eb t\u00eb rinj:<\/p>\n<ul>\n<li>1.Arijanit Markashi(KF Federal)<\/li>\n<li>2.Luka Dragoviq(KF Libero)<\/li>\n<\/ul>\n<p>3.Haris Gurzakoviq(Klubi i Karates\u00eb Shampion)<\/p>\n<p>Kategoria e pionier\u00ebve t\u00eb rinj aktiv 1999 dhe m\u00eb t\u00eb ri:<\/p>\n<ul>\n<li>1.Adem Zilkiq (KA Novi Pazar)<\/li>\n<li>2.Tarik Zhir\u00e7anin(KA Novi Pazar)<\/li>\n<li>3.Eirem Rusi(KA Shkod\u00ebr)<\/li>\n<\/ul>\n<p>Kategoria e pioniereve aktive 1999 dhe m\u00eb t\u00eb reja:<\/p>\n<ul>\n<li>1.Jovana Talijan(Jasenica)<\/li>\n<li>2.Milena Vasiljeviq(Jasenica)<\/li>\n<li>3.Ilirijana Sadiku(KA Shkod\u00ebr)<\/li>\n<\/ul>\n<p>Kategoria e pioniereve t\u00eb Ulqinit 1999 dhe m\u00eb t\u00eb reja:<\/p>\n<ul>\n<li>Ibrahim Zogaj(Klubi i Karates\u00eb Ulqin)<\/li>\n<li>Mehmed Ukoshata(KF Federal)<\/li>\n<li>Muhamed Sela (Klubi i Pingpongut Valdanos)<\/li>\n<\/ul>\n<p>Kategoria e pioniereve t\u00eb Ulqinit 1999:<\/p>\n<ul>\n<li>1.Selma Mujiq(Klubi i karates\u00eb Albulena)<\/li>\n<\/ul>\n<p>Kategoria e junior\u00ebve t\u00eb rinj aktiv (1997 dhe m\u00eb t\u00eb ri):<\/p>\n<ul>\n<li>1.Andrija Dimitrijeviq(KA Crvena Zvezda)<\/li>\n<li>2.Haris Ajdareviq(KA Novi Pazar)<\/li>\n<li>3.Marko Vasiljeviq(KA Rashka)<\/li>\n<\/ul>\n<p>Senioret e reja aktive (1997 dhe m\u00eb t\u00eb reja):<\/p>\n<ul>\n<li>1.Milica Goluboviq(KA Cer Shabac)<\/li>\n<li>2.Gierle Aslanaj (KA Shkod\u00ebr)<\/li>\n<\/ul>\n<p>Kategoria e junior\u00ebve t\u00eb ri t\u00eb Ulqinit viti 1997 dhe m\u00eb t\u00eb ri<\/p>\n<ul>\n<li>1.Viktor Dukagjin(KF Federal)<\/li>\n<li>2.Ammar Tivari(pa klub)<\/li>\n<li>3.Kenan Nimanbegovi\u0107(pa klub)<\/li>\n<\/ul>\n<p>Junior\u00ebt aktiv 1995 dhe m\u00eb t\u00eb rinj:<\/p>\n<ul>\n<li>1.Milosh Mitroviq(AK Mladost Uzhice)<\/li>\n<li>2-Eridon Sodiko(KA Shkod\u00ebr)<\/li>\n<\/ul>\n<p>Junior\u00ebt nga Ulqinit 1995 dhe m\u00eb t\u00eb rinj:<\/p>\n<ul>\n<li>1.Osman Gurzakoviq(KF Federal)<\/li>\n<li>2.Valon Zogoviq(KF Federa)<\/li>\n<li>3.Mili \u00c7aushi( KF Federal)<\/li>\n<\/ul>\n<p>Junioret e Ulqinit 1995 dhe m\u00eb t\u00eb reja<\/p>\n<ul>\n<li>1.Hantije Ibro\u00e7i(Klubi i Karates\u00eb Ulqin)<\/li>\n<li>2.Selma Mujiq((Klubi i Karates\u00eb\u00a0Albulena)<\/li>\n<li>3.Antigona Rama(Klubi i Karates\u00eb Ulqin)<\/li>\n<\/ul>\n<p>Kategoria e senioreve deri n\u00eb 3000 metra:<\/p>\n<ul>\n<li>1.Jasmina Pruginia(KA Sur\u00e7in)<\/li>\n<li>2.Anet Nemet (KA Pargo Palis Paliq)<\/li>\n<\/ul>\n<p>Kategoria Senior\u00ebve deri n\u00eb 3000 metra:<\/p>\n<ul>\n<li>1.Milan Mitroviq(AK Dinamo Pan\u00e7evo)<\/li>\n<li>2.Milosh Milovanoviq(AK Mladost Uzhice)<\/li>\n<li>3.Albion Durakoviq ( Karate klub Ulqini )<\/li>\n<\/ul>\n<p>N\u00eb ceremoni per dorzimin e medaljeve mori pjes\u00eb dhe n\u00ebnkryetari i komunes Z. Met Gjoni i cili b\u00ebri dor\u00ebzimin e diplomave dhe trofej\u00ebve dhe uroj sportistave qe edhe n\u00eb t\u00eb ardhmen t\u00eb vazhdojn t\u00eb shenojn suksese si deri tani.<\/p>\n\n\t\t<style type=\"text\/css\">\n\t\t\t#gallery-1 {\n\t\t\t\tmargin: auto;\n\t\t\t}\n\t\t\t#gallery-1 .gallery-item {\n\t\t\t\tfloat: left;\n\t\t\t\tmargin-top: 10px;\n\t\t\t\ttext-align: center;\n\t\t\t\twidth: 33%;\n\t\t\t}\n\t\t\t#gallery-1 img {\n\t\t\t\tborder: 2px solid #cfcfcf;\n\t\t\t}\n\t\t\t#gallery-1 .gallery-caption {\n\t\t\t\tmargin-left: 0;\n\t\t\t}\n\t\t\t\/* see gallery_shortcode() in wp-includes\/media.php *\/\n\t\t<\/style>\n\t\t<div id='gallery-1' class='gallery galleryid-78051 gallery-columns-3 gallery-size-thumbnail'><dl class='gallery-item'>\n\t\t\t<dt class='gallery-icon landscape'>\n\t\t\t\t<a href='https:\/\/www.visit-ulcinj.com\/blog\/2014\/01\/11\/ne-ulqin-organizohet-vrapim-tradicional-2014-foto\/ne-ulqin-organizohet-vrapim-tradicional-2014\/'><img width=\"150\" height=\"150\" src=\"https:\/\/www.visit-ulcinj.com\/blog\/wp-content\/uploads\/2014\/01\/N\u00eb-Ulqin-organizohet-vrapim-tradicional-2014-150x150.jpg\" class=\"attachment-thumbnail size-thumbnail\" alt=\"\" loading=\"lazy\" \/><\/a>\n\t\t\t<\/dt><\/dl><dl class='gallery-item'>\n\t\t\t<dt class='gallery-icon portrait'>\n\t\t\t\t<a href='https:\/\/www.visit-ulcinj.com\/blog\/2014\/01\/11\/odrzana-medunarodna-ulicna-trka-u-ulcinju\/albion-duraku-2\/'><img width=\"150\" height=\"150\" src=\"https:\/\/www.visit-ulcinj.com\/blog\/wp-content\/uploads\/2014\/01\/Albion-Duraku-150x150.jpg\" class=\"attachment-thumbnail size-thumbnail\" alt=\"\" loading=\"lazy\" \/><\/a>\n\t\t\t<\/dt><\/dl><dl class='gallery-item'>\n\t\t\t<dt class='gallery-icon portrait'>\n\t\t\t\t<a href='https:\/\/www.visit-ulcinj.com\/blog\/2014\/01\/11\/odrzana-medunarodna-ulicna-trka-u-ulcinju\/pehari-i-medalje-trke-ulcinj\/'><img width=\"150\" height=\"150\" src=\"https:\/\/www.visit-ulcinj.com\/blog\/wp-content\/uploads\/2014\/01\/pehari-i-medalje-trke-Ulcinj-150x150.jpg\" class=\"attachment-thumbnail size-thumbnail\" alt=\"\" loading=\"lazy\" \/><\/a>\n\t\t\t<\/dt><\/dl><br style=\"clear: both\" \/><dl class='gallery-item'>\n\t\t\t<dt class='gallery-icon landscape'>\n\t\t\t\t<a href='https:\/\/www.visit-ulcinj.com\/blog\/2014\/01\/11\/odrzana-medunarodna-ulicna-trka-u-ulcinju\/ulicna-trka-u-ulcinju\/'><img width=\"150\" height=\"150\" src=\"https:\/\/www.visit-ulcinj.com\/blog\/wp-content\/uploads\/2014\/01\/ulicna-trka-u-Ulcinju-150x150.jpg\" class=\"attachment-thumbnail size-thumbnail\" alt=\"\" loading=\"lazy\" \/><\/a>\n\t\t\t<\/dt><\/dl><dl class='gallery-item'>\n\t\t\t<dt class='gallery-icon landscape'>\n\t\t\t\t<a href='https:\/\/www.visit-ulcinj.com\/blog\/2014\/01\/10\/munib-abazit-ndahet-cmimi-kult-per-vitin-2013-ne-komunen-e-ulqinit\/munib-abazit-i-ndahet-cmimi-kult-per-vitin-2013\/'><img width=\"150\" height=\"150\" src=\"https:\/\/www.visit-ulcinj.com\/blog\/wp-content\/uploads\/2014\/01\/Munib-Abazit-i-ndahet-\u00e7mimi-Kult-p\u00ebr-vitin-2013-150x150.jpg\" class=\"attachment-thumbnail size-thumbnail\" alt=\"\" loading=\"lazy\" \/><\/a>\n\t\t\t<\/dt><\/dl><dl class='gallery-item'>\n\t\t\t<dt class='gallery-icon landscape'>\n\t\t\t\t<a href='https:\/\/www.visit-ulcinj.com\/blog\/2014\/01\/10\/munib-abazit-ndahet-cmimi-kult-per-vitin-2013-ne-komunen-e-ulqinit\/munib-abazit-i-ndahet-cmimi-kult-per-vitin-2013nga-met-gjoni\/'><img width=\"150\" height=\"150\" src=\"https:\/\/www.visit-ulcinj.com\/blog\/wp-content\/uploads\/2014\/01\/Munib-Abazit-i-ndahet-\u00e7mimi-Kult-p\u00ebr-vitin-2013nga-Met-Gjoni-150x150.jpg\" class=\"attachment-thumbnail size-thumbnail\" alt=\"\" loading=\"lazy\" \/><\/a>\n\t\t\t<\/dt><\/dl><br style=\"clear: both\" \/><dl class='gallery-item'>\n\t\t\t<dt class='gallery-icon landscape'>\n\t\t\t\t<a href='https:\/\/www.visit-ulcinj.com\/blog\/2014\/01\/11\/ne-ulqin-organizohet-vrapim-tradicional-2014-foto\/ne-ulqin-organizohet-vrapim-tradicional-2014-1\/'><img width=\"150\" height=\"150\" src=\"https:\/\/www.visit-ulcinj.com\/blog\/wp-content\/uploads\/2014\/01\/N\u00eb-Ulqin-organizohet-vrapim-tradicional-2014-1-150x150.jpg\" class=\"attachment-thumbnail size-thumbnail\" alt=\"\" loading=\"lazy\" \/><\/a>\n\t\t\t<\/dt><\/dl><dl class='gallery-item'>\n\t\t\t<dt class='gallery-icon landscape'>\n\t\t\t\t<a href='https:\/\/www.visit-ulcinj.com\/blog\/2014\/01\/11\/ne-ulqin-organizohet-vrapim-tradicional-2014-foto\/ne-ulqin-organizohet-vrapim-tradicional-2014-2\/'><img width=\"150\" height=\"150\" src=\"https:\/\/www.visit-ulcinj.com\/blog\/wp-content\/uploads\/2014\/01\/N\u00eb-Ulqin-organizohet-vrapim-tradicional-2014-2-150x150.jpg\" class=\"attachment-thumbnail size-thumbnail\" alt=\"\" loading=\"lazy\" \/><\/a>\n\t\t\t<\/dt><\/dl>\n\t\t\t<br style='clear: both' \/>\n\t\t<\/div>\n\n<p>&nbsp;<\/p>\n<\/div>\n","protected":false},"excerpt":{"rendered":"<p>Organizuar nga Komuna e Ulqinit dhe strukturat udh\u00ebheq\u00ebse t\u00eb sportit n\u00eb k\u00ebt\u00eb komn\u00eb \u00ebsht\u00eb mbajtur Vrapimi \u00a0tradicional N\u00eb Ulqin, t\u00eb premten, m\u00eb 10 janar 2014, u mbajt vrapimi i tret\u00eb nd\u00ebrkomb\u00ebtar rrugor \u201cUlqini 2013\u201d, n\u00eb organizimin e Komun\u00ebs s\u00eb Ulqinit, Federat\u00ebs s\u00eb Atletik\u00ebs t\u00eb Malit t\u00eb Zi, SHRS \u201cBelvi\u201d dhe t\u00eb OJQ \u201cUlqini Sport\u201d. N\u00eb [&hellip;]<\/p>\n","protected":false},"author":1,"featured_media":0,"comment_status":"closed","ping_status":"closed","sticky":false,"template":"","format":"standard","meta":{"spay_email":"","jetpack_publicize_message":"","jetpack_is_tweetstorm":false,"jetpack_publicize_feature_enabled":true},"categories":[3],"tags":[],"jetpack_publicize_connections":[],"yoast_head":"<!-- This site is optimized with the Yoast SEO plugin v19.1 - https:\/\/yoast.com\/wordpress\/plugins\/seo\/ -->\n<title>N\u00eb Ulqin organizohet vrapim tradicional 2014 + Foto - Lajme nga Ulqini<\/title>\n<meta name=\"description\" content=\"Organizuar nga Komuna e Ulqinit dhe strukturat udh\u00ebheq\u00ebse t\u00eb sportit n\u00eb k\u00ebt\u00eb komn\u00eb \u00ebsht\u00eb mbajtur Vrapimi \u00a0tradicional N\u00eb Ulqin, t\u00eb premten, m\u00eb 10 janar\" \/>\n<meta name=\"robots\" content=\"index, follow, max-snippet:-1, max-image-preview:large, max-video-preview:-1\" \/>\n<link rel=\"canonical\" href=\"https:\/\/www.visit-ulcinj.com\/blog\/2014\/01\/11\/ne-ulqin-organizohet-vrapim-tradicional-2014-foto\/\" \/>\n<meta property=\"og:locale\" content=\"en_US\" \/>\n<meta property=\"og:type\" content=\"article\" \/>\n<meta property=\"og:title\" content=\"N\u00eb Ulqin organizohet vrapim tradicional 2014 + Foto - Lajme nga Ulqini\" \/>\n<meta property=\"og:description\" content=\"Organizuar nga Komuna e Ulqinit dhe strukturat udh\u00ebheq\u00ebse t\u00eb sportit n\u00eb k\u00ebt\u00eb komn\u00eb \u00ebsht\u00eb mbajtur Vrapimi \u00a0tradicional N\u00eb Ulqin, t\u00eb premten, m\u00eb 10 janar\" \/>\n<meta property=\"og:url\" content=\"https:\/\/www.visit-ulcinj.com\/blog\/2014\/01\/11\/ne-ulqin-organizohet-vrapim-tradicional-2014-foto\/\" \/>\n<meta property=\"og:site_name\" content=\"Lajme nga Ulqini\" \/>\n<meta property=\"article:published_time\" content=\"2014-01-11T15:56:42+00:00\" \/>\n<meta property=\"article:modified_time\" content=\"2014-01-12T07:01:00+00:00\" \/>\n<meta property=\"og:image\" content=\"https:\/\/www.visit-ulcinj.com\/blog\/wp-content\/uploads\/2014\/01\/N\u00eb-Ulqin-organizohet-vrapim-tradicional-2014-150x150.jpg\" \/>\n<meta name=\"twitter:label1\" content=\"Written by\" \/>\n\t<meta name=\"twitter:data1\" content=\"ulqini\" \/>\n\t<meta name=\"twitter:label2\" content=\"Est. reading time\" \/>\n\t<meta name=\"twitter:data2\" content=\"3 minutes\" \/>\n<script type=\"application\/ld+json\" class=\"yoast-schema-graph\">{\"@context\":\"https:\/\/schema.org\",\"@graph\":[{\"@type\":\"WebSite\",\"@id\":\"https:\/\/www.visit-ulcinj.com\/blog\/#website\",\"url\":\"https:\/\/www.visit-ulcinj.com\/blog\/\",\"name\":\"Lajme nga Ulqini\",\"description\":\"Lajme,Vijesti,Ulqini,Ulqin,Crna Gora,Mali i Zi\",\"potentialAction\":[{\"@type\":\"SearchAction\",\"target\":{\"@type\":\"EntryPoint\",\"urlTemplate\":\"https:\/\/www.visit-ulcinj.com\/blog\/?s={search_term_string}\"},\"query-input\":\"required name=search_term_string\"}],\"inLanguage\":\"en-US\"},{\"@type\":\"WebPage\",\"@id\":\"https:\/\/www.visit-ulcinj.com\/blog\/2014\/01\/11\/ne-ulqin-organizohet-vrapim-tradicional-2014-foto\/#webpage\",\"url\":\"https:\/\/www.visit-ulcinj.com\/blog\/2014\/01\/11\/ne-ulqin-organizohet-vrapim-tradicional-2014-foto\/\",\"name\":\"N\u00eb Ulqin organizohet vrapim tradicional 2014 + Foto - Lajme nga Ulqini\",\"isPartOf\":{\"@id\":\"https:\/\/www.visit-ulcinj.com\/blog\/#website\"},\"datePublished\":\"2014-01-11T15:56:42+00:00\",\"dateModified\":\"2014-01-12T07:01:00+00:00\",\"author\":{\"@id\":\"https:\/\/www.visit-ulcinj.com\/blog\/#\/schema\/person\/dcab619c614d3038751c63bc2aadc06d\"},\"description\":\"Organizuar nga Komuna e Ulqinit dhe strukturat udh\u00ebheq\u00ebse t\u00eb sportit n\u00eb k\u00ebt\u00eb komn\u00eb \u00ebsht\u00eb mbajtur Vrapimi \u00a0tradicional N\u00eb Ulqin, t\u00eb premten, m\u00eb 10 janar\",\"breadcrumb\":{\"@id\":\"https:\/\/www.visit-ulcinj.com\/blog\/2014\/01\/11\/ne-ulqin-organizohet-vrapim-tradicional-2014-foto\/#breadcrumb\"},\"inLanguage\":\"en-US\",\"potentialAction\":[{\"@type\":\"ReadAction\",\"target\":[\"https:\/\/www.visit-ulcinj.com\/blog\/2014\/01\/11\/ne-ulqin-organizohet-vrapim-tradicional-2014-foto\/\"]}]},{\"@type\":\"BreadcrumbList\",\"@id\":\"https:\/\/www.visit-ulcinj.com\/blog\/2014\/01\/11\/ne-ulqin-organizohet-vrapim-tradicional-2014-foto\/#breadcrumb\",\"itemListElement\":[{\"@type\":\"ListItem\",\"position\":1,\"name\":\"N\u00eb Ulqin organizohet vrapim tradicional 2014 + Foto\"}]},{\"@type\":\"Person\",\"@id\":\"https:\/\/www.visit-ulcinj.com\/blog\/#\/schema\/person\/dcab619c614d3038751c63bc2aadc06d\",\"name\":\"ulqini\",\"sameAs\":[\"http:\/\/www.visit-ulcinj.com\"],\"url\":\"https:\/\/www.visit-ulcinj.com\/blog\/author\/admin\/\"}]}<\/script>\n<!-- \/ Yoast SEO plugin. -->","yoast_head_json":{"title":"N\u00eb Ulqin organizohet vrapim tradicional 2014 + Foto - Lajme nga Ulqini","description":"Organizuar nga Komuna e Ulqinit dhe strukturat udh\u00ebheq\u00ebse t\u00eb sportit n\u00eb k\u00ebt\u00eb komn\u00eb \u00ebsht\u00eb mbajtur Vrapimi \u00a0tradicional N\u00eb Ulqin, t\u00eb premten, m\u00eb 10 janar","robots":{"index":"index","follow":"follow","max-snippet":"max-snippet:-1","max-image-preview":"max-image-preview:large","max-video-preview":"max-video-preview:-1"},"canonical":"https:\/\/www.visit-ulcinj.com\/blog\/2014\/01\/11\/ne-ulqin-organizohet-vrapim-tradicional-2014-foto\/","og_locale":"en_US","og_type":"article","og_title":"N\u00eb Ulqin organizohet vrapim tradicional 2014 + Foto - Lajme nga Ulqini","og_description":"Organizuar nga Komuna e Ulqinit dhe strukturat udh\u00ebheq\u00ebse t\u00eb sportit n\u00eb k\u00ebt\u00eb komn\u00eb \u00ebsht\u00eb mbajtur Vrapimi \u00a0tradicional N\u00eb Ulqin, t\u00eb premten, m\u00eb 10 janar","og_url":"https:\/\/www.visit-ulcinj.com\/blog\/2014\/01\/11\/ne-ulqin-organizohet-vrapim-tradicional-2014-foto\/","og_site_name":"Lajme nga Ulqini","article_published_time":"2014-01-11T15:56:42+00:00","article_modified_time":"2014-01-12T07:01:00+00:00","og_image":[{"url":"https:\/\/www.visit-ulcinj.com\/blog\/wp-content\/uploads\/2014\/01\/N\u00eb-Ulqin-organizohet-vrapim-tradicional-2014-150x150.jpg"}],"twitter_misc":{"Written by":"ulqini","Est. reading time":"3 minutes"},"schema":{"@context":"https:\/\/schema.org","@graph":[{"@type":"WebSite","@id":"https:\/\/www.visit-ulcinj.com\/blog\/#website","url":"https:\/\/www.visit-ulcinj.com\/blog\/","name":"Lajme nga Ulqini","description":"Lajme,Vijesti,Ulqini,Ulqin,Crna Gora,Mali i Zi","potentialAction":[{"@type":"SearchAction","target":{"@type":"EntryPoint","urlTemplate":"https:\/\/www.visit-ulcinj.com\/blog\/?s={search_term_string}"},"query-input":"required name=search_term_string"}],"inLanguage":"en-US"},{"@type":"WebPage","@id":"https:\/\/www.visit-ulcinj.com\/blog\/2014\/01\/11\/ne-ulqin-organizohet-vrapim-tradicional-2014-foto\/#webpage","url":"https:\/\/www.visit-ulcinj.com\/blog\/2014\/01\/11\/ne-ulqin-organizohet-vrapim-tradicional-2014-foto\/","name":"N\u00eb Ulqin organizohet vrapim tradicional 2014 + Foto - Lajme nga Ulqini","isPartOf":{"@id":"https:\/\/www.visit-ulcinj.com\/blog\/#website"},"datePublished":"2014-01-11T15:56:42+00:00","dateModified":"2014-01-12T07:01:00+00:00","author":{"@id":"https:\/\/www.visit-ulcinj.com\/blog\/#\/schema\/person\/dcab619c614d3038751c63bc2aadc06d"},"description":"Organizuar nga Komuna e Ulqinit dhe strukturat udh\u00ebheq\u00ebse t\u00eb sportit n\u00eb k\u00ebt\u00eb komn\u00eb \u00ebsht\u00eb mbajtur Vrapimi \u00a0tradicional N\u00eb Ulqin, t\u00eb premten, m\u00eb 10 janar","breadcrumb":{"@id":"https:\/\/www.visit-ulcinj.com\/blog\/2014\/01\/11\/ne-ulqin-organizohet-vrapim-tradicional-2014-foto\/#breadcrumb"},"inLanguage":"en-US","potentialAction":[{"@type":"ReadAction","target":["https:\/\/www.visit-ulcinj.com\/blog\/2014\/01\/11\/ne-ulqin-organizohet-vrapim-tradicional-2014-foto\/"]}]},{"@type":"BreadcrumbList","@id":"https:\/\/www.visit-ulcinj.com\/blog\/2014\/01\/11\/ne-ulqin-organizohet-vrapim-tradicional-2014-foto\/#breadcrumb","itemListElement":[{"@type":"ListItem","position":1,"name":"N\u00eb Ulqin organizohet vrapim tradicional 2014 + Foto"}]},{"@type":"Person","@id":"https:\/\/www.visit-ulcinj.com\/blog\/#\/schema\/person\/dcab619c614d3038751c63bc2aadc06d","name":"ulqini","sameAs":["http:\/\/www.visit-ulcinj.com"],"url":"https:\/\/www.visit-ulcinj.com\/blog\/author\/admin\/"}]}},"jetpack_featured_media_url":"","jetpack_sharing_enabled":true,"jetpack_shortlink":"https:\/\/wp.me\/pe6lTn-kiT","_links":{"self":[{"href":"https:\/\/www.visit-ulcinj.com\/blog\/wp-json\/wp\/v2\/posts\/78051"}],"collection":[{"href":"https:\/\/www.visit-ulcinj.com\/blog\/wp-json\/wp\/v2\/posts"}],"about":[{"href":"https:\/\/www.visit-ulcinj.com\/blog\/wp-json\/wp\/v2\/types\/post"}],"author":[{"embeddable":true,"href":"https:\/\/www.visit-ulcinj.com\/blog\/wp-json\/wp\/v2\/users\/1"}],"replies":[{"embeddable":true,"href":"https:\/\/www.visit-ulcinj.com\/blog\/wp-json\/wp\/v2\/comments?post=78051"}],"version-history":[{"count":3,"href":"https:\/\/www.visit-ulcinj.com\/blog\/wp-json\/wp\/v2\/posts\/78051\/revisions"}],"predecessor-version":[{"id":78075,"href":"https:\/\/www.visit-ulcinj.com\/blog\/wp-json\/wp\/v2\/posts\/78051\/revisions\/78075"}],"wp:attachment":[{"href":"https:\/\/www.visit-ulcinj.com\/blog\/wp-json\/wp\/v2\/media?parent=78051"}],"wp:term":[{"taxonomy":"category","embeddable":true,"href":"https:\/\/www.visit-ulcinj.com\/blog\/wp-json\/wp\/v2\/categories?post=78051"},{"taxonomy":"post_tag","embeddable":true,"href":"https:\/\/www.visit-ulcinj.com\/blog\/wp-json\/wp\/v2\/tags?post=78051"}],"curies":[{"name":"wp","href":"https:\/\/api.w.org\/{rel}","templated":true}]}}