{"id":78056,"date":"2014-01-11T17:15:14","date_gmt":"2014-01-11T16:15:14","guid":{"rendered":"http:\/\/www.visit-ulcinj.com\/blog\/?p=78056"},"modified":"2014-01-11T17:15:14","modified_gmt":"2014-01-11T16:15:14","slug":"nora-istrefi-skivi-e-mimoza-shkodra-bashke","status":"publish","type":"post","link":"https:\/\/www.visit-ulcinj.com\/blog\/2014\/01\/11\/nora-istrefi-skivi-e-mimoza-shkodra-bashke\/","title":{"rendered":"Nora Istrefi, Skivi e Mimoza Shkodra bashk\u00eb&#8230;"},"content":{"rendered":"<p><a href=\"http:\/\/www.visit-ulcinj.com\/blog\/wp-content\/uploads\/2014\/01\/noraistrefi.jpg\"><img loading=\"lazy\" class=\"alignleft  wp-image-78057\" alt=\"noraistrefi\" src=\"http:\/\/www.visit-ulcinj.com\/blog\/wp-content\/uploads\/2014\/01\/noraistrefi.jpg\" width=\"508\" height=\"370\" \/><\/a>I takojn\u00eb zhanreve t\u00eb ndryshme, por kjo si duket po b\u00ebn fuqin\u00eb. K\u00ebng\u00ebtarja e njohur Nora Istrefi, repartisti Skivi dhe k\u00ebng\u00ebtarja Mimoza Shkodra ia jan\u00eb p\u00ebrveshur pun\u00ebs q\u00eb n\u00eb treg t\u00eb vij\u00ebn me nj\u00eb bashk\u00ebpunim i cili duket se do t\u00eb jet\u00eb shum\u00eb interesant.<br \/>\nNd\u00ebrkaq n\u00eb Twitter artist\u00ebt kan\u00eb b\u00ebr\u00eb me dije se k\u00ebnga tashm\u00eb ka p\u00ebrfunduar dhe se puna e tyre tashm\u00eb \u00ebsht\u00eb e fokusuar n\u00eb videoklipin e k\u00ebng\u00ebs. \u201cK\u00ebnga ka p\u00ebrfunduar, \u00ebsht\u00eb duke u realizuar klipi. Skivi ft. Nora istrefi ft. Mimoza Shkodra\u201d, ishte mbishkrimi q\u00eb kan\u00eb l\u00ebn\u00eb k\u00ebng\u00ebtar\u00ebt n\u00ebp\u00ebr faqet e tyre zyrtare.<\/p>\n<p>Indeksionline<\/p>\n<!--YouTube Error: bad URL entered-->\n<p><em><cite>\u00a0<\/cite><\/em><\/p>\n","protected":false},"excerpt":{"rendered":"<p>I takojn\u00eb zhanreve t\u00eb ndryshme, por kjo si duket po b\u00ebn fuqin\u00eb. K\u00ebng\u00ebtarja e njohur Nora Istrefi, repartisti Skivi dhe k\u00ebng\u00ebtarja Mimoza Shkodra ia jan\u00eb p\u00ebrveshur pun\u00ebs q\u00eb n\u00eb treg t\u00eb vij\u00ebn me nj\u00eb bashk\u00ebpunim i cili duket se do t\u00eb jet\u00eb shum\u00eb interesant. Nd\u00ebrkaq n\u00eb Twitter artist\u00ebt kan\u00eb b\u00ebr\u00eb me dije se k\u00ebnga tashm\u00eb [&hellip;]<\/p>\n","protected":false},"author":1,"featured_media":0,"comment_status":"closed","ping_status":"closed","sticky":false,"template":"","format":"standard","meta":{"spay_email":"","jetpack_publicize_message":"","jetpack_is_tweetstorm":false,"jetpack_publicize_feature_enabled":true},"categories":[1],"tags":[],"jetpack_publicize_connections":[],"yoast_head":"<!-- This site is optimized with the Yoast SEO plugin v19.1 - https:\/\/yoast.com\/wordpress\/plugins\/seo\/ -->\n<title>Nora Istrefi, Skivi e Mimoza Shkodra bashk\u00eb... - Lajme nga Ulqini<\/title>\n<meta name=\"description\" content=\"I takojn\u00eb zhanreve t\u00eb ndryshme, por kjo si duket po b\u00ebn fuqin\u00eb. K\u00ebng\u00ebtarja e njohur Nora Istrefi, repartisti Skivi dhe k\u00ebng\u00ebtarja Mimoza Shkodra ia jan\u00eb\" \/>\n<meta name=\"robots\" content=\"index, follow, max-snippet:-1, max-image-preview:large, max-video-preview:-1\" \/>\n<link rel=\"canonical\" href=\"https:\/\/www.visit-ulcinj.com\/blog\/2014\/01\/11\/nora-istrefi-skivi-e-mimoza-shkodra-bashke\/\" \/>\n<meta property=\"og:locale\" content=\"en_US\" \/>\n<meta property=\"og:type\" content=\"article\" \/>\n<meta property=\"og:title\" content=\"Nora Istrefi, Skivi e Mimoza Shkodra bashk\u00eb... - Lajme nga Ulqini\" \/>\n<meta property=\"og:description\" content=\"I takojn\u00eb zhanreve t\u00eb ndryshme, por kjo si duket po b\u00ebn fuqin\u00eb. K\u00ebng\u00ebtarja e njohur Nora Istrefi, repartisti Skivi dhe k\u00ebng\u00ebtarja Mimoza Shkodra ia jan\u00eb\" \/>\n<meta property=\"og:url\" content=\"https:\/\/www.visit-ulcinj.com\/blog\/2014\/01\/11\/nora-istrefi-skivi-e-mimoza-shkodra-bashke\/\" \/>\n<meta property=\"og:site_name\" content=\"Lajme nga Ulqini\" \/>\n<meta property=\"article:published_time\" content=\"2014-01-11T16:15:14+00:00\" \/>\n<meta property=\"og:image\" content=\"http:\/\/www.visit-ulcinj.com\/blog\/wp-content\/uploads\/2014\/01\/noraistrefi.jpg\" \/>\n<meta name=\"twitter:label1\" content=\"Written by\" \/>\n\t<meta name=\"twitter:data1\" content=\"ulqini\" \/>\n\t<meta name=\"twitter:label2\" content=\"Est. reading time\" \/>\n\t<meta name=\"twitter:data2\" content=\"1 minute\" \/>\n<script type=\"application\/ld+json\" class=\"yoast-schema-graph\">{\"@context\":\"https:\/\/schema.org\",\"@graph\":[{\"@type\":\"WebSite\",\"@id\":\"https:\/\/www.visit-ulcinj.com\/blog\/#website\",\"url\":\"https:\/\/www.visit-ulcinj.com\/blog\/\",\"name\":\"Lajme nga Ulqini\",\"description\":\"Lajme,Vijesti,Ulqini,Ulqin,Crna Gora,Mali i Zi\",\"potentialAction\":[{\"@type\":\"SearchAction\",\"target\":{\"@type\":\"EntryPoint\",\"urlTemplate\":\"https:\/\/www.visit-ulcinj.com\/blog\/?s={search_term_string}\"},\"query-input\":\"required name=search_term_string\"}],\"inLanguage\":\"en-US\"},{\"@type\":\"ImageObject\",\"inLanguage\":\"en-US\",\"@id\":\"https:\/\/www.visit-ulcinj.com\/blog\/2014\/01\/11\/nora-istrefi-skivi-e-mimoza-shkodra-bashke\/#primaryimage\",\"url\":\"http:\/\/www.visit-ulcinj.com\/blog\/wp-content\/uploads\/2014\/01\/noraistrefi.jpg\",\"contentUrl\":\"http:\/\/www.visit-ulcinj.com\/blog\/wp-content\/uploads\/2014\/01\/noraistrefi.jpg\"},{\"@type\":\"WebPage\",\"@id\":\"https:\/\/www.visit-ulcinj.com\/blog\/2014\/01\/11\/nora-istrefi-skivi-e-mimoza-shkodra-bashke\/#webpage\",\"url\":\"https:\/\/www.visit-ulcinj.com\/blog\/2014\/01\/11\/nora-istrefi-skivi-e-mimoza-shkodra-bashke\/\",\"name\":\"Nora Istrefi, Skivi e Mimoza Shkodra bashk\u00eb... - Lajme nga Ulqini\",\"isPartOf\":{\"@id\":\"https:\/\/www.visit-ulcinj.com\/blog\/#website\"},\"primaryImageOfPage\":{\"@id\":\"https:\/\/www.visit-ulcinj.com\/blog\/2014\/01\/11\/nora-istrefi-skivi-e-mimoza-shkodra-bashke\/#primaryimage\"},\"datePublished\":\"2014-01-11T16:15:14+00:00\",\"dateModified\":\"2014-01-11T16:15:14+00:00\",\"author\":{\"@id\":\"https:\/\/www.visit-ulcinj.com\/blog\/#\/schema\/person\/dcab619c614d3038751c63bc2aadc06d\"},\"description\":\"I takojn\u00eb zhanreve t\u00eb ndryshme, por kjo si duket po b\u00ebn fuqin\u00eb. K\u00ebng\u00ebtarja e njohur Nora Istrefi, repartisti Skivi dhe k\u00ebng\u00ebtarja Mimoza Shkodra ia jan\u00eb\",\"breadcrumb\":{\"@id\":\"https:\/\/www.visit-ulcinj.com\/blog\/2014\/01\/11\/nora-istrefi-skivi-e-mimoza-shkodra-bashke\/#breadcrumb\"},\"inLanguage\":\"en-US\",\"potentialAction\":[{\"@type\":\"ReadAction\",\"target\":[\"https:\/\/www.visit-ulcinj.com\/blog\/2014\/01\/11\/nora-istrefi-skivi-e-mimoza-shkodra-bashke\/\"]}]},{\"@type\":\"BreadcrumbList\",\"@id\":\"https:\/\/www.visit-ulcinj.com\/blog\/2014\/01\/11\/nora-istrefi-skivi-e-mimoza-shkodra-bashke\/#breadcrumb\",\"itemListElement\":[{\"@type\":\"ListItem\",\"position\":1,\"name\":\"Nora Istrefi, Skivi e Mimoza Shkodra bashk\u00eb&#8230;\"}]},{\"@type\":\"Person\",\"@id\":\"https:\/\/www.visit-ulcinj.com\/blog\/#\/schema\/person\/dcab619c614d3038751c63bc2aadc06d\",\"name\":\"ulqini\",\"sameAs\":[\"http:\/\/www.visit-ulcinj.com\"],\"url\":\"https:\/\/www.visit-ulcinj.com\/blog\/author\/admin\/\"}]}<\/script>\n<!-- \/ Yoast SEO plugin. -->","yoast_head_json":{"title":"Nora Istrefi, Skivi e Mimoza Shkodra bashk\u00eb... - Lajme nga Ulqini","description":"I takojn\u00eb zhanreve t\u00eb ndryshme, por kjo si duket po b\u00ebn fuqin\u00eb. K\u00ebng\u00ebtarja e njohur Nora Istrefi, repartisti Skivi dhe k\u00ebng\u00ebtarja Mimoza Shkodra ia jan\u00eb","robots":{"index":"index","follow":"follow","max-snippet":"max-snippet:-1","max-image-preview":"max-image-preview:large","max-video-preview":"max-video-preview:-1"},"canonical":"https:\/\/www.visit-ulcinj.com\/blog\/2014\/01\/11\/nora-istrefi-skivi-e-mimoza-shkodra-bashke\/","og_locale":"en_US","og_type":"article","og_title":"Nora Istrefi, Skivi e Mimoza Shkodra bashk\u00eb... - Lajme nga Ulqini","og_description":"I takojn\u00eb zhanreve t\u00eb ndryshme, por kjo si duket po b\u00ebn fuqin\u00eb. K\u00ebng\u00ebtarja e njohur Nora Istrefi, repartisti Skivi dhe k\u00ebng\u00ebtarja Mimoza Shkodra ia jan\u00eb","og_url":"https:\/\/www.visit-ulcinj.com\/blog\/2014\/01\/11\/nora-istrefi-skivi-e-mimoza-shkodra-bashke\/","og_site_name":"Lajme nga Ulqini","article_published_time":"2014-01-11T16:15:14+00:00","og_image":[{"url":"http:\/\/www.visit-ulcinj.com\/blog\/wp-content\/uploads\/2014\/01\/noraistrefi.jpg"}],"twitter_misc":{"Written by":"ulqini","Est. reading time":"1 minute"},"schema":{"@context":"https:\/\/schema.org","@graph":[{"@type":"WebSite","@id":"https:\/\/www.visit-ulcinj.com\/blog\/#website","url":"https:\/\/www.visit-ulcinj.com\/blog\/","name":"Lajme nga Ulqini","description":"Lajme,Vijesti,Ulqini,Ulqin,Crna Gora,Mali i Zi","potentialAction":[{"@type":"SearchAction","target":{"@type":"EntryPoint","urlTemplate":"https:\/\/www.visit-ulcinj.com\/blog\/?s={search_term_string}"},"query-input":"required name=search_term_string"}],"inLanguage":"en-US"},{"@type":"ImageObject","inLanguage":"en-US","@id":"https:\/\/www.visit-ulcinj.com\/blog\/2014\/01\/11\/nora-istrefi-skivi-e-mimoza-shkodra-bashke\/#primaryimage","url":"http:\/\/www.visit-ulcinj.com\/blog\/wp-content\/uploads\/2014\/01\/noraistrefi.jpg","contentUrl":"http:\/\/www.visit-ulcinj.com\/blog\/wp-content\/uploads\/2014\/01\/noraistrefi.jpg"},{"@type":"WebPage","@id":"https:\/\/www.visit-ulcinj.com\/blog\/2014\/01\/11\/nora-istrefi-skivi-e-mimoza-shkodra-bashke\/#webpage","url":"https:\/\/www.visit-ulcinj.com\/blog\/2014\/01\/11\/nora-istrefi-skivi-e-mimoza-shkodra-bashke\/","name":"Nora Istrefi, Skivi e Mimoza Shkodra bashk\u00eb... - Lajme nga Ulqini","isPartOf":{"@id":"https:\/\/www.visit-ulcinj.com\/blog\/#website"},"primaryImageOfPage":{"@id":"https:\/\/www.visit-ulcinj.com\/blog\/2014\/01\/11\/nora-istrefi-skivi-e-mimoza-shkodra-bashke\/#primaryimage"},"datePublished":"2014-01-11T16:15:14+00:00","dateModified":"2014-01-11T16:15:14+00:00","author":{"@id":"https:\/\/www.visit-ulcinj.com\/blog\/#\/schema\/person\/dcab619c614d3038751c63bc2aadc06d"},"description":"I takojn\u00eb zhanreve t\u00eb ndryshme, por kjo si duket po b\u00ebn fuqin\u00eb. K\u00ebng\u00ebtarja e njohur Nora Istrefi, repartisti Skivi dhe k\u00ebng\u00ebtarja Mimoza Shkodra ia jan\u00eb","breadcrumb":{"@id":"https:\/\/www.visit-ulcinj.com\/blog\/2014\/01\/11\/nora-istrefi-skivi-e-mimoza-shkodra-bashke\/#breadcrumb"},"inLanguage":"en-US","potentialAction":[{"@type":"ReadAction","target":["https:\/\/www.visit-ulcinj.com\/blog\/2014\/01\/11\/nora-istrefi-skivi-e-mimoza-shkodra-bashke\/"]}]},{"@type":"BreadcrumbList","@id":"https:\/\/www.visit-ulcinj.com\/blog\/2014\/01\/11\/nora-istrefi-skivi-e-mimoza-shkodra-bashke\/#breadcrumb","itemListElement":[{"@type":"ListItem","position":1,"name":"Nora Istrefi, Skivi e Mimoza Shkodra bashk\u00eb&#8230;"}]},{"@type":"Person","@id":"https:\/\/www.visit-ulcinj.com\/blog\/#\/schema\/person\/dcab619c614d3038751c63bc2aadc06d","name":"ulqini","sameAs":["http:\/\/www.visit-ulcinj.com"],"url":"https:\/\/www.visit-ulcinj.com\/blog\/author\/admin\/"}]}},"jetpack_featured_media_url":"","jetpack_sharing_enabled":true,"jetpack_shortlink":"https:\/\/wp.me\/pe6lTn-kiY","_links":{"self":[{"href":"https:\/\/www.visit-ulcinj.com\/blog\/wp-json\/wp\/v2\/posts\/78056"}],"collection":[{"href":"https:\/\/www.visit-ulcinj.com\/blog\/wp-json\/wp\/v2\/posts"}],"about":[{"href":"https:\/\/www.visit-ulcinj.com\/blog\/wp-json\/wp\/v2\/types\/post"}],"author":[{"embeddable":true,"href":"https:\/\/www.visit-ulcinj.com\/blog\/wp-json\/wp\/v2\/users\/1"}],"replies":[{"embeddable":true,"href":"https:\/\/www.visit-ulcinj.com\/blog\/wp-json\/wp\/v2\/comments?post=78056"}],"version-history":[{"count":1,"href":"https:\/\/www.visit-ulcinj.com\/blog\/wp-json\/wp\/v2\/posts\/78056\/revisions"}],"predecessor-version":[{"id":78058,"href":"https:\/\/www.visit-ulcinj.com\/blog\/wp-json\/wp\/v2\/posts\/78056\/revisions\/78058"}],"wp:attachment":[{"href":"https:\/\/www.visit-ulcinj.com\/blog\/wp-json\/wp\/v2\/media?parent=78056"}],"wp:term":[{"taxonomy":"category","embeddable":true,"href":"https:\/\/www.visit-ulcinj.com\/blog\/wp-json\/wp\/v2\/categories?post=78056"},{"taxonomy":"post_tag","embeddable":true,"href":"https:\/\/www.visit-ulcinj.com\/blog\/wp-json\/wp\/v2\/tags?post=78056"}],"curies":[{"name":"wp","href":"https:\/\/api.w.org\/{rel}","templated":true}]}}