{"id":78059,"date":"2014-01-11T17:22:50","date_gmt":"2014-01-11T16:22:50","guid":{"rendered":"http:\/\/www.visit-ulcinj.com\/blog\/?p=78059"},"modified":"2014-01-11T17:22:50","modified_gmt":"2014-01-11T16:22:50","slug":"arta-bajrami-e-kam-gati-baladen-e-vitit","status":"publish","type":"post","link":"https:\/\/www.visit-ulcinj.com\/blog\/2014\/01\/11\/arta-bajrami-e-kam-gati-baladen-e-vitit\/","title":{"rendered":"Arta Bajrami: E kam gati balad\u00ebn e vitit"},"content":{"rendered":"<p><a href=\"http:\/\/www.visit-ulcinj.com\/blog\/wp-content\/uploads\/2014\/01\/Arta-Bajrami.jpg\"><img loading=\"lazy\" class=\"alignleft  wp-image-78060\" alt=\"Arta Bajrami\" src=\"http:\/\/www.visit-ulcinj.com\/blog\/wp-content\/uploads\/2014\/01\/Arta-Bajrami.jpg\" width=\"508\" height=\"347\" \/><\/a>K\u00ebng\u00ebtarja shqiptare, Arta Bajrami, ka paralajm\u00ebruar rikthimin e saj n\u00eb sken\u00ebn muzikore shqiptare me nj\u00eb balad\u00eb.<\/p>\n<p>K\u00ebng\u00ebtarja e cila ka m\u00eb shum\u00eb se nj\u00eb dekad\u00eb n\u00eb sken\u00ebn e muzik\u00ebs shqiptare dhe q\u00eb njihet p\u00ebr baladat, ka konfirmuar p\u00ebr Z\u00ebrin se po punon n\u00eb projektet e reja.<\/p>\n<p>Madje, ajo thot\u00eb se projekti i ri \u00ebsht\u00eb prej m\u00eb t\u00eb mir\u00ebve nd\u00ebr vite.<\/p>\n<p>\u201cK\u00ebnga q\u00eb sapo kemi p\u00ebrfunduar \u00ebsht\u00eb nj\u00eb balad\u00eb e realizuar si asnj\u00ebher\u00eb m\u00eb par\u00eb, nga Don Arbas dhe me tekst t\u00eb Fatmir Muj\u00ebs\u201d.<\/p>\n<p>\u201cK\u00ebt\u00eb balad\u00eb e kam p\u00ebrgatitur me nj\u00eb p\u00ebrkushtim t\u00eb madh dhe mund t\u00eb them se do t\u00eb jet\u00eb balada e vitit. Kam pasur shum\u00eb balada t\u00eb cilat ende vazhdojn\u00eb t\u00eb jen\u00eb hite nd\u00ebr vite, mir\u00ebpo kjo q\u00eb tani kam p\u00ebrgatitur do t\u00eb jet\u00eb edhe m\u00eb e fuqishme. Nuk dua t\u00eb zbuloj asgj\u00eb deri n\u00eb lansim, as titullin. K\u00ebnga do t\u00eb dal bashk\u00eb me videoklip\u201d, ka konfirmuar Arta p\u00ebr Z\u00ebri.<\/p>\n<p>Z\u00ebri<\/p>\n<!--YouTube Error: bad URL entered-->\n","protected":false},"excerpt":{"rendered":"<p>K\u00ebng\u00ebtarja shqiptare, Arta Bajrami, ka paralajm\u00ebruar rikthimin e saj n\u00eb sken\u00ebn muzikore shqiptare me nj\u00eb balad\u00eb. K\u00ebng\u00ebtarja e cila ka m\u00eb shum\u00eb se nj\u00eb dekad\u00eb n\u00eb sken\u00ebn e muzik\u00ebs shqiptare dhe q\u00eb njihet p\u00ebr baladat, ka konfirmuar p\u00ebr Z\u00ebrin se po punon n\u00eb projektet e reja. Madje, ajo thot\u00eb se projekti i ri \u00ebsht\u00eb prej [&hellip;]<\/p>\n","protected":false},"author":1,"featured_media":0,"comment_status":"closed","ping_status":"closed","sticky":false,"template":"","format":"standard","meta":{"spay_email":"","jetpack_publicize_message":"","jetpack_is_tweetstorm":false,"jetpack_publicize_feature_enabled":true},"categories":[1],"tags":[],"jetpack_publicize_connections":[],"yoast_head":"<!-- This site is optimized with the Yoast SEO plugin v19.1 - https:\/\/yoast.com\/wordpress\/plugins\/seo\/ -->\n<title>Arta Bajrami: E kam gati balad\u00ebn e vitit - Lajme nga Ulqini<\/title>\n<meta name=\"description\" content=\"K\u00ebng\u00ebtarja shqiptare, Arta Bajrami, ka paralajm\u00ebruar rikthimin e saj n\u00eb sken\u00ebn muzikore shqiptare me nj\u00eb balad\u00eb. K\u00ebng\u00ebtarja e cila ka m\u00eb shum\u00eb se nj\u00eb\" \/>\n<meta name=\"robots\" content=\"index, follow, max-snippet:-1, max-image-preview:large, max-video-preview:-1\" \/>\n<link rel=\"canonical\" href=\"https:\/\/www.visit-ulcinj.com\/blog\/2014\/01\/11\/arta-bajrami-e-kam-gati-baladen-e-vitit\/\" \/>\n<meta property=\"og:locale\" content=\"en_US\" \/>\n<meta property=\"og:type\" content=\"article\" \/>\n<meta property=\"og:title\" content=\"Arta Bajrami: E kam gati balad\u00ebn e vitit - Lajme nga Ulqini\" \/>\n<meta property=\"og:description\" content=\"K\u00ebng\u00ebtarja shqiptare, Arta Bajrami, ka paralajm\u00ebruar rikthimin e saj n\u00eb sken\u00ebn muzikore shqiptare me nj\u00eb balad\u00eb. K\u00ebng\u00ebtarja e cila ka m\u00eb shum\u00eb se nj\u00eb\" \/>\n<meta property=\"og:url\" content=\"https:\/\/www.visit-ulcinj.com\/blog\/2014\/01\/11\/arta-bajrami-e-kam-gati-baladen-e-vitit\/\" \/>\n<meta property=\"og:site_name\" content=\"Lajme nga Ulqini\" \/>\n<meta property=\"article:published_time\" content=\"2014-01-11T16:22:50+00:00\" \/>\n<meta property=\"og:image\" content=\"http:\/\/www.visit-ulcinj.com\/blog\/wp-content\/uploads\/2014\/01\/Arta-Bajrami.jpg\" \/>\n<meta name=\"twitter:label1\" content=\"Written by\" \/>\n\t<meta name=\"twitter:data1\" content=\"ulqini\" \/>\n\t<meta name=\"twitter:label2\" content=\"Est. reading time\" \/>\n\t<meta name=\"twitter:data2\" content=\"1 minute\" \/>\n<script type=\"application\/ld+json\" class=\"yoast-schema-graph\">{\"@context\":\"https:\/\/schema.org\",\"@graph\":[{\"@type\":\"WebSite\",\"@id\":\"https:\/\/www.visit-ulcinj.com\/blog\/#website\",\"url\":\"https:\/\/www.visit-ulcinj.com\/blog\/\",\"name\":\"Lajme nga Ulqini\",\"description\":\"Lajme,Vijesti,Ulqini,Ulqin,Crna Gora,Mali i Zi\",\"potentialAction\":[{\"@type\":\"SearchAction\",\"target\":{\"@type\":\"EntryPoint\",\"urlTemplate\":\"https:\/\/www.visit-ulcinj.com\/blog\/?s={search_term_string}\"},\"query-input\":\"required name=search_term_string\"}],\"inLanguage\":\"en-US\"},{\"@type\":\"ImageObject\",\"inLanguage\":\"en-US\",\"@id\":\"https:\/\/www.visit-ulcinj.com\/blog\/2014\/01\/11\/arta-bajrami-e-kam-gati-baladen-e-vitit\/#primaryimage\",\"url\":\"http:\/\/www.visit-ulcinj.com\/blog\/wp-content\/uploads\/2014\/01\/Arta-Bajrami.jpg\",\"contentUrl\":\"http:\/\/www.visit-ulcinj.com\/blog\/wp-content\/uploads\/2014\/01\/Arta-Bajrami.jpg\"},{\"@type\":\"WebPage\",\"@id\":\"https:\/\/www.visit-ulcinj.com\/blog\/2014\/01\/11\/arta-bajrami-e-kam-gati-baladen-e-vitit\/#webpage\",\"url\":\"https:\/\/www.visit-ulcinj.com\/blog\/2014\/01\/11\/arta-bajrami-e-kam-gati-baladen-e-vitit\/\",\"name\":\"Arta Bajrami: E kam gati balad\u00ebn e vitit - Lajme nga Ulqini\",\"isPartOf\":{\"@id\":\"https:\/\/www.visit-ulcinj.com\/blog\/#website\"},\"primaryImageOfPage\":{\"@id\":\"https:\/\/www.visit-ulcinj.com\/blog\/2014\/01\/11\/arta-bajrami-e-kam-gati-baladen-e-vitit\/#primaryimage\"},\"datePublished\":\"2014-01-11T16:22:50+00:00\",\"dateModified\":\"2014-01-11T16:22:50+00:00\",\"author\":{\"@id\":\"https:\/\/www.visit-ulcinj.com\/blog\/#\/schema\/person\/dcab619c614d3038751c63bc2aadc06d\"},\"description\":\"K\u00ebng\u00ebtarja shqiptare, Arta Bajrami, ka paralajm\u00ebruar rikthimin e saj n\u00eb sken\u00ebn muzikore shqiptare me nj\u00eb balad\u00eb. K\u00ebng\u00ebtarja e cila ka m\u00eb shum\u00eb se nj\u00eb\",\"breadcrumb\":{\"@id\":\"https:\/\/www.visit-ulcinj.com\/blog\/2014\/01\/11\/arta-bajrami-e-kam-gati-baladen-e-vitit\/#breadcrumb\"},\"inLanguage\":\"en-US\",\"potentialAction\":[{\"@type\":\"ReadAction\",\"target\":[\"https:\/\/www.visit-ulcinj.com\/blog\/2014\/01\/11\/arta-bajrami-e-kam-gati-baladen-e-vitit\/\"]}]},{\"@type\":\"BreadcrumbList\",\"@id\":\"https:\/\/www.visit-ulcinj.com\/blog\/2014\/01\/11\/arta-bajrami-e-kam-gati-baladen-e-vitit\/#breadcrumb\",\"itemListElement\":[{\"@type\":\"ListItem\",\"position\":1,\"name\":\"Arta Bajrami: E kam gati balad\u00ebn e vitit\"}]},{\"@type\":\"Person\",\"@id\":\"https:\/\/www.visit-ulcinj.com\/blog\/#\/schema\/person\/dcab619c614d3038751c63bc2aadc06d\",\"name\":\"ulqini\",\"sameAs\":[\"http:\/\/www.visit-ulcinj.com\"],\"url\":\"https:\/\/www.visit-ulcinj.com\/blog\/author\/admin\/\"}]}<\/script>\n<!-- \/ Yoast SEO plugin. -->","yoast_head_json":{"title":"Arta Bajrami: E kam gati balad\u00ebn e vitit - Lajme nga Ulqini","description":"K\u00ebng\u00ebtarja shqiptare, Arta Bajrami, ka paralajm\u00ebruar rikthimin e saj n\u00eb sken\u00ebn muzikore shqiptare me nj\u00eb balad\u00eb. K\u00ebng\u00ebtarja e cila ka m\u00eb shum\u00eb se nj\u00eb","robots":{"index":"index","follow":"follow","max-snippet":"max-snippet:-1","max-image-preview":"max-image-preview:large","max-video-preview":"max-video-preview:-1"},"canonical":"https:\/\/www.visit-ulcinj.com\/blog\/2014\/01\/11\/arta-bajrami-e-kam-gati-baladen-e-vitit\/","og_locale":"en_US","og_type":"article","og_title":"Arta Bajrami: E kam gati balad\u00ebn e vitit - Lajme nga Ulqini","og_description":"K\u00ebng\u00ebtarja shqiptare, Arta Bajrami, ka paralajm\u00ebruar rikthimin e saj n\u00eb sken\u00ebn muzikore shqiptare me nj\u00eb balad\u00eb. K\u00ebng\u00ebtarja e cila ka m\u00eb shum\u00eb se nj\u00eb","og_url":"https:\/\/www.visit-ulcinj.com\/blog\/2014\/01\/11\/arta-bajrami-e-kam-gati-baladen-e-vitit\/","og_site_name":"Lajme nga Ulqini","article_published_time":"2014-01-11T16:22:50+00:00","og_image":[{"url":"http:\/\/www.visit-ulcinj.com\/blog\/wp-content\/uploads\/2014\/01\/Arta-Bajrami.jpg"}],"twitter_misc":{"Written by":"ulqini","Est. reading time":"1 minute"},"schema":{"@context":"https:\/\/schema.org","@graph":[{"@type":"WebSite","@id":"https:\/\/www.visit-ulcinj.com\/blog\/#website","url":"https:\/\/www.visit-ulcinj.com\/blog\/","name":"Lajme nga Ulqini","description":"Lajme,Vijesti,Ulqini,Ulqin,Crna Gora,Mali i Zi","potentialAction":[{"@type":"SearchAction","target":{"@type":"EntryPoint","urlTemplate":"https:\/\/www.visit-ulcinj.com\/blog\/?s={search_term_string}"},"query-input":"required name=search_term_string"}],"inLanguage":"en-US"},{"@type":"ImageObject","inLanguage":"en-US","@id":"https:\/\/www.visit-ulcinj.com\/blog\/2014\/01\/11\/arta-bajrami-e-kam-gati-baladen-e-vitit\/#primaryimage","url":"http:\/\/www.visit-ulcinj.com\/blog\/wp-content\/uploads\/2014\/01\/Arta-Bajrami.jpg","contentUrl":"http:\/\/www.visit-ulcinj.com\/blog\/wp-content\/uploads\/2014\/01\/Arta-Bajrami.jpg"},{"@type":"WebPage","@id":"https:\/\/www.visit-ulcinj.com\/blog\/2014\/01\/11\/arta-bajrami-e-kam-gati-baladen-e-vitit\/#webpage","url":"https:\/\/www.visit-ulcinj.com\/blog\/2014\/01\/11\/arta-bajrami-e-kam-gati-baladen-e-vitit\/","name":"Arta Bajrami: E kam gati balad\u00ebn e vitit - Lajme nga Ulqini","isPartOf":{"@id":"https:\/\/www.visit-ulcinj.com\/blog\/#website"},"primaryImageOfPage":{"@id":"https:\/\/www.visit-ulcinj.com\/blog\/2014\/01\/11\/arta-bajrami-e-kam-gati-baladen-e-vitit\/#primaryimage"},"datePublished":"2014-01-11T16:22:50+00:00","dateModified":"2014-01-11T16:22:50+00:00","author":{"@id":"https:\/\/www.visit-ulcinj.com\/blog\/#\/schema\/person\/dcab619c614d3038751c63bc2aadc06d"},"description":"K\u00ebng\u00ebtarja shqiptare, Arta Bajrami, ka paralajm\u00ebruar rikthimin e saj n\u00eb sken\u00ebn muzikore shqiptare me nj\u00eb balad\u00eb. K\u00ebng\u00ebtarja e cila ka m\u00eb shum\u00eb se nj\u00eb","breadcrumb":{"@id":"https:\/\/www.visit-ulcinj.com\/blog\/2014\/01\/11\/arta-bajrami-e-kam-gati-baladen-e-vitit\/#breadcrumb"},"inLanguage":"en-US","potentialAction":[{"@type":"ReadAction","target":["https:\/\/www.visit-ulcinj.com\/blog\/2014\/01\/11\/arta-bajrami-e-kam-gati-baladen-e-vitit\/"]}]},{"@type":"BreadcrumbList","@id":"https:\/\/www.visit-ulcinj.com\/blog\/2014\/01\/11\/arta-bajrami-e-kam-gati-baladen-e-vitit\/#breadcrumb","itemListElement":[{"@type":"ListItem","position":1,"name":"Arta Bajrami: E kam gati balad\u00ebn e vitit"}]},{"@type":"Person","@id":"https:\/\/www.visit-ulcinj.com\/blog\/#\/schema\/person\/dcab619c614d3038751c63bc2aadc06d","name":"ulqini","sameAs":["http:\/\/www.visit-ulcinj.com"],"url":"https:\/\/www.visit-ulcinj.com\/blog\/author\/admin\/"}]}},"jetpack_featured_media_url":"","jetpack_sharing_enabled":true,"jetpack_shortlink":"https:\/\/wp.me\/pe6lTn-kj1","_links":{"self":[{"href":"https:\/\/www.visit-ulcinj.com\/blog\/wp-json\/wp\/v2\/posts\/78059"}],"collection":[{"href":"https:\/\/www.visit-ulcinj.com\/blog\/wp-json\/wp\/v2\/posts"}],"about":[{"href":"https:\/\/www.visit-ulcinj.com\/blog\/wp-json\/wp\/v2\/types\/post"}],"author":[{"embeddable":true,"href":"https:\/\/www.visit-ulcinj.com\/blog\/wp-json\/wp\/v2\/users\/1"}],"replies":[{"embeddable":true,"href":"https:\/\/www.visit-ulcinj.com\/blog\/wp-json\/wp\/v2\/comments?post=78059"}],"version-history":[{"count":1,"href":"https:\/\/www.visit-ulcinj.com\/blog\/wp-json\/wp\/v2\/posts\/78059\/revisions"}],"predecessor-version":[{"id":78061,"href":"https:\/\/www.visit-ulcinj.com\/blog\/wp-json\/wp\/v2\/posts\/78059\/revisions\/78061"}],"wp:attachment":[{"href":"https:\/\/www.visit-ulcinj.com\/blog\/wp-json\/wp\/v2\/media?parent=78059"}],"wp:term":[{"taxonomy":"category","embeddable":true,"href":"https:\/\/www.visit-ulcinj.com\/blog\/wp-json\/wp\/v2\/categories?post=78059"},{"taxonomy":"post_tag","embeddable":true,"href":"https:\/\/www.visit-ulcinj.com\/blog\/wp-json\/wp\/v2\/tags?post=78059"}],"curies":[{"name":"wp","href":"https:\/\/api.w.org\/{rel}","templated":true}]}}