{"id":78068,"date":"2014-01-11T17:44:31","date_gmt":"2014-01-11T16:44:31","guid":{"rendered":"http:\/\/www.visit-ulcinj.com\/blog\/?p=78068"},"modified":"2014-01-11T17:44:31","modified_gmt":"2014-01-11T16:44:31","slug":"aksidentohet-sabiani","status":"publish","type":"post","link":"https:\/\/www.visit-ulcinj.com\/blog\/2014\/01\/11\/aksidentohet-sabiani\/","title":{"rendered":"Aksidentohet Sabiani"},"content":{"rendered":"<p>K\u00ebng\u00ebtari Sabiani \u00ebsht\u00eb plagosur n\u00eb nj\u00eb aksident q\u00eb ka ndodhur teksa ai u p\u00ebrfshi nga p\u00ebrplasja e nj\u00eb makine e cila i shkaktoi d\u00ebme t\u00eb ndryshme fizike. Aksidenti ka ndodhur kur porta e nj\u00eb makine e ka p\u00ebrplasur n\u00eb rrug\u00eb Sabianin dhe e ka hedhur dhjet\u00eb metra m\u00eb tutje duke e plagosur.<br \/>\n<a href=\"http:\/\/www.visit-ulcinj.com\/blog\/wp-content\/uploads\/2014\/01\/K\u00ebng\u00ebtari-Sabiani.jpg\"><img loading=\"lazy\" class=\"alignleft  wp-image-78069\" alt=\"K\u00ebng\u00ebtari Sabiani\" src=\"http:\/\/www.visit-ulcinj.com\/blog\/wp-content\/uploads\/2014\/01\/K\u00ebng\u00ebtari-Sabiani.jpg\" width=\"508\" height=\"400\" \/><\/a><\/p>\n<p>V\u00ebllai i k\u00ebng\u00ebtarit, Marsel Serjani thot\u00eb se aksidenti ka ndodhur n\u00eb sy t\u00eb tij. Ai shton se \u201cnj\u00eb makin\u00eb e aksidenti Sabianin dhe ai shp\u00ebtoi me fraktura jo shum\u00eb t\u00eb r\u00ebnda\u201d. Marseli shpreh fal\u00ebnderime ndaj Zotit \u201cq\u00eb m\u00eb shp\u00ebtove v\u00ebllan\u00eb tim Sabianin\u201d, duke shtuar se \u201cnuk do t\u2019ia uroja askujt nj\u00eb aksident t\u00eb till\u00eb\u201d. Pas aksidentit Sabiani \u00ebsht\u00eb d\u00ebrguar p\u00ebr nd\u00ebrhyrje mjek\u00ebsore n\u00eb QSUT.<\/p>\n<p><strong>Almakos<\/strong><\/p>\n<!--YouTube Error: bad URL entered-->\n","protected":false},"excerpt":{"rendered":"<p>K\u00ebng\u00ebtari Sabiani \u00ebsht\u00eb plagosur n\u00eb nj\u00eb aksident q\u00eb ka ndodhur teksa ai u p\u00ebrfshi nga p\u00ebrplasja e nj\u00eb makine e cila i shkaktoi d\u00ebme t\u00eb ndryshme fizike. Aksidenti ka ndodhur kur porta e nj\u00eb makine e ka p\u00ebrplasur n\u00eb rrug\u00eb Sabianin dhe e ka hedhur dhjet\u00eb metra m\u00eb tutje duke e plagosur. V\u00ebllai i k\u00ebng\u00ebtarit, [&hellip;]<\/p>\n","protected":false},"author":1,"featured_media":0,"comment_status":"closed","ping_status":"closed","sticky":false,"template":"","format":"standard","meta":{"spay_email":"","jetpack_publicize_message":"","jetpack_is_tweetstorm":false,"jetpack_publicize_feature_enabled":true},"categories":[1],"tags":[],"jetpack_publicize_connections":[],"yoast_head":"<!-- This site is optimized with the Yoast SEO plugin v19.1 - https:\/\/yoast.com\/wordpress\/plugins\/seo\/ -->\n<title>Aksidentohet Sabiani - Lajme nga Ulqini<\/title>\n<meta name=\"description\" content=\"K\u00ebng\u00ebtari Sabiani \u00ebsht\u00eb plagosur n\u00eb nj\u00eb aksident q\u00eb ka ndodhur teksa ai u p\u00ebrfshi nga p\u00ebrplasja e nj\u00eb makine e cila i shkaktoi d\u00ebme t\u00eb ndryshme fizike.\" \/>\n<meta name=\"robots\" content=\"index, follow, max-snippet:-1, max-image-preview:large, max-video-preview:-1\" \/>\n<link rel=\"canonical\" href=\"https:\/\/www.visit-ulcinj.com\/blog\/2014\/01\/11\/aksidentohet-sabiani\/\" \/>\n<meta property=\"og:locale\" content=\"en_US\" \/>\n<meta property=\"og:type\" content=\"article\" \/>\n<meta property=\"og:title\" content=\"Aksidentohet Sabiani - Lajme nga Ulqini\" \/>\n<meta property=\"og:description\" content=\"K\u00ebng\u00ebtari Sabiani \u00ebsht\u00eb plagosur n\u00eb nj\u00eb aksident q\u00eb ka ndodhur teksa ai u p\u00ebrfshi nga p\u00ebrplasja e nj\u00eb makine e cila i shkaktoi d\u00ebme t\u00eb ndryshme fizike.\" \/>\n<meta property=\"og:url\" content=\"https:\/\/www.visit-ulcinj.com\/blog\/2014\/01\/11\/aksidentohet-sabiani\/\" \/>\n<meta property=\"og:site_name\" content=\"Lajme nga Ulqini\" \/>\n<meta property=\"article:published_time\" content=\"2014-01-11T16:44:31+00:00\" \/>\n<meta name=\"twitter:label1\" content=\"Written by\" \/>\n\t<meta name=\"twitter:data1\" content=\"ulqini\" \/>\n\t<meta name=\"twitter:label2\" content=\"Est. reading time\" \/>\n\t<meta name=\"twitter:data2\" content=\"1 minute\" \/>\n<script type=\"application\/ld+json\" class=\"yoast-schema-graph\">{\"@context\":\"https:\/\/schema.org\",\"@graph\":[{\"@type\":\"WebSite\",\"@id\":\"https:\/\/www.visit-ulcinj.com\/blog\/#website\",\"url\":\"https:\/\/www.visit-ulcinj.com\/blog\/\",\"name\":\"Lajme nga Ulqini\",\"description\":\"Lajme,Vijesti,Ulqini,Ulqin,Crna Gora,Mali i Zi\",\"potentialAction\":[{\"@type\":\"SearchAction\",\"target\":{\"@type\":\"EntryPoint\",\"urlTemplate\":\"https:\/\/www.visit-ulcinj.com\/blog\/?s={search_term_string}\"},\"query-input\":\"required name=search_term_string\"}],\"inLanguage\":\"en-US\"},{\"@type\":\"WebPage\",\"@id\":\"https:\/\/www.visit-ulcinj.com\/blog\/2014\/01\/11\/aksidentohet-sabiani\/#webpage\",\"url\":\"https:\/\/www.visit-ulcinj.com\/blog\/2014\/01\/11\/aksidentohet-sabiani\/\",\"name\":\"Aksidentohet Sabiani - Lajme nga Ulqini\",\"isPartOf\":{\"@id\":\"https:\/\/www.visit-ulcinj.com\/blog\/#website\"},\"datePublished\":\"2014-01-11T16:44:31+00:00\",\"dateModified\":\"2014-01-11T16:44:31+00:00\",\"author\":{\"@id\":\"https:\/\/www.visit-ulcinj.com\/blog\/#\/schema\/person\/dcab619c614d3038751c63bc2aadc06d\"},\"description\":\"K\u00ebng\u00ebtari Sabiani \u00ebsht\u00eb plagosur n\u00eb nj\u00eb aksident q\u00eb ka ndodhur teksa ai u p\u00ebrfshi nga p\u00ebrplasja e nj\u00eb makine e cila i shkaktoi d\u00ebme t\u00eb ndryshme fizike.\",\"breadcrumb\":{\"@id\":\"https:\/\/www.visit-ulcinj.com\/blog\/2014\/01\/11\/aksidentohet-sabiani\/#breadcrumb\"},\"inLanguage\":\"en-US\",\"potentialAction\":[{\"@type\":\"ReadAction\",\"target\":[\"https:\/\/www.visit-ulcinj.com\/blog\/2014\/01\/11\/aksidentohet-sabiani\/\"]}]},{\"@type\":\"BreadcrumbList\",\"@id\":\"https:\/\/www.visit-ulcinj.com\/blog\/2014\/01\/11\/aksidentohet-sabiani\/#breadcrumb\",\"itemListElement\":[{\"@type\":\"ListItem\",\"position\":1,\"name\":\"Aksidentohet Sabiani\"}]},{\"@type\":\"Person\",\"@id\":\"https:\/\/www.visit-ulcinj.com\/blog\/#\/schema\/person\/dcab619c614d3038751c63bc2aadc06d\",\"name\":\"ulqini\",\"sameAs\":[\"http:\/\/www.visit-ulcinj.com\"],\"url\":\"https:\/\/www.visit-ulcinj.com\/blog\/author\/admin\/\"}]}<\/script>\n<!-- \/ Yoast SEO plugin. -->","yoast_head_json":{"title":"Aksidentohet Sabiani - Lajme nga Ulqini","description":"K\u00ebng\u00ebtari Sabiani \u00ebsht\u00eb plagosur n\u00eb nj\u00eb aksident q\u00eb ka ndodhur teksa ai u p\u00ebrfshi nga p\u00ebrplasja e nj\u00eb makine e cila i shkaktoi d\u00ebme t\u00eb ndryshme fizike.","robots":{"index":"index","follow":"follow","max-snippet":"max-snippet:-1","max-image-preview":"max-image-preview:large","max-video-preview":"max-video-preview:-1"},"canonical":"https:\/\/www.visit-ulcinj.com\/blog\/2014\/01\/11\/aksidentohet-sabiani\/","og_locale":"en_US","og_type":"article","og_title":"Aksidentohet Sabiani - Lajme nga Ulqini","og_description":"K\u00ebng\u00ebtari Sabiani \u00ebsht\u00eb plagosur n\u00eb nj\u00eb aksident q\u00eb ka ndodhur teksa ai u p\u00ebrfshi nga p\u00ebrplasja e nj\u00eb makine e cila i shkaktoi d\u00ebme t\u00eb ndryshme fizike.","og_url":"https:\/\/www.visit-ulcinj.com\/blog\/2014\/01\/11\/aksidentohet-sabiani\/","og_site_name":"Lajme nga Ulqini","article_published_time":"2014-01-11T16:44:31+00:00","twitter_misc":{"Written by":"ulqini","Est. reading time":"1 minute"},"schema":{"@context":"https:\/\/schema.org","@graph":[{"@type":"WebSite","@id":"https:\/\/www.visit-ulcinj.com\/blog\/#website","url":"https:\/\/www.visit-ulcinj.com\/blog\/","name":"Lajme nga Ulqini","description":"Lajme,Vijesti,Ulqini,Ulqin,Crna Gora,Mali i Zi","potentialAction":[{"@type":"SearchAction","target":{"@type":"EntryPoint","urlTemplate":"https:\/\/www.visit-ulcinj.com\/blog\/?s={search_term_string}"},"query-input":"required name=search_term_string"}],"inLanguage":"en-US"},{"@type":"WebPage","@id":"https:\/\/www.visit-ulcinj.com\/blog\/2014\/01\/11\/aksidentohet-sabiani\/#webpage","url":"https:\/\/www.visit-ulcinj.com\/blog\/2014\/01\/11\/aksidentohet-sabiani\/","name":"Aksidentohet Sabiani - Lajme nga Ulqini","isPartOf":{"@id":"https:\/\/www.visit-ulcinj.com\/blog\/#website"},"datePublished":"2014-01-11T16:44:31+00:00","dateModified":"2014-01-11T16:44:31+00:00","author":{"@id":"https:\/\/www.visit-ulcinj.com\/blog\/#\/schema\/person\/dcab619c614d3038751c63bc2aadc06d"},"description":"K\u00ebng\u00ebtari Sabiani \u00ebsht\u00eb plagosur n\u00eb nj\u00eb aksident q\u00eb ka ndodhur teksa ai u p\u00ebrfshi nga p\u00ebrplasja e nj\u00eb makine e cila i shkaktoi d\u00ebme t\u00eb ndryshme fizike.","breadcrumb":{"@id":"https:\/\/www.visit-ulcinj.com\/blog\/2014\/01\/11\/aksidentohet-sabiani\/#breadcrumb"},"inLanguage":"en-US","potentialAction":[{"@type":"ReadAction","target":["https:\/\/www.visit-ulcinj.com\/blog\/2014\/01\/11\/aksidentohet-sabiani\/"]}]},{"@type":"BreadcrumbList","@id":"https:\/\/www.visit-ulcinj.com\/blog\/2014\/01\/11\/aksidentohet-sabiani\/#breadcrumb","itemListElement":[{"@type":"ListItem","position":1,"name":"Aksidentohet Sabiani"}]},{"@type":"Person","@id":"https:\/\/www.visit-ulcinj.com\/blog\/#\/schema\/person\/dcab619c614d3038751c63bc2aadc06d","name":"ulqini","sameAs":["http:\/\/www.visit-ulcinj.com"],"url":"https:\/\/www.visit-ulcinj.com\/blog\/author\/admin\/"}]}},"jetpack_featured_media_url":"","jetpack_sharing_enabled":true,"jetpack_shortlink":"https:\/\/wp.me\/pe6lTn-kja","_links":{"self":[{"href":"https:\/\/www.visit-ulcinj.com\/blog\/wp-json\/wp\/v2\/posts\/78068"}],"collection":[{"href":"https:\/\/www.visit-ulcinj.com\/blog\/wp-json\/wp\/v2\/posts"}],"about":[{"href":"https:\/\/www.visit-ulcinj.com\/blog\/wp-json\/wp\/v2\/types\/post"}],"author":[{"embeddable":true,"href":"https:\/\/www.visit-ulcinj.com\/blog\/wp-json\/wp\/v2\/users\/1"}],"replies":[{"embeddable":true,"href":"https:\/\/www.visit-ulcinj.com\/blog\/wp-json\/wp\/v2\/comments?post=78068"}],"version-history":[{"count":1,"href":"https:\/\/www.visit-ulcinj.com\/blog\/wp-json\/wp\/v2\/posts\/78068\/revisions"}],"predecessor-version":[{"id":78070,"href":"https:\/\/www.visit-ulcinj.com\/blog\/wp-json\/wp\/v2\/posts\/78068\/revisions\/78070"}],"wp:attachment":[{"href":"https:\/\/www.visit-ulcinj.com\/blog\/wp-json\/wp\/v2\/media?parent=78068"}],"wp:term":[{"taxonomy":"category","embeddable":true,"href":"https:\/\/www.visit-ulcinj.com\/blog\/wp-json\/wp\/v2\/categories?post=78068"},{"taxonomy":"post_tag","embeddable":true,"href":"https:\/\/www.visit-ulcinj.com\/blog\/wp-json\/wp\/v2\/tags?post=78068"}],"curies":[{"name":"wp","href":"https:\/\/api.w.org\/{rel}","templated":true}]}}