{"id":78101,"date":"2014-01-12T20:03:57","date_gmt":"2014-01-12T19:03:57","guid":{"rendered":"http:\/\/www.visit-ulcinj.com\/blog\/?p=78101"},"modified":"2014-01-13T16:07:31","modified_gmt":"2014-01-13T15:07:31","slug":"reagim-koalicionit-bashke-per-te-ardhmen-e-ulqinit","status":"publish","type":"post","link":"https:\/\/www.visit-ulcinj.com\/blog\/2014\/01\/12\/reagim-koalicionit-bashke-per-te-ardhmen-e-ulqinit\/","title":{"rendered":"REAGIM i Koalicionit \u201cBASHK\u00cb P\u00cbR T\u00cb ARDHMEN E ULQINIT\u201d PROTEST KUND\u00cbR TV TEUTES"},"content":{"rendered":"<p align=\"center\"><a href=\"http:\/\/www.visit-ulcinj.com\/blog\/wp-content\/uploads\/2014\/01\/PD-Perspektiva-dhe-LDneMZ.jpg\"><img loading=\"lazy\" class=\"alignleft  wp-image-77844\" alt=\"PD - Perspektiva dhe LDneMZ\" src=\"http:\/\/www.visit-ulcinj.com\/blog\/wp-content\/uploads\/2014\/01\/PD-Perspektiva-dhe-LDneMZ.jpg\" width=\"508\" height=\"150\" \/><\/a>KOALICIONI<\/p>\n<p align=\"center\"><b>(Partia Demokratike, LQ \u2013 PERSPEKTIVA dhe Lidhja Demokratike n\u00eb Mal t\u00eb Zi)<\/b><\/p>\n<p align=\"center\"><b><span style=\"text-decoration: underline;\">\u201cBASHK\u00cb P\u00cbR T\u00cb ARDHMEN E ULQINIT\u201d<\/span><\/b><\/p>\n<p align=\"center\"><b>REAGIM<\/b><\/p>\n<p align=\"center\"><b>n\u00eb lidhje me moslejimin e zonj\u00ebs Zana Sarvan, p\u00ebrfaqsueses s\u00eb Koalicionit \u201cBASHK\u00cb P\u00cbR T\u00cb ARDHMEN E ULQINIT\u201d, nga ana e menaxhmenti t\u00eb TV-TEUT\u00cbS,\u00a0 q\u00eb t\u00eb marr\u00eb pjes\u00eb n\u00eb debatin q\u00eb organizoi ky TV, mbr\u00ebm\u00eb, m\u00eb 11 janar 2014, me rastin e zgjedhjeve lokale p\u00ebr k\u00ebshilltar\u00eb ne KK t\u00eb Ulqinit<\/b><\/p>\n<p>KOALICIONI\u00a0 \u201cBASHK\u00cb P\u00cbR T\u00cb ARDHMEN E ULQINIT\u201d\u00a0 proteston ashp\u00ebr kund\u00ebr k\u00ebtij veprimit t\u00eb nj\u00ebansh\u00ebm dhe arbitrar t\u00eb pronarit &#8211; drejtoresh\u00ebs se TV -Teut\u00ebs.<\/p>\n<p>Si\u00e7 jeni t\u00eb informuar, ata t\u00eb cil\u00ebt mbr\u00ebm\u00eb kan\u00eb p\u00ebrcjell\u00eb debatin n\u00eb Tv Teuta,\u00a0 t\u00eb p\u00ebrfaq\u00ebsues\u00ebve t\u00eb listave zgjedhore p\u00ebr zgjedhjet p\u00ebr k\u00ebshilltar\u00eb p\u00ebr KK t\u00eb Ulqinit, t\u00eb cilat do t\u00eb mbahen m\u00eb 26 janar 2014, kan\u00eb par\u00eb se mungoi p\u00ebrfaqsuesi i list\u00ebs\u00a0 zgjedhore &#8211; KOALICIONI\u00a0 \u201cBASHK\u00cb P\u00cbR T\u00cb ARDHMEN E ULQINIT\u201d- q\u00eb duhej t\u00eb ishte n\u00eb karrigen e 8-t\u00eb, numrin e t\u00eb cilit ky Koalicion e ka n\u00eb listen p\u00ebrmbledh\u00ebse zgjedhore.<\/p>\n<p>Njoftojm\u00eb t\u00eb gjith\u00eb shikuesit e nderuar t\u00eb medias private TV-Teuta, t\u00eb gjith\u00eb an\u00ebtar\u00ebt, simpatizuesit e p\u00ebrkrah\u00ebsit e k\u00ebtij Koalicioni, t\u00eb gjith\u00eb qytetar\u00ebt e Ulqinit dhe opinionin e gj\u00ebr\u00eb se mosprezenca e p\u00ebrfaqsueses son\u00eb nuk ishte se ne nuk desht\u00ebm t\u00eb marrim pjes\u00eb, por p\u00ebrkundrazi ishte sjellja arbitrare e pronarit gjegj\u00ebsisht drejtoresh\u00ebs s\u00eb TV-Teut\u00ebs, t\u00eb cil\u00ebt n\u00eb emer \u201ct\u00eb rregullave t\u00eb tyre\u201d nuk lejuan zonj\u00ebn Zana Sarvan, p\u00ebrfaqsuesen e list\u00ebs s\u00eb KOALICIONIT, kandidaten p\u00ebr k\u00ebshilltare n\u00eb list\u00ebn e koalicionit\u00a0 zgjedhor, \u201cBASHK\u00cb P\u00cbR T\u00cb ARDHMEN E ULQINIT\u201d, e cila ishte prezente ne lokalin e TV-Teutes me p\u00ebrfaq\u00ebsuesit e tjer\u00eb, me motivacion sipas th\u00ebnies s\u00eb tyre se duhet t\u00eb ishte prezent bart\u00ebsi i list\u00ebs!<\/p>\n<p>N\u00eb lidhje me moslejimin e pjes\u00ebmarrjes, pronari dhe drejtoresha b\u00ebn nj\u00eb debat bukur t\u00eb gjat\u00eb, p\u00ebr \u00e7ka edhe emisioni u vonua m\u00eb se 40 minita. Kur pas k\u00ebtij debati e sqarimeve\u00a0 n\u00eb nj\u00eb far m\u00ebnyre u duk se u arrit nj\u00eb pajtushm\u00ebri q\u00eb znj.Sarvan t\u00eb marr\u00eb pjes\u00eb , del n\u00eb sken\u00eb zot[ri Nazif Cungu, kryetar i \u201cForc\u00ebs\u201d i cili \u00a0ishte kategorik dhe iu drejtua t\u00eb gjith\u00eb t\u00eb pranishm\u00ebve, pjes\u00ebmarr\u00ebsve, t\u00eb TV -DEBAT,\u00a0 q\u00eb <b>\u201dn\u00ebse lejohet hyrja n\u00eb studio e znj\u00ebs Sarvan , ai personalisht nuk do t\u00eb marr\u00eb pjes\u00eb n\u00eb tv-debat\u201d,<\/b> me \u00e7ka ai, jo vet\u00ebm q\u00eb tregoi nj\u00eb shpirt\u00ebngusht\u00ebsi,\u00a0 por shkoi aq larg q\u00eb me<\/p>\n<p align=\"center\">2<\/p>\n<p>sjelljen e tij prej \u201cpadroni\u201d, d\u00ebshiroi t\u00eb komandoj\u00eb dhe p\u00ebrfaqsuesit e listave t\u00eb tjera se kush do\u00a0 t\u2019i p\u00ebrfaq\u00ebsoj\u00eb, madje edhe k\u00ebtu n\u00eb k\u00ebt\u00eb TV-DEBAT.\u00a0 Kam\u00ebb\u00ebngulja\u00a0 dhe zbatimi e k\u00ebtij \u201cvendimit\u201d absurd t\u00eb tyre, tregoi qart\u00eb \u201cpronarin e v\u00ebrtet\u201d t\u00eb TV-Teut\u00ebs, e cila gj\u00eb u pa dhe gjat\u00eb emisionit.<\/p>\n<p>Me k\u00ebt\u00eb rast edhe nj\u00eb her\u00eb njoftojm\u00eb opinioni dhe\u00a0 ia t\u00ebrheqim v\u00ebrejtjen \u201cpronarit\u201d t\u00eb TV-Teut\u00ebs, q\u00eb edhe herave t\u00eb tjera kur do t\u00eb marrim pjes\u00eb dhe n\u00ebse do t\u00eb marrim pjes\u00eb&#8230;p\u00ebrfaqsuesin n\u00eb debate dhe emisione t\u00eb tjera, e cakton subjekti politik, n\u00eb rastin konkret Koalicioni, e jo, n\u00eb asnj\u00eb m\u00ebnyr\u00eb televizioni, e aq m\u00eb pak ata t\u00eb cil\u00ebt udh\u00ebheqin me t\u00eb, nga af\u00ebr apo nga larg, si\u00e7 tentuan edhe n\u00eb k\u00ebt\u00eb rast!?<\/p>\n<p>Me p\u00ebrjashtimin e p\u00ebrfaqsueses son\u00eb n\u00eb debatin e mbr\u00ebmsh\u00ebm, theksojm\u00eb q\u00eb m\u00eb s\u00eb shumti ka humbur\u00a0 TV-euta dhe dabati i mbr\u00ebmsh\u00ebm e jo Koalicioni \u201cBASHK\u00cb P\u00cbR T\u00cb ARDHMEN E ULQINIT\u201d. K\u00ebt\u00eb m\u00eb s\u00eb miri e kan\u00eb v\u00ebrejtur dhe konstatuar shikuesit dhe votuesit.<\/p>\n<p>Nisur nga ky akt i tyre arbitrar, sa i paarsyesh\u00ebm aq edhe i turpsh\u00ebm, kur \u201cpronari i v\u00ebrtet\u00eb\u201d dhe vart\u00ebsit e tij nuk lejojn\u00eb p\u00ebrfaqsuesen legjitime t\u00eb Koalicionit, t\u00eb vetmen fem\u00ebr q\u00eb do duhej t\u00eb ishte n\u00eb k\u00ebt\u00eb debat, del qart\u00eb se ky Televizion theu t\u00eb gjitha rregullat e informimit t\u00eb lir\u00eb e demokratik dhe t\u00eb drejt\u00ebn legjitime t\u00eb listes zgjedhore ,\u00a0 me t\u00eb cilin rast uzurpoi t\u00eb drejtat e p\u00ebrfaq\u00ebsimit, t\u00eb KOALICIONIT\u00a0 \u201cBASHK\u00cb P\u00cbR T\u00cb ARDHMEN E ULQINIT\u201d.<\/p>\n<p>Dhe n\u00eb fund, i drejtohemi menaxhmentit t\u00eb TV-Teut\u00ebs q\u00eb n\u00eb t\u00eb ardhmen mos t\u00eb b\u00ebj arbirtararitete t\u00eb tilla, dhe presim q\u00eb t\u00eb k\u00ebrkojn\u00eb falje, n\u00eb radh\u00eb t\u00eb par\u00eb shikues\u00ebve te TV-Teutes\u00a0 dhe subjekteve t\u00eb t\u00eb vetmit koalicion n\u00eb k\u00ebto zgjedhje (PD,LQ \u201cPerspektiva\u201d dhe LD n\u00eb MZ), p\u00ebr k\u00ebt\u00eb veprim t\u00eb q\u00ebllimsh\u00ebm. P\u00ebrndryshe, subjektet politike te koalicionit \u201cBASHK\u00cb P\u00cbR T\u00cb ARDHMEN E ULQINIT\u201d do t\u00eb shqyrtojn\u00eb bashk\u00ebpunimin e m\u00ebtejsh\u00ebm me k\u00ebt\u00eb Television.<\/p>\n<p>Koalicioni &#8211; \u201cBASHK\u00cb P\u00cbR T\u00cb ARDHMEN E ULQINIT\u201d.<\/p>\n<p>&nbsp;<\/p>\n<p>Ulqin, m\u00eb 12\u00a0 janar 2014<\/p>\n<p>&nbsp;<\/p>\n<p><b>Partia Demokratike\u00a0\u00a0\u00a0\u00a0\u00a0\u00a0\u00a0\u00a0\u00a0\u00a0\u00a0\u00a0\u00a0\u00a0\u00a0\u00a0\u00a0 \u00a0LQ \u201cPerspektiva\u201d\u00a0\u00a0\u00a0\u00a0\u00a0\u00a0\u00a0\u00a0\u00a0\u00a0 \u00a0Lidhja Demokratike n\u00eb MZ<\/b><\/p>\n<p>Kryetari,\u00a0\u00a0\u00a0\u00a0\u00a0\u00a0\u00a0\u00a0 \u00a0\u00a0\u00a0\u00a0\u00a0\u00a0\u00a0\u00a0\u00a0\u00a0\u00a0\u00a0\u00a0\u00a0\u00a0\u00a0\u00a0\u00a0\u00a0\u00a0\u00a0\u00a0\u00a0 \u00a0\u00a0\u00a0\u00a0\u00a0\u00a0\u00a0\u00a0Kryetari,\u00a0\u00a0\u00a0\u00a0\u00a0\u00a0\u00a0\u00a0\u00a0\u00a0\u00a0\u00a0\u00a0\u00a0\u00a0\u00a0\u00a0\u00a0\u00a0\u00a0\u00a0\u00a0\u00a0\u00a0\u00a0\u00a0\u00a0\u00a0\u00a0\u00a0 Kryetari,<\/p>\n<p><b>Fatmir Gjeka d.v.\u00a0\u00a0\u00a0\u00a0\u00a0\u00a0\u00a0\u00a0\u00a0\u00a0\u00a0\u00a0\u00a0\u00a0\u00a0\u00a0\u00a0\u00a0\u00a0\u00a0\u00a0\u00a0\u00a0 Amir Hollaj\u00a0 d.v.\u00a0\u00a0\u00a0\u00a0\u00a0\u00a0\u00a0\u00a0\u00a0\u00a0\u00a0\u00a0\u00a0\u00a0\u00a0\u00a0 \u00a0Mehmet Bardhi d.v.<\/b><\/p>\n<p><a href=\"http:\/\/www.visit-ulcinj.com\/blog\/wp-content\/uploads\/2014\/01\/Koalicionit-BASHK\u00cb-P\u00cbR-T\u00cb-ARDHMEN-E-ULQINIT.jpg\"><img loading=\"lazy\" class=\"alignleft  wp-image-78106\" alt=\"Koalicionit BASHK\u00cb P\u00cbR T\u00cb ARDHMEN E ULQINIT\" src=\"http:\/\/www.visit-ulcinj.com\/blog\/wp-content\/uploads\/2014\/01\/Koalicionit-BASHK\u00cb-P\u00cbR-T\u00cb-ARDHMEN-E-ULQINIT.jpg\" width=\"508\" height=\"400\" \/><\/a><\/p>\n","protected":false},"excerpt":{"rendered":"<p>KOALICIONI (Partia Demokratike, LQ \u2013 PERSPEKTIVA dhe Lidhja Demokratike n\u00eb Mal t\u00eb Zi) \u201cBASHK\u00cb P\u00cbR T\u00cb ARDHMEN E ULQINIT\u201d REAGIM n\u00eb lidhje me moslejimin e zonj\u00ebs Zana Sarvan, p\u00ebrfaqsueses s\u00eb Koalicionit \u201cBASHK\u00cb P\u00cbR T\u00cb ARDHMEN E ULQINIT\u201d, nga ana e menaxhmenti t\u00eb TV-TEUT\u00cbS,\u00a0 q\u00eb t\u00eb marr\u00eb pjes\u00eb n\u00eb debatin q\u00eb organizoi ky TV, mbr\u00ebm\u00eb, m\u00eb [&hellip;]<\/p>\n","protected":false},"author":1,"featured_media":0,"comment_status":"closed","ping_status":"closed","sticky":false,"template":"","format":"standard","meta":{"spay_email":"","jetpack_publicize_message":"","jetpack_is_tweetstorm":false,"jetpack_publicize_feature_enabled":true},"categories":[1,11],"tags":[],"jetpack_publicize_connections":[],"yoast_head":"<!-- This site is optimized with the Yoast SEO plugin v19.1 - https:\/\/yoast.com\/wordpress\/plugins\/seo\/ -->\n<title>REAGIM i Koalicionit \u201cBASHK\u00cb P\u00cbR T\u00cb ARDHMEN E ULQINIT\u201d PROTEST KUND\u00cbR TV TEUTES - Lajme nga Ulqini<\/title>\n<meta name=\"description\" content=\"KOALICIONI (Partia Demokratike, LQ \u2013 PERSPEKTIVA dhe Lidhja Demokratike n\u00eb Mal t\u00eb Zi) \u201cBASHK\u00cb P\u00cbR T\u00cb ARDHMEN E ULQINIT\u201d REAGIM n\u00eb lidhje me moslejimin e\" \/>\n<meta name=\"robots\" content=\"index, follow, max-snippet:-1, max-image-preview:large, max-video-preview:-1\" \/>\n<link rel=\"canonical\" href=\"https:\/\/www.visit-ulcinj.com\/blog\/2014\/01\/12\/reagim-koalicionit-bashke-per-te-ardhmen-e-ulqinit\/\" \/>\n<meta property=\"og:locale\" content=\"en_US\" \/>\n<meta property=\"og:type\" content=\"article\" \/>\n<meta property=\"og:title\" content=\"REAGIM i Koalicionit \u201cBASHK\u00cb P\u00cbR T\u00cb ARDHMEN E ULQINIT\u201d PROTEST KUND\u00cbR TV TEUTES - Lajme nga Ulqini\" \/>\n<meta property=\"og:description\" content=\"KOALICIONI (Partia Demokratike, LQ \u2013 PERSPEKTIVA dhe Lidhja Demokratike n\u00eb Mal t\u00eb Zi) \u201cBASHK\u00cb P\u00cbR T\u00cb ARDHMEN E ULQINIT\u201d REAGIM n\u00eb lidhje me moslejimin e\" \/>\n<meta property=\"og:url\" content=\"https:\/\/www.visit-ulcinj.com\/blog\/2014\/01\/12\/reagim-koalicionit-bashke-per-te-ardhmen-e-ulqinit\/\" \/>\n<meta property=\"og:site_name\" content=\"Lajme nga Ulqini\" \/>\n<meta property=\"article:published_time\" content=\"2014-01-12T19:03:57+00:00\" \/>\n<meta property=\"article:modified_time\" content=\"2014-01-13T15:07:31+00:00\" \/>\n<meta property=\"og:image\" content=\"http:\/\/www.visit-ulcinj.com\/blog\/wp-content\/uploads\/2014\/01\/PD-Perspektiva-dhe-LDneMZ.jpg\" \/>\n<meta name=\"twitter:label1\" content=\"Written by\" \/>\n\t<meta name=\"twitter:data1\" content=\"ulqini\" \/>\n\t<meta name=\"twitter:label2\" content=\"Est. reading time\" \/>\n\t<meta name=\"twitter:data2\" content=\"4 minutes\" \/>\n<script type=\"application\/ld+json\" class=\"yoast-schema-graph\">{\"@context\":\"https:\/\/schema.org\",\"@graph\":[{\"@type\":\"WebSite\",\"@id\":\"https:\/\/www.visit-ulcinj.com\/blog\/#website\",\"url\":\"https:\/\/www.visit-ulcinj.com\/blog\/\",\"name\":\"Lajme nga Ulqini\",\"description\":\"Lajme,Vijesti,Ulqini,Ulqin,Crna Gora,Mali i Zi\",\"potentialAction\":[{\"@type\":\"SearchAction\",\"target\":{\"@type\":\"EntryPoint\",\"urlTemplate\":\"https:\/\/www.visit-ulcinj.com\/blog\/?s={search_term_string}\"},\"query-input\":\"required name=search_term_string\"}],\"inLanguage\":\"en-US\"},{\"@type\":\"ImageObject\",\"inLanguage\":\"en-US\",\"@id\":\"https:\/\/www.visit-ulcinj.com\/blog\/2014\/01\/12\/reagim-koalicionit-bashke-per-te-ardhmen-e-ulqinit\/#primaryimage\",\"url\":\"https:\/\/www.visit-ulcinj.com\/blog\/wp-content\/uploads\/2014\/01\/PD-Perspektiva-dhe-LDneMZ.jpg\",\"contentUrl\":\"https:\/\/www.visit-ulcinj.com\/blog\/wp-content\/uploads\/2014\/01\/PD-Perspektiva-dhe-LDneMZ.jpg\",\"width\":434,\"height\":150},{\"@type\":\"WebPage\",\"@id\":\"https:\/\/www.visit-ulcinj.com\/blog\/2014\/01\/12\/reagim-koalicionit-bashke-per-te-ardhmen-e-ulqinit\/#webpage\",\"url\":\"https:\/\/www.visit-ulcinj.com\/blog\/2014\/01\/12\/reagim-koalicionit-bashke-per-te-ardhmen-e-ulqinit\/\",\"name\":\"REAGIM i Koalicionit \u201cBASHK\u00cb P\u00cbR T\u00cb ARDHMEN E ULQINIT\u201d PROTEST KUND\u00cbR TV TEUTES - Lajme nga Ulqini\",\"isPartOf\":{\"@id\":\"https:\/\/www.visit-ulcinj.com\/blog\/#website\"},\"primaryImageOfPage\":{\"@id\":\"https:\/\/www.visit-ulcinj.com\/blog\/2014\/01\/12\/reagim-koalicionit-bashke-per-te-ardhmen-e-ulqinit\/#primaryimage\"},\"datePublished\":\"2014-01-12T19:03:57+00:00\",\"dateModified\":\"2014-01-13T15:07:31+00:00\",\"author\":{\"@id\":\"https:\/\/www.visit-ulcinj.com\/blog\/#\/schema\/person\/dcab619c614d3038751c63bc2aadc06d\"},\"description\":\"KOALICIONI (Partia Demokratike, LQ \u2013 PERSPEKTIVA dhe Lidhja Demokratike n\u00eb Mal t\u00eb Zi) \u201cBASHK\u00cb P\u00cbR T\u00cb ARDHMEN E ULQINIT\u201d REAGIM n\u00eb lidhje me moslejimin e\",\"breadcrumb\":{\"@id\":\"https:\/\/www.visit-ulcinj.com\/blog\/2014\/01\/12\/reagim-koalicionit-bashke-per-te-ardhmen-e-ulqinit\/#breadcrumb\"},\"inLanguage\":\"en-US\",\"potentialAction\":[{\"@type\":\"ReadAction\",\"target\":[\"https:\/\/www.visit-ulcinj.com\/blog\/2014\/01\/12\/reagim-koalicionit-bashke-per-te-ardhmen-e-ulqinit\/\"]}]},{\"@type\":\"BreadcrumbList\",\"@id\":\"https:\/\/www.visit-ulcinj.com\/blog\/2014\/01\/12\/reagim-koalicionit-bashke-per-te-ardhmen-e-ulqinit\/#breadcrumb\",\"itemListElement\":[{\"@type\":\"ListItem\",\"position\":1,\"name\":\"REAGIM i Koalicionit \u201cBASHK\u00cb P\u00cbR T\u00cb ARDHMEN E ULQINIT\u201d PROTEST KUND\u00cbR TV TEUTES\"}]},{\"@type\":\"Person\",\"@id\":\"https:\/\/www.visit-ulcinj.com\/blog\/#\/schema\/person\/dcab619c614d3038751c63bc2aadc06d\",\"name\":\"ulqini\",\"sameAs\":[\"http:\/\/www.visit-ulcinj.com\"],\"url\":\"https:\/\/www.visit-ulcinj.com\/blog\/author\/admin\/\"}]}<\/script>\n<!-- \/ Yoast SEO plugin. -->","yoast_head_json":{"title":"REAGIM i Koalicionit \u201cBASHK\u00cb P\u00cbR T\u00cb ARDHMEN E ULQINIT\u201d PROTEST KUND\u00cbR TV TEUTES - Lajme nga Ulqini","description":"KOALICIONI (Partia Demokratike, LQ \u2013 PERSPEKTIVA dhe Lidhja Demokratike n\u00eb Mal t\u00eb Zi) \u201cBASHK\u00cb P\u00cbR T\u00cb ARDHMEN E ULQINIT\u201d REAGIM n\u00eb lidhje me moslejimin e","robots":{"index":"index","follow":"follow","max-snippet":"max-snippet:-1","max-image-preview":"max-image-preview:large","max-video-preview":"max-video-preview:-1"},"canonical":"https:\/\/www.visit-ulcinj.com\/blog\/2014\/01\/12\/reagim-koalicionit-bashke-per-te-ardhmen-e-ulqinit\/","og_locale":"en_US","og_type":"article","og_title":"REAGIM i Koalicionit \u201cBASHK\u00cb P\u00cbR T\u00cb ARDHMEN E ULQINIT\u201d PROTEST KUND\u00cbR TV TEUTES - Lajme nga Ulqini","og_description":"KOALICIONI (Partia Demokratike, LQ \u2013 PERSPEKTIVA dhe Lidhja Demokratike n\u00eb Mal t\u00eb Zi) \u201cBASHK\u00cb P\u00cbR T\u00cb ARDHMEN E ULQINIT\u201d REAGIM n\u00eb lidhje me moslejimin e","og_url":"https:\/\/www.visit-ulcinj.com\/blog\/2014\/01\/12\/reagim-koalicionit-bashke-per-te-ardhmen-e-ulqinit\/","og_site_name":"Lajme nga Ulqini","article_published_time":"2014-01-12T19:03:57+00:00","article_modified_time":"2014-01-13T15:07:31+00:00","og_image":[{"url":"http:\/\/www.visit-ulcinj.com\/blog\/wp-content\/uploads\/2014\/01\/PD-Perspektiva-dhe-LDneMZ.jpg"}],"twitter_misc":{"Written by":"ulqini","Est. reading time":"4 minutes"},"schema":{"@context":"https:\/\/schema.org","@graph":[{"@type":"WebSite","@id":"https:\/\/www.visit-ulcinj.com\/blog\/#website","url":"https:\/\/www.visit-ulcinj.com\/blog\/","name":"Lajme nga Ulqini","description":"Lajme,Vijesti,Ulqini,Ulqin,Crna Gora,Mali i Zi","potentialAction":[{"@type":"SearchAction","target":{"@type":"EntryPoint","urlTemplate":"https:\/\/www.visit-ulcinj.com\/blog\/?s={search_term_string}"},"query-input":"required name=search_term_string"}],"inLanguage":"en-US"},{"@type":"ImageObject","inLanguage":"en-US","@id":"https:\/\/www.visit-ulcinj.com\/blog\/2014\/01\/12\/reagim-koalicionit-bashke-per-te-ardhmen-e-ulqinit\/#primaryimage","url":"https:\/\/www.visit-ulcinj.com\/blog\/wp-content\/uploads\/2014\/01\/PD-Perspektiva-dhe-LDneMZ.jpg","contentUrl":"https:\/\/www.visit-ulcinj.com\/blog\/wp-content\/uploads\/2014\/01\/PD-Perspektiva-dhe-LDneMZ.jpg","width":434,"height":150},{"@type":"WebPage","@id":"https:\/\/www.visit-ulcinj.com\/blog\/2014\/01\/12\/reagim-koalicionit-bashke-per-te-ardhmen-e-ulqinit\/#webpage","url":"https:\/\/www.visit-ulcinj.com\/blog\/2014\/01\/12\/reagim-koalicionit-bashke-per-te-ardhmen-e-ulqinit\/","name":"REAGIM i Koalicionit \u201cBASHK\u00cb P\u00cbR T\u00cb ARDHMEN E ULQINIT\u201d PROTEST KUND\u00cbR TV TEUTES - Lajme nga Ulqini","isPartOf":{"@id":"https:\/\/www.visit-ulcinj.com\/blog\/#website"},"primaryImageOfPage":{"@id":"https:\/\/www.visit-ulcinj.com\/blog\/2014\/01\/12\/reagim-koalicionit-bashke-per-te-ardhmen-e-ulqinit\/#primaryimage"},"datePublished":"2014-01-12T19:03:57+00:00","dateModified":"2014-01-13T15:07:31+00:00","author":{"@id":"https:\/\/www.visit-ulcinj.com\/blog\/#\/schema\/person\/dcab619c614d3038751c63bc2aadc06d"},"description":"KOALICIONI (Partia Demokratike, LQ \u2013 PERSPEKTIVA dhe Lidhja Demokratike n\u00eb Mal t\u00eb Zi) \u201cBASHK\u00cb P\u00cbR T\u00cb ARDHMEN E ULQINIT\u201d REAGIM n\u00eb lidhje me moslejimin e","breadcrumb":{"@id":"https:\/\/www.visit-ulcinj.com\/blog\/2014\/01\/12\/reagim-koalicionit-bashke-per-te-ardhmen-e-ulqinit\/#breadcrumb"},"inLanguage":"en-US","potentialAction":[{"@type":"ReadAction","target":["https:\/\/www.visit-ulcinj.com\/blog\/2014\/01\/12\/reagim-koalicionit-bashke-per-te-ardhmen-e-ulqinit\/"]}]},{"@type":"BreadcrumbList","@id":"https:\/\/www.visit-ulcinj.com\/blog\/2014\/01\/12\/reagim-koalicionit-bashke-per-te-ardhmen-e-ulqinit\/#breadcrumb","itemListElement":[{"@type":"ListItem","position":1,"name":"REAGIM i Koalicionit \u201cBASHK\u00cb P\u00cbR T\u00cb ARDHMEN E ULQINIT\u201d PROTEST KUND\u00cbR TV TEUTES"}]},{"@type":"Person","@id":"https:\/\/www.visit-ulcinj.com\/blog\/#\/schema\/person\/dcab619c614d3038751c63bc2aadc06d","name":"ulqini","sameAs":["http:\/\/www.visit-ulcinj.com"],"url":"https:\/\/www.visit-ulcinj.com\/blog\/author\/admin\/"}]}},"jetpack_featured_media_url":"","jetpack_sharing_enabled":true,"jetpack_shortlink":"https:\/\/wp.me\/pe6lTn-kjH","_links":{"self":[{"href":"https:\/\/www.visit-ulcinj.com\/blog\/wp-json\/wp\/v2\/posts\/78101"}],"collection":[{"href":"https:\/\/www.visit-ulcinj.com\/blog\/wp-json\/wp\/v2\/posts"}],"about":[{"href":"https:\/\/www.visit-ulcinj.com\/blog\/wp-json\/wp\/v2\/types\/post"}],"author":[{"embeddable":true,"href":"https:\/\/www.visit-ulcinj.com\/blog\/wp-json\/wp\/v2\/users\/1"}],"replies":[{"embeddable":true,"href":"https:\/\/www.visit-ulcinj.com\/blog\/wp-json\/wp\/v2\/comments?post=78101"}],"version-history":[{"count":6,"href":"https:\/\/www.visit-ulcinj.com\/blog\/wp-json\/wp\/v2\/posts\/78101\/revisions"}],"predecessor-version":[{"id":78108,"href":"https:\/\/www.visit-ulcinj.com\/blog\/wp-json\/wp\/v2\/posts\/78101\/revisions\/78108"}],"wp:attachment":[{"href":"https:\/\/www.visit-ulcinj.com\/blog\/wp-json\/wp\/v2\/media?parent=78101"}],"wp:term":[{"taxonomy":"category","embeddable":true,"href":"https:\/\/www.visit-ulcinj.com\/blog\/wp-json\/wp\/v2\/categories?post=78101"},{"taxonomy":"post_tag","embeddable":true,"href":"https:\/\/www.visit-ulcinj.com\/blog\/wp-json\/wp\/v2\/tags?post=78101"}],"curies":[{"name":"wp","href":"https:\/\/api.w.org\/{rel}","templated":true}]}}