{"id":7811,"date":"2008-12-29T17:37:50","date_gmt":"2008-12-29T16:37:50","guid":{"rendered":"http:\/\/www.visit-ulcinj.com\/blog\/?p=7811"},"modified":"2008-12-29T17:54:40","modified_gmt":"2008-12-29T16:54:40","slug":"iniciativa-per-ndryshimin-e-nenit-148-te-statutit-te-komunes-se-ulqinit","status":"publish","type":"post","link":"https:\/\/www.visit-ulcinj.com\/blog\/2008\/12\/29\/iniciativa-per-ndryshimin-e-nenit-148-te-statutit-te-komunes-se-ulqinit\/","title":{"rendered":"Iniciativa p\u00ebr ndryshimin e nenit 148 t\u00eb Statutit t\u00eb Komun\u00ebs s\u00eb Ulqinit"},"content":{"rendered":"<p><b><a title=\"Iniciativa p\u00ebr ndryshimin e nenit 148 t\u00eb Statutit t\u00eb Komun\u00ebs s\u00eb Ulqinit,\" href=\"http:\/\/www.visit-ulcinj.com\/blog\/wp-content\/uploads\/2008\/12\/nazif-veliqi.jpg\" mce_href=\"http:\/\/www.visit-ulcinj.com\/blog\/wp-content\/uploads\/2008\/12\/nazif-veliqi.jpg\" target=\"_self\"><img loading=\"lazy\" class=\"alignleft size-full wp-image-7812\" title=\"nazif-veliqi\" src=\"http:\/\/www.visit-ulcinj.com\/blog\/wp-content\/uploads\/2008\/12\/nazif-veliqi.jpg\" mce_src=\"http:\/\/www.visit-ulcinj.com\/blog\/wp-content\/uploads\/2008\/12\/nazif-veliqi.jpg\" alt=\"nazif-veliqi\" width=\"350\" height=\"255\" srcset=\"https:\/\/www.visit-ulcinj.com\/blog\/wp-content\/uploads\/2008\/12\/nazif-veliqi.jpg 500w, https:\/\/www.visit-ulcinj.com\/blog\/wp-content\/uploads\/2008\/12\/nazif-veliqi-300x219.jpg 300w\" sizes=\"(max-width: 350px) 100vw, 350px\" \/><\/a>I nderuar z. Kryetar i Kuvendit,<\/b><br \/>\nKoalicioni i organizatave joqeveritare \u201cBashk\u00ebpunojm\u00eb drejt q\u00ebllimit\u201d n\u00eb bashk\u00ebpunim me USAID\/ORT<br \/>\nka filluar realizimin e projektit \u201dDuar t\u00eb pastra n\u00eb politik\u201d i cili para s\u00eb gjithash ka p\u00ebr qellim t\u00eb p\u00ebrkrah iniciativat qytetare t\u00eb orientuara n\u00eb luft\u00ebn kund\u00ebr korrupsionit, respektivisht t\u00eb rris transparenc\u00ebn e pun\u00ebs t\u00eb vet\u00ebqeverisjes lokale. <br \/>Projekti realizohet n\u00eb pes\u00eb komuna n\u00eb Mal te Zi e ato jan\u00eb: Plevla, Bjello Pole,Nikshiq, Herceg Novi edhe Ulqin. K\u00ebto komuna jan\u00eb t\u00eb ky\u00e7ura n\u00eb k\u00ebt\u00eb projekt sepse sektori joqeveritar n\u00eb k\u00ebto komuna ka pasur nj\u00eb bashk\u00ebpunim korrekt me organet vet\u00ebqeverisjes lokale. Shpresojm\u00eb se k\u00ebto komuna do t\u2019iu sh\u00ebrbejn\u00eb si shembull pushteteve tjera lokale, q\u00eb duke bashk\u00ebpunuar t\u2019i realizojm\u00eb q\u00ebllimet e p\u00ebrbashk\u00ebta.<br \/>\nMe k\u00ebt\u00eb projekt Koalicioni i OJQ-ve d\u00ebshiron t\u2019i mobilizoj\u00eb qytetaret n\u00eb aksione konkrete me q\u00ebllim t\u00eb rritjes s\u00eb transparenc\u00ebs s\u00eb pun\u00ebs s\u00eb vet\u00ebqeverisjes lokale dhe zvog\u00eblimin e korrupsionit. Q\u00ebllimi i projektit<br \/>\n\u00ebsht\u00eb t\u2019i inkurajojm\u00eb k\u00ebshilltar\u00ebt dhe zyrtaret lokal q\u00eb t\u00eb p\u00ebrkrahin iniciativat ose peticionet qytetare, si dhe t\u00eb forcojm\u00eb etiken profesionale n\u00eb vet\u00ebqeverisjen lokale. Synimi yn\u00eb \u00ebsht\u00eb q\u00eb edhe n\u00eb Komun\u00ebn e Ulqinit t\u00eb arrijm\u00eb rezultate t\u00eb konsiderueshme n\u00eb rritjen e pjes\u00ebmarrjes qytetare n\u00eb ushtrimin e vet\u00ebqeverisjes lokale. Mir\u00ebpo, n\u00eb k\u00ebt\u00eb aspekt ndeshemi me pengesa t\u00eb dukshme.<br \/>\nStatuti i Komun\u00ebs s\u00eb Ulqinit, n\u00eb kapitullin III \u2013 \u201cPjes\u00ebmarrja e qytetar\u00ebve n\u00eb realizimin e vet\u00ebqeverisjes lokale\u201d, n\u00eb nenin 148 parasheh q\u00eb iniciativ\u00ebn qytetare mund ta dor\u00ebzojn\u00eb 5% e qytetar\u00ebve. Kjo p\u00ebrqindje \u00ebsht\u00eb tep\u00ebr e lart\u00eb n\u00eb raport me numrin e popullsis\u00eb s\u00eb komun\u00ebs. Eksperienca nga komunat tjera tregon se p\u00ebr kualifikimin e iniciativ\u00ebs qytetare, duhet t\u00eb merret parasysh numri i popullsis\u00eb (tabela n\u00eb vazhdim).<br \/>\nKjo p\u00ebrqindje kaq e lart\u00eb e shuan motivimin e qytetar\u00ebve q\u00eb t\u00eb nd\u00ebrmarrin nj\u00eb iniciativ\u00eb qytetare,respektivisht q\u00eb t\u00eb paraqesin k\u00ebrkesat dhe nevojat e veta n\u00eb raport me vet\u00ebqeverisjen lokale. Si rezultat i k\u00ebsaj, edhe Qeverisje lokale mbetet pa propozime cil\u00ebsore t\u00eb qytetar\u00ebve. Nj\u00eb situat\u00eb e till\u00eb padyshim q\u00eb nuk kultivon bashk\u00ebpunimin e suksessh\u00ebm mes qytetar\u00ebve dhe qeverisjes lokale.<br \/>\nNisur nga kjo, paraqesim iniciativ\u00ebn p\u00ebr ndryshimin e Statutit t\u00eb komun\u00ebs s\u00eb Ulqinit, neni 148.<a target=\"_self\" title=\" Iniciativa p\u00ebr ndryshimin e nenit 148 t\u00eb Statutit t\u00eb Komun\u00ebs s\u00eb Ulqinit\" mce_href=\"http:\/\/www.ngo-horizonti.org\/images\/download\/iniciativa%20per%20ndryshimin%20e%20statutit.pdf\" href=\"http:\/\/www.ngo-horizonti.org\/images\/download\/iniciativa%20per%20ndryshimin%20e%20statutit.pdf\"><img loading=\"lazy\" src=\"http:\/\/www.visit-ulcinj.com\/blog\/wp-content\/uploads\/2008\/12\/iniciativa-per-ndryshimin-e-statutit-213x300.jpg\" mce_src=\"http:\/\/www.visit-ulcinj.com\/blog\/wp-content\/uploads\/2008\/12\/iniciativa-per-ndryshimin-e-statutit-213x300.jpg\" alt=\"iniciativa-per-ndryshimin-e-statutit\" title=\"iniciativa-per-ndryshimin-e-statutit\" class=\"alignright size-medium wp-image-7813\" width=\"213\" height=\"316\"><\/a><br \/>\nKonsiderojm\u00eb se me zvog\u00eblimin e k\u00ebsaj p\u00ebrqindjeje, qytetar\u00ebt do t\u00eb ken\u00eb mund\u00ebsi shum\u00eb m\u00eb t\u00eb madhe q\u00eb realisht t\u00eb marrin pjes\u00eb n\u00eb realizimin e vet\u00ebqeverisjes lokale. N\u00eb k\u00ebt\u00eb m\u00ebnyr\u00eb, n\u00eb komun\u00ebn e Ulqinit do krijohet hap\u00ebsir\u00eb p\u00ebr bashk\u00ebpunim cil\u00ebsor t\u00eb t\u00eb gjith\u00eb subjekteve, e n\u00eb k\u00ebt\u00eb m\u00ebnyr\u00eb edhe p\u00ebr rritjen e mir\u00ebqenies s\u00eb komunitetit.<br \/>\nPropozojm\u00eb q\u00eb me Statut t\u00eb p\u00ebrcaktohet q\u00eb 2% e qytetar\u00ebve me t\u00eb drejt\u00eb vote, mund\u00eb t\u00eb paraqesin iniciativ\u00ebn qytetare.<br \/>\nMe shpres\u00eb se do ta pranoni iniciativ\u00ebn dhe se do t\u00eb nd\u00ebrmeerni veprime p\u00ebr ndryshimin e Statutit t\u00eb komun\u00ebs s\u00eb Ulqinit, ju falenderojm\u00eb q\u00eb m\u00eb par\u00eb.<br \/>\n<b>Me respekt,<\/b><br \/>\n<b>P\u00ebr Koalicionin e OJQ-ve<br \/>\nGoran Gjuroviq <\/b><\/p>\n<p><b>Koordinator lokal<br \/>\n<\/b><b>Nazif Veliqi<\/b><\/p>\n<\/p>\n<!--YouTube Error: bad URL entered-->\n","protected":false},"excerpt":{"rendered":"<p>I nderuar z. Kryetar i Kuvendit, Koalicioni i organizatave joqeveritare \u201cBashk\u00ebpunojm\u00eb drejt q\u00ebllimit\u201d n\u00eb bashk\u00ebpunim me USAID\/ORT ka filluar realizimin e projektit \u201dDuar t\u00eb pastra n\u00eb politik\u201d i cili para s\u00eb gjithash ka p\u00ebr qellim t\u00eb p\u00ebrkrah iniciativat qytetare t\u00eb orientuara n\u00eb luft\u00ebn kund\u00ebr korrupsionit, respektivisht t\u00eb rris transparenc\u00ebn e pun\u00ebs t\u00eb vet\u00ebqeverisjes lokale. Projekti [&hellip;]<\/p>\n","protected":false},"author":1,"featured_media":0,"comment_status":"open","ping_status":"closed","sticky":false,"template":"","format":"standard","meta":{"spay_email":"","jetpack_publicize_message":"","jetpack_is_tweetstorm":false,"jetpack_publicize_feature_enabled":true},"categories":[1],"tags":[5473,5474,2442,5472],"jetpack_publicize_connections":[],"yoast_head":"<!-- This site is optimized with the Yoast SEO plugin v19.1 - https:\/\/yoast.com\/wordpress\/plugins\/seo\/ -->\n<title>Iniciativa p\u00ebr ndryshimin e nenit 148 t\u00eb Statutit t\u00eb Komun\u00ebs s\u00eb Ulqinit - Lajme nga Ulqini<\/title>\n<meta name=\"description\" content=\"I nderuar z. Kryetar i Kuvendit, Koalicioni i organizatave joqeveritare \u201cBashk\u00ebpunojm\u00eb drejt q\u00ebllimit\u201d n\u00eb bashk\u00ebpunim me USAID\/ORT ka filluar realizimin e\" \/>\n<meta name=\"robots\" content=\"index, follow, max-snippet:-1, max-image-preview:large, max-video-preview:-1\" \/>\n<link rel=\"canonical\" href=\"https:\/\/www.visit-ulcinj.com\/blog\/2008\/12\/29\/iniciativa-per-ndryshimin-e-nenit-148-te-statutit-te-komunes-se-ulqinit\/\" \/>\n<meta property=\"og:locale\" content=\"en_US\" \/>\n<meta property=\"og:type\" content=\"article\" \/>\n<meta property=\"og:title\" content=\"Iniciativa p\u00ebr ndryshimin e nenit 148 t\u00eb Statutit t\u00eb Komun\u00ebs s\u00eb Ulqinit - Lajme nga Ulqini\" \/>\n<meta property=\"og:description\" content=\"I nderuar z. Kryetar i Kuvendit, Koalicioni i organizatave joqeveritare \u201cBashk\u00ebpunojm\u00eb drejt q\u00ebllimit\u201d n\u00eb bashk\u00ebpunim me USAID\/ORT ka filluar realizimin e\" \/>\n<meta property=\"og:url\" content=\"https:\/\/www.visit-ulcinj.com\/blog\/2008\/12\/29\/iniciativa-per-ndryshimin-e-nenit-148-te-statutit-te-komunes-se-ulqinit\/\" \/>\n<meta property=\"og:site_name\" content=\"Lajme nga Ulqini\" \/>\n<meta property=\"article:published_time\" content=\"2008-12-29T16:37:50+00:00\" \/>\n<meta property=\"article:modified_time\" content=\"2008-12-29T16:54:40+00:00\" \/>\n<meta property=\"og:image\" content=\"http:\/\/www.visit-ulcinj.com\/blog\/wp-content\/uploads\/2008\/12\/nazif-veliqi.jpg\" \/>\n<meta name=\"twitter:label1\" content=\"Written by\" \/>\n\t<meta name=\"twitter:data1\" content=\"ulqini\" \/>\n\t<meta name=\"twitter:label2\" content=\"Est. reading time\" \/>\n\t<meta name=\"twitter:data2\" content=\"3 minutes\" \/>\n<script type=\"application\/ld+json\" class=\"yoast-schema-graph\">{\"@context\":\"https:\/\/schema.org\",\"@graph\":[{\"@type\":\"WebSite\",\"@id\":\"https:\/\/www.visit-ulcinj.com\/blog\/#website\",\"url\":\"https:\/\/www.visit-ulcinj.com\/blog\/\",\"name\":\"Lajme nga Ulqini\",\"description\":\"Lajme,Vijesti,Ulqini,Ulqin,Crna Gora,Mali i Zi\",\"potentialAction\":[{\"@type\":\"SearchAction\",\"target\":{\"@type\":\"EntryPoint\",\"urlTemplate\":\"https:\/\/www.visit-ulcinj.com\/blog\/?s={search_term_string}\"},\"query-input\":\"required name=search_term_string\"}],\"inLanguage\":\"en-US\"},{\"@type\":\"ImageObject\",\"inLanguage\":\"en-US\",\"@id\":\"https:\/\/www.visit-ulcinj.com\/blog\/2008\/12\/29\/iniciativa-per-ndryshimin-e-nenit-148-te-statutit-te-komunes-se-ulqinit\/#primaryimage\",\"url\":\"https:\/\/www.visit-ulcinj.com\/blog\/wp-content\/uploads\/2008\/12\/nazif-veliqi.jpg\",\"contentUrl\":\"https:\/\/www.visit-ulcinj.com\/blog\/wp-content\/uploads\/2008\/12\/nazif-veliqi.jpg\",\"width\":\"500\",\"height\":\"365\"},{\"@type\":\"WebPage\",\"@id\":\"https:\/\/www.visit-ulcinj.com\/blog\/2008\/12\/29\/iniciativa-per-ndryshimin-e-nenit-148-te-statutit-te-komunes-se-ulqinit\/#webpage\",\"url\":\"https:\/\/www.visit-ulcinj.com\/blog\/2008\/12\/29\/iniciativa-per-ndryshimin-e-nenit-148-te-statutit-te-komunes-se-ulqinit\/\",\"name\":\"Iniciativa p\u00ebr ndryshimin e nenit 148 t\u00eb Statutit t\u00eb Komun\u00ebs s\u00eb Ulqinit - Lajme nga Ulqini\",\"isPartOf\":{\"@id\":\"https:\/\/www.visit-ulcinj.com\/blog\/#website\"},\"primaryImageOfPage\":{\"@id\":\"https:\/\/www.visit-ulcinj.com\/blog\/2008\/12\/29\/iniciativa-per-ndryshimin-e-nenit-148-te-statutit-te-komunes-se-ulqinit\/#primaryimage\"},\"datePublished\":\"2008-12-29T16:37:50+00:00\",\"dateModified\":\"2008-12-29T16:54:40+00:00\",\"author\":{\"@id\":\"https:\/\/www.visit-ulcinj.com\/blog\/#\/schema\/person\/dcab619c614d3038751c63bc2aadc06d\"},\"description\":\"I nderuar z. Kryetar i Kuvendit, Koalicioni i organizatave joqeveritare \u201cBashk\u00ebpunojm\u00eb drejt q\u00ebllimit\u201d n\u00eb bashk\u00ebpunim me USAID\/ORT ka filluar realizimin e\",\"breadcrumb\":{\"@id\":\"https:\/\/www.visit-ulcinj.com\/blog\/2008\/12\/29\/iniciativa-per-ndryshimin-e-nenit-148-te-statutit-te-komunes-se-ulqinit\/#breadcrumb\"},\"inLanguage\":\"en-US\",\"potentialAction\":[{\"@type\":\"ReadAction\",\"target\":[\"https:\/\/www.visit-ulcinj.com\/blog\/2008\/12\/29\/iniciativa-per-ndryshimin-e-nenit-148-te-statutit-te-komunes-se-ulqinit\/\"]}]},{\"@type\":\"BreadcrumbList\",\"@id\":\"https:\/\/www.visit-ulcinj.com\/blog\/2008\/12\/29\/iniciativa-per-ndryshimin-e-nenit-148-te-statutit-te-komunes-se-ulqinit\/#breadcrumb\",\"itemListElement\":[{\"@type\":\"ListItem\",\"position\":1,\"name\":\"Iniciativa p\u00ebr ndryshimin e nenit 148 t\u00eb Statutit t\u00eb Komun\u00ebs s\u00eb Ulqinit\"}]},{\"@type\":\"Person\",\"@id\":\"https:\/\/www.visit-ulcinj.com\/blog\/#\/schema\/person\/dcab619c614d3038751c63bc2aadc06d\",\"name\":\"ulqini\",\"sameAs\":[\"http:\/\/www.visit-ulcinj.com\"],\"url\":\"https:\/\/www.visit-ulcinj.com\/blog\/author\/admin\/\"}]}<\/script>\n<!-- \/ Yoast SEO plugin. -->","yoast_head_json":{"title":"Iniciativa p\u00ebr ndryshimin e nenit 148 t\u00eb Statutit t\u00eb Komun\u00ebs s\u00eb Ulqinit - Lajme nga Ulqini","description":"I nderuar z. Kryetar i Kuvendit, Koalicioni i organizatave joqeveritare \u201cBashk\u00ebpunojm\u00eb drejt q\u00ebllimit\u201d n\u00eb bashk\u00ebpunim me USAID\/ORT ka filluar realizimin e","robots":{"index":"index","follow":"follow","max-snippet":"max-snippet:-1","max-image-preview":"max-image-preview:large","max-video-preview":"max-video-preview:-1"},"canonical":"https:\/\/www.visit-ulcinj.com\/blog\/2008\/12\/29\/iniciativa-per-ndryshimin-e-nenit-148-te-statutit-te-komunes-se-ulqinit\/","og_locale":"en_US","og_type":"article","og_title":"Iniciativa p\u00ebr ndryshimin e nenit 148 t\u00eb Statutit t\u00eb Komun\u00ebs s\u00eb Ulqinit - Lajme nga Ulqini","og_description":"I nderuar z. Kryetar i Kuvendit, Koalicioni i organizatave joqeveritare \u201cBashk\u00ebpunojm\u00eb drejt q\u00ebllimit\u201d n\u00eb bashk\u00ebpunim me USAID\/ORT ka filluar realizimin e","og_url":"https:\/\/www.visit-ulcinj.com\/blog\/2008\/12\/29\/iniciativa-per-ndryshimin-e-nenit-148-te-statutit-te-komunes-se-ulqinit\/","og_site_name":"Lajme nga Ulqini","article_published_time":"2008-12-29T16:37:50+00:00","article_modified_time":"2008-12-29T16:54:40+00:00","og_image":[{"url":"http:\/\/www.visit-ulcinj.com\/blog\/wp-content\/uploads\/2008\/12\/nazif-veliqi.jpg"}],"twitter_misc":{"Written by":"ulqini","Est. reading time":"3 minutes"},"schema":{"@context":"https:\/\/schema.org","@graph":[{"@type":"WebSite","@id":"https:\/\/www.visit-ulcinj.com\/blog\/#website","url":"https:\/\/www.visit-ulcinj.com\/blog\/","name":"Lajme nga Ulqini","description":"Lajme,Vijesti,Ulqini,Ulqin,Crna Gora,Mali i Zi","potentialAction":[{"@type":"SearchAction","target":{"@type":"EntryPoint","urlTemplate":"https:\/\/www.visit-ulcinj.com\/blog\/?s={search_term_string}"},"query-input":"required name=search_term_string"}],"inLanguage":"en-US"},{"@type":"ImageObject","inLanguage":"en-US","@id":"https:\/\/www.visit-ulcinj.com\/blog\/2008\/12\/29\/iniciativa-per-ndryshimin-e-nenit-148-te-statutit-te-komunes-se-ulqinit\/#primaryimage","url":"https:\/\/www.visit-ulcinj.com\/blog\/wp-content\/uploads\/2008\/12\/nazif-veliqi.jpg","contentUrl":"https:\/\/www.visit-ulcinj.com\/blog\/wp-content\/uploads\/2008\/12\/nazif-veliqi.jpg","width":"500","height":"365"},{"@type":"WebPage","@id":"https:\/\/www.visit-ulcinj.com\/blog\/2008\/12\/29\/iniciativa-per-ndryshimin-e-nenit-148-te-statutit-te-komunes-se-ulqinit\/#webpage","url":"https:\/\/www.visit-ulcinj.com\/blog\/2008\/12\/29\/iniciativa-per-ndryshimin-e-nenit-148-te-statutit-te-komunes-se-ulqinit\/","name":"Iniciativa p\u00ebr ndryshimin e nenit 148 t\u00eb Statutit t\u00eb Komun\u00ebs s\u00eb Ulqinit - Lajme nga Ulqini","isPartOf":{"@id":"https:\/\/www.visit-ulcinj.com\/blog\/#website"},"primaryImageOfPage":{"@id":"https:\/\/www.visit-ulcinj.com\/blog\/2008\/12\/29\/iniciativa-per-ndryshimin-e-nenit-148-te-statutit-te-komunes-se-ulqinit\/#primaryimage"},"datePublished":"2008-12-29T16:37:50+00:00","dateModified":"2008-12-29T16:54:40+00:00","author":{"@id":"https:\/\/www.visit-ulcinj.com\/blog\/#\/schema\/person\/dcab619c614d3038751c63bc2aadc06d"},"description":"I nderuar z. Kryetar i Kuvendit, Koalicioni i organizatave joqeveritare \u201cBashk\u00ebpunojm\u00eb drejt q\u00ebllimit\u201d n\u00eb bashk\u00ebpunim me USAID\/ORT ka filluar realizimin e","breadcrumb":{"@id":"https:\/\/www.visit-ulcinj.com\/blog\/2008\/12\/29\/iniciativa-per-ndryshimin-e-nenit-148-te-statutit-te-komunes-se-ulqinit\/#breadcrumb"},"inLanguage":"en-US","potentialAction":[{"@type":"ReadAction","target":["https:\/\/www.visit-ulcinj.com\/blog\/2008\/12\/29\/iniciativa-per-ndryshimin-e-nenit-148-te-statutit-te-komunes-se-ulqinit\/"]}]},{"@type":"BreadcrumbList","@id":"https:\/\/www.visit-ulcinj.com\/blog\/2008\/12\/29\/iniciativa-per-ndryshimin-e-nenit-148-te-statutit-te-komunes-se-ulqinit\/#breadcrumb","itemListElement":[{"@type":"ListItem","position":1,"name":"Iniciativa p\u00ebr ndryshimin e nenit 148 t\u00eb Statutit t\u00eb Komun\u00ebs s\u00eb Ulqinit"}]},{"@type":"Person","@id":"https:\/\/www.visit-ulcinj.com\/blog\/#\/schema\/person\/dcab619c614d3038751c63bc2aadc06d","name":"ulqini","sameAs":["http:\/\/www.visit-ulcinj.com"],"url":"https:\/\/www.visit-ulcinj.com\/blog\/author\/admin\/"}]}},"jetpack_featured_media_url":"","jetpack_sharing_enabled":true,"jetpack_shortlink":"https:\/\/wp.me\/pe6lTn-21Z","_links":{"self":[{"href":"https:\/\/www.visit-ulcinj.com\/blog\/wp-json\/wp\/v2\/posts\/7811"}],"collection":[{"href":"https:\/\/www.visit-ulcinj.com\/blog\/wp-json\/wp\/v2\/posts"}],"about":[{"href":"https:\/\/www.visit-ulcinj.com\/blog\/wp-json\/wp\/v2\/types\/post"}],"author":[{"embeddable":true,"href":"https:\/\/www.visit-ulcinj.com\/blog\/wp-json\/wp\/v2\/users\/1"}],"replies":[{"embeddable":true,"href":"https:\/\/www.visit-ulcinj.com\/blog\/wp-json\/wp\/v2\/comments?post=7811"}],"version-history":[{"count":0,"href":"https:\/\/www.visit-ulcinj.com\/blog\/wp-json\/wp\/v2\/posts\/7811\/revisions"}],"wp:attachment":[{"href":"https:\/\/www.visit-ulcinj.com\/blog\/wp-json\/wp\/v2\/media?parent=7811"}],"wp:term":[{"taxonomy":"category","embeddable":true,"href":"https:\/\/www.visit-ulcinj.com\/blog\/wp-json\/wp\/v2\/categories?post=7811"},{"taxonomy":"post_tag","embeddable":true,"href":"https:\/\/www.visit-ulcinj.com\/blog\/wp-json\/wp\/v2\/tags?post=7811"}],"curies":[{"name":"wp","href":"https:\/\/api.w.org\/{rel}","templated":true}]}}