{"id":78116,"date":"2014-01-13T07:52:45","date_gmt":"2014-01-13T06:52:45","guid":{"rendered":"http:\/\/www.visit-ulcinj.com\/blog\/?p=78116"},"modified":"2014-01-13T07:52:45","modified_gmt":"2014-01-13T06:52:45","slug":"radni-sastanak-imama-mutevelija-ana-malit-sa-predstavnicima-mesihata","status":"publish","type":"post","link":"https:\/\/www.visit-ulcinj.com\/blog\/2014\/01\/13\/radni-sastanak-imama-mutevelija-ana-malit-sa-predstavnicima-mesihata\/","title":{"rendered":"Radni sastanak imama i mutevelija Ana Malit sa predstavnicima Me\u0161ihata"},"content":{"rendered":"<p><a href=\"http:\/\/www.visit-ulcinj.com\/blog\/wp-content\/uploads\/2014\/01\/Bashkesia-islame-e-Ulqinit-Lamiga-Krythe-1.jpg\"><img loading=\"lazy\" class=\"alignleft  wp-image-78111\" alt=\"Bashkesia islame e Ulqinit-Lamiga-Krythe-1\" src=\"http:\/\/www.visit-ulcinj.com\/blog\/wp-content\/uploads\/2014\/01\/Bashkesia-islame-e-Ulqinit-Lamiga-Krythe-1.jpg\" width=\"508\" height=\"360\" \/><\/a>Odbor islamske zajednice Ulcinj u organizaciji sa Me\u0161ihatom Islamske zajednice u Crnoj Gori su ogranizovao je sastanak sa imamima i mutevelijama na nivou Odbora. Ovom sastanku u Krutama kod Vladimira pored imama i mutevelija su prisustvovali predstavnici Odbora IZ Ulcinj kao i predstavnici iz Me\u0161ihata. Tako\u0111er je bio prisutan i predsjednik BKA (Biznis Klub Ana Malit) koji je sponzorisao ovaj sastanak. Glavni imam mr. Ali ef. Bardhi je uzeo rije\u010d i pozdravio sve prisutne. Govorio o projektu sastavljanja mati\u010dnih knjiga za novoro\u0111ene i umrle istakav\u0161i kako jedan narod \u010duva svoj identitet \u010duvajuci svoju historiju i pisani trag o postojanju. Pro\u0161le godine je glavni imam Bardhi uveo i mati\u010dne knjige vjen\u010danih a sve ove mati\u010dne knjige su podijeljene svakoj d\u017eamiji da se vodi d\u017eematska evidencija a tako\u0111er postoji i po jedna centralna mati\u010dna knjiga u Odboru IZ. Ovaj projekat je finansirao BKA te im se glavni imam zahvalio na tome. Dalje je glavni imam govorio o predstoje\u0107em datumu ro\u0111enja poslanika Muhammeda a.s., i va\u017enosti da se taj datum obilje\u017eava na najbolji i najljep\u0161i mogu\u0107i na\u010din.<\/p>\n<p><a href=\"http:\/\/www.visit-ulcinj.com\/blog\/wp-content\/uploads\/2014\/01\/Bashkesia-islame-e-Ulqinit-Lamiga-Krythe.jpg\"><img loading=\"lazy\" class=\"alignleft  wp-image-78110\" alt=\"Bashkesia islame e Ulqinit-Lamiga-Krythe\" src=\"http:\/\/www.visit-ulcinj.com\/blog\/wp-content\/uploads\/2014\/01\/Bashkesia-islame-e-Ulqinit-Lamiga-Krythe.jpg\" width=\"508\" height=\"360\" \/><\/a><\/p>\n<p>Nakon njega je predstavnik Me\u0161ihata Omer ef. Kajoshaj govorio o kazivanjima bo\u017eijih vjerovjesnika i to da na svaki izazov na\u0161eg \u017eivota, u njihovim doga\u0111ajima mo\u017eemo na\u0107i ista isku\u0161enja kao i na\u010din odgovora na izazove \u017eivota. Mi kao muslimani treba da \u010duvamo na\u0161u vjeru kako bi mogli da se suo\u010davamo sa izazovima \u017eivota ali to \u0107emo posti\u0107i kada budemo ujedinjeni. Put svih bo\u017eijih poslanika sada se nastavlja preko uleme koji se sa potesko\u0107ama suo\u010davaju s \u017eivotom kako bi o\u010duvali i njegovali vjeru za mla\u0111e nara\u0161taje.<\/p>\n<p>Generalni sekretar Islamske zajednice u Crnoj Gori Fuad ef. \u010ceki\u0107 je tako\u0111er govorio o va\u017enosti o\u010duvanja kako nacionalnog tako i vjerskog identiteta i da su ove mati\u010dne knjige rodjenih u umrlih svjedo\u010danstvo na\u0161eg bi\u0107a i postojanja na ovim prostorima. Iako su ranije vlasti uni\u0161tile arhivsku gra\u0111u Islamske zajednice, mi moramo da razvijamo infrastrukturu IZ-e kako bi nadolaze\u0107i nara\u0161taji znali gdje i kome pripadaju \u2013 dodao je on.<\/p>\n<p><a href=\"http:\/\/www.visit-ulcinj.com\/blog\/wp-content\/uploads\/2014\/01\/Bashkesia-islame-e-Ulqinit-Lamiga-Krythe-2.jpg\"><img loading=\"lazy\" class=\"alignleft  wp-image-78112\" alt=\"Bashkesia islame e Ulqinit-Lamiga-Krythe-2\" src=\"http:\/\/www.visit-ulcinj.com\/blog\/wp-content\/uploads\/2014\/01\/Bashkesia-islame-e-Ulqinit-Lamiga-Krythe-2.jpg\" width=\"508\" height=\"360\" \/><\/a><\/p>\n<p>Na kraju, predsjednik Odbora IZ-e Ulcinj je predsjedniku BKA g. Kabilu Kurtiju dodijelio zahvalnicu i zahvalio mu se na pru\u017eenoj podr\u0161ci na projektima IZ u Ulcinju a gosp. Kurti je dodao da biznismeni treba i \u017eeljni su da se uvijek na\u0111u uz Islamsku zajednicu kako bi svi zajedno kora\u010dali pravim putem.<\/p>\n<p>Na kraju dovu je prou\u010dio mr. Behlul Kanaqi a svim prisutnima se dodijelio albanski prijevod knjige \u201cHistorije poslanika\u201d od autora Amra Halida.<\/p>\n<p><strong>Izvor: Monteislam<\/strong><\/p>\n","protected":false},"excerpt":{"rendered":"<p>Odbor islamske zajednice Ulcinj u organizaciji sa Me\u0161ihatom Islamske zajednice u Crnoj Gori su ogranizovao je sastanak sa imamima i mutevelijama na nivou Odbora. Ovom sastanku u Krutama kod Vladimira pored imama i mutevelija su prisustvovali predstavnici Odbora IZ Ulcinj kao i predstavnici iz Me\u0161ihata. Tako\u0111er je bio prisutan i predsjednik BKA (Biznis Klub Ana [&hellip;]<\/p>\n","protected":false},"author":1,"featured_media":0,"comment_status":"closed","ping_status":"closed","sticky":false,"template":"","format":"standard","meta":{"spay_email":"","jetpack_publicize_message":"","jetpack_is_tweetstorm":false,"jetpack_publicize_feature_enabled":true},"categories":[6950],"tags":[],"jetpack_publicize_connections":[],"yoast_head":"<!-- This site is optimized with the Yoast SEO plugin v19.1 - https:\/\/yoast.com\/wordpress\/plugins\/seo\/ -->\n<title>Radni sastanak imama i mutevelija Ana Malit sa predstavnicima Me\u0161ihata - Lajme nga Ulqini<\/title>\n<meta name=\"description\" content=\"Odbor islamske zajednice Ulcinj u organizaciji sa Me\u0161ihatom Islamske zajednice u Crnoj Gori su ogranizovao je sastanak sa imamima i mutevelijama na nivou\" \/>\n<meta name=\"robots\" content=\"index, follow, max-snippet:-1, max-image-preview:large, max-video-preview:-1\" \/>\n<link rel=\"canonical\" href=\"https:\/\/www.visit-ulcinj.com\/blog\/2014\/01\/13\/radni-sastanak-imama-mutevelija-ana-malit-sa-predstavnicima-mesihata\/\" \/>\n<meta property=\"og:locale\" content=\"en_US\" \/>\n<meta property=\"og:type\" content=\"article\" \/>\n<meta property=\"og:title\" content=\"Radni sastanak imama i mutevelija Ana Malit sa predstavnicima Me\u0161ihata - Lajme nga Ulqini\" \/>\n<meta property=\"og:description\" content=\"Odbor islamske zajednice Ulcinj u organizaciji sa Me\u0161ihatom Islamske zajednice u Crnoj Gori su ogranizovao je sastanak sa imamima i mutevelijama na nivou\" \/>\n<meta property=\"og:url\" content=\"https:\/\/www.visit-ulcinj.com\/blog\/2014\/01\/13\/radni-sastanak-imama-mutevelija-ana-malit-sa-predstavnicima-mesihata\/\" \/>\n<meta property=\"og:site_name\" content=\"Lajme nga Ulqini\" \/>\n<meta property=\"article:published_time\" content=\"2014-01-13T06:52:45+00:00\" \/>\n<meta property=\"og:image\" content=\"http:\/\/www.visit-ulcinj.com\/blog\/wp-content\/uploads\/2014\/01\/Bashkesia-islame-e-Ulqinit-Lamiga-Krythe-1.jpg\" \/>\n<meta name=\"twitter:label1\" content=\"Written by\" \/>\n\t<meta name=\"twitter:data1\" content=\"ulqini\" \/>\n\t<meta name=\"twitter:label2\" content=\"Est. reading time\" \/>\n\t<meta name=\"twitter:data2\" content=\"2 minutes\" \/>\n<script type=\"application\/ld+json\" class=\"yoast-schema-graph\">{\"@context\":\"https:\/\/schema.org\",\"@graph\":[{\"@type\":\"WebSite\",\"@id\":\"https:\/\/www.visit-ulcinj.com\/blog\/#website\",\"url\":\"https:\/\/www.visit-ulcinj.com\/blog\/\",\"name\":\"Lajme nga Ulqini\",\"description\":\"Lajme,Vijesti,Ulqini,Ulqin,Crna Gora,Mali i Zi\",\"potentialAction\":[{\"@type\":\"SearchAction\",\"target\":{\"@type\":\"EntryPoint\",\"urlTemplate\":\"https:\/\/www.visit-ulcinj.com\/blog\/?s={search_term_string}\"},\"query-input\":\"required name=search_term_string\"}],\"inLanguage\":\"en-US\"},{\"@type\":\"ImageObject\",\"inLanguage\":\"en-US\",\"@id\":\"https:\/\/www.visit-ulcinj.com\/blog\/2014\/01\/13\/radni-sastanak-imama-mutevelija-ana-malit-sa-predstavnicima-mesihata\/#primaryimage\",\"url\":\"https:\/\/www.visit-ulcinj.com\/blog\/wp-content\/uploads\/2014\/01\/Bashkesia-islame-e-Ulqinit-Lamiga-Krythe-1.jpg\",\"contentUrl\":\"https:\/\/www.visit-ulcinj.com\/blog\/wp-content\/uploads\/2014\/01\/Bashkesia-islame-e-Ulqinit-Lamiga-Krythe-1.jpg\",\"width\":799,\"height\":449},{\"@type\":\"WebPage\",\"@id\":\"https:\/\/www.visit-ulcinj.com\/blog\/2014\/01\/13\/radni-sastanak-imama-mutevelija-ana-malit-sa-predstavnicima-mesihata\/#webpage\",\"url\":\"https:\/\/www.visit-ulcinj.com\/blog\/2014\/01\/13\/radni-sastanak-imama-mutevelija-ana-malit-sa-predstavnicima-mesihata\/\",\"name\":\"Radni sastanak imama i mutevelija Ana Malit sa predstavnicima Me\u0161ihata - Lajme nga Ulqini\",\"isPartOf\":{\"@id\":\"https:\/\/www.visit-ulcinj.com\/blog\/#website\"},\"primaryImageOfPage\":{\"@id\":\"https:\/\/www.visit-ulcinj.com\/blog\/2014\/01\/13\/radni-sastanak-imama-mutevelija-ana-malit-sa-predstavnicima-mesihata\/#primaryimage\"},\"datePublished\":\"2014-01-13T06:52:45+00:00\",\"dateModified\":\"2014-01-13T06:52:45+00:00\",\"author\":{\"@id\":\"https:\/\/www.visit-ulcinj.com\/blog\/#\/schema\/person\/dcab619c614d3038751c63bc2aadc06d\"},\"description\":\"Odbor islamske zajednice Ulcinj u organizaciji sa Me\u0161ihatom Islamske zajednice u Crnoj Gori su ogranizovao je sastanak sa imamima i mutevelijama na nivou\",\"breadcrumb\":{\"@id\":\"https:\/\/www.visit-ulcinj.com\/blog\/2014\/01\/13\/radni-sastanak-imama-mutevelija-ana-malit-sa-predstavnicima-mesihata\/#breadcrumb\"},\"inLanguage\":\"en-US\",\"potentialAction\":[{\"@type\":\"ReadAction\",\"target\":[\"https:\/\/www.visit-ulcinj.com\/blog\/2014\/01\/13\/radni-sastanak-imama-mutevelija-ana-malit-sa-predstavnicima-mesihata\/\"]}]},{\"@type\":\"BreadcrumbList\",\"@id\":\"https:\/\/www.visit-ulcinj.com\/blog\/2014\/01\/13\/radni-sastanak-imama-mutevelija-ana-malit-sa-predstavnicima-mesihata\/#breadcrumb\",\"itemListElement\":[{\"@type\":\"ListItem\",\"position\":1,\"name\":\"Radni sastanak imama i mutevelija Ana Malit sa predstavnicima Me\u0161ihata\"}]},{\"@type\":\"Person\",\"@id\":\"https:\/\/www.visit-ulcinj.com\/blog\/#\/schema\/person\/dcab619c614d3038751c63bc2aadc06d\",\"name\":\"ulqini\",\"sameAs\":[\"http:\/\/www.visit-ulcinj.com\"],\"url\":\"https:\/\/www.visit-ulcinj.com\/blog\/author\/admin\/\"}]}<\/script>\n<!-- \/ Yoast SEO plugin. -->","yoast_head_json":{"title":"Radni sastanak imama i mutevelija Ana Malit sa predstavnicima Me\u0161ihata - Lajme nga Ulqini","description":"Odbor islamske zajednice Ulcinj u organizaciji sa Me\u0161ihatom Islamske zajednice u Crnoj Gori su ogranizovao je sastanak sa imamima i mutevelijama na nivou","robots":{"index":"index","follow":"follow","max-snippet":"max-snippet:-1","max-image-preview":"max-image-preview:large","max-video-preview":"max-video-preview:-1"},"canonical":"https:\/\/www.visit-ulcinj.com\/blog\/2014\/01\/13\/radni-sastanak-imama-mutevelija-ana-malit-sa-predstavnicima-mesihata\/","og_locale":"en_US","og_type":"article","og_title":"Radni sastanak imama i mutevelija Ana Malit sa predstavnicima Me\u0161ihata - Lajme nga Ulqini","og_description":"Odbor islamske zajednice Ulcinj u organizaciji sa Me\u0161ihatom Islamske zajednice u Crnoj Gori su ogranizovao je sastanak sa imamima i mutevelijama na nivou","og_url":"https:\/\/www.visit-ulcinj.com\/blog\/2014\/01\/13\/radni-sastanak-imama-mutevelija-ana-malit-sa-predstavnicima-mesihata\/","og_site_name":"Lajme nga Ulqini","article_published_time":"2014-01-13T06:52:45+00:00","og_image":[{"url":"http:\/\/www.visit-ulcinj.com\/blog\/wp-content\/uploads\/2014\/01\/Bashkesia-islame-e-Ulqinit-Lamiga-Krythe-1.jpg"}],"twitter_misc":{"Written by":"ulqini","Est. reading time":"2 minutes"},"schema":{"@context":"https:\/\/schema.org","@graph":[{"@type":"WebSite","@id":"https:\/\/www.visit-ulcinj.com\/blog\/#website","url":"https:\/\/www.visit-ulcinj.com\/blog\/","name":"Lajme nga Ulqini","description":"Lajme,Vijesti,Ulqini,Ulqin,Crna Gora,Mali i Zi","potentialAction":[{"@type":"SearchAction","target":{"@type":"EntryPoint","urlTemplate":"https:\/\/www.visit-ulcinj.com\/blog\/?s={search_term_string}"},"query-input":"required name=search_term_string"}],"inLanguage":"en-US"},{"@type":"ImageObject","inLanguage":"en-US","@id":"https:\/\/www.visit-ulcinj.com\/blog\/2014\/01\/13\/radni-sastanak-imama-mutevelija-ana-malit-sa-predstavnicima-mesihata\/#primaryimage","url":"https:\/\/www.visit-ulcinj.com\/blog\/wp-content\/uploads\/2014\/01\/Bashkesia-islame-e-Ulqinit-Lamiga-Krythe-1.jpg","contentUrl":"https:\/\/www.visit-ulcinj.com\/blog\/wp-content\/uploads\/2014\/01\/Bashkesia-islame-e-Ulqinit-Lamiga-Krythe-1.jpg","width":799,"height":449},{"@type":"WebPage","@id":"https:\/\/www.visit-ulcinj.com\/blog\/2014\/01\/13\/radni-sastanak-imama-mutevelija-ana-malit-sa-predstavnicima-mesihata\/#webpage","url":"https:\/\/www.visit-ulcinj.com\/blog\/2014\/01\/13\/radni-sastanak-imama-mutevelija-ana-malit-sa-predstavnicima-mesihata\/","name":"Radni sastanak imama i mutevelija Ana Malit sa predstavnicima Me\u0161ihata - Lajme nga Ulqini","isPartOf":{"@id":"https:\/\/www.visit-ulcinj.com\/blog\/#website"},"primaryImageOfPage":{"@id":"https:\/\/www.visit-ulcinj.com\/blog\/2014\/01\/13\/radni-sastanak-imama-mutevelija-ana-malit-sa-predstavnicima-mesihata\/#primaryimage"},"datePublished":"2014-01-13T06:52:45+00:00","dateModified":"2014-01-13T06:52:45+00:00","author":{"@id":"https:\/\/www.visit-ulcinj.com\/blog\/#\/schema\/person\/dcab619c614d3038751c63bc2aadc06d"},"description":"Odbor islamske zajednice Ulcinj u organizaciji sa Me\u0161ihatom Islamske zajednice u Crnoj Gori su ogranizovao je sastanak sa imamima i mutevelijama na nivou","breadcrumb":{"@id":"https:\/\/www.visit-ulcinj.com\/blog\/2014\/01\/13\/radni-sastanak-imama-mutevelija-ana-malit-sa-predstavnicima-mesihata\/#breadcrumb"},"inLanguage":"en-US","potentialAction":[{"@type":"ReadAction","target":["https:\/\/www.visit-ulcinj.com\/blog\/2014\/01\/13\/radni-sastanak-imama-mutevelija-ana-malit-sa-predstavnicima-mesihata\/"]}]},{"@type":"BreadcrumbList","@id":"https:\/\/www.visit-ulcinj.com\/blog\/2014\/01\/13\/radni-sastanak-imama-mutevelija-ana-malit-sa-predstavnicima-mesihata\/#breadcrumb","itemListElement":[{"@type":"ListItem","position":1,"name":"Radni sastanak imama i mutevelija Ana Malit sa predstavnicima Me\u0161ihata"}]},{"@type":"Person","@id":"https:\/\/www.visit-ulcinj.com\/blog\/#\/schema\/person\/dcab619c614d3038751c63bc2aadc06d","name":"ulqini","sameAs":["http:\/\/www.visit-ulcinj.com"],"url":"https:\/\/www.visit-ulcinj.com\/blog\/author\/admin\/"}]}},"jetpack_featured_media_url":"","jetpack_sharing_enabled":true,"jetpack_shortlink":"https:\/\/wp.me\/pe6lTn-kjW","_links":{"self":[{"href":"https:\/\/www.visit-ulcinj.com\/blog\/wp-json\/wp\/v2\/posts\/78116"}],"collection":[{"href":"https:\/\/www.visit-ulcinj.com\/blog\/wp-json\/wp\/v2\/posts"}],"about":[{"href":"https:\/\/www.visit-ulcinj.com\/blog\/wp-json\/wp\/v2\/types\/post"}],"author":[{"embeddable":true,"href":"https:\/\/www.visit-ulcinj.com\/blog\/wp-json\/wp\/v2\/users\/1"}],"replies":[{"embeddable":true,"href":"https:\/\/www.visit-ulcinj.com\/blog\/wp-json\/wp\/v2\/comments?post=78116"}],"version-history":[{"count":1,"href":"https:\/\/www.visit-ulcinj.com\/blog\/wp-json\/wp\/v2\/posts\/78116\/revisions"}],"predecessor-version":[{"id":78117,"href":"https:\/\/www.visit-ulcinj.com\/blog\/wp-json\/wp\/v2\/posts\/78116\/revisions\/78117"}],"wp:attachment":[{"href":"https:\/\/www.visit-ulcinj.com\/blog\/wp-json\/wp\/v2\/media?parent=78116"}],"wp:term":[{"taxonomy":"category","embeddable":true,"href":"https:\/\/www.visit-ulcinj.com\/blog\/wp-json\/wp\/v2\/categories?post=78116"},{"taxonomy":"post_tag","embeddable":true,"href":"https:\/\/www.visit-ulcinj.com\/blog\/wp-json\/wp\/v2\/tags?post=78116"}],"curies":[{"name":"wp","href":"https:\/\/api.w.org\/{rel}","templated":true}]}}