{"id":78118,"date":"2014-01-13T08:05:56","date_gmt":"2014-01-13T07:05:56","guid":{"rendered":"http:\/\/www.visit-ulcinj.com\/blog\/?p=78118"},"modified":"2014-01-13T08:05:56","modified_gmt":"2014-01-13T07:05:56","slug":"mirezgjedhja-e-vendit-ku-te-behet-dasma","status":"publish","type":"post","link":"https:\/\/www.visit-ulcinj.com\/blog\/2014\/01\/13\/mirezgjedhja-e-vendit-ku-te-behet-dasma\/","title":{"rendered":"Mir\u00ebzgjedhja e vendit ku do t\u00eb b\u00ebhet dasma"},"content":{"rendered":"<p><a href=\"http:\/\/www.visit-ulcinj.com\/blog\/wp-content\/uploads\/2014\/01\/Hotel-Mediteran-Ulqin-vendi-ku-bahet-Dasma.jpg\"><img loading=\"lazy\" class=\"alignleft  wp-image-78119\" alt=\"Hotel-Mediteran-Ulqin-vendi ku bahet Dasma\" src=\"http:\/\/www.visit-ulcinj.com\/blog\/wp-content\/uploads\/2014\/01\/Hotel-Mediteran-Ulqin-vendi-ku-bahet-Dasma.jpg\" width=\"508\" height=\"360\" \/><\/a>Keni vendosur t\u00eb hidhni hapin m\u00eb t\u00eb r\u00ebnd\u00ebsish\u00ebm t\u00eb jet\u00ebs e t\u00eb mblidhni familjar\u00ebt, miqt\u00eb e t\u00eb af\u00ebrmit p\u00ebr t\u00eb marr\u00eb pjes\u00eb n\u00eb dasm\u00ebn tuaj. Por ju ka mbetur p\u00ebr t\u00eb gjetur vendin q\u00eb i p\u00ebrshtatet m\u00eb shum\u00eb shijeve dhe kushteve tuaja.<\/p>\n<p>Sigurisht fund-jav\u00ebt e muajit Qeshor apo Korrik jan\u00eb m\u00eb t\u00eb k\u00ebrkuarit, k\u00ebshtu q\u00eb n\u00eb qoft\u00ebse data e synuar p\u00ebr martes\u00eb \u00ebsht\u00eb n\u00eb fillim t\u00eb periudh\u00ebs s\u00eb ver\u00ebs, \u00ebsht\u00eb mire q\u00eb interesimet t\u00eb fillojn\u00eb q\u00eb tani..<\/p>\n<p>Ne n\u00eb Hotel Mediteran do sigurohemi q\u00eb tju asistojm\u00eb me cdo informacion apo k\u00ebshill\u00eb t\u00eb mund\u00ebshme.<\/p>\n<p>Si do e rregullojm\u00eb sall\u00ebn p\u00ebr k\u00ebt\u00eb num\u00ebr t\u00eb ftuarve? \u00cbsht\u00eb pyetja e pare q\u00eb zakonisht na vjen dhe me t\u00eb cil\u00ebn vazhdon Shefi I Sall\u00ebs, duke I asistuar q\u00eb nga dita e par\u00eb e deri n\u00eb p\u00ebrfundimin e evenimentit.<\/p>\n<p>A mund t\u00eb zgedhim vet\u00eb menun\u00eb dhe pijet ?- Shefi I Kuzhin\u00ebs I asiston cdo k\u00ebrkese duke e realizuar n\u00eb p\u00ebrsosm\u00ebri d\u00ebshirat e konsumator\u00ebve n\u00eb rregullimn e menus\u00eb. Hotel Mediteran poashtu ka parap\u00ebrgaditur me kujdes menu p\u00ebr evenimente special t\u00eb cilat sh\u00ebrbejn\u00eb si nj\u00eb baz\u00eb e mire p\u00ebr t\u00eb ndihmuar konsumator\u00ebt n\u00eb p\u00ebrzgjdhje.<\/p>\n<p>Parkingu ka r\u00ebnd\u00ebsi t\u00eb madhe nat\u00ebn e evenimentit, pasi cdo konsumator d\u00ebshiron q\u00eb t\u00eb ftuarit e asaj nat\u00eb t\u00eb jen\u00eb sa m\u00eb komod\u00eb dhe cdo gj\u00eb t\u00eb shkoj\u00eb mire.<\/p>\n<p>Shpesh\u00eb here esht\u00eb shum\u00eb n\u00eb rregull q\u00eb t\u00eb sigurohet edhe akomodimi p\u00ebr ata t\u00eb ftuar t\u00eb larg\u00ebt q\u00eb do qendrojn\u00eb me ne deri n\u00eb or\u00ebt e vona.<\/p>\n<p>Pasi cifti merr t\u00eb gjith\u00eb informacionin e nevojsh\u00ebm dhe sigurohet q\u00eb oferta t\u00eb p\u00ebrshtatet pritshm\u00ebris\u00eb, Shefi i Shitjeve siguron cmimin m\u00eb t\u00eb mire t\u00eb mundsh\u00ebm p\u00ebr sh\u00ebrbimet e p\u00ebrzgjedhura.<\/p>\n<p>Prandaj Hotel Mediteran Ulqin Fton t\u00eb gjith\u00eb ciftet t\u00eb cil\u00ebt jan\u00eb n\u00eb faz\u00ebn planifikuese t\u00eb eventit t\u00eb r\u00ebnd\u00ebsish\u00ebm t\u00eb jet\u00ebs s\u00eb tyre dhe d\u00ebshirojn\u00eb t\u00eb shofin mund\u00ebsit\u00eb m\u00eb t\u00eb mira, t\u00eb paraqiten p\u00ebr nj\u00eb prezantim t\u00eb ofertave tona.<\/p>\n<p>Na kontaktoni p\u00ebr t\u00eb caktuar nj\u00eb termin t\u00eb p\u00ebrshtatsh\u00ebm p\u00ebr ju dhe ejani t\u00eb na vizitoni!<\/p>\n<div>E-mail : \u00a0<a href=\"mailto:Sales@hotel-mediteran.com\" target=\"_blank\">Sales@hotel-mediteran.com<\/a><\/div>\n<div>Mujo Ulqinaku b.b, 85360<\/div>\n<div>\u00a0Ulcinj &#8211; MONTENEGRO<\/div>\n<div>Tel\/Fax: <a href=\"tel:%2B382%2030%2F403-124\" target=\"_blank\">+382 30\/403-124<\/a>; 403-125<\/div>\n<div><\/div>\n<div><!--YouTube Error: bad URL entered--><\/div>\n","protected":false},"excerpt":{"rendered":"<p>Keni vendosur t\u00eb hidhni hapin m\u00eb t\u00eb r\u00ebnd\u00ebsish\u00ebm t\u00eb jet\u00ebs e t\u00eb mblidhni familjar\u00ebt, miqt\u00eb e t\u00eb af\u00ebrmit p\u00ebr t\u00eb marr\u00eb pjes\u00eb n\u00eb dasm\u00ebn tuaj. Por ju ka mbetur p\u00ebr t\u00eb gjetur vendin q\u00eb i p\u00ebrshtatet m\u00eb shum\u00eb shijeve dhe kushteve tuaja. Sigurisht fund-jav\u00ebt e muajit Qeshor apo Korrik jan\u00eb m\u00eb t\u00eb k\u00ebrkuarit, k\u00ebshtu q\u00eb [&hellip;]<\/p>\n","protected":false},"author":1,"featured_media":0,"comment_status":"closed","ping_status":"closed","sticky":false,"template":"","format":"standard","meta":{"spay_email":"","jetpack_publicize_message":"","jetpack_is_tweetstorm":false,"jetpack_publicize_feature_enabled":true},"categories":[15],"tags":[],"jetpack_publicize_connections":[],"yoast_head":"<!-- This site is optimized with the Yoast SEO plugin v19.1 - https:\/\/yoast.com\/wordpress\/plugins\/seo\/ -->\n<title>Mir\u00ebzgjedhja e vendit ku do t\u00eb b\u00ebhet dasma - Lajme nga Ulqini<\/title>\n<meta name=\"description\" content=\"Keni vendosur t\u00eb hidhni hapin m\u00eb t\u00eb r\u00ebnd\u00ebsish\u00ebm t\u00eb jet\u00ebs e t\u00eb mblidhni familjar\u00ebt, miqt\u00eb e t\u00eb af\u00ebrmit p\u00ebr t\u00eb marr\u00eb pjes\u00eb n\u00eb dasm\u00ebn tuaj. Por ju ka mbetur\" \/>\n<meta name=\"robots\" content=\"index, follow, max-snippet:-1, max-image-preview:large, max-video-preview:-1\" \/>\n<link rel=\"canonical\" href=\"https:\/\/www.visit-ulcinj.com\/blog\/2014\/01\/13\/mirezgjedhja-e-vendit-ku-te-behet-dasma\/\" \/>\n<meta property=\"og:locale\" content=\"en_US\" \/>\n<meta property=\"og:type\" content=\"article\" \/>\n<meta property=\"og:title\" content=\"Mir\u00ebzgjedhja e vendit ku do t\u00eb b\u00ebhet dasma - Lajme nga Ulqini\" \/>\n<meta property=\"og:description\" content=\"Keni vendosur t\u00eb hidhni hapin m\u00eb t\u00eb r\u00ebnd\u00ebsish\u00ebm t\u00eb jet\u00ebs e t\u00eb mblidhni familjar\u00ebt, miqt\u00eb e t\u00eb af\u00ebrmit p\u00ebr t\u00eb marr\u00eb pjes\u00eb n\u00eb dasm\u00ebn tuaj. Por ju ka mbetur\" \/>\n<meta property=\"og:url\" content=\"https:\/\/www.visit-ulcinj.com\/blog\/2014\/01\/13\/mirezgjedhja-e-vendit-ku-te-behet-dasma\/\" \/>\n<meta property=\"og:site_name\" content=\"Lajme nga Ulqini\" \/>\n<meta property=\"article:published_time\" content=\"2014-01-13T07:05:56+00:00\" \/>\n<meta property=\"og:image\" content=\"http:\/\/www.visit-ulcinj.com\/blog\/wp-content\/uploads\/2014\/01\/Hotel-Mediteran-Ulqin-vendi-ku-bahet-Dasma.jpg\" \/>\n<meta name=\"twitter:label1\" content=\"Written by\" \/>\n\t<meta name=\"twitter:data1\" content=\"ulqini\" \/>\n\t<meta name=\"twitter:label2\" content=\"Est. reading time\" \/>\n\t<meta name=\"twitter:data2\" content=\"2 minutes\" \/>\n<script type=\"application\/ld+json\" class=\"yoast-schema-graph\">{\"@context\":\"https:\/\/schema.org\",\"@graph\":[{\"@type\":\"WebSite\",\"@id\":\"https:\/\/www.visit-ulcinj.com\/blog\/#website\",\"url\":\"https:\/\/www.visit-ulcinj.com\/blog\/\",\"name\":\"Lajme nga Ulqini\",\"description\":\"Lajme,Vijesti,Ulqini,Ulqin,Crna Gora,Mali i Zi\",\"potentialAction\":[{\"@type\":\"SearchAction\",\"target\":{\"@type\":\"EntryPoint\",\"urlTemplate\":\"https:\/\/www.visit-ulcinj.com\/blog\/?s={search_term_string}\"},\"query-input\":\"required name=search_term_string\"}],\"inLanguage\":\"en-US\"},{\"@type\":\"ImageObject\",\"inLanguage\":\"en-US\",\"@id\":\"https:\/\/www.visit-ulcinj.com\/blog\/2014\/01\/13\/mirezgjedhja-e-vendit-ku-te-behet-dasma\/#primaryimage\",\"url\":\"https:\/\/www.visit-ulcinj.com\/blog\/wp-content\/uploads\/2014\/01\/Hotel-Mediteran-Ulqin-vendi-ku-bahet-Dasma.jpg\",\"contentUrl\":\"https:\/\/www.visit-ulcinj.com\/blog\/wp-content\/uploads\/2014\/01\/Hotel-Mediteran-Ulqin-vendi-ku-bahet-Dasma.jpg\",\"width\":1024,\"height\":508},{\"@type\":\"WebPage\",\"@id\":\"https:\/\/www.visit-ulcinj.com\/blog\/2014\/01\/13\/mirezgjedhja-e-vendit-ku-te-behet-dasma\/#webpage\",\"url\":\"https:\/\/www.visit-ulcinj.com\/blog\/2014\/01\/13\/mirezgjedhja-e-vendit-ku-te-behet-dasma\/\",\"name\":\"Mir\u00ebzgjedhja e vendit ku do t\u00eb b\u00ebhet dasma - Lajme nga Ulqini\",\"isPartOf\":{\"@id\":\"https:\/\/www.visit-ulcinj.com\/blog\/#website\"},\"primaryImageOfPage\":{\"@id\":\"https:\/\/www.visit-ulcinj.com\/blog\/2014\/01\/13\/mirezgjedhja-e-vendit-ku-te-behet-dasma\/#primaryimage\"},\"datePublished\":\"2014-01-13T07:05:56+00:00\",\"dateModified\":\"2014-01-13T07:05:56+00:00\",\"author\":{\"@id\":\"https:\/\/www.visit-ulcinj.com\/blog\/#\/schema\/person\/dcab619c614d3038751c63bc2aadc06d\"},\"description\":\"Keni vendosur t\u00eb hidhni hapin m\u00eb t\u00eb r\u00ebnd\u00ebsish\u00ebm t\u00eb jet\u00ebs e t\u00eb mblidhni familjar\u00ebt, miqt\u00eb e t\u00eb af\u00ebrmit p\u00ebr t\u00eb marr\u00eb pjes\u00eb n\u00eb dasm\u00ebn tuaj. Por ju ka mbetur\",\"breadcrumb\":{\"@id\":\"https:\/\/www.visit-ulcinj.com\/blog\/2014\/01\/13\/mirezgjedhja-e-vendit-ku-te-behet-dasma\/#breadcrumb\"},\"inLanguage\":\"en-US\",\"potentialAction\":[{\"@type\":\"ReadAction\",\"target\":[\"https:\/\/www.visit-ulcinj.com\/blog\/2014\/01\/13\/mirezgjedhja-e-vendit-ku-te-behet-dasma\/\"]}]},{\"@type\":\"BreadcrumbList\",\"@id\":\"https:\/\/www.visit-ulcinj.com\/blog\/2014\/01\/13\/mirezgjedhja-e-vendit-ku-te-behet-dasma\/#breadcrumb\",\"itemListElement\":[{\"@type\":\"ListItem\",\"position\":1,\"name\":\"Mir\u00ebzgjedhja e vendit ku do t\u00eb b\u00ebhet dasma\"}]},{\"@type\":\"Person\",\"@id\":\"https:\/\/www.visit-ulcinj.com\/blog\/#\/schema\/person\/dcab619c614d3038751c63bc2aadc06d\",\"name\":\"ulqini\",\"sameAs\":[\"http:\/\/www.visit-ulcinj.com\"],\"url\":\"https:\/\/www.visit-ulcinj.com\/blog\/author\/admin\/\"}]}<\/script>\n<!-- \/ Yoast SEO plugin. -->","yoast_head_json":{"title":"Mir\u00ebzgjedhja e vendit ku do t\u00eb b\u00ebhet dasma - Lajme nga Ulqini","description":"Keni vendosur t\u00eb hidhni hapin m\u00eb t\u00eb r\u00ebnd\u00ebsish\u00ebm t\u00eb jet\u00ebs e t\u00eb mblidhni familjar\u00ebt, miqt\u00eb e t\u00eb af\u00ebrmit p\u00ebr t\u00eb marr\u00eb pjes\u00eb n\u00eb dasm\u00ebn tuaj. Por ju ka mbetur","robots":{"index":"index","follow":"follow","max-snippet":"max-snippet:-1","max-image-preview":"max-image-preview:large","max-video-preview":"max-video-preview:-1"},"canonical":"https:\/\/www.visit-ulcinj.com\/blog\/2014\/01\/13\/mirezgjedhja-e-vendit-ku-te-behet-dasma\/","og_locale":"en_US","og_type":"article","og_title":"Mir\u00ebzgjedhja e vendit ku do t\u00eb b\u00ebhet dasma - Lajme nga Ulqini","og_description":"Keni vendosur t\u00eb hidhni hapin m\u00eb t\u00eb r\u00ebnd\u00ebsish\u00ebm t\u00eb jet\u00ebs e t\u00eb mblidhni familjar\u00ebt, miqt\u00eb e t\u00eb af\u00ebrmit p\u00ebr t\u00eb marr\u00eb pjes\u00eb n\u00eb dasm\u00ebn tuaj. Por ju ka mbetur","og_url":"https:\/\/www.visit-ulcinj.com\/blog\/2014\/01\/13\/mirezgjedhja-e-vendit-ku-te-behet-dasma\/","og_site_name":"Lajme nga Ulqini","article_published_time":"2014-01-13T07:05:56+00:00","og_image":[{"url":"http:\/\/www.visit-ulcinj.com\/blog\/wp-content\/uploads\/2014\/01\/Hotel-Mediteran-Ulqin-vendi-ku-bahet-Dasma.jpg"}],"twitter_misc":{"Written by":"ulqini","Est. reading time":"2 minutes"},"schema":{"@context":"https:\/\/schema.org","@graph":[{"@type":"WebSite","@id":"https:\/\/www.visit-ulcinj.com\/blog\/#website","url":"https:\/\/www.visit-ulcinj.com\/blog\/","name":"Lajme nga Ulqini","description":"Lajme,Vijesti,Ulqini,Ulqin,Crna Gora,Mali i Zi","potentialAction":[{"@type":"SearchAction","target":{"@type":"EntryPoint","urlTemplate":"https:\/\/www.visit-ulcinj.com\/blog\/?s={search_term_string}"},"query-input":"required name=search_term_string"}],"inLanguage":"en-US"},{"@type":"ImageObject","inLanguage":"en-US","@id":"https:\/\/www.visit-ulcinj.com\/blog\/2014\/01\/13\/mirezgjedhja-e-vendit-ku-te-behet-dasma\/#primaryimage","url":"https:\/\/www.visit-ulcinj.com\/blog\/wp-content\/uploads\/2014\/01\/Hotel-Mediteran-Ulqin-vendi-ku-bahet-Dasma.jpg","contentUrl":"https:\/\/www.visit-ulcinj.com\/blog\/wp-content\/uploads\/2014\/01\/Hotel-Mediteran-Ulqin-vendi-ku-bahet-Dasma.jpg","width":1024,"height":508},{"@type":"WebPage","@id":"https:\/\/www.visit-ulcinj.com\/blog\/2014\/01\/13\/mirezgjedhja-e-vendit-ku-te-behet-dasma\/#webpage","url":"https:\/\/www.visit-ulcinj.com\/blog\/2014\/01\/13\/mirezgjedhja-e-vendit-ku-te-behet-dasma\/","name":"Mir\u00ebzgjedhja e vendit ku do t\u00eb b\u00ebhet dasma - Lajme nga Ulqini","isPartOf":{"@id":"https:\/\/www.visit-ulcinj.com\/blog\/#website"},"primaryImageOfPage":{"@id":"https:\/\/www.visit-ulcinj.com\/blog\/2014\/01\/13\/mirezgjedhja-e-vendit-ku-te-behet-dasma\/#primaryimage"},"datePublished":"2014-01-13T07:05:56+00:00","dateModified":"2014-01-13T07:05:56+00:00","author":{"@id":"https:\/\/www.visit-ulcinj.com\/blog\/#\/schema\/person\/dcab619c614d3038751c63bc2aadc06d"},"description":"Keni vendosur t\u00eb hidhni hapin m\u00eb t\u00eb r\u00ebnd\u00ebsish\u00ebm t\u00eb jet\u00ebs e t\u00eb mblidhni familjar\u00ebt, miqt\u00eb e t\u00eb af\u00ebrmit p\u00ebr t\u00eb marr\u00eb pjes\u00eb n\u00eb dasm\u00ebn tuaj. Por ju ka mbetur","breadcrumb":{"@id":"https:\/\/www.visit-ulcinj.com\/blog\/2014\/01\/13\/mirezgjedhja-e-vendit-ku-te-behet-dasma\/#breadcrumb"},"inLanguage":"en-US","potentialAction":[{"@type":"ReadAction","target":["https:\/\/www.visit-ulcinj.com\/blog\/2014\/01\/13\/mirezgjedhja-e-vendit-ku-te-behet-dasma\/"]}]},{"@type":"BreadcrumbList","@id":"https:\/\/www.visit-ulcinj.com\/blog\/2014\/01\/13\/mirezgjedhja-e-vendit-ku-te-behet-dasma\/#breadcrumb","itemListElement":[{"@type":"ListItem","position":1,"name":"Mir\u00ebzgjedhja e vendit ku do t\u00eb b\u00ebhet dasma"}]},{"@type":"Person","@id":"https:\/\/www.visit-ulcinj.com\/blog\/#\/schema\/person\/dcab619c614d3038751c63bc2aadc06d","name":"ulqini","sameAs":["http:\/\/www.visit-ulcinj.com"],"url":"https:\/\/www.visit-ulcinj.com\/blog\/author\/admin\/"}]}},"jetpack_featured_media_url":"","jetpack_sharing_enabled":true,"jetpack_shortlink":"https:\/\/wp.me\/pe6lTn-kjY","_links":{"self":[{"href":"https:\/\/www.visit-ulcinj.com\/blog\/wp-json\/wp\/v2\/posts\/78118"}],"collection":[{"href":"https:\/\/www.visit-ulcinj.com\/blog\/wp-json\/wp\/v2\/posts"}],"about":[{"href":"https:\/\/www.visit-ulcinj.com\/blog\/wp-json\/wp\/v2\/types\/post"}],"author":[{"embeddable":true,"href":"https:\/\/www.visit-ulcinj.com\/blog\/wp-json\/wp\/v2\/users\/1"}],"replies":[{"embeddable":true,"href":"https:\/\/www.visit-ulcinj.com\/blog\/wp-json\/wp\/v2\/comments?post=78118"}],"version-history":[{"count":1,"href":"https:\/\/www.visit-ulcinj.com\/blog\/wp-json\/wp\/v2\/posts\/78118\/revisions"}],"predecessor-version":[{"id":78120,"href":"https:\/\/www.visit-ulcinj.com\/blog\/wp-json\/wp\/v2\/posts\/78118\/revisions\/78120"}],"wp:attachment":[{"href":"https:\/\/www.visit-ulcinj.com\/blog\/wp-json\/wp\/v2\/media?parent=78118"}],"wp:term":[{"taxonomy":"category","embeddable":true,"href":"https:\/\/www.visit-ulcinj.com\/blog\/wp-json\/wp\/v2\/categories?post=78118"},{"taxonomy":"post_tag","embeddable":true,"href":"https:\/\/www.visit-ulcinj.com\/blog\/wp-json\/wp\/v2\/tags?post=78118"}],"curies":[{"name":"wp","href":"https:\/\/api.w.org\/{rel}","templated":true}]}}