{"id":78121,"date":"2014-01-13T14:55:18","date_gmt":"2014-01-13T13:55:18","guid":{"rendered":"http:\/\/www.visit-ulcinj.com\/blog\/?p=78121"},"modified":"2014-01-13T14:55:18","modified_gmt":"2014-01-13T13:55:18","slug":"dritan-abazovic-tuzilac-da-ispita-cungua-resulbegovica","status":"publish","type":"post","link":"https:\/\/www.visit-ulcinj.com\/blog\/2014\/01\/13\/dritan-abazovic-tuzilac-da-ispita-cungua-resulbegovica\/","title":{"rendered":"Dritan Abazovi\u0107: Tu\u017eilac da ispita Cungua i Resulbegovi\u0107a"},"content":{"rendered":"<p><a href=\"http:\/\/www.visit-ulcinj.com\/blog\/wp-content\/uploads\/2014\/01\/Nazif-Cungu-Selim-Resulbegovic-1.png\"><img loading=\"lazy\" class=\"alignleft size-full wp-image-78122\" alt=\"Nazif-Cungu-Selim-Resulbegovic-1\" src=\"http:\/\/www.visit-ulcinj.com\/blog\/wp-content\/uploads\/2014\/01\/Nazif-Cungu-Selim-Resulbegovic-1.png\" width=\"508\" height=\"383\" srcset=\"https:\/\/www.visit-ulcinj.com\/blog\/wp-content\/uploads\/2014\/01\/Nazif-Cungu-Selim-Resulbegovic-1.png 508w, https:\/\/www.visit-ulcinj.com\/blog\/wp-content\/uploads\/2014\/01\/Nazif-Cungu-Selim-Resulbegovic-1-300x226.png 300w\" sizes=\"(max-width: 508px) 100vw, 508px\" \/><\/a>Poslanik Pozitivne Crne Gore i nosilac liste te stranke na izborima u Ulcinju Dritan Abazovi\u0107 smatra da tu\u017eila\u0161tvo mora da pokrene istragu protiv predsjednika i potpredsjednika ulcinjske op\u0161tine, Nazifa Cungua i Selima Resulbegovi\u0107a, nakon \u0161to su njih dvojica u subotu ve\u010de javno razmijenili te\u0161ke optu\u017ebe za korupciju.<\/p>\n<div>\n<p>On je Danu rekao da nakon subotnje debate na lokalnoj televiziji Teuta niko normalan vi\u0161e ne treba da ima dilemu o de\u0161avanjima u vrhu ulcinjske vlasti.<\/p>\n<p>\u201eDesio se nevjerovatan skandal, koji je nazapam\u0107en na lokalnoj politi\u010dkoj sceni Crne Gore. Naime, potpredsjednik op\u0161tine i \u0161ef lokalnog SDP-a Selim Resulbegovi\u0107 je javno optu\u017eio gradona\u010delnika Nazifa Cungua (Forca) da je na lokalitetu \u0160asa sebi pribavio na hiljade kvadrata dr\u017eavnog zemlji\u0161ta. Tako\u0111e, koruptivnim radnjama je mijenjao zone kako bi sebi umanjio takse, a kompletiranje parcele tako\u0111e je vr\u0161eno na sumnjiv na\u010din, \u0161to je prikazano i u dokumentima\u201c, kazao je Abazovi\u0107..<\/p>\n<p>Cunguu je, kako isti\u010de, odgovorio protivoptu\u017ebama, govore\u0107i da je njegov biv\u0161i prvi saradnik zapravo nelegalno ucrtavao sebi objekte, \u010dija je visina bila sporna, te da je zaintresovane investitore koji su \u017eeljeli da grade u Ulcinja odvodio u svoj biro i agenciju za prodaju nekretnina, koju je osnovao, i obe\u0107avao im razne olak\u0161ice vezane za plansku dokumentaciju.<\/p>\n<p>\u201eAko poslije ovoga tu\u017eila\u0161tvo ne pokrene istragu protiv obojice, bi\u0107e to jasan znak da tu\u017eila\u0161tvo u Ulcinju i ne postoji. Ovaj skandal dovoljno govori o kredibilitetu ljudi koji su vodili grad u prethodne dvije godine. Ako ovome dodamo i tre\u0107eg lidera koji je njihov koalicioni partner, poslanika Fatmira \u0110eku koji od ranije ima sedam krivi\u010dnih prijava, i koji je za godinu dana vr\u0161enja funkcije direktora JKP napravio milionske dugove i zaposlio pred parlamentarne izbore na stotine radnika koji su kasnije otpu\u0161teni, mozaik dobija sliku u cjelini\u201c, upozorio je Abazovi\u0107.<\/p>\n<p>Naveo je da Ulcinj i njegovi gra\u0111ani nijesu ovo zaslu\u017eili i da moraju u\u010diniti sve da njihovi predstavnici budu dostojni svojih funkcija.<\/p>\n<p><strong>Izvor: CDM<\/strong><\/p>\n<\/div>\n","protected":false},"excerpt":{"rendered":"<p>Poslanik Pozitivne Crne Gore i nosilac liste te stranke na izborima u Ulcinju Dritan Abazovi\u0107 smatra da tu\u017eila\u0161tvo mora da pokrene istragu protiv predsjednika i potpredsjednika ulcinjske op\u0161tine, Nazifa Cungua i Selima Resulbegovi\u0107a, nakon \u0161to su njih dvojica u subotu ve\u010de javno razmijenili te\u0161ke optu\u017ebe za korupciju. On je Danu rekao da nakon subotnje debate [&hellip;]<\/p>\n","protected":false},"author":1,"featured_media":0,"comment_status":"closed","ping_status":"closed","sticky":false,"template":"","format":"standard","meta":{"spay_email":"","jetpack_publicize_message":"","jetpack_is_tweetstorm":false,"jetpack_publicize_feature_enabled":true},"categories":[8337],"tags":[],"jetpack_publicize_connections":[],"yoast_head":"<!-- This site is optimized with the Yoast SEO plugin v19.1 - https:\/\/yoast.com\/wordpress\/plugins\/seo\/ -->\n<title>Dritan Abazovi\u0107: Tu\u017eilac da ispita Cungua i Resulbegovi\u0107a - Lajme nga Ulqini<\/title>\n<meta name=\"description\" content=\"Poslanik Pozitivne Crne Gore i nosilac liste te stranke na izborima u Ulcinju Dritan Abazovi\u0107 smatra da tu\u017eila\u0161tvo mora da pokrene istragu protiv\" \/>\n<meta name=\"robots\" content=\"index, follow, max-snippet:-1, max-image-preview:large, max-video-preview:-1\" \/>\n<link rel=\"canonical\" href=\"https:\/\/www.visit-ulcinj.com\/blog\/2014\/01\/13\/dritan-abazovic-tuzilac-da-ispita-cungua-resulbegovica\/\" \/>\n<meta property=\"og:locale\" content=\"en_US\" \/>\n<meta property=\"og:type\" content=\"article\" \/>\n<meta property=\"og:title\" content=\"Dritan Abazovi\u0107: Tu\u017eilac da ispita Cungua i Resulbegovi\u0107a - Lajme nga Ulqini\" \/>\n<meta property=\"og:description\" content=\"Poslanik Pozitivne Crne Gore i nosilac liste te stranke na izborima u Ulcinju Dritan Abazovi\u0107 smatra da tu\u017eila\u0161tvo mora da pokrene istragu protiv\" \/>\n<meta property=\"og:url\" content=\"https:\/\/www.visit-ulcinj.com\/blog\/2014\/01\/13\/dritan-abazovic-tuzilac-da-ispita-cungua-resulbegovica\/\" \/>\n<meta property=\"og:site_name\" content=\"Lajme nga Ulqini\" \/>\n<meta property=\"article:published_time\" content=\"2014-01-13T13:55:18+00:00\" \/>\n<meta property=\"og:image\" content=\"http:\/\/www.visit-ulcinj.com\/blog\/wp-content\/uploads\/2014\/01\/Nazif-Cungu-Selim-Resulbegovic-1.png\" \/>\n<meta name=\"twitter:label1\" content=\"Written by\" \/>\n\t<meta name=\"twitter:data1\" content=\"ulqini\" \/>\n\t<meta name=\"twitter:label2\" content=\"Est. reading time\" \/>\n\t<meta name=\"twitter:data2\" content=\"2 minutes\" \/>\n<script type=\"application\/ld+json\" class=\"yoast-schema-graph\">{\"@context\":\"https:\/\/schema.org\",\"@graph\":[{\"@type\":\"WebSite\",\"@id\":\"https:\/\/www.visit-ulcinj.com\/blog\/#website\",\"url\":\"https:\/\/www.visit-ulcinj.com\/blog\/\",\"name\":\"Lajme nga Ulqini\",\"description\":\"Lajme,Vijesti,Ulqini,Ulqin,Crna Gora,Mali i Zi\",\"potentialAction\":[{\"@type\":\"SearchAction\",\"target\":{\"@type\":\"EntryPoint\",\"urlTemplate\":\"https:\/\/www.visit-ulcinj.com\/blog\/?s={search_term_string}\"},\"query-input\":\"required name=search_term_string\"}],\"inLanguage\":\"en-US\"},{\"@type\":\"ImageObject\",\"inLanguage\":\"en-US\",\"@id\":\"https:\/\/www.visit-ulcinj.com\/blog\/2014\/01\/13\/dritan-abazovic-tuzilac-da-ispita-cungua-resulbegovica\/#primaryimage\",\"url\":\"https:\/\/www.visit-ulcinj.com\/blog\/wp-content\/uploads\/2014\/01\/Nazif-Cungu-Selim-Resulbegovic-1.png\",\"contentUrl\":\"https:\/\/www.visit-ulcinj.com\/blog\/wp-content\/uploads\/2014\/01\/Nazif-Cungu-Selim-Resulbegovic-1.png\",\"width\":508,\"height\":383},{\"@type\":\"WebPage\",\"@id\":\"https:\/\/www.visit-ulcinj.com\/blog\/2014\/01\/13\/dritan-abazovic-tuzilac-da-ispita-cungua-resulbegovica\/#webpage\",\"url\":\"https:\/\/www.visit-ulcinj.com\/blog\/2014\/01\/13\/dritan-abazovic-tuzilac-da-ispita-cungua-resulbegovica\/\",\"name\":\"Dritan Abazovi\u0107: Tu\u017eilac da ispita Cungua i Resulbegovi\u0107a - Lajme nga Ulqini\",\"isPartOf\":{\"@id\":\"https:\/\/www.visit-ulcinj.com\/blog\/#website\"},\"primaryImageOfPage\":{\"@id\":\"https:\/\/www.visit-ulcinj.com\/blog\/2014\/01\/13\/dritan-abazovic-tuzilac-da-ispita-cungua-resulbegovica\/#primaryimage\"},\"datePublished\":\"2014-01-13T13:55:18+00:00\",\"dateModified\":\"2014-01-13T13:55:18+00:00\",\"author\":{\"@id\":\"https:\/\/www.visit-ulcinj.com\/blog\/#\/schema\/person\/dcab619c614d3038751c63bc2aadc06d\"},\"description\":\"Poslanik Pozitivne Crne Gore i nosilac liste te stranke na izborima u Ulcinju Dritan Abazovi\u0107 smatra da tu\u017eila\u0161tvo mora da pokrene istragu protiv\",\"breadcrumb\":{\"@id\":\"https:\/\/www.visit-ulcinj.com\/blog\/2014\/01\/13\/dritan-abazovic-tuzilac-da-ispita-cungua-resulbegovica\/#breadcrumb\"},\"inLanguage\":\"en-US\",\"potentialAction\":[{\"@type\":\"ReadAction\",\"target\":[\"https:\/\/www.visit-ulcinj.com\/blog\/2014\/01\/13\/dritan-abazovic-tuzilac-da-ispita-cungua-resulbegovica\/\"]}]},{\"@type\":\"BreadcrumbList\",\"@id\":\"https:\/\/www.visit-ulcinj.com\/blog\/2014\/01\/13\/dritan-abazovic-tuzilac-da-ispita-cungua-resulbegovica\/#breadcrumb\",\"itemListElement\":[{\"@type\":\"ListItem\",\"position\":1,\"name\":\"Dritan Abazovi\u0107: Tu\u017eilac da ispita Cungua i Resulbegovi\u0107a\"}]},{\"@type\":\"Person\",\"@id\":\"https:\/\/www.visit-ulcinj.com\/blog\/#\/schema\/person\/dcab619c614d3038751c63bc2aadc06d\",\"name\":\"ulqini\",\"sameAs\":[\"http:\/\/www.visit-ulcinj.com\"],\"url\":\"https:\/\/www.visit-ulcinj.com\/blog\/author\/admin\/\"}]}<\/script>\n<!-- \/ Yoast SEO plugin. -->","yoast_head_json":{"title":"Dritan Abazovi\u0107: Tu\u017eilac da ispita Cungua i Resulbegovi\u0107a - Lajme nga Ulqini","description":"Poslanik Pozitivne Crne Gore i nosilac liste te stranke na izborima u Ulcinju Dritan Abazovi\u0107 smatra da tu\u017eila\u0161tvo mora da pokrene istragu protiv","robots":{"index":"index","follow":"follow","max-snippet":"max-snippet:-1","max-image-preview":"max-image-preview:large","max-video-preview":"max-video-preview:-1"},"canonical":"https:\/\/www.visit-ulcinj.com\/blog\/2014\/01\/13\/dritan-abazovic-tuzilac-da-ispita-cungua-resulbegovica\/","og_locale":"en_US","og_type":"article","og_title":"Dritan Abazovi\u0107: Tu\u017eilac da ispita Cungua i Resulbegovi\u0107a - Lajme nga Ulqini","og_description":"Poslanik Pozitivne Crne Gore i nosilac liste te stranke na izborima u Ulcinju Dritan Abazovi\u0107 smatra da tu\u017eila\u0161tvo mora da pokrene istragu protiv","og_url":"https:\/\/www.visit-ulcinj.com\/blog\/2014\/01\/13\/dritan-abazovic-tuzilac-da-ispita-cungua-resulbegovica\/","og_site_name":"Lajme nga Ulqini","article_published_time":"2014-01-13T13:55:18+00:00","og_image":[{"url":"http:\/\/www.visit-ulcinj.com\/blog\/wp-content\/uploads\/2014\/01\/Nazif-Cungu-Selim-Resulbegovic-1.png"}],"twitter_misc":{"Written by":"ulqini","Est. reading time":"2 minutes"},"schema":{"@context":"https:\/\/schema.org","@graph":[{"@type":"WebSite","@id":"https:\/\/www.visit-ulcinj.com\/blog\/#website","url":"https:\/\/www.visit-ulcinj.com\/blog\/","name":"Lajme nga Ulqini","description":"Lajme,Vijesti,Ulqini,Ulqin,Crna Gora,Mali i Zi","potentialAction":[{"@type":"SearchAction","target":{"@type":"EntryPoint","urlTemplate":"https:\/\/www.visit-ulcinj.com\/blog\/?s={search_term_string}"},"query-input":"required name=search_term_string"}],"inLanguage":"en-US"},{"@type":"ImageObject","inLanguage":"en-US","@id":"https:\/\/www.visit-ulcinj.com\/blog\/2014\/01\/13\/dritan-abazovic-tuzilac-da-ispita-cungua-resulbegovica\/#primaryimage","url":"https:\/\/www.visit-ulcinj.com\/blog\/wp-content\/uploads\/2014\/01\/Nazif-Cungu-Selim-Resulbegovic-1.png","contentUrl":"https:\/\/www.visit-ulcinj.com\/blog\/wp-content\/uploads\/2014\/01\/Nazif-Cungu-Selim-Resulbegovic-1.png","width":508,"height":383},{"@type":"WebPage","@id":"https:\/\/www.visit-ulcinj.com\/blog\/2014\/01\/13\/dritan-abazovic-tuzilac-da-ispita-cungua-resulbegovica\/#webpage","url":"https:\/\/www.visit-ulcinj.com\/blog\/2014\/01\/13\/dritan-abazovic-tuzilac-da-ispita-cungua-resulbegovica\/","name":"Dritan Abazovi\u0107: Tu\u017eilac da ispita Cungua i Resulbegovi\u0107a - Lajme nga Ulqini","isPartOf":{"@id":"https:\/\/www.visit-ulcinj.com\/blog\/#website"},"primaryImageOfPage":{"@id":"https:\/\/www.visit-ulcinj.com\/blog\/2014\/01\/13\/dritan-abazovic-tuzilac-da-ispita-cungua-resulbegovica\/#primaryimage"},"datePublished":"2014-01-13T13:55:18+00:00","dateModified":"2014-01-13T13:55:18+00:00","author":{"@id":"https:\/\/www.visit-ulcinj.com\/blog\/#\/schema\/person\/dcab619c614d3038751c63bc2aadc06d"},"description":"Poslanik Pozitivne Crne Gore i nosilac liste te stranke na izborima u Ulcinju Dritan Abazovi\u0107 smatra da tu\u017eila\u0161tvo mora da pokrene istragu protiv","breadcrumb":{"@id":"https:\/\/www.visit-ulcinj.com\/blog\/2014\/01\/13\/dritan-abazovic-tuzilac-da-ispita-cungua-resulbegovica\/#breadcrumb"},"inLanguage":"en-US","potentialAction":[{"@type":"ReadAction","target":["https:\/\/www.visit-ulcinj.com\/blog\/2014\/01\/13\/dritan-abazovic-tuzilac-da-ispita-cungua-resulbegovica\/"]}]},{"@type":"BreadcrumbList","@id":"https:\/\/www.visit-ulcinj.com\/blog\/2014\/01\/13\/dritan-abazovic-tuzilac-da-ispita-cungua-resulbegovica\/#breadcrumb","itemListElement":[{"@type":"ListItem","position":1,"name":"Dritan Abazovi\u0107: Tu\u017eilac da ispita Cungua i Resulbegovi\u0107a"}]},{"@type":"Person","@id":"https:\/\/www.visit-ulcinj.com\/blog\/#\/schema\/person\/dcab619c614d3038751c63bc2aadc06d","name":"ulqini","sameAs":["http:\/\/www.visit-ulcinj.com"],"url":"https:\/\/www.visit-ulcinj.com\/blog\/author\/admin\/"}]}},"jetpack_featured_media_url":"","jetpack_sharing_enabled":true,"jetpack_shortlink":"https:\/\/wp.me\/pe6lTn-kk1","_links":{"self":[{"href":"https:\/\/www.visit-ulcinj.com\/blog\/wp-json\/wp\/v2\/posts\/78121"}],"collection":[{"href":"https:\/\/www.visit-ulcinj.com\/blog\/wp-json\/wp\/v2\/posts"}],"about":[{"href":"https:\/\/www.visit-ulcinj.com\/blog\/wp-json\/wp\/v2\/types\/post"}],"author":[{"embeddable":true,"href":"https:\/\/www.visit-ulcinj.com\/blog\/wp-json\/wp\/v2\/users\/1"}],"replies":[{"embeddable":true,"href":"https:\/\/www.visit-ulcinj.com\/blog\/wp-json\/wp\/v2\/comments?post=78121"}],"version-history":[{"count":1,"href":"https:\/\/www.visit-ulcinj.com\/blog\/wp-json\/wp\/v2\/posts\/78121\/revisions"}],"predecessor-version":[{"id":78123,"href":"https:\/\/www.visit-ulcinj.com\/blog\/wp-json\/wp\/v2\/posts\/78121\/revisions\/78123"}],"wp:attachment":[{"href":"https:\/\/www.visit-ulcinj.com\/blog\/wp-json\/wp\/v2\/media?parent=78121"}],"wp:term":[{"taxonomy":"category","embeddable":true,"href":"https:\/\/www.visit-ulcinj.com\/blog\/wp-json\/wp\/v2\/categories?post=78121"},{"taxonomy":"post_tag","embeddable":true,"href":"https:\/\/www.visit-ulcinj.com\/blog\/wp-json\/wp\/v2\/tags?post=78121"}],"curies":[{"name":"wp","href":"https:\/\/api.w.org\/{rel}","templated":true}]}}