{"id":78132,"date":"2014-01-13T15:50:42","date_gmt":"2014-01-13T14:50:42","guid":{"rendered":"http:\/\/www.visit-ulcinj.com\/blog\/?p=78132"},"modified":"2014-01-13T15:50:42","modified_gmt":"2014-01-13T14:50:42","slug":"za-pobjedu-govore-dritan-abazovic-milan-rolovic-za-izbore-u-ulcinju","status":"publish","type":"post","link":"https:\/\/www.visit-ulcinj.com\/blog\/2014\/01\/13\/za-pobjedu-govore-dritan-abazovic-milan-rolovic-za-izbore-u-ulcinju\/","title":{"rendered":"Za Pobjedu govore Dritan Abazovic i Milan Rolovic za izbore u Ulcinju"},"content":{"rendered":"<p><strong><a href=\"http:\/\/www.visit-ulcinj.com\/blog\/wp-content\/uploads\/2014\/01\/Dritan-Abazovic-pozitivna-crna-gora.jpg\"><img loading=\"lazy\" class=\"alignleft  wp-image-78133\" alt=\"Dritan-Abazovic-pozitivna-crna-gora\" src=\"http:\/\/www.visit-ulcinj.com\/blog\/wp-content\/uploads\/2014\/01\/Dritan-Abazovic-pozitivna-crna-gora.jpg\" width=\"508\" height=\"360\" \/><\/a>Abazovi\u0107: Svi su na\u0161i konkurenti bili na vlasti, Rolovi\u0107: Znamo kako do brzog razvoja<\/strong><\/p>\n<p><strong>Razgovarala: Ana \u017divanovi\u0107<\/strong><\/p>\n<p><strong>ULCINJ \u2013 Jo\u0161 \u010detrnaest dana Ulcinjane dijeli od izbora za predstavnike u lokalnom parlamentu na kojima \u0107e se za njihovu naklonost boriti osam partija i jedna koalicija. Pravo glasa u najju\u017enijoj crnogorskoj op\u0161tini ima 19.181 gra\u0111anin. Na glasa\u010dkom listi\u0107u pod rednim brojem 1 je Pozitivna Crna Gora, dok je broj 2 Demokratski front. Nosioci ove dvije liste, mr Dritan Abazovi\u0107 i dr Milan Rolovi\u0107 za Pobjedu govore o programu svojih partija, politi\u010dkoj situaciji u Ulcinju i o\u010dekivanjima od izbora.<\/strong><\/p>\n<p><strong>POBJEDA:<\/strong> <strong>\u0160to va\u0161e partije nude gra\u0111anima Ulcinja? Kako vidite budu\u0107i razvoj grada i koja rje\u0161enja imate za teku\u0107e probleme?<br \/>\n<\/strong><\/p>\n<p><strong>ABAZOVI\u0106: <\/strong>Program Pozitivne za Ulcinj je prije svega realan i ostvariv. Mi<strong>\u0161<\/strong>ljenja smo da bi se mogao realizovati u jednom prili\u010dno kratkom periodu bez ve\u0107ih finansijskih izdataka. Na\u0161 fokus je na reformi i depolitizaciji lokalne administracije i pokretanju novih radnih tjela koja bi imala za cilj pobolj\u0161anje svih segmenata dru\u0161tva. Program se bazira na ekonomskom razvoju i za\u0161titi autenti\u010dnosti grada. Predvi\u0111ene su brojne mjere koje bi pospje\u0161ile lokalnu privredu, ali i popravile ambijent za budu\u0107e investicije. Ne bavi se megalomanskim projektima i bajkama na koje smo navikli gra\u0111ane, ve\u0107 je blizak njima i problemima koji ih svakodnevno ti\u0161te. To nas razlikuje od konkurencije i zbog toga smo jedina realna novina na politi\u010dkoj sceni Ulcinja za koju gra\u0111ani mogu glasati na predstoje\u0107im izborima.<\/p>\n<p><strong>ROLOVI\u0106<\/strong>: Program na\u0161e partije sastoji se iz 13 djelova i \u010dine ga oblasti: socijalna politika, mladi, gra\u0111ani tre\u0107e dobi, lica sa invaliditetom, obrazovanje, sport, odgovorna i efikasna samouprava-servis gra\u0111ana, planiranje i ure\u0111enje prostora, infastruktura, vodosnabdijevanje i saobra\u0107aj, privredni razvoj, turizam, poljoprivreda, lov i ribolov, regionalna saradnja.<\/p>\n<p>Od kapitalnih investicija posebno smo se bazirali na izgradnju kanalizacione mre\u017ee, rje\u0161avanje problema otpadnih voda, \u010di\u0161\u0107enje i probijanje kanala Port Milena i saniranje drugih ekolo\u0161kih crnih ta\u010daka. Pomenuo bih i izgradnju kapele na groblju ispod Starog grada kao i pripremu planske dokumentacije za izgradnju sportske sale. U kapitalne investicije smo uvrstili i pro\u0161irenje parking prostora, modernizaciju i sanaciju lokalnih puteva, izgradnju biciklisti\u010dkih i pje\u0161a\u010dkih staza kao i obezbje\u0111enje novog prostora za taksi stajali\u0161ta. Od manje zahtjevnih investicija planirali smo pripremu i asfaltiranje puta iza ribarskih ku\u0107ica od mosta do u\u0161\u0107a sa obje strane Bojane i organizovanje biciklisti\u010dkih punktova na vi\u0161e mjesta na podru\u010dju op\u0161tine. Zalo\u017ei\u0107emo se da se u okolini \u0161kola uklone automati za igre na sre\u0107u i zabrani to\u010denje alkohola. \u00a0U Starom gradu je potrebno da se uklone bijele fasade, eloksir sa pojedinih objekata, rekonstrui\u0161e kaldrma, a investitora nezavr\u0161enog objekta primorati da sa ju\u017ene strane objekta postavi kamenu fasadu, premjesti ili ukloni konstrukciju lifta. U na\u0161em programu je i otvaranje ambulante u \u0160toju sa 24-\u010dasovnim radnim vremenom, besplatna pravna pomo\u0107, narodna kuhinja\u2026<\/p>\n<p>Na\u0161i prioriteti su razvoj turizma i poljoprivrede kao komplementarne grane. Razvoj poljoprivrede smanjuje potrebu za odlivom novca van na\u0161e op\u0161tine, a paralelno sa tim zapo\u0161ljava ljude i pobolj\u0161ava socijalnu sliku. Sanacija Solane i pokretanje proizvodnje soli su tako\u0111e na\u0161 prioritet. Potrebno je oformiti sekretarijat\u00a0 koji bi koordinirao sve akcije naro\u010dito u pomo\u0107i oko realizacije kori\u0161tenja fondova EU.<\/p>\n<p><strong>POBJEDA: Koji su klju\u010dni razlozi zbog kojih gra\u0111ani treba da daju glas Va\u0161oj listi?<\/strong><\/p>\n<p><strong>ABAZOVI\u0106:<\/strong> Mi jedini nudimo ne\u0161to novo i konkretno. Svi ostali su u prethodnih 20 godina imali priliku da se doka\u017eu i da poka\u017eu da ne\u0161to znaju, mogu i \u017eele da urade za Ulcinj. Svi su na\u0161i konkurenti bili na vlasti, neko kra\u0107e, a neko du\u017ee. Nudimo mladu ekipu, koja je spremna da radi i koja svojom energijom i kreativno\u0161\u0107u zaista ima \u0161ta da ponudi gra\u0111anima. Ukoliko Ulcinjani i Ulcinjanke \u017eele promjene, njihov izbor bi\u0107e vrlo jednostavan.<\/p>\n<p><strong>ROLOVI\u0106: <\/strong>Gra\u0111ani treba da glasaju za nas jer smo kvalitetni i, za na\u0161e prilike, imamo jako neobi\u010dan program u kojem smo vrlo jednostavno i svakom dostupno objasnili kako se domino efektom mo\u017ee za nekoliko godina do\u0107i do brzog razvoja, koji opet povla\u010di za sobom zapo\u0161ljavanje i stvara bolju socijalnu kartu.<\/p>\n<p><strong>POBJEDA: Na <\/strong>\u010d<strong>emu se bazira kampanja koju vodite?<\/strong><\/p>\n<p><strong>ABAZOVI\u0106:<\/strong> Na\u0161a kampanja je pozitivna, prili\u010dno mirna, a najvi\u0161e \u017eelim naglasiti \u2013 korektna. Nijesmo u mogu\u0107nosti da vodimo veliku i skupu kampanju, ali i da jesmo, mislim da bi se vodili ovom logikom koja je i sad aktuelna. Ne presiramo ljude na bilo koji na\u010din, niti ih spopadamo. Sa njima imamo krajnje korektne, iskrene i prijateljske razgovore i ubje\u0111ujemo ih kako treba na dan izbora glasati slobodno i po svojoj savjesti.Po tome se tako\u0111e razlikujemo od konkurencije koja ne preza ni od \u010dega, a ponovo su im aktuelne i metode iz afere \u201esnimak\u201c.<\/p>\n<p><a href=\"http:\/\/www.visit-ulcinj.com\/blog\/wp-content\/uploads\/2014\/01\/Dr-Milan-Rolovic-Demokratski-Front-Ulcinj.jpg\"><img loading=\"lazy\" class=\"alignleft  wp-image-78134\" alt=\"Dr-Milan-Rolovic-Demokratski-Front-Ulcinj\" src=\"http:\/\/www.visit-ulcinj.com\/blog\/wp-content\/uploads\/2014\/01\/Dr-Milan-Rolovic-Demokratski-Front-Ulcinj.jpg\" width=\"508\" height=\"360\" \/><\/a><\/p>\n<p><strong>ROLOVI\u0106:<\/strong> Kampanju baziramo na humanitarnim aktivnostima, kako smo se uvijek trudili da ovom gradu i na\u0161im prijateljima, kom\u0161ijama pru\u017eimo ruku pomo\u0107i i podr\u0161ke u o\u010duvanju tradicionalnih vrijednosti koje su oni uvijek znali prepoznati i prihvatiti. Kampanju baziramo na neposrednom informisanju gra\u0111ana i \u010dnjenicama presudnim za njihov kvalitetan \u017eivot u ovom gradu. Nema ovaj osiroma\u0161eni narod potrebu da mu se smije\u0161imo sa<\/p>\n<p>upadljivih bilborda, TV spotova uz pjesmu i igru, ve\u0107 taj novac anga\u017eujemo u humanitarne svrhe. Ljudi koji \u010dine na\u0161 tim prepoznati su u ovom gradu kao \u010destiti i odgovorni gra\u0111ani, prijatelji, kom\u0161ije, po na\u010dinu \u017eivljenja i poslu koji savjesno obavljaju.<\/p>\n<p><strong>POBJEDA: Kakva je, po Va\u0161em mi\u0161ljenju, trenutna politi<\/strong>\u010d<strong>ka situacija u Ulcinju?<\/strong><\/p>\n<p><strong>ABAZOVI\u0106: <\/strong>Trenutna situacija je prili\u010dno slo\u017eena. Ulcinj nastavlja da srlja u sve ve\u0107u marginalizaciju, u sve ve\u0107e dugove. A gra\u0111ani su izuzetno nezadovoljni. Sve se ovo manifestuje, prije svega, kroz veliku pasivnost i osje\u0107aj da se zaista ni\u0161ta ne mo\u017ee promijeniti. Ipak, i pored svega, moramo biti optimisti\u010dni i vjerovati da \u0107e i za Ulcinj krenuti bolji dani. Prosto je pora\u017eavaju\u0107e na kakve grane je spao najljep\u0161i i najbogatiji grad u Crnoj Gori. Ovakvo stanje je neodr\u017eivo i siguran sam da gra\u0111ani svakim danom to sve vi\u0161e i vi\u0161e shvataju. Vjerujem da \u0107e nakon ovih izbora Ulcinj kona\u010dno dobiti upravu kakvu zaslu\u017euje i koja voli svoj grad.<\/p>\n<p><strong>ROLOVI\u0106: <\/strong>Sama \u010dinjenica da je do\u0161lo do vanrednih izbora govori o politi\u010dkoj situaciji i poziciji ovog grada koji je doveden pred kolaps svake vrste: politi\u010dki, ekonomski, socijalni. Umjesto rje\u0161avanja nagomilanih problema danas, imamo dalje produbljivanje problema tako \u0161to DPS koristi dr\u017eavne resurse za svoje potrebe, slu\u017ee\u0107i se la\u017enim obe\u0107anjima i obmanama.<strong><\/strong><\/p>\n<p><strong>POBJEDA: \u0160to o<\/strong>\u010d<strong>ekujete od izbora, da li \u0107ete biti dio vlasti i s kim mo\u017eete u koaliciju?<\/strong><\/p>\n<p><strong>ABAZOVI\u0106: <\/strong>Nijesmo optere\u0107eni rezultatom, a kamoli sa vla\u0161\u0107u. U OO PCG Ulcinj nesumnjivo stanuje veliki politi\u010dki kapital koji se te\u0161ko mo\u017ee valorizovati na ovim izborima. To ne zna\u010di da ne\u0107emo dati sve od sebe da ostvarimo dobar rezultat, jer u to stvarno vjerujemo. \u0160to se koalicija ti\u010de, imamo \u0161iroki koalicioni kapacitet. Svi oni koji \u017eele dobro gradu i koji budu spremni da prihvate na\u0161u viziju razvoja Ulcinja u budu\u0107nosti, na\u0161i su prirodni partneri. Oni koji su navikli na prizemne politi\u010dke trgovine i fotelja\u0161tvo \u2013 mora\u0107e da zovu nekog drugog u koaliciju. Nijesmo spremni da se poigravamo sa povjerenjem gra\u0111ana.<strong><\/strong><\/p>\n<p><strong>ROLOVI\u0106: <\/strong>Na\u0161i eventualni budu\u0107i koalicioni partneri su sve partije koje \u010dine ljudi dobre volje, spremni da pomognu ovom gradu da iza\u0111e iz za\u010daranog kruga, a \u010diji program nije u suprotnosti sa fundamentalnim stavovima Demokratskog fronta. Takvi partneri sasvim sigurno i jedino nijesu oni koji su nas doveli u ovakvu poziciju \u2013 DPS. Tu se ne radi o personalnom animozitetu, ve\u0107 o politi\u010dkom djelovanju koje je isisalo resurse Ulcinja i Crne Gore. Prevo\u0111enje DPS-a u opoziciju pomoglo bi i njihovoj partiji i funkcionerima da se demokratizuju i postanu bolji.<\/p>\n<p><a href=\"http:\/\/www.visit-ulcinj.com\/blog\/wp-content\/uploads\/2014\/01\/Dritan-Abazovic-pozitivna-crna-gora-1.jpg\"><img loading=\"lazy\" class=\"alignleft  wp-image-78136\" alt=\"Dritan-Abazovic-pozitivna-crna-gora-1\" src=\"http:\/\/www.visit-ulcinj.com\/blog\/wp-content\/uploads\/2014\/01\/Dritan-Abazovic-pozitivna-crna-gora-1.jpg\" width=\"508\" height=\"360\" \/><\/a><\/p>\n<h4><strong>Pozitivna Crna Gora \u2013 Odborni\u010dka lista \u201eSrcem za Ulcinj\u201c<\/strong><\/h4>\n<p>Dritan Abazovi\u0107, Safet Beci, Omer Bajraktari, Zdenko \u017divkovi\u0107, Arijana Kurmemovi\u0107, Ilir Harasani, D\u017eenan Mavri\u0107, Simo Dedi\u0107, Afrim Gjoni, \u00a0Aleksandar Latkovi\u0107, \u00a0Amela Kurmemovi\u0107, Allmir Kollari, \u00a0Fuad Lame\u017eevi\u0107, \u00a0Taulant Kraja, Aleksandar Per\u010dobi\u0107, Arijeta Barlovi\u0107, Nikola Batri\u0107evi\u0107, \u0110er\u0111 Mar\u0111onovi\u0107, Merita Kahari, Arben Dervishaga, Diljaver Ku\u0107evi\u0107, Marija Deli\u0107, Nemanja Dragovi\u0107, Shpend Gorana, An\u0111ela Po\u010dek, Dimtrije Kne\u017eevi\u0107, An\u0111a Per\u010dobi\u0107, Marina Dedi\u0107, Bukurie Kollari, Samir Vukovi\u0107, Hristina Spasi\u0107-Dragovi\u0107, Enis Bushatliq, Mira\u0161 \u0110elo\u0161evi\u0107.<\/p>\n<p><a href=\"http:\/\/www.visit-ulcinj.com\/blog\/wp-content\/uploads\/2014\/01\/Demokratski-Front-Ulcinj.jpg\"><img loading=\"lazy\" class=\"alignleft  wp-image-78135\" alt=\"Demokratski Front Ulcinj\" src=\"http:\/\/www.visit-ulcinj.com\/blog\/wp-content\/uploads\/2014\/01\/Demokratski-Front-Ulcinj.jpg\" width=\"508\" height=\"360\" \/><\/a><\/p>\n<h4><strong>Odborni\u010dka lista \u201eDemokratski front \u2013 za Ulcinj svih nas\u201c<\/strong><\/h4>\n<p>Milan Rolovi\u0107, Milo\u0161 Androvi\u0107, Marjan Bevenja, An\u0111ela \u0110ura\u0161kovi\u0107, Milo\u0161 Kopitovi\u0107, Nevenka Aleksi\u0107, Neboj\u0161a \u010capunovi\u0107, \u0110akonovi\u0107 \u0110uro, Ivana Ziramov, Marko \u0110uri\u0161i\u0107,\u00a0Mladen Lazovi\u0107, Vjera Aleksi\u0107, Miodrag Kuzman, \u017deljko Rolovi\u0107, Ranko Brajovi\u0107, Svetlana Kopitovi\u0107, Sanela Beserminji, Vukmir Bandovi\u0107, Milinko Stelji\u0107, Irena Giljen, Branislav Ziramov, \u010cedomirka Kova\u010devi\u0107, Milorad Bato Stojanovi\u0107,\u00a0Tatjana \u010capunovi\u0107,Aleksandar Brajovi\u0107,\u00a0Rajka Magdelini\u0107, Sne\u017eana \u0110uki\u0107, Ivana Rolovi\u0107, Radmila Bandovi\u0107, Zoran \u0110ura\u0161kovi\u0107.<\/p>\n<p><strong>Izvor: POBJEDA<\/strong><\/p>\n<p>&nbsp;<\/p>\n","protected":false},"excerpt":{"rendered":"<p>Abazovi\u0107: Svi su na\u0161i konkurenti bili na vlasti, Rolovi\u0107: Znamo kako do brzog razvoja Razgovarala: Ana \u017divanovi\u0107 ULCINJ \u2013 Jo\u0161 \u010detrnaest dana Ulcinjane dijeli od izbora za predstavnike u lokalnom parlamentu na kojima \u0107e se za njihovu naklonost boriti osam partija i jedna koalicija. Pravo glasa u najju\u017enijoj crnogorskoj op\u0161tini ima 19.181 gra\u0111anin. Na glasa\u010dkom [&hellip;]<\/p>\n","protected":false},"author":1,"featured_media":0,"comment_status":"closed","ping_status":"closed","sticky":false,"template":"","format":"standard","meta":{"spay_email":"","jetpack_publicize_message":"","jetpack_is_tweetstorm":false,"jetpack_publicize_feature_enabled":true},"categories":[8337],"tags":[],"jetpack_publicize_connections":[],"yoast_head":"<!-- This site is optimized with the Yoast SEO plugin v19.1 - https:\/\/yoast.com\/wordpress\/plugins\/seo\/ -->\n<title>Za Pobjedu govore Dritan Abazovic i Milan Rolovic za izbore u Ulcinju - Lajme nga Ulqini<\/title>\n<meta name=\"description\" content=\"Abazovi\u0107: Svi su na\u0161i konkurenti bili na vlasti, Rolovi\u0107: Znamo kako do brzog razvoja Razgovarala: Ana \u017divanovi\u0107 ULCINJ \u2013 Jo\u0161 \u010detrnaest dana Ulcinjane\" \/>\n<meta name=\"robots\" content=\"index, follow, max-snippet:-1, max-image-preview:large, max-video-preview:-1\" \/>\n<link rel=\"canonical\" href=\"https:\/\/www.visit-ulcinj.com\/blog\/2014\/01\/13\/za-pobjedu-govore-dritan-abazovic-milan-rolovic-za-izbore-u-ulcinju\/\" \/>\n<meta property=\"og:locale\" content=\"en_US\" \/>\n<meta property=\"og:type\" content=\"article\" \/>\n<meta property=\"og:title\" content=\"Za Pobjedu govore Dritan Abazovic i Milan Rolovic za izbore u Ulcinju - Lajme nga Ulqini\" \/>\n<meta property=\"og:description\" content=\"Abazovi\u0107: Svi su na\u0161i konkurenti bili na vlasti, Rolovi\u0107: Znamo kako do brzog razvoja Razgovarala: Ana \u017divanovi\u0107 ULCINJ \u2013 Jo\u0161 \u010detrnaest dana Ulcinjane\" \/>\n<meta property=\"og:url\" content=\"https:\/\/www.visit-ulcinj.com\/blog\/2014\/01\/13\/za-pobjedu-govore-dritan-abazovic-milan-rolovic-za-izbore-u-ulcinju\/\" \/>\n<meta property=\"og:site_name\" content=\"Lajme nga Ulqini\" \/>\n<meta property=\"article:published_time\" content=\"2014-01-13T14:50:42+00:00\" \/>\n<meta property=\"og:image\" content=\"http:\/\/www.visit-ulcinj.com\/blog\/wp-content\/uploads\/2014\/01\/Dritan-Abazovic-pozitivna-crna-gora.jpg\" \/>\n<meta name=\"twitter:label1\" content=\"Written by\" \/>\n\t<meta name=\"twitter:data1\" content=\"ulqini\" \/>\n\t<meta name=\"twitter:label2\" content=\"Est. reading time\" \/>\n\t<meta name=\"twitter:data2\" content=\"8 minutes\" \/>\n<script type=\"application\/ld+json\" class=\"yoast-schema-graph\">{\"@context\":\"https:\/\/schema.org\",\"@graph\":[{\"@type\":\"WebSite\",\"@id\":\"https:\/\/www.visit-ulcinj.com\/blog\/#website\",\"url\":\"https:\/\/www.visit-ulcinj.com\/blog\/\",\"name\":\"Lajme nga Ulqini\",\"description\":\"Lajme,Vijesti,Ulqini,Ulqin,Crna Gora,Mali i Zi\",\"potentialAction\":[{\"@type\":\"SearchAction\",\"target\":{\"@type\":\"EntryPoint\",\"urlTemplate\":\"https:\/\/www.visit-ulcinj.com\/blog\/?s={search_term_string}\"},\"query-input\":\"required name=search_term_string\"}],\"inLanguage\":\"en-US\"},{\"@type\":\"ImageObject\",\"inLanguage\":\"en-US\",\"@id\":\"https:\/\/www.visit-ulcinj.com\/blog\/2014\/01\/13\/za-pobjedu-govore-dritan-abazovic-milan-rolovic-za-izbore-u-ulcinju\/#primaryimage\",\"url\":\"http:\/\/www.visit-ulcinj.com\/blog\/wp-content\/uploads\/2014\/01\/Dritan-Abazovic-pozitivna-crna-gora.jpg\",\"contentUrl\":\"http:\/\/www.visit-ulcinj.com\/blog\/wp-content\/uploads\/2014\/01\/Dritan-Abazovic-pozitivna-crna-gora.jpg\"},{\"@type\":\"WebPage\",\"@id\":\"https:\/\/www.visit-ulcinj.com\/blog\/2014\/01\/13\/za-pobjedu-govore-dritan-abazovic-milan-rolovic-za-izbore-u-ulcinju\/#webpage\",\"url\":\"https:\/\/www.visit-ulcinj.com\/blog\/2014\/01\/13\/za-pobjedu-govore-dritan-abazovic-milan-rolovic-za-izbore-u-ulcinju\/\",\"name\":\"Za Pobjedu govore Dritan Abazovic i Milan Rolovic za izbore u Ulcinju - Lajme nga Ulqini\",\"isPartOf\":{\"@id\":\"https:\/\/www.visit-ulcinj.com\/blog\/#website\"},\"primaryImageOfPage\":{\"@id\":\"https:\/\/www.visit-ulcinj.com\/blog\/2014\/01\/13\/za-pobjedu-govore-dritan-abazovic-milan-rolovic-za-izbore-u-ulcinju\/#primaryimage\"},\"datePublished\":\"2014-01-13T14:50:42+00:00\",\"dateModified\":\"2014-01-13T14:50:42+00:00\",\"author\":{\"@id\":\"https:\/\/www.visit-ulcinj.com\/blog\/#\/schema\/person\/dcab619c614d3038751c63bc2aadc06d\"},\"description\":\"Abazovi\u0107: Svi su na\u0161i konkurenti bili na vlasti, Rolovi\u0107: Znamo kako do brzog razvoja Razgovarala: Ana \u017divanovi\u0107 ULCINJ \u2013 Jo\u0161 \u010detrnaest dana Ulcinjane\",\"breadcrumb\":{\"@id\":\"https:\/\/www.visit-ulcinj.com\/blog\/2014\/01\/13\/za-pobjedu-govore-dritan-abazovic-milan-rolovic-za-izbore-u-ulcinju\/#breadcrumb\"},\"inLanguage\":\"en-US\",\"potentialAction\":[{\"@type\":\"ReadAction\",\"target\":[\"https:\/\/www.visit-ulcinj.com\/blog\/2014\/01\/13\/za-pobjedu-govore-dritan-abazovic-milan-rolovic-za-izbore-u-ulcinju\/\"]}]},{\"@type\":\"BreadcrumbList\",\"@id\":\"https:\/\/www.visit-ulcinj.com\/blog\/2014\/01\/13\/za-pobjedu-govore-dritan-abazovic-milan-rolovic-za-izbore-u-ulcinju\/#breadcrumb\",\"itemListElement\":[{\"@type\":\"ListItem\",\"position\":1,\"name\":\"Za Pobjedu govore Dritan Abazovic i Milan Rolovic za izbore u Ulcinju\"}]},{\"@type\":\"Person\",\"@id\":\"https:\/\/www.visit-ulcinj.com\/blog\/#\/schema\/person\/dcab619c614d3038751c63bc2aadc06d\",\"name\":\"ulqini\",\"sameAs\":[\"http:\/\/www.visit-ulcinj.com\"],\"url\":\"https:\/\/www.visit-ulcinj.com\/blog\/author\/admin\/\"}]}<\/script>\n<!-- \/ Yoast SEO plugin. -->","yoast_head_json":{"title":"Za Pobjedu govore Dritan Abazovic i Milan Rolovic za izbore u Ulcinju - Lajme nga Ulqini","description":"Abazovi\u0107: Svi su na\u0161i konkurenti bili na vlasti, Rolovi\u0107: Znamo kako do brzog razvoja Razgovarala: Ana \u017divanovi\u0107 ULCINJ \u2013 Jo\u0161 \u010detrnaest dana Ulcinjane","robots":{"index":"index","follow":"follow","max-snippet":"max-snippet:-1","max-image-preview":"max-image-preview:large","max-video-preview":"max-video-preview:-1"},"canonical":"https:\/\/www.visit-ulcinj.com\/blog\/2014\/01\/13\/za-pobjedu-govore-dritan-abazovic-milan-rolovic-za-izbore-u-ulcinju\/","og_locale":"en_US","og_type":"article","og_title":"Za Pobjedu govore Dritan Abazovic i Milan Rolovic za izbore u Ulcinju - Lajme nga Ulqini","og_description":"Abazovi\u0107: Svi su na\u0161i konkurenti bili na vlasti, Rolovi\u0107: Znamo kako do brzog razvoja Razgovarala: Ana \u017divanovi\u0107 ULCINJ \u2013 Jo\u0161 \u010detrnaest dana Ulcinjane","og_url":"https:\/\/www.visit-ulcinj.com\/blog\/2014\/01\/13\/za-pobjedu-govore-dritan-abazovic-milan-rolovic-za-izbore-u-ulcinju\/","og_site_name":"Lajme nga Ulqini","article_published_time":"2014-01-13T14:50:42+00:00","og_image":[{"url":"http:\/\/www.visit-ulcinj.com\/blog\/wp-content\/uploads\/2014\/01\/Dritan-Abazovic-pozitivna-crna-gora.jpg"}],"twitter_misc":{"Written by":"ulqini","Est. reading time":"8 minutes"},"schema":{"@context":"https:\/\/schema.org","@graph":[{"@type":"WebSite","@id":"https:\/\/www.visit-ulcinj.com\/blog\/#website","url":"https:\/\/www.visit-ulcinj.com\/blog\/","name":"Lajme nga Ulqini","description":"Lajme,Vijesti,Ulqini,Ulqin,Crna Gora,Mali i Zi","potentialAction":[{"@type":"SearchAction","target":{"@type":"EntryPoint","urlTemplate":"https:\/\/www.visit-ulcinj.com\/blog\/?s={search_term_string}"},"query-input":"required name=search_term_string"}],"inLanguage":"en-US"},{"@type":"ImageObject","inLanguage":"en-US","@id":"https:\/\/www.visit-ulcinj.com\/blog\/2014\/01\/13\/za-pobjedu-govore-dritan-abazovic-milan-rolovic-za-izbore-u-ulcinju\/#primaryimage","url":"http:\/\/www.visit-ulcinj.com\/blog\/wp-content\/uploads\/2014\/01\/Dritan-Abazovic-pozitivna-crna-gora.jpg","contentUrl":"http:\/\/www.visit-ulcinj.com\/blog\/wp-content\/uploads\/2014\/01\/Dritan-Abazovic-pozitivna-crna-gora.jpg"},{"@type":"WebPage","@id":"https:\/\/www.visit-ulcinj.com\/blog\/2014\/01\/13\/za-pobjedu-govore-dritan-abazovic-milan-rolovic-za-izbore-u-ulcinju\/#webpage","url":"https:\/\/www.visit-ulcinj.com\/blog\/2014\/01\/13\/za-pobjedu-govore-dritan-abazovic-milan-rolovic-za-izbore-u-ulcinju\/","name":"Za Pobjedu govore Dritan Abazovic i Milan Rolovic za izbore u Ulcinju - Lajme nga Ulqini","isPartOf":{"@id":"https:\/\/www.visit-ulcinj.com\/blog\/#website"},"primaryImageOfPage":{"@id":"https:\/\/www.visit-ulcinj.com\/blog\/2014\/01\/13\/za-pobjedu-govore-dritan-abazovic-milan-rolovic-za-izbore-u-ulcinju\/#primaryimage"},"datePublished":"2014-01-13T14:50:42+00:00","dateModified":"2014-01-13T14:50:42+00:00","author":{"@id":"https:\/\/www.visit-ulcinj.com\/blog\/#\/schema\/person\/dcab619c614d3038751c63bc2aadc06d"},"description":"Abazovi\u0107: Svi su na\u0161i konkurenti bili na vlasti, Rolovi\u0107: Znamo kako do brzog razvoja Razgovarala: Ana \u017divanovi\u0107 ULCINJ \u2013 Jo\u0161 \u010detrnaest dana Ulcinjane","breadcrumb":{"@id":"https:\/\/www.visit-ulcinj.com\/blog\/2014\/01\/13\/za-pobjedu-govore-dritan-abazovic-milan-rolovic-za-izbore-u-ulcinju\/#breadcrumb"},"inLanguage":"en-US","potentialAction":[{"@type":"ReadAction","target":["https:\/\/www.visit-ulcinj.com\/blog\/2014\/01\/13\/za-pobjedu-govore-dritan-abazovic-milan-rolovic-za-izbore-u-ulcinju\/"]}]},{"@type":"BreadcrumbList","@id":"https:\/\/www.visit-ulcinj.com\/blog\/2014\/01\/13\/za-pobjedu-govore-dritan-abazovic-milan-rolovic-za-izbore-u-ulcinju\/#breadcrumb","itemListElement":[{"@type":"ListItem","position":1,"name":"Za Pobjedu govore Dritan Abazovic i Milan Rolovic za izbore u Ulcinju"}]},{"@type":"Person","@id":"https:\/\/www.visit-ulcinj.com\/blog\/#\/schema\/person\/dcab619c614d3038751c63bc2aadc06d","name":"ulqini","sameAs":["http:\/\/www.visit-ulcinj.com"],"url":"https:\/\/www.visit-ulcinj.com\/blog\/author\/admin\/"}]}},"jetpack_featured_media_url":"","jetpack_sharing_enabled":true,"jetpack_shortlink":"https:\/\/wp.me\/pe6lTn-kkc","_links":{"self":[{"href":"https:\/\/www.visit-ulcinj.com\/blog\/wp-json\/wp\/v2\/posts\/78132"}],"collection":[{"href":"https:\/\/www.visit-ulcinj.com\/blog\/wp-json\/wp\/v2\/posts"}],"about":[{"href":"https:\/\/www.visit-ulcinj.com\/blog\/wp-json\/wp\/v2\/types\/post"}],"author":[{"embeddable":true,"href":"https:\/\/www.visit-ulcinj.com\/blog\/wp-json\/wp\/v2\/users\/1"}],"replies":[{"embeddable":true,"href":"https:\/\/www.visit-ulcinj.com\/blog\/wp-json\/wp\/v2\/comments?post=78132"}],"version-history":[{"count":1,"href":"https:\/\/www.visit-ulcinj.com\/blog\/wp-json\/wp\/v2\/posts\/78132\/revisions"}],"predecessor-version":[{"id":78138,"href":"https:\/\/www.visit-ulcinj.com\/blog\/wp-json\/wp\/v2\/posts\/78132\/revisions\/78138"}],"wp:attachment":[{"href":"https:\/\/www.visit-ulcinj.com\/blog\/wp-json\/wp\/v2\/media?parent=78132"}],"wp:term":[{"taxonomy":"category","embeddable":true,"href":"https:\/\/www.visit-ulcinj.com\/blog\/wp-json\/wp\/v2\/categories?post=78132"},{"taxonomy":"post_tag","embeddable":true,"href":"https:\/\/www.visit-ulcinj.com\/blog\/wp-json\/wp\/v2\/tags?post=78132"}],"curies":[{"name":"wp","href":"https:\/\/api.w.org\/{rel}","templated":true}]}}