{"id":78139,"date":"2014-01-13T16:05:37","date_gmt":"2014-01-13T15:05:37","guid":{"rendered":"http:\/\/www.visit-ulcinj.com\/blog\/?p=78139"},"modified":"2014-01-22T18:04:21","modified_gmt":"2014-01-22T17:04:21","slug":"cungu-reagon-per-akuzat-e-lokacionit-shas","status":"publish","type":"post","link":"https:\/\/www.visit-ulcinj.com\/blog\/2014\/01\/13\/cungu-reagon-per-akuzat-e-lokacionit-shas\/","title":{"rendered":"Cungu Reagon p\u00ebr akuzat e lokacionit Shas"},"content":{"rendered":"<p><strong><a href=\"http:\/\/www.visit-ulcinj.com\/blog\/wp-content\/uploads\/2014\/01\/Nazif-Cungu-Selim-Resulbegovic-1.png\"><img loading=\"lazy\" class=\"alignleft size-full wp-image-78122\" alt=\"Nazif-Cungu-Selim-Resulbegovic-1\" src=\"http:\/\/www.visit-ulcinj.com\/blog\/wp-content\/uploads\/2014\/01\/Nazif-Cungu-Selim-Resulbegovic-1.png\" width=\"508\" height=\"383\" srcset=\"https:\/\/www.visit-ulcinj.com\/blog\/wp-content\/uploads\/2014\/01\/Nazif-Cungu-Selim-Resulbegovic-1.png 508w, https:\/\/www.visit-ulcinj.com\/blog\/wp-content\/uploads\/2014\/01\/Nazif-Cungu-Selim-Resulbegovic-1-300x226.png 300w\" sizes=\"(max-width: 508px) 100vw, 508px\" \/><\/a>REAGIM LIDHUR ME PARAQITJEN E FUNDIT T\u00cb KRYETARIT T\u00cb K\u00cbSHILLIT KOMUNAL T\u00cb PSD N\u00cb ULQIN SELIM RESULBEGOVIQIT LIDHUR ME GJOJA KEQP\u00cbRDORIMET GJAT\u00cb HARTIMIT T\u00cb STUDIMIT T\u00cb LOKACIONIT SHAS<\/strong><\/p>\n<p><strong>Konferenca p\u00ebr shtyp lidhur me akuzat e Selim Resulbegoviqit per parregullsit e perpunimit te studimit te lokacionit Shas<\/strong><\/p>\n<p>1.<br \/>\nP\u00ebr hir t\u00eb opinionit jam i obliguar t\u00eb sqaroj pohimet e fundit dhe mashtrimet e Selim Resulbegoviqit n\u00eb debatin publik n\u00eb televizionin Teuta.<\/p>\n<p>Gjat\u00eb vitit 2007, n\u00eb baz\u00eb t\u00eb kontrat\u00ebs s\u00eb shitblerjes jam b\u00ebr\u00eb pronar i truallit n\u00eb lokalitetin Shas, n\u00eb nj\u00eb sip\u00ebrfaqe prej rreth 51.000 m\u00b2, respektivisht i parcel\u00ebs katastrale 602,603\/1,603\/2,604\/2 dhe 605,606\/1,606\/2 dhe 606\/3 me list\u00ebn e patundshm\u00ebris\u00eb 26 KK Shas.<\/p>\n<p>Me planin hap\u00ebsinor t\u00eb Komun\u00ebs s\u00eb Ulqinit t\u00eb vitit 1999, n\u00eb k\u00ebt\u00eb lokalitet \u00ebsht\u00eb parapar\u00eb nd\u00ebrtimi i kapaciteteve turistike.<\/p>\n<p>M\u00eb 16.07.2007, s\u00eb bashku me pronarin e parceles fqinje i kemi d\u00ebrguar k\u00ebrkes\u00eb Sekretariatit p\u00ebr Urbaniz\u00ebm t\u00eb Komun\u00ebs s\u00eb Ulqinit p\u00ebr hartimin e studimit t\u00eb lokacionit p\u00ebr eko qend\u00ebr turistike, n\u00eb sip\u00ebrfaqe prej rreth 61,424 m\u00b2, respektivisht n\u00eb rreth 51.000 m\u00b2 tok\u00eb n\u00eb pron\u00ebsin\u00eb time dhe rreth 10.000 m\u00b2 tok\u00eb n\u00eb pron\u00ebsi t\u00eb parcel\u00ebs fqinj\u00eb.<\/p>\n<p>M\u00eb 14.09.2009, me aktin nr.01-4395\/1-09 t\u00eb dat\u00ebs 14.09.2009, Kryetari i Komun\u00ebs s\u00eb Ulqinit G\u00ebzim Hajdinaga sjell vendim q\u00eb t\u00eb punohet studimi i lokacionit p\u00ebr qendr\u00ebn eko turistike n\u00eb lokalitetin e Shasit n\u00eb sip\u00ebrfaqen prej 82.811 m\u00b2 nga t\u00eb cilet rreth 50.000 m\u00b2 n\u00eb pron\u00ebsine time dhe pronarit t\u00eb parcel\u00ebs fqinje, si dhe 32.000 m\u00b2 kinse tok\u00eb e kontestuar e komun\u00ebs. Me k\u00ebt\u00eb rast rreth 10.000 m\u00b2 e tok\u00ebs time nuk ka hyr\u00eb n\u00eb k\u00ebt\u00eb studim t\u00eb lokacionit , sepse nuk ka qen\u00eb e p\u00ebrfshir\u00eb me planin hap\u00ebsinor nga viti 1999.<\/p>\n<p>Arsyeja p\u00ebrse kryetari i at\u00ebhersh\u00ebm n\u00eb k\u00ebt\u00eb studim t\u00eb lokacionit ka p\u00ebrfshir\u00eb dhe sip\u00ebrfaqen n\u00eb pron\u00ebsi t\u00eb Komun\u00ebs t\u00eb cil\u00ebn un\u00eb nuk e kam k\u00ebrkuar mua nuk m\u00eb \u00ebsht\u00eb e njohur. Vler\u00ebsoj se me k\u00ebt\u00eb nuk ka d\u00ebshiruar t\u00eb m\u00eb b\u00ebj\u00eb nder, kur kemi parasysh marr\u00ebdh\u00ebniet tona n\u00eb at\u00eb koh\u00eb.<\/p>\n<p><a href=\"http:\/\/www.visit-ulcinj.com\/blog\/wp-content\/uploads\/2014\/01\/Lokaliteti-turistik-i-Shasit-Plani.jpg\"><img loading=\"lazy\" class=\"alignleft  wp-image-78144\" alt=\"Lokaliteti turistik i Shasit-Plani\" src=\"http:\/\/www.visit-ulcinj.com\/blog\/wp-content\/uploads\/2014\/01\/Lokaliteti-turistik-i-Shasit-Plani.jpg\" width=\"508\" height=\"400\" \/><\/a><\/p>\n<p>2.<br \/>\nPas ardhjes ton\u00eb n\u00eb pushtet n\u00eb vitin 2011, vet\u00ebm kemi vazhduar procedur\u00ebn e nisur nga pushteti i m\u00ebparsh\u00ebm. Kemi shpallur tenderin p\u00ebr zgjedhjen e p\u00ebrpunuesit t\u00eb planit, kemi b\u00ebr\u00eb diskutimin publik, kemi marr\u00eb p\u00ebrgjigjen nga Ministria e Rregullimit Hap\u00ebsinor dhe pas k\u00ebsaj plani \u00ebsht\u00eb d\u00ebrguar n\u00eb Kuvend, ku nj\u00ebz\u00ebri \u00ebsht\u00eb miratuar. Fakti q\u00eb nj\u00ebz\u00ebri \u00ebsht\u00eb miratuar nga t\u00eb gjitha subjektet politike flet mjaft p\u00ebr transparenc\u00ebn dhe ligjshm\u00ebrin\u00eb e tij, sepse mos t\u00eb ishte k\u00ebshtu, sigurisht q\u00eb dikush do t\u00eb gjente t\u00eb thoshte p\u00ebr keqp\u00ebrdorimet eventuale.<\/p>\n<p>Vet\u00ebm atyre t\u00eb cil\u00ebt nuk i njohin procedurat mund t\u2019i shitet p\u00ebrralla q\u00eb gjat\u00eb hartimit t\u00eb dokumentit urbanistik mund t\u00eb vij\u00eb deri tek ndryshimi i pronarit t\u00eb pron\u00ebs. Ato 32.000 m\u00b2 tok\u00eb e Komun\u00ebs ka qen\u00eb dhe do t\u00eb mbetet e till\u00eb dhe se ajo nuk mund t\u00eb ndryshohet me dokumentin urbanistik, sepse nj\u00eb gj\u00eb t\u00eb till\u00eb sigurisht q\u00eb nuk do t\u00eb ma b\u00ebnte paraardh\u00ebsi im, me t\u00eb cilin kam qen\u00eb kund\u00ebrshtari m\u00eb i madh. N\u00ebse Komuna eventualisht vendos q\u00eb kjo tok\u00eb t\u00eb shitet, duhet q\u00eb t\u00eb aplikohet procedura ligjore sipas ligjit p\u00ebr pasurin\u00eb shtet\u00ebrore.<\/p>\n<p><a href=\"http:\/\/www.visit-ulcinj.com\/blog\/wp-content\/uploads\/2014\/01\/Nazif-Cungu-Ulcinj.jpg\"><img loading=\"lazy\" class=\"alignleft  wp-image-78147\" alt=\"Nazif-Cungu-Ulcinj\" src=\"http:\/\/www.visit-ulcinj.com\/blog\/wp-content\/uploads\/2014\/01\/Nazif-Cungu-Ulcinj.jpg\" width=\"508\" height=\"360\" \/><\/a><\/p>\n<p>K\u00ebt\u00eb sigurisht q\u00eb e di edhe Z. Resulbegoviq, por q\u00ebllimi i tij nuk ka qen\u00eb q\u00eb t\u00eb zbuloj\u00eb gjoja keqp\u00ebrdorim milion\u00ebsh, por me paraqitjet teatrale t\u00eb shkaktoj\u00eb huti n\u00eb rradh\u00eb t\u00eb qytetar\u00ebve t\u00eb thjesht\u00eb t\u00eb cil\u00ebt nuk merren vesh n\u00eb k\u00ebt\u00eb materie, dhe n\u00eb k\u00ebt\u00eb m\u00ebnyr\u00eb t\u00eb fitoj\u00eb poena t\u00eb ulta politike.<br \/>\nN\u00eb m\u00ebnyr\u00eb publike ftoj prokurorin shtet\u00ebror, q\u00eb deri n\u00eb detaje t\u00eb b\u00ebj\u00eb vler\u00ebsimin e k\u00ebsaj l\u00ebnde dhe deri m\u00eb 26 janar, gjegj\u00ebsisht para zgjedhjeve lokale, t\u00eb njoftoj\u00eb qytetar\u00ebt se kush flet t\u00eb v\u00ebrtet\u00ebn n\u00eb k\u00ebt\u00eb rast.<\/p>\n<p>P\u00ebrndryshe, i t\u00ebr\u00eb dokumentacioni n\u00eb fjal\u00eb \u00ebsht\u00eb publik dhe mund t\u00eb shihet dhe t\u00eb fotokopjohet n\u00eb Sekretariatin p\u00ebr urbaniz\u00ebm.<\/p>\n<p>Pas konferenc\u00ebs, gazetar\u00ebt nga Sekretari i Sekretariatit p\u00ebr Urbaniz\u00ebm Valon Buzuku fituan konfirmimin e th\u00ebnieve t\u00eb mia, dhe u bind\u00ebn n\u00eb ligjshm\u00ebrin\u00eb e mbar\u00eb procesit t\u00eb prurjes s\u00eb studimit t\u00eb lokacionit p\u00ebr Shas.<\/p>\n<h3 tabindex=\"0\" role=\"tab\"><a href=\"http:\/\/www.opstinaulcinj.com\/index.php?option=com_content&amp;view=article&amp;id=227&amp;Itemid=525&amp;lang=me#accordion_sjvnc_4\">Lokalna studija lokacije \u0160as<\/a><\/h3>\n<div role=\"tabpanel\">\n<p><a href=\"http:\/\/www.opstinaulcinj.com\/images\/planovi\/LSL_Sas\/tekst_prijedlog_plana.pdf\"><img alt=\"pdf\" src=\"http:\/\/www.visit-ulcinj.com\/blog\/wp-content\/uploads\/2014\/01\/2d3b_pdf.png\" \/><strong>Tekst prijedlog plana<\/strong><\/a><\/p>\n<p><strong><a href=\"http:\/\/www.opstinaulcinj.com\/images\/planovi\/LSL_Sas\/Smernice_za_sprovodjenje_planskog_dokumenta-Model.pdf\"><img alt=\"pdf\" src=\"http:\/\/www.visit-ulcinj.com\/blog\/wp-content\/uploads\/2014\/01\/2d3b_pdf.png\" \/>Smjernice za sprovo\u0111enje planskog dokumenta-Model<\/a><\/strong><\/p>\n<p><strong><a href=\"http:\/\/www.opstinaulcinj.com\/images\/planovi\/LSL_Sas\/Plan_zelenih_i_slobodnih_povrsina-Model.pdf\"><img alt=\"pdf\" src=\"http:\/\/www.visit-ulcinj.com\/blog\/wp-content\/uploads\/2014\/01\/2d3b_pdf.png\" \/>Plan zelenih i slobodnih povr\u0161ina-Model<\/a><\/strong><\/p>\n<p><strong><a href=\"http:\/\/www.opstinaulcinj.com\/images\/planovi\/LSL_Sas\/Plan_telekomunikacione-infrastrukture-Model.pdf\"><img alt=\"pdf\" src=\"http:\/\/www.visit-ulcinj.com\/blog\/wp-content\/uploads\/2014\/01\/2d3b_pdf.png\" \/>Plan telekomunikacione-infrastrukture-Model<\/a><\/strong><\/p>\n<p><strong><a href=\"http:\/\/www.opstinaulcinj.com\/images\/planovi\/LSL_Sas\/Plan_saobracaja_nivelacije_i_regulacije-Model.pdf\"><img alt=\"pdf\" src=\"http:\/\/www.visit-ulcinj.com\/blog\/wp-content\/uploads\/2014\/01\/2d3b_pdf.png\" \/>Plan saobra\u0107aja nivelacije i regulacije-Model<\/a><\/strong><\/p>\n<p><strong><a href=\"http:\/\/www.opstinaulcinj.com\/images\/planovi\/LSL_Sas\/Plan_parcelacije_regulacije_i_UTU-Model.pdf\"><img alt=\"pdf\" src=\"http:\/\/www.visit-ulcinj.com\/blog\/wp-content\/uploads\/2014\/01\/2d3b_pdf.png\" \/>Plan parcelacije regulacije i UTU-Model.<\/a><\/strong><\/p>\n<p><strong><a href=\"http:\/\/www.opstinaulcinj.com\/images\/planovi\/LSL_Sas\/Plan_namjene_povrsina_Model.pdf\"><img alt=\"pdf\" src=\"http:\/\/www.visit-ulcinj.com\/blog\/wp-content\/uploads\/2014\/01\/2d3b_pdf.png\" \/>Plan namjene povr\u0161ina Model<\/a><\/strong><\/p>\n<p><strong><a href=\"http:\/\/www.opstinaulcinj.com\/images\/planovi\/LSL_Sas\/Plan_hidrotehnicke_infrastrukture-Model.pdf\"><img alt=\"pdf\" src=\"http:\/\/www.visit-ulcinj.com\/blog\/wp-content\/uploads\/2014\/01\/2d3b_pdf.png\" \/>Plan hidrotehni\u010dke infrastrukture-Model<\/a><\/strong><\/p>\n<p><strong><a href=\"http:\/\/www.opstinaulcinj.com\/images\/planovi\/LSL_Sas\/Plan_elektroenergetske-infrastrukture-Model.pdf\"><img alt=\"pdf\" src=\"http:\/\/www.visit-ulcinj.com\/blog\/wp-content\/uploads\/2014\/01\/2d3b_pdf.png\" \/>Plan elektroenergetske-infrastrukture-Model<\/a><\/strong><\/p>\n<\/div>\n","protected":false},"excerpt":{"rendered":"<p>REAGIM LIDHUR ME PARAQITJEN E FUNDIT T\u00cb KRYETARIT T\u00cb K\u00cbSHILLIT KOMUNAL T\u00cb PSD N\u00cb ULQIN SELIM RESULBEGOVIQIT LIDHUR ME GJOJA KEQP\u00cbRDORIMET GJAT\u00cb HARTIMIT T\u00cb STUDIMIT T\u00cb LOKACIONIT SHAS Konferenca p\u00ebr shtyp lidhur me akuzat e Selim Resulbegoviqit per parregullsit e perpunimit te studimit te lokacionit Shas 1. P\u00ebr hir t\u00eb opinionit jam i obliguar t\u00eb [&hellip;]<\/p>\n","protected":false},"author":1,"featured_media":0,"comment_status":"closed","ping_status":"closed","sticky":false,"template":"","format":"standard","meta":{"spay_email":"","jetpack_publicize_message":"","jetpack_is_tweetstorm":false,"jetpack_publicize_feature_enabled":true},"categories":[1],"tags":[],"jetpack_publicize_connections":[],"yoast_head":"<!-- This site is optimized with the Yoast SEO plugin v19.1 - https:\/\/yoast.com\/wordpress\/plugins\/seo\/ -->\n<title>Cungu Reagon p\u00ebr akuzat e lokacionit Shas - Lajme nga Ulqini<\/title>\n<meta name=\"description\" content=\"REAGIM LIDHUR ME PARAQITJEN E FUNDIT T\u00cb KRYETARIT T\u00cb K\u00cbSHILLIT KOMUNAL T\u00cb PSD N\u00cb ULQIN SELIM RESULBEGOVIQIT LIDHUR ME GJOJA KEQP\u00cbRDORIMET GJAT\u00cb HARTIMIT\" \/>\n<meta name=\"robots\" content=\"index, follow, max-snippet:-1, max-image-preview:large, max-video-preview:-1\" \/>\n<link rel=\"canonical\" href=\"https:\/\/www.visit-ulcinj.com\/blog\/2014\/01\/13\/cungu-reagon-per-akuzat-e-lokacionit-shas\/\" \/>\n<meta property=\"og:locale\" content=\"en_US\" \/>\n<meta property=\"og:type\" content=\"article\" \/>\n<meta property=\"og:title\" content=\"Cungu Reagon p\u00ebr akuzat e lokacionit Shas - Lajme nga Ulqini\" \/>\n<meta property=\"og:description\" content=\"REAGIM LIDHUR ME PARAQITJEN E FUNDIT T\u00cb KRYETARIT T\u00cb K\u00cbSHILLIT KOMUNAL T\u00cb PSD N\u00cb ULQIN SELIM RESULBEGOVIQIT LIDHUR ME GJOJA KEQP\u00cbRDORIMET GJAT\u00cb HARTIMIT\" \/>\n<meta property=\"og:url\" content=\"https:\/\/www.visit-ulcinj.com\/blog\/2014\/01\/13\/cungu-reagon-per-akuzat-e-lokacionit-shas\/\" \/>\n<meta property=\"og:site_name\" content=\"Lajme nga Ulqini\" \/>\n<meta property=\"article:published_time\" content=\"2014-01-13T15:05:37+00:00\" \/>\n<meta property=\"article:modified_time\" content=\"2014-01-22T17:04:21+00:00\" \/>\n<meta property=\"og:image\" content=\"http:\/\/www.visit-ulcinj.com\/blog\/wp-content\/uploads\/2014\/01\/Nazif-Cungu-Selim-Resulbegovic-1.png\" \/>\n<meta name=\"twitter:label1\" content=\"Written by\" \/>\n\t<meta name=\"twitter:data1\" content=\"ulqini\" \/>\n\t<meta name=\"twitter:label2\" content=\"Est. reading time\" \/>\n\t<meta name=\"twitter:data2\" content=\"4 minutes\" \/>\n<script type=\"application\/ld+json\" class=\"yoast-schema-graph\">{\"@context\":\"https:\/\/schema.org\",\"@graph\":[{\"@type\":\"WebSite\",\"@id\":\"https:\/\/www.visit-ulcinj.com\/blog\/#website\",\"url\":\"https:\/\/www.visit-ulcinj.com\/blog\/\",\"name\":\"Lajme nga Ulqini\",\"description\":\"Lajme,Vijesti,Ulqini,Ulqin,Crna Gora,Mali i Zi\",\"potentialAction\":[{\"@type\":\"SearchAction\",\"target\":{\"@type\":\"EntryPoint\",\"urlTemplate\":\"https:\/\/www.visit-ulcinj.com\/blog\/?s={search_term_string}\"},\"query-input\":\"required name=search_term_string\"}],\"inLanguage\":\"en-US\"},{\"@type\":\"ImageObject\",\"inLanguage\":\"en-US\",\"@id\":\"https:\/\/www.visit-ulcinj.com\/blog\/2014\/01\/13\/cungu-reagon-per-akuzat-e-lokacionit-shas\/#primaryimage\",\"url\":\"https:\/\/www.visit-ulcinj.com\/blog\/wp-content\/uploads\/2014\/01\/Nazif-Cungu-Selim-Resulbegovic-1.png\",\"contentUrl\":\"https:\/\/www.visit-ulcinj.com\/blog\/wp-content\/uploads\/2014\/01\/Nazif-Cungu-Selim-Resulbegovic-1.png\",\"width\":508,\"height\":383},{\"@type\":\"WebPage\",\"@id\":\"https:\/\/www.visit-ulcinj.com\/blog\/2014\/01\/13\/cungu-reagon-per-akuzat-e-lokacionit-shas\/#webpage\",\"url\":\"https:\/\/www.visit-ulcinj.com\/blog\/2014\/01\/13\/cungu-reagon-per-akuzat-e-lokacionit-shas\/\",\"name\":\"Cungu Reagon p\u00ebr akuzat e lokacionit Shas - Lajme nga Ulqini\",\"isPartOf\":{\"@id\":\"https:\/\/www.visit-ulcinj.com\/blog\/#website\"},\"primaryImageOfPage\":{\"@id\":\"https:\/\/www.visit-ulcinj.com\/blog\/2014\/01\/13\/cungu-reagon-per-akuzat-e-lokacionit-shas\/#primaryimage\"},\"datePublished\":\"2014-01-13T15:05:37+00:00\",\"dateModified\":\"2014-01-22T17:04:21+00:00\",\"author\":{\"@id\":\"https:\/\/www.visit-ulcinj.com\/blog\/#\/schema\/person\/dcab619c614d3038751c63bc2aadc06d\"},\"description\":\"REAGIM LIDHUR ME PARAQITJEN E FUNDIT T\u00cb KRYETARIT T\u00cb K\u00cbSHILLIT KOMUNAL T\u00cb PSD N\u00cb ULQIN SELIM RESULBEGOVIQIT LIDHUR ME GJOJA KEQP\u00cbRDORIMET GJAT\u00cb HARTIMIT\",\"breadcrumb\":{\"@id\":\"https:\/\/www.visit-ulcinj.com\/blog\/2014\/01\/13\/cungu-reagon-per-akuzat-e-lokacionit-shas\/#breadcrumb\"},\"inLanguage\":\"en-US\",\"potentialAction\":[{\"@type\":\"ReadAction\",\"target\":[\"https:\/\/www.visit-ulcinj.com\/blog\/2014\/01\/13\/cungu-reagon-per-akuzat-e-lokacionit-shas\/\"]}]},{\"@type\":\"BreadcrumbList\",\"@id\":\"https:\/\/www.visit-ulcinj.com\/blog\/2014\/01\/13\/cungu-reagon-per-akuzat-e-lokacionit-shas\/#breadcrumb\",\"itemListElement\":[{\"@type\":\"ListItem\",\"position\":1,\"name\":\"Cungu Reagon p\u00ebr akuzat e lokacionit Shas\"}]},{\"@type\":\"Person\",\"@id\":\"https:\/\/www.visit-ulcinj.com\/blog\/#\/schema\/person\/dcab619c614d3038751c63bc2aadc06d\",\"name\":\"ulqini\",\"sameAs\":[\"http:\/\/www.visit-ulcinj.com\"],\"url\":\"https:\/\/www.visit-ulcinj.com\/blog\/author\/admin\/\"}]}<\/script>\n<!-- \/ Yoast SEO plugin. -->","yoast_head_json":{"title":"Cungu Reagon p\u00ebr akuzat e lokacionit Shas - Lajme nga Ulqini","description":"REAGIM LIDHUR ME PARAQITJEN E FUNDIT T\u00cb KRYETARIT T\u00cb K\u00cbSHILLIT KOMUNAL T\u00cb PSD N\u00cb ULQIN SELIM RESULBEGOVIQIT LIDHUR ME GJOJA KEQP\u00cbRDORIMET GJAT\u00cb HARTIMIT","robots":{"index":"index","follow":"follow","max-snippet":"max-snippet:-1","max-image-preview":"max-image-preview:large","max-video-preview":"max-video-preview:-1"},"canonical":"https:\/\/www.visit-ulcinj.com\/blog\/2014\/01\/13\/cungu-reagon-per-akuzat-e-lokacionit-shas\/","og_locale":"en_US","og_type":"article","og_title":"Cungu Reagon p\u00ebr akuzat e lokacionit Shas - Lajme nga Ulqini","og_description":"REAGIM LIDHUR ME PARAQITJEN E FUNDIT T\u00cb KRYETARIT T\u00cb K\u00cbSHILLIT KOMUNAL T\u00cb PSD N\u00cb ULQIN SELIM RESULBEGOVIQIT LIDHUR ME GJOJA KEQP\u00cbRDORIMET GJAT\u00cb HARTIMIT","og_url":"https:\/\/www.visit-ulcinj.com\/blog\/2014\/01\/13\/cungu-reagon-per-akuzat-e-lokacionit-shas\/","og_site_name":"Lajme nga Ulqini","article_published_time":"2014-01-13T15:05:37+00:00","article_modified_time":"2014-01-22T17:04:21+00:00","og_image":[{"url":"http:\/\/www.visit-ulcinj.com\/blog\/wp-content\/uploads\/2014\/01\/Nazif-Cungu-Selim-Resulbegovic-1.png"}],"twitter_misc":{"Written by":"ulqini","Est. reading time":"4 minutes"},"schema":{"@context":"https:\/\/schema.org","@graph":[{"@type":"WebSite","@id":"https:\/\/www.visit-ulcinj.com\/blog\/#website","url":"https:\/\/www.visit-ulcinj.com\/blog\/","name":"Lajme nga Ulqini","description":"Lajme,Vijesti,Ulqini,Ulqin,Crna Gora,Mali i Zi","potentialAction":[{"@type":"SearchAction","target":{"@type":"EntryPoint","urlTemplate":"https:\/\/www.visit-ulcinj.com\/blog\/?s={search_term_string}"},"query-input":"required name=search_term_string"}],"inLanguage":"en-US"},{"@type":"ImageObject","inLanguage":"en-US","@id":"https:\/\/www.visit-ulcinj.com\/blog\/2014\/01\/13\/cungu-reagon-per-akuzat-e-lokacionit-shas\/#primaryimage","url":"https:\/\/www.visit-ulcinj.com\/blog\/wp-content\/uploads\/2014\/01\/Nazif-Cungu-Selim-Resulbegovic-1.png","contentUrl":"https:\/\/www.visit-ulcinj.com\/blog\/wp-content\/uploads\/2014\/01\/Nazif-Cungu-Selim-Resulbegovic-1.png","width":508,"height":383},{"@type":"WebPage","@id":"https:\/\/www.visit-ulcinj.com\/blog\/2014\/01\/13\/cungu-reagon-per-akuzat-e-lokacionit-shas\/#webpage","url":"https:\/\/www.visit-ulcinj.com\/blog\/2014\/01\/13\/cungu-reagon-per-akuzat-e-lokacionit-shas\/","name":"Cungu Reagon p\u00ebr akuzat e lokacionit Shas - Lajme nga Ulqini","isPartOf":{"@id":"https:\/\/www.visit-ulcinj.com\/blog\/#website"},"primaryImageOfPage":{"@id":"https:\/\/www.visit-ulcinj.com\/blog\/2014\/01\/13\/cungu-reagon-per-akuzat-e-lokacionit-shas\/#primaryimage"},"datePublished":"2014-01-13T15:05:37+00:00","dateModified":"2014-01-22T17:04:21+00:00","author":{"@id":"https:\/\/www.visit-ulcinj.com\/blog\/#\/schema\/person\/dcab619c614d3038751c63bc2aadc06d"},"description":"REAGIM LIDHUR ME PARAQITJEN E FUNDIT T\u00cb KRYETARIT T\u00cb K\u00cbSHILLIT KOMUNAL T\u00cb PSD N\u00cb ULQIN SELIM RESULBEGOVIQIT LIDHUR ME GJOJA KEQP\u00cbRDORIMET GJAT\u00cb HARTIMIT","breadcrumb":{"@id":"https:\/\/www.visit-ulcinj.com\/blog\/2014\/01\/13\/cungu-reagon-per-akuzat-e-lokacionit-shas\/#breadcrumb"},"inLanguage":"en-US","potentialAction":[{"@type":"ReadAction","target":["https:\/\/www.visit-ulcinj.com\/blog\/2014\/01\/13\/cungu-reagon-per-akuzat-e-lokacionit-shas\/"]}]},{"@type":"BreadcrumbList","@id":"https:\/\/www.visit-ulcinj.com\/blog\/2014\/01\/13\/cungu-reagon-per-akuzat-e-lokacionit-shas\/#breadcrumb","itemListElement":[{"@type":"ListItem","position":1,"name":"Cungu Reagon p\u00ebr akuzat e lokacionit Shas"}]},{"@type":"Person","@id":"https:\/\/www.visit-ulcinj.com\/blog\/#\/schema\/person\/dcab619c614d3038751c63bc2aadc06d","name":"ulqini","sameAs":["http:\/\/www.visit-ulcinj.com"],"url":"https:\/\/www.visit-ulcinj.com\/blog\/author\/admin\/"}]}},"jetpack_featured_media_url":"","jetpack_sharing_enabled":true,"jetpack_shortlink":"https:\/\/wp.me\/pe6lTn-kkj","_links":{"self":[{"href":"https:\/\/www.visit-ulcinj.com\/blog\/wp-json\/wp\/v2\/posts\/78139"}],"collection":[{"href":"https:\/\/www.visit-ulcinj.com\/blog\/wp-json\/wp\/v2\/posts"}],"about":[{"href":"https:\/\/www.visit-ulcinj.com\/blog\/wp-json\/wp\/v2\/types\/post"}],"author":[{"embeddable":true,"href":"https:\/\/www.visit-ulcinj.com\/blog\/wp-json\/wp\/v2\/users\/1"}],"replies":[{"embeddable":true,"href":"https:\/\/www.visit-ulcinj.com\/blog\/wp-json\/wp\/v2\/comments?post=78139"}],"version-history":[{"count":8,"href":"https:\/\/www.visit-ulcinj.com\/blog\/wp-json\/wp\/v2\/posts\/78139\/revisions"}],"predecessor-version":[{"id":78162,"href":"https:\/\/www.visit-ulcinj.com\/blog\/wp-json\/wp\/v2\/posts\/78139\/revisions\/78162"}],"wp:attachment":[{"href":"https:\/\/www.visit-ulcinj.com\/blog\/wp-json\/wp\/v2\/media?parent=78139"}],"wp:term":[{"taxonomy":"category","embeddable":true,"href":"https:\/\/www.visit-ulcinj.com\/blog\/wp-json\/wp\/v2\/categories?post=78139"},{"taxonomy":"post_tag","embeddable":true,"href":"https:\/\/www.visit-ulcinj.com\/blog\/wp-json\/wp\/v2\/tags?post=78139"}],"curies":[{"name":"wp","href":"https:\/\/api.w.org\/{rel}","templated":true}]}}