{"id":78173,"date":"2014-01-13T18:15:10","date_gmt":"2014-01-13T17:15:10","guid":{"rendered":"http:\/\/www.visit-ulcinj.com\/blog\/?p=78173"},"modified":"2014-01-13T18:15:10","modified_gmt":"2014-01-13T17:15:10","slug":"cozman-dhe-tuna-bum-edhe-ne-2014","status":"publish","type":"post","link":"https:\/\/www.visit-ulcinj.com\/blog\/2014\/01\/13\/cozman-dhe-tuna-bum-edhe-ne-2014\/","title":{"rendered":"Cozman dhe Tuna, bum edhe n\u00eb 2014"},"content":{"rendered":"<div>\n<p>Dyshja m\u00eb e diskutuar e vitit q\u00eb lam\u00eb pas ishte k\u00ebng\u00ebtarja Tuna dhe i dashuri i saj Cozman. Hiti\u00a0\u201cFenix\u201d b\u00ebri q\u00eb ata t\u00eb k\u00ebrkohen gjithkund dhe axhenda e tyre t\u00eb mbushet me mbr\u00ebmje n\u00eb gjith\u00eb bot\u00ebn.<\/p>\n<p><a href=\"http:\/\/www.visit-ulcinj.com\/blog\/wp-content\/uploads\/2014\/01\/Cozman-dhe-Tuna.jpg\"><img loading=\"lazy\" class=\"alignleft  wp-image-78174\" alt=\"Cozman dhe Tuna\" src=\"http:\/\/www.visit-ulcinj.com\/blog\/wp-content\/uploads\/2014\/01\/Cozman-dhe-Tuna.jpg\" width=\"508\" height=\"600\" \/><\/a><\/p>\n<\/div>\n<p>Tuna mbylli vitin 2013 si &#8221;Zogu ma i mir prej kejtve&#8221;, nd\u00ebrsa nga emisioni i showbizit Prive, i dha \u00e7mimin si &#8216;Personazhi i vitit 2013&#8217;. K\u00ebng\u00ebtarja ka paralajm\u00ebruar se edhe n\u00eb 2014-\u00ebn do t\u00eb sjell n\u00eb hit tjet\u00ebr s\u00eb bashku me Cozman dhe n\u00eb bashk\u00ebpunim me Getoar Selimin. T\u00eb shohim n\u00ebse edhe projekti i ri do t\u00eb bum sikurse hiti\u00a0\u201cFenix\u201d.\/10minuta\/<\/p>\n<!--YouTube Error: bad URL entered-->\n","protected":false},"excerpt":{"rendered":"<p>Dyshja m\u00eb e diskutuar e vitit q\u00eb lam\u00eb pas ishte k\u00ebng\u00ebtarja Tuna dhe i dashuri i saj Cozman. Hiti\u00a0\u201cFenix\u201d b\u00ebri q\u00eb ata t\u00eb k\u00ebrkohen gjithkund dhe axhenda e tyre t\u00eb mbushet me mbr\u00ebmje n\u00eb gjith\u00eb bot\u00ebn. Tuna mbylli vitin 2013 si &#8221;Zogu ma i mir prej kejtve&#8221;, nd\u00ebrsa nga emisioni i showbizit Prive, i dha [&hellip;]<\/p>\n","protected":false},"author":1,"featured_media":0,"comment_status":"closed","ping_status":"closed","sticky":false,"template":"","format":"standard","meta":{"spay_email":"","jetpack_publicize_message":"","jetpack_is_tweetstorm":false,"jetpack_publicize_feature_enabled":true},"categories":[1],"tags":[],"jetpack_publicize_connections":[],"yoast_head":"<!-- This site is optimized with the Yoast SEO plugin v19.1 - https:\/\/yoast.com\/wordpress\/plugins\/seo\/ -->\n<title>Cozman dhe Tuna, bum edhe n\u00eb 2014 - Lajme nga Ulqini<\/title>\n<meta name=\"description\" content=\"Dyshja m\u00eb e diskutuar e vitit q\u00eb lam\u00eb pas ishte k\u00ebng\u00ebtarja Tuna dhe i dashuri i saj Cozman. Hiti\u00a0\u201cFenix\u201d b\u00ebri q\u00eb ata t\u00eb k\u00ebrkohen gjithkund dhe axhenda e\" \/>\n<meta name=\"robots\" content=\"index, follow, max-snippet:-1, max-image-preview:large, max-video-preview:-1\" \/>\n<link rel=\"canonical\" href=\"https:\/\/www.visit-ulcinj.com\/blog\/2014\/01\/13\/cozman-dhe-tuna-bum-edhe-ne-2014\/\" \/>\n<meta property=\"og:locale\" content=\"en_US\" \/>\n<meta property=\"og:type\" content=\"article\" \/>\n<meta property=\"og:title\" content=\"Cozman dhe Tuna, bum edhe n\u00eb 2014 - Lajme nga Ulqini\" \/>\n<meta property=\"og:description\" content=\"Dyshja m\u00eb e diskutuar e vitit q\u00eb lam\u00eb pas ishte k\u00ebng\u00ebtarja Tuna dhe i dashuri i saj Cozman. Hiti\u00a0\u201cFenix\u201d b\u00ebri q\u00eb ata t\u00eb k\u00ebrkohen gjithkund dhe axhenda e\" \/>\n<meta property=\"og:url\" content=\"https:\/\/www.visit-ulcinj.com\/blog\/2014\/01\/13\/cozman-dhe-tuna-bum-edhe-ne-2014\/\" \/>\n<meta property=\"og:site_name\" content=\"Lajme nga Ulqini\" \/>\n<meta property=\"article:published_time\" content=\"2014-01-13T17:15:10+00:00\" \/>\n<meta property=\"og:image\" content=\"http:\/\/www.visit-ulcinj.com\/blog\/wp-content\/uploads\/2014\/01\/Cozman-dhe-Tuna.jpg\" \/>\n<meta name=\"twitter:label1\" content=\"Written by\" \/>\n\t<meta name=\"twitter:data1\" content=\"ulqini\" \/>\n\t<meta name=\"twitter:label2\" content=\"Est. reading time\" \/>\n\t<meta name=\"twitter:data2\" content=\"1 minute\" \/>\n<script type=\"application\/ld+json\" class=\"yoast-schema-graph\">{\"@context\":\"https:\/\/schema.org\",\"@graph\":[{\"@type\":\"WebSite\",\"@id\":\"https:\/\/www.visit-ulcinj.com\/blog\/#website\",\"url\":\"https:\/\/www.visit-ulcinj.com\/blog\/\",\"name\":\"Lajme nga Ulqini\",\"description\":\"Lajme,Vijesti,Ulqini,Ulqin,Crna Gora,Mali i Zi\",\"potentialAction\":[{\"@type\":\"SearchAction\",\"target\":{\"@type\":\"EntryPoint\",\"urlTemplate\":\"https:\/\/www.visit-ulcinj.com\/blog\/?s={search_term_string}\"},\"query-input\":\"required name=search_term_string\"}],\"inLanguage\":\"en-US\"},{\"@type\":\"ImageObject\",\"inLanguage\":\"en-US\",\"@id\":\"https:\/\/www.visit-ulcinj.com\/blog\/2014\/01\/13\/cozman-dhe-tuna-bum-edhe-ne-2014\/#primaryimage\",\"url\":\"http:\/\/www.visit-ulcinj.com\/blog\/wp-content\/uploads\/2014\/01\/Cozman-dhe-Tuna.jpg\",\"contentUrl\":\"http:\/\/www.visit-ulcinj.com\/blog\/wp-content\/uploads\/2014\/01\/Cozman-dhe-Tuna.jpg\"},{\"@type\":\"WebPage\",\"@id\":\"https:\/\/www.visit-ulcinj.com\/blog\/2014\/01\/13\/cozman-dhe-tuna-bum-edhe-ne-2014\/#webpage\",\"url\":\"https:\/\/www.visit-ulcinj.com\/blog\/2014\/01\/13\/cozman-dhe-tuna-bum-edhe-ne-2014\/\",\"name\":\"Cozman dhe Tuna, bum edhe n\u00eb 2014 - Lajme nga Ulqini\",\"isPartOf\":{\"@id\":\"https:\/\/www.visit-ulcinj.com\/blog\/#website\"},\"primaryImageOfPage\":{\"@id\":\"https:\/\/www.visit-ulcinj.com\/blog\/2014\/01\/13\/cozman-dhe-tuna-bum-edhe-ne-2014\/#primaryimage\"},\"datePublished\":\"2014-01-13T17:15:10+00:00\",\"dateModified\":\"2014-01-13T17:15:10+00:00\",\"author\":{\"@id\":\"https:\/\/www.visit-ulcinj.com\/blog\/#\/schema\/person\/dcab619c614d3038751c63bc2aadc06d\"},\"description\":\"Dyshja m\u00eb e diskutuar e vitit q\u00eb lam\u00eb pas ishte k\u00ebng\u00ebtarja Tuna dhe i dashuri i saj Cozman. Hiti\u00a0\u201cFenix\u201d b\u00ebri q\u00eb ata t\u00eb k\u00ebrkohen gjithkund dhe axhenda e\",\"breadcrumb\":{\"@id\":\"https:\/\/www.visit-ulcinj.com\/blog\/2014\/01\/13\/cozman-dhe-tuna-bum-edhe-ne-2014\/#breadcrumb\"},\"inLanguage\":\"en-US\",\"potentialAction\":[{\"@type\":\"ReadAction\",\"target\":[\"https:\/\/www.visit-ulcinj.com\/blog\/2014\/01\/13\/cozman-dhe-tuna-bum-edhe-ne-2014\/\"]}]},{\"@type\":\"BreadcrumbList\",\"@id\":\"https:\/\/www.visit-ulcinj.com\/blog\/2014\/01\/13\/cozman-dhe-tuna-bum-edhe-ne-2014\/#breadcrumb\",\"itemListElement\":[{\"@type\":\"ListItem\",\"position\":1,\"name\":\"Cozman dhe Tuna, bum edhe n\u00eb 2014\"}]},{\"@type\":\"Person\",\"@id\":\"https:\/\/www.visit-ulcinj.com\/blog\/#\/schema\/person\/dcab619c614d3038751c63bc2aadc06d\",\"name\":\"ulqini\",\"sameAs\":[\"http:\/\/www.visit-ulcinj.com\"],\"url\":\"https:\/\/www.visit-ulcinj.com\/blog\/author\/admin\/\"}]}<\/script>\n<!-- \/ Yoast SEO plugin. -->","yoast_head_json":{"title":"Cozman dhe Tuna, bum edhe n\u00eb 2014 - Lajme nga Ulqini","description":"Dyshja m\u00eb e diskutuar e vitit q\u00eb lam\u00eb pas ishte k\u00ebng\u00ebtarja Tuna dhe i dashuri i saj Cozman. Hiti\u00a0\u201cFenix\u201d b\u00ebri q\u00eb ata t\u00eb k\u00ebrkohen gjithkund dhe axhenda e","robots":{"index":"index","follow":"follow","max-snippet":"max-snippet:-1","max-image-preview":"max-image-preview:large","max-video-preview":"max-video-preview:-1"},"canonical":"https:\/\/www.visit-ulcinj.com\/blog\/2014\/01\/13\/cozman-dhe-tuna-bum-edhe-ne-2014\/","og_locale":"en_US","og_type":"article","og_title":"Cozman dhe Tuna, bum edhe n\u00eb 2014 - Lajme nga Ulqini","og_description":"Dyshja m\u00eb e diskutuar e vitit q\u00eb lam\u00eb pas ishte k\u00ebng\u00ebtarja Tuna dhe i dashuri i saj Cozman. Hiti\u00a0\u201cFenix\u201d b\u00ebri q\u00eb ata t\u00eb k\u00ebrkohen gjithkund dhe axhenda e","og_url":"https:\/\/www.visit-ulcinj.com\/blog\/2014\/01\/13\/cozman-dhe-tuna-bum-edhe-ne-2014\/","og_site_name":"Lajme nga Ulqini","article_published_time":"2014-01-13T17:15:10+00:00","og_image":[{"url":"http:\/\/www.visit-ulcinj.com\/blog\/wp-content\/uploads\/2014\/01\/Cozman-dhe-Tuna.jpg"}],"twitter_misc":{"Written by":"ulqini","Est. reading time":"1 minute"},"schema":{"@context":"https:\/\/schema.org","@graph":[{"@type":"WebSite","@id":"https:\/\/www.visit-ulcinj.com\/blog\/#website","url":"https:\/\/www.visit-ulcinj.com\/blog\/","name":"Lajme nga Ulqini","description":"Lajme,Vijesti,Ulqini,Ulqin,Crna Gora,Mali i Zi","potentialAction":[{"@type":"SearchAction","target":{"@type":"EntryPoint","urlTemplate":"https:\/\/www.visit-ulcinj.com\/blog\/?s={search_term_string}"},"query-input":"required name=search_term_string"}],"inLanguage":"en-US"},{"@type":"ImageObject","inLanguage":"en-US","@id":"https:\/\/www.visit-ulcinj.com\/blog\/2014\/01\/13\/cozman-dhe-tuna-bum-edhe-ne-2014\/#primaryimage","url":"http:\/\/www.visit-ulcinj.com\/blog\/wp-content\/uploads\/2014\/01\/Cozman-dhe-Tuna.jpg","contentUrl":"http:\/\/www.visit-ulcinj.com\/blog\/wp-content\/uploads\/2014\/01\/Cozman-dhe-Tuna.jpg"},{"@type":"WebPage","@id":"https:\/\/www.visit-ulcinj.com\/blog\/2014\/01\/13\/cozman-dhe-tuna-bum-edhe-ne-2014\/#webpage","url":"https:\/\/www.visit-ulcinj.com\/blog\/2014\/01\/13\/cozman-dhe-tuna-bum-edhe-ne-2014\/","name":"Cozman dhe Tuna, bum edhe n\u00eb 2014 - Lajme nga Ulqini","isPartOf":{"@id":"https:\/\/www.visit-ulcinj.com\/blog\/#website"},"primaryImageOfPage":{"@id":"https:\/\/www.visit-ulcinj.com\/blog\/2014\/01\/13\/cozman-dhe-tuna-bum-edhe-ne-2014\/#primaryimage"},"datePublished":"2014-01-13T17:15:10+00:00","dateModified":"2014-01-13T17:15:10+00:00","author":{"@id":"https:\/\/www.visit-ulcinj.com\/blog\/#\/schema\/person\/dcab619c614d3038751c63bc2aadc06d"},"description":"Dyshja m\u00eb e diskutuar e vitit q\u00eb lam\u00eb pas ishte k\u00ebng\u00ebtarja Tuna dhe i dashuri i saj Cozman. Hiti\u00a0\u201cFenix\u201d b\u00ebri q\u00eb ata t\u00eb k\u00ebrkohen gjithkund dhe axhenda e","breadcrumb":{"@id":"https:\/\/www.visit-ulcinj.com\/blog\/2014\/01\/13\/cozman-dhe-tuna-bum-edhe-ne-2014\/#breadcrumb"},"inLanguage":"en-US","potentialAction":[{"@type":"ReadAction","target":["https:\/\/www.visit-ulcinj.com\/blog\/2014\/01\/13\/cozman-dhe-tuna-bum-edhe-ne-2014\/"]}]},{"@type":"BreadcrumbList","@id":"https:\/\/www.visit-ulcinj.com\/blog\/2014\/01\/13\/cozman-dhe-tuna-bum-edhe-ne-2014\/#breadcrumb","itemListElement":[{"@type":"ListItem","position":1,"name":"Cozman dhe Tuna, bum edhe n\u00eb 2014"}]},{"@type":"Person","@id":"https:\/\/www.visit-ulcinj.com\/blog\/#\/schema\/person\/dcab619c614d3038751c63bc2aadc06d","name":"ulqini","sameAs":["http:\/\/www.visit-ulcinj.com"],"url":"https:\/\/www.visit-ulcinj.com\/blog\/author\/admin\/"}]}},"jetpack_featured_media_url":"","jetpack_sharing_enabled":true,"jetpack_shortlink":"https:\/\/wp.me\/pe6lTn-kkR","_links":{"self":[{"href":"https:\/\/www.visit-ulcinj.com\/blog\/wp-json\/wp\/v2\/posts\/78173"}],"collection":[{"href":"https:\/\/www.visit-ulcinj.com\/blog\/wp-json\/wp\/v2\/posts"}],"about":[{"href":"https:\/\/www.visit-ulcinj.com\/blog\/wp-json\/wp\/v2\/types\/post"}],"author":[{"embeddable":true,"href":"https:\/\/www.visit-ulcinj.com\/blog\/wp-json\/wp\/v2\/users\/1"}],"replies":[{"embeddable":true,"href":"https:\/\/www.visit-ulcinj.com\/blog\/wp-json\/wp\/v2\/comments?post=78173"}],"version-history":[{"count":1,"href":"https:\/\/www.visit-ulcinj.com\/blog\/wp-json\/wp\/v2\/posts\/78173\/revisions"}],"predecessor-version":[{"id":78175,"href":"https:\/\/www.visit-ulcinj.com\/blog\/wp-json\/wp\/v2\/posts\/78173\/revisions\/78175"}],"wp:attachment":[{"href":"https:\/\/www.visit-ulcinj.com\/blog\/wp-json\/wp\/v2\/media?parent=78173"}],"wp:term":[{"taxonomy":"category","embeddable":true,"href":"https:\/\/www.visit-ulcinj.com\/blog\/wp-json\/wp\/v2\/categories?post=78173"},{"taxonomy":"post_tag","embeddable":true,"href":"https:\/\/www.visit-ulcinj.com\/blog\/wp-json\/wp\/v2\/tags?post=78173"}],"curies":[{"name":"wp","href":"https:\/\/api.w.org\/{rel}","templated":true}]}}