{"id":78179,"date":"2014-01-13T19:30:59","date_gmt":"2014-01-13T18:30:59","guid":{"rendered":"http:\/\/www.visit-ulcinj.com\/blog\/?p=78179"},"modified":"2014-01-13T19:30:59","modified_gmt":"2014-01-13T18:30:59","slug":"jakup-murati-pergatitjet-per-zgjedhje-kane-perfunduar-sukses","status":"publish","type":"post","link":"https:\/\/www.visit-ulcinj.com\/blog\/2014\/01\/13\/jakup-murati-pergatitjet-per-zgjedhje-kane-perfunduar-sukses\/","title":{"rendered":"Jakup Murati &#8211; p\u00ebrgatitjet p\u00ebr zgjedhje kan\u00eb  p\u00ebrfunduar me sukses"},"content":{"rendered":"<p><a href=\"http:\/\/www.visit-ulcinj.com\/blog\/wp-content\/uploads\/2013\/12\/Jakup-Muratovic.jpg\"><img loading=\"lazy\" class=\"alignleft size-full wp-image-77086\" alt=\"Jakup-Muratovic\" src=\"http:\/\/www.visit-ulcinj.com\/blog\/wp-content\/uploads\/2013\/12\/Jakup-Muratovic.jpg\" width=\"385\" height=\"348\" srcset=\"https:\/\/www.visit-ulcinj.com\/blog\/wp-content\/uploads\/2013\/12\/Jakup-Muratovic.jpg 385w, https:\/\/www.visit-ulcinj.com\/blog\/wp-content\/uploads\/2013\/12\/Jakup-Muratovic-300x271.jpg 300w\" sizes=\"(max-width: 385px) 100vw, 385px\" \/><\/a>Kryetari i Komisionit komunal t\u00eb zgjedhjeve n\u00eb Ulqin Jakup Murati ka deklaruar sot se\u00a0 p\u00ebrgatitjet p\u00ebr zgjedhje,\u00a0 sa i p\u00ebrket listave dhe renditjeve ka p\u00ebrfunduar me sukses. M\u00eb par\u00eb kemi njoftuar edhe\u00a0 renditjen\u00a0 e listave\u00a0 e q\u00eb prin\u00eb Mali i Zi pozitiv, pastaj Fronti Demokrati, Partia Boshnjake, partia Socialiste Popullore, Forca, Unioni Demokratik i Shqiptar\u00ebve, Partia Demokratike e Socialist\u00ebve, Koalicioni \u00a0s\u00eb Bashku p\u00ebr t\u00eb ardhmen e Ulqinit, kurse e fundit \u00ebsht\u00eb Partia Social Demokratike.<\/p>\n<p>Murati ka deklaruar se gjith\u00ebsejt do t\u00eb ket\u00eb 36 vendvotime dhe se asnjeri\u00a0 vendvotim, sipas ligjit nuk do t\u00eb ket\u00eb mbi 1 mij\u00eb votues. N\u00eb k\u00ebto zgjedhje t\u00eb drejt\u00eb vote kan\u00eb 19 mij\u00eb e 181\u00a0 votues, por si\u00e7 shtoi Muarati lista p\u00ebrfundimtare e votuesve do t\u00eb dihet brenda 10 dit\u00ebve. Murati gjithashtu njoftoi se pun\u00ebt jan\u00eb duke shkuar si\u00e7 edhe ishin planifikuar m\u00eb par\u00eb dhe se sot po ashtu u b\u00eb edhe renditja e kryetar\u00ebve dhe an\u00ebtar\u00ebve t\u00eb Komisionit n\u00eb vendvotimet e caktuara dhe e cila ka shkuar sipas renditjes s\u00eb numrit t\u00eb k\u00ebshilluarve n\u00eb k\u00ebt\u00eb komun\u00eb,ka theksuar Murati.<\/p>\n<p><strong>TVCG<\/strong><\/p>\n","protected":false},"excerpt":{"rendered":"<p>Kryetari i Komisionit komunal t\u00eb zgjedhjeve n\u00eb Ulqin Jakup Murati ka deklaruar sot se\u00a0 p\u00ebrgatitjet p\u00ebr zgjedhje,\u00a0 sa i p\u00ebrket listave dhe renditjeve ka p\u00ebrfunduar me sukses. M\u00eb par\u00eb kemi njoftuar edhe\u00a0 renditjen\u00a0 e listave\u00a0 e q\u00eb prin\u00eb Mali i Zi pozitiv, pastaj Fronti Demokrati, Partia Boshnjake, partia Socialiste Popullore, Forca, Unioni Demokratik i Shqiptar\u00ebve, [&hellip;]<\/p>\n","protected":false},"author":1,"featured_media":0,"comment_status":"closed","ping_status":"closed","sticky":false,"template":"","format":"standard","meta":{"spay_email":"","jetpack_publicize_message":"","jetpack_is_tweetstorm":false,"jetpack_publicize_feature_enabled":true},"categories":[6950],"tags":[],"jetpack_publicize_connections":[],"yoast_head":"<!-- This site is optimized with the Yoast SEO plugin v19.1 - https:\/\/yoast.com\/wordpress\/plugins\/seo\/ -->\n<title>Jakup Murati - p\u00ebrgatitjet p\u00ebr zgjedhje kan\u00eb p\u00ebrfunduar me sukses - Lajme nga Ulqini<\/title>\n<meta name=\"description\" content=\"Kryetari i Komisionit komunal t\u00eb zgjedhjeve n\u00eb Ulqin Jakup Murati ka deklaruar sot se\u00a0 p\u00ebrgatitjet p\u00ebr zgjedhje,\u00a0 sa i p\u00ebrket listave dhe renditjeve ka\" \/>\n<meta name=\"robots\" content=\"index, follow, max-snippet:-1, max-image-preview:large, max-video-preview:-1\" \/>\n<link rel=\"canonical\" href=\"https:\/\/www.visit-ulcinj.com\/blog\/2014\/01\/13\/jakup-murati-pergatitjet-per-zgjedhje-kane-perfunduar-sukses\/\" \/>\n<meta property=\"og:locale\" content=\"en_US\" \/>\n<meta property=\"og:type\" content=\"article\" \/>\n<meta property=\"og:title\" content=\"Jakup Murati - p\u00ebrgatitjet p\u00ebr zgjedhje kan\u00eb p\u00ebrfunduar me sukses - Lajme nga Ulqini\" \/>\n<meta property=\"og:description\" content=\"Kryetari i Komisionit komunal t\u00eb zgjedhjeve n\u00eb Ulqin Jakup Murati ka deklaruar sot se\u00a0 p\u00ebrgatitjet p\u00ebr zgjedhje,\u00a0 sa i p\u00ebrket listave dhe renditjeve ka\" \/>\n<meta property=\"og:url\" content=\"https:\/\/www.visit-ulcinj.com\/blog\/2014\/01\/13\/jakup-murati-pergatitjet-per-zgjedhje-kane-perfunduar-sukses\/\" \/>\n<meta property=\"og:site_name\" content=\"Lajme nga Ulqini\" \/>\n<meta property=\"article:published_time\" content=\"2014-01-13T18:30:59+00:00\" \/>\n<meta property=\"og:image\" content=\"http:\/\/www.visit-ulcinj.com\/blog\/wp-content\/uploads\/2013\/12\/Jakup-Muratovic.jpg\" \/>\n<meta name=\"twitter:label1\" content=\"Written by\" \/>\n\t<meta name=\"twitter:data1\" content=\"ulqini\" \/>\n\t<meta name=\"twitter:label2\" content=\"Est. reading time\" \/>\n\t<meta name=\"twitter:data2\" content=\"1 minute\" \/>\n<script type=\"application\/ld+json\" class=\"yoast-schema-graph\">{\"@context\":\"https:\/\/schema.org\",\"@graph\":[{\"@type\":\"WebSite\",\"@id\":\"https:\/\/www.visit-ulcinj.com\/blog\/#website\",\"url\":\"https:\/\/www.visit-ulcinj.com\/blog\/\",\"name\":\"Lajme nga Ulqini\",\"description\":\"Lajme,Vijesti,Ulqini,Ulqin,Crna Gora,Mali i Zi\",\"potentialAction\":[{\"@type\":\"SearchAction\",\"target\":{\"@type\":\"EntryPoint\",\"urlTemplate\":\"https:\/\/www.visit-ulcinj.com\/blog\/?s={search_term_string}\"},\"query-input\":\"required name=search_term_string\"}],\"inLanguage\":\"en-US\"},{\"@type\":\"ImageObject\",\"inLanguage\":\"en-US\",\"@id\":\"https:\/\/www.visit-ulcinj.com\/blog\/2014\/01\/13\/jakup-murati-pergatitjet-per-zgjedhje-kane-perfunduar-sukses\/#primaryimage\",\"url\":\"https:\/\/www.visit-ulcinj.com\/blog\/wp-content\/uploads\/2013\/12\/Jakup-Muratovic.jpg\",\"contentUrl\":\"https:\/\/www.visit-ulcinj.com\/blog\/wp-content\/uploads\/2013\/12\/Jakup-Muratovic.jpg\",\"width\":385,\"height\":348},{\"@type\":\"WebPage\",\"@id\":\"https:\/\/www.visit-ulcinj.com\/blog\/2014\/01\/13\/jakup-murati-pergatitjet-per-zgjedhje-kane-perfunduar-sukses\/#webpage\",\"url\":\"https:\/\/www.visit-ulcinj.com\/blog\/2014\/01\/13\/jakup-murati-pergatitjet-per-zgjedhje-kane-perfunduar-sukses\/\",\"name\":\"Jakup Murati - p\u00ebrgatitjet p\u00ebr zgjedhje kan\u00eb p\u00ebrfunduar me sukses - Lajme nga Ulqini\",\"isPartOf\":{\"@id\":\"https:\/\/www.visit-ulcinj.com\/blog\/#website\"},\"primaryImageOfPage\":{\"@id\":\"https:\/\/www.visit-ulcinj.com\/blog\/2014\/01\/13\/jakup-murati-pergatitjet-per-zgjedhje-kane-perfunduar-sukses\/#primaryimage\"},\"datePublished\":\"2014-01-13T18:30:59+00:00\",\"dateModified\":\"2014-01-13T18:30:59+00:00\",\"author\":{\"@id\":\"https:\/\/www.visit-ulcinj.com\/blog\/#\/schema\/person\/dcab619c614d3038751c63bc2aadc06d\"},\"description\":\"Kryetari i Komisionit komunal t\u00eb zgjedhjeve n\u00eb Ulqin Jakup Murati ka deklaruar sot se\u00a0 p\u00ebrgatitjet p\u00ebr zgjedhje,\u00a0 sa i p\u00ebrket listave dhe renditjeve ka\",\"breadcrumb\":{\"@id\":\"https:\/\/www.visit-ulcinj.com\/blog\/2014\/01\/13\/jakup-murati-pergatitjet-per-zgjedhje-kane-perfunduar-sukses\/#breadcrumb\"},\"inLanguage\":\"en-US\",\"potentialAction\":[{\"@type\":\"ReadAction\",\"target\":[\"https:\/\/www.visit-ulcinj.com\/blog\/2014\/01\/13\/jakup-murati-pergatitjet-per-zgjedhje-kane-perfunduar-sukses\/\"]}]},{\"@type\":\"BreadcrumbList\",\"@id\":\"https:\/\/www.visit-ulcinj.com\/blog\/2014\/01\/13\/jakup-murati-pergatitjet-per-zgjedhje-kane-perfunduar-sukses\/#breadcrumb\",\"itemListElement\":[{\"@type\":\"ListItem\",\"position\":1,\"name\":\"Jakup Murati &#8211; p\u00ebrgatitjet p\u00ebr zgjedhje kan\u00eb p\u00ebrfunduar me sukses\"}]},{\"@type\":\"Person\",\"@id\":\"https:\/\/www.visit-ulcinj.com\/blog\/#\/schema\/person\/dcab619c614d3038751c63bc2aadc06d\",\"name\":\"ulqini\",\"sameAs\":[\"http:\/\/www.visit-ulcinj.com\"],\"url\":\"https:\/\/www.visit-ulcinj.com\/blog\/author\/admin\/\"}]}<\/script>\n<!-- \/ Yoast SEO plugin. -->","yoast_head_json":{"title":"Jakup Murati - p\u00ebrgatitjet p\u00ebr zgjedhje kan\u00eb p\u00ebrfunduar me sukses - Lajme nga Ulqini","description":"Kryetari i Komisionit komunal t\u00eb zgjedhjeve n\u00eb Ulqin Jakup Murati ka deklaruar sot se\u00a0 p\u00ebrgatitjet p\u00ebr zgjedhje,\u00a0 sa i p\u00ebrket listave dhe renditjeve ka","robots":{"index":"index","follow":"follow","max-snippet":"max-snippet:-1","max-image-preview":"max-image-preview:large","max-video-preview":"max-video-preview:-1"},"canonical":"https:\/\/www.visit-ulcinj.com\/blog\/2014\/01\/13\/jakup-murati-pergatitjet-per-zgjedhje-kane-perfunduar-sukses\/","og_locale":"en_US","og_type":"article","og_title":"Jakup Murati - p\u00ebrgatitjet p\u00ebr zgjedhje kan\u00eb p\u00ebrfunduar me sukses - Lajme nga Ulqini","og_description":"Kryetari i Komisionit komunal t\u00eb zgjedhjeve n\u00eb Ulqin Jakup Murati ka deklaruar sot se\u00a0 p\u00ebrgatitjet p\u00ebr zgjedhje,\u00a0 sa i p\u00ebrket listave dhe renditjeve ka","og_url":"https:\/\/www.visit-ulcinj.com\/blog\/2014\/01\/13\/jakup-murati-pergatitjet-per-zgjedhje-kane-perfunduar-sukses\/","og_site_name":"Lajme nga Ulqini","article_published_time":"2014-01-13T18:30:59+00:00","og_image":[{"url":"http:\/\/www.visit-ulcinj.com\/blog\/wp-content\/uploads\/2013\/12\/Jakup-Muratovic.jpg"}],"twitter_misc":{"Written by":"ulqini","Est. reading time":"1 minute"},"schema":{"@context":"https:\/\/schema.org","@graph":[{"@type":"WebSite","@id":"https:\/\/www.visit-ulcinj.com\/blog\/#website","url":"https:\/\/www.visit-ulcinj.com\/blog\/","name":"Lajme nga Ulqini","description":"Lajme,Vijesti,Ulqini,Ulqin,Crna Gora,Mali i Zi","potentialAction":[{"@type":"SearchAction","target":{"@type":"EntryPoint","urlTemplate":"https:\/\/www.visit-ulcinj.com\/blog\/?s={search_term_string}"},"query-input":"required name=search_term_string"}],"inLanguage":"en-US"},{"@type":"ImageObject","inLanguage":"en-US","@id":"https:\/\/www.visit-ulcinj.com\/blog\/2014\/01\/13\/jakup-murati-pergatitjet-per-zgjedhje-kane-perfunduar-sukses\/#primaryimage","url":"https:\/\/www.visit-ulcinj.com\/blog\/wp-content\/uploads\/2013\/12\/Jakup-Muratovic.jpg","contentUrl":"https:\/\/www.visit-ulcinj.com\/blog\/wp-content\/uploads\/2013\/12\/Jakup-Muratovic.jpg","width":385,"height":348},{"@type":"WebPage","@id":"https:\/\/www.visit-ulcinj.com\/blog\/2014\/01\/13\/jakup-murati-pergatitjet-per-zgjedhje-kane-perfunduar-sukses\/#webpage","url":"https:\/\/www.visit-ulcinj.com\/blog\/2014\/01\/13\/jakup-murati-pergatitjet-per-zgjedhje-kane-perfunduar-sukses\/","name":"Jakup Murati - p\u00ebrgatitjet p\u00ebr zgjedhje kan\u00eb p\u00ebrfunduar me sukses - Lajme nga Ulqini","isPartOf":{"@id":"https:\/\/www.visit-ulcinj.com\/blog\/#website"},"primaryImageOfPage":{"@id":"https:\/\/www.visit-ulcinj.com\/blog\/2014\/01\/13\/jakup-murati-pergatitjet-per-zgjedhje-kane-perfunduar-sukses\/#primaryimage"},"datePublished":"2014-01-13T18:30:59+00:00","dateModified":"2014-01-13T18:30:59+00:00","author":{"@id":"https:\/\/www.visit-ulcinj.com\/blog\/#\/schema\/person\/dcab619c614d3038751c63bc2aadc06d"},"description":"Kryetari i Komisionit komunal t\u00eb zgjedhjeve n\u00eb Ulqin Jakup Murati ka deklaruar sot se\u00a0 p\u00ebrgatitjet p\u00ebr zgjedhje,\u00a0 sa i p\u00ebrket listave dhe renditjeve ka","breadcrumb":{"@id":"https:\/\/www.visit-ulcinj.com\/blog\/2014\/01\/13\/jakup-murati-pergatitjet-per-zgjedhje-kane-perfunduar-sukses\/#breadcrumb"},"inLanguage":"en-US","potentialAction":[{"@type":"ReadAction","target":["https:\/\/www.visit-ulcinj.com\/blog\/2014\/01\/13\/jakup-murati-pergatitjet-per-zgjedhje-kane-perfunduar-sukses\/"]}]},{"@type":"BreadcrumbList","@id":"https:\/\/www.visit-ulcinj.com\/blog\/2014\/01\/13\/jakup-murati-pergatitjet-per-zgjedhje-kane-perfunduar-sukses\/#breadcrumb","itemListElement":[{"@type":"ListItem","position":1,"name":"Jakup Murati &#8211; p\u00ebrgatitjet p\u00ebr zgjedhje kan\u00eb p\u00ebrfunduar me sukses"}]},{"@type":"Person","@id":"https:\/\/www.visit-ulcinj.com\/blog\/#\/schema\/person\/dcab619c614d3038751c63bc2aadc06d","name":"ulqini","sameAs":["http:\/\/www.visit-ulcinj.com"],"url":"https:\/\/www.visit-ulcinj.com\/blog\/author\/admin\/"}]}},"jetpack_featured_media_url":"","jetpack_sharing_enabled":true,"jetpack_shortlink":"https:\/\/wp.me\/pe6lTn-kkX","_links":{"self":[{"href":"https:\/\/www.visit-ulcinj.com\/blog\/wp-json\/wp\/v2\/posts\/78179"}],"collection":[{"href":"https:\/\/www.visit-ulcinj.com\/blog\/wp-json\/wp\/v2\/posts"}],"about":[{"href":"https:\/\/www.visit-ulcinj.com\/blog\/wp-json\/wp\/v2\/types\/post"}],"author":[{"embeddable":true,"href":"https:\/\/www.visit-ulcinj.com\/blog\/wp-json\/wp\/v2\/users\/1"}],"replies":[{"embeddable":true,"href":"https:\/\/www.visit-ulcinj.com\/blog\/wp-json\/wp\/v2\/comments?post=78179"}],"version-history":[{"count":1,"href":"https:\/\/www.visit-ulcinj.com\/blog\/wp-json\/wp\/v2\/posts\/78179\/revisions"}],"predecessor-version":[{"id":78180,"href":"https:\/\/www.visit-ulcinj.com\/blog\/wp-json\/wp\/v2\/posts\/78179\/revisions\/78180"}],"wp:attachment":[{"href":"https:\/\/www.visit-ulcinj.com\/blog\/wp-json\/wp\/v2\/media?parent=78179"}],"wp:term":[{"taxonomy":"category","embeddable":true,"href":"https:\/\/www.visit-ulcinj.com\/blog\/wp-json\/wp\/v2\/categories?post=78179"},{"taxonomy":"post_tag","embeddable":true,"href":"https:\/\/www.visit-ulcinj.com\/blog\/wp-json\/wp\/v2\/tags?post=78179"}],"curies":[{"name":"wp","href":"https:\/\/api.w.org\/{rel}","templated":true}]}}