{"id":78181,"date":"2014-01-14T08:42:18","date_gmt":"2014-01-14T07:42:18","guid":{"rendered":"http:\/\/www.visit-ulcinj.com\/blog\/?p=78181"},"modified":"2014-01-16T17:32:34","modified_gmt":"2014-01-16T16:32:34","slug":"ulqin-shkoder-vlla-e-moter-video","status":"publish","type":"post","link":"https:\/\/www.visit-ulcinj.com\/blog\/2014\/01\/14\/ulqin-shkoder-vlla-e-moter-video\/","title":{"rendered":"Ulqin &#8211; Shkod\u00ebr, vlla e mot\u00ebr &#8211; Video Blue Sky"},"content":{"rendered":"<p><b><i><a href=\"http:\/\/www.visit-ulcinj.com\/blog\/wp-content\/uploads\/2014\/01\/te-kalaja-e-ulqinit.jpg\"><img loading=\"lazy\" class=\"alignleft  wp-image-78184\" alt=\"te kalaja e ulqinit\" src=\"http:\/\/www.visit-ulcinj.com\/blog\/wp-content\/uploads\/2014\/01\/te-kalaja-e-ulqinit.jpg\" width=\"508\" height=\"360\" \/><\/a>TV \u201cBlue Sky\u201d organizoi n\u00eb qytetin e Ulqinit koncertin e p\u00ebrvitsh\u00ebm \u201cSofra e Shqipes\u201d\u00a0\u00a0<\/i><\/b><\/p>\n<p><i>\u201cN\u00eb k\u00ebt\u00eb taban p\u00ebr t\u00eb rip\u00ebrt\u00ebritur k\u00ebt\u00eb lidhje t\u00eb vjet\u00ebr, lindi dhe ideja e presidentit t\u00eb TV \u201cBlue Sky\u201d, z. G\u00ebzim Brahusha p\u00ebr t\u00eb\u00a0organizuar edhe n\u00eb k\u00ebt\u00eb fundvit qe shkoi n\u00eb qytetin e bukur t\u00eb Ulqinit koncertin e p\u00ebrvitsh\u00ebm \u201cSofra e Shqipes\u201d nj\u00eb risi q\u00eb e ka kaluar\u00a0testin m\u00eb t\u00eb v\u00ebshtir\u00eb edhe n\u00eb vitin e kaluar n\u00eb qytetin e Shkodr\u00ebs dhe q\u00eb t\u00eb sh\u00ebrbej\u00eb si vazhdim\u00ebsi e traditave t\u00eb t\u00eb dy qyteteve,\u00a0i cili do t\u00eb mbetet n\u00eb mendjen e shum\u00eb shikuesve p\u00ebr shum\u00eb vlera t\u00eb jasht\u00ebzakonshme, pasi mb\u00ebshtetet tek tradita\u201d<\/i><b>\u00a0\u00a0\u00a0<\/b><\/p>\n<p><b>\u00a0P\u00ebrgatiti RAMAZAN \u00c7EKA<\/b><\/p>\n<p>Nga pazari i famsh\u00ebm i qytetit t\u00eb Shko\u00a0dr\u00ebs, m\u00eb i madhi n\u00eb Ballkan, bashk\u00eb\u00a0me barkat dhe sulet q\u00eb uleshin e\u00a0ngjiteshin n\u00eb ujrat e qeta t\u00eb Bun\u00ebs, Shkodra\u00a0dhe Ulqini, nuk transportonin vet\u00ebm mallra por\u00a0edhe tradit\u00eb, kultur\u00eb, zakone dhe marr\u00ebdh\u00ebnie\u00a0t\u00eb nd\u00ebrsjellta. K\u00ebto marr\u00ebdh\u00ebnie shekullore\u00a0kan\u00eb b\u00ebr\u00eb q\u00eb karakteristikat e k\u00ebtyre dy\u00a0qyteteve t\u00eb ishin gati t\u00eb nj\u00ebllojta. Kjo afri, sidomos\u00a0n\u00eb fillimin e shekullit t\u00eb kaluar, b\u00ebri q\u00eb\u00a0shum\u00eb familje ulqinake t\u00eb vendoseshin me\u00a0banim n\u00eb Shkod\u00ebr, sepse n\u00eb nj\u00eb far\u00eb m\u00ebnyre e\u00a0ndjenin veten \u201csi n\u00eb sht\u00ebpin\u00eb e vet\u201d. Ata u b\u00ebn\u00eb\u00a0nj\u00eb me qytetin ku erdh\u00ebn, por nj\u00ebkoh\u00ebsisht\u00a0soll\u00ebn me vete edhe traditat e kultur\u00ebn, zakonet\u00a0dhe m\u00ebnyr\u00ebn e jetes\u00ebs duke dh\u00ebn\u00eb e marr\u00eb\u00a0me banor\u00ebt tradicional\u00eb shkodran\u00eb.\u00a0Ajo q\u00eb i lidhi m\u00eb shum\u00eb nuk ishte tregtia\u00a0por marrja dhe dh\u00ebnia n\u00eb krushqi e martesa,\u00a0t\u00eb cilat ktheheshin n\u00eb ceremoni t\u00eb g\u00ebzuara\u00a0familjare q\u00eb kulmin e arrinin kur k\u00ebndoheshin\u00a0jaret e bukura shkodrane dhe k\u00ebng\u00ebt e pap\u00ebrs\u00ebritshme\u00a0popullore ulqinake.\u00a0Vite e dekada kalojn\u00eb. P\u00ebr arsye t\u00eb sistemit\u00a0kaluar, nd\u00ebrpriten kontaktet midis dy\u00a0qyteteve, por asnj\u00eb regjim nuk arrin t\u00eb nd\u00ebrpres\u00eb\u00a0kontaktet kulturore e shpirt\u00ebrore t\u00eb tyre.\u00a0Megjithat\u00eb, pavar\u00ebsisht nga mungesa e kontakteve\u00a0fizike, mediat e sidomos radjoja me\u00a0val\u00ebt e tyre arrinin t\u2019i kalonin kufijt\u00eb shtet\u00ebror\u00eb,\u00a0duke u b\u00ebr\u00eb n\u00eb nj\u00eb far\u00eb m\u00ebnyre ura lidh\u00ebse,\u00a0sidomos n\u00eb fush\u00ebn muzikore.\u00a0N\u00eb vitin 1979 p\u00ebr her\u00eb t\u00eb par\u00eb vjen n\u00eb Shkod\u00ebr\u00a0Ansambli i Ulqinit, ku k\u00ebng\u00ebtari i mir\u00ebnjohur\u00a0popullor Shaban Gjeka u mir\u00ebprit me\u00a0k\u00ebng\u00ebn \u201cZaganjorja\u201d dhe ky ansamb\u00ebl u p\u00ebrfaq\u00ebsua\u00a0edhe me vallen e \u201cPeshkatar\u00ebve\u201d, duke\u00a0dh\u00ebn\u00eb shfaqje edhe n\u00eb Tiran\u00eb Puk\u00eb, etj.\u00a0Jan\u00eb vitet \u201890 q\u00eb edhe pse nuk u hapen kufijt\u00eb\u00a0shtet\u00ebror\u00eb, u shemb\u00ebn ato gardhiqe t\u00eb p\u00ebrkohshme\u00a0kulturore e tradicionale, q\u00eb p\u00ebr dekada me\u00a0radh\u00eb i ndan\u00eb shqiptar\u00ebt nga nj\u00ebri-tjetri. Shkojn\u00eb\u00a0e vijn\u00eb k\u00ebng\u00ebtar\u00eb e artist\u00eb shkodran\u00eb e ulqinak\u00eb\u00a0p\u00ebr t\u00eb rikthyer at\u00eb miq\u00ebsi e bashk\u00ebpunim t\u00eb vjet\u00ebr\u00a0q\u00eb kan\u00eb pas\u00eb me shekuj.\u00a0N\u00eb k\u00ebt\u00eb taban p\u00ebr t\u00eb rip\u00ebrt\u00ebritur k\u00ebt\u00eb lidhje\u00a0t\u00eb vjet\u00ebr, lindi dhe ideja e presidentit t\u00eb TV \u201cBlue\u00a0Sky\u201d, z. G\u00ebzim Brahusha p\u00ebr t\u00eb organizuar edhe\u00a0n\u00eb k\u00ebt\u00eb fundvit qe shkoi n\u00eb qytetin e bukur t\u00eb\u00a0Ulqinit koncertin e p\u00ebrvitsh\u00ebm \u201cSofra e Shqipes\u201d\u00a0nj\u00eb risi q\u00eb e ka kaluar testin m\u00eb t\u00eb v\u00ebshtir\u00eb edhe\u00a0n\u00eb vitin e kaluar n\u00eb qytetin e Shkodr\u00ebs dhe q\u00eb t\u00eb\u00a0sh\u00ebrbej\u00eb si vazhdim\u00ebsi e traditave t\u00eb t\u00eb dy\u00a0qyteteve, i cili do t\u00eb mbetet n\u00eb mendjen e shum\u00eb\u00a0shikuesve p\u00ebr shum\u00eb vlera t\u00eb jasht\u00ebzakonshme,\u00a0pasi mb\u00ebshtetet tek tradita.<\/p>\n<p><a href=\"http:\/\/www.visit-ulcinj.com\/blog\/wp-content\/uploads\/2014\/01\/Sofra-e-Shqipes-ne-Ulqin.jpg\"><img loading=\"lazy\" class=\"alignleft  wp-image-78182\" alt=\"Sofra e Shqipes ne Ulqin\" src=\"http:\/\/www.visit-ulcinj.com\/blog\/wp-content\/uploads\/2014\/01\/Sofra-e-Shqipes-ne-Ulqin.jpg\" width=\"508\" height=\"360\" \/><\/a><\/p>\n<p>Televizioni \u201cBlue Sky\u201d n\u00eb edicionin e tij\u00a0t\u00eb dyt\u00eb \u201cSofra e Shqipes\u201d, n\u00ebn drejtimin e\u00a0regjisorit, \u201cArtistit t\u00eb merituar\u201d G\u00ebzim Kruja,\u00a0si dhe me moderatoren e k\u00ebtij televizioni\u00a0Adelajda Tukaj, u zhvendos me kamerat dhe\u00a0me stafin e tij t\u00eb mrekulluesh\u00ebm n\u00eb bregdetin\u00a0e bukur t\u00eb qytetit t\u00eb Ulqinit, pran\u00eb kalas\u00eb\u00a0madh\u00ebshtore t\u00eb k\u00ebtij qyteti mikprit\u00ebs, sepse risia\u00a0m\u00eb e fundit e k\u00ebtij televizioni t\u00eb preferuar,\u00a0ishte organizimi i spektaklit magjik \u201cSofra e\u00a0Shqipes\u201d 2014, n\u00eb bashk\u00ebpunim me hotelin\u00a0\u201cMediteran\u201d, i cili ftoj n\u00eb ambientet e tij qytetar\u00eb\u00a0shkodran\u00eb dhe ulqinak\u00eb p\u00ebr t\u00eb festuar s\u00eb\u00a0bashku festat e fundvitit, ashtu si\u00e7 di t\u00eb festoj\u00eb\u00a0vet\u00ebm televizioni \u201cBlue Sky\u201d me miqt\u00eb e vet,\u00a0sigurisht dhe me t\u00eb ftuarit, k\u00ebng\u00ebtar\u00ebt dhe\u00a0artist\u00ebt m\u00eb t\u00eb mir\u00eb t\u00eb trojeve shqiptare.\u00a0N\u00eb k\u00ebt\u00eb spektak\u00ebl mor\u00ebn pjes\u00eb k\u00ebng\u00ebtar\u00ebt\u00a0m\u00eb t\u00eb njohur si \u201cMjeshtri i madh\u201d Bujar Qamili,\u00a0Vjollca Luka, Xhuvani, G\u00ebzim Salaj,\u00a0Gjyste Vulaj, Elisabeta Marku, Eli Malaj dhe\u00a0Haxhi Zeneli i cili kishte ardhur posa\u00e7\u00ebrisht\u00a0nga Amerika p\u00ebr k\u00ebt\u00eb eveniment t\u00eb r\u00ebnd\u00ebsish\u00ebm\u00a0dhe t\u00eb gjith\u00eb s\u00eb bashku e hap\u00ebn programin me\u00a0k\u00ebng\u00ebn (himn) p\u00ebr TV \u201cBlue Sky\u201d, pastaj me\u00a0radh\u00eb ata vazhduan t\u00eb p\u00ebrformojn\u00eb nj\u00ebri pas\u00a0tjetrit me vokalin e tyre t\u00eb bukur dhe brilant.\u00a0I pari q\u00eb u ngjit n\u00eb sken\u00eb ishte k\u00ebng\u00ebtari i\u00a0mir\u00ebnjohur ulqinak Xhuvani, k\u00ebnga e t\u00eb cilit\u00a0sh\u00ebrbei edhe si formul\u00eb falenderimi dhe\u00a0mir\u00ebnjohjeje p\u00ebr t\u00eb gjith\u00eb t\u00eb pranishmit. Pa\u00a0dyshim nj\u00eb nd\u00ebr momentet kulmore t\u00eb spektaklit\u00a0ishte edhe ngjitja n\u00eb sken\u00eb e \u201cMjeshtrit\u00a0t\u00eb madh\u201d Bujar Qamili, q\u00eb me performancen\u00a0e tij elektrizoi sall\u00ebn.\u00a0Pjes\u00eb e k\u00ebsaj nate ishte dhe humori i cili\u00a0p\u00ebrfaq\u00ebsohej nga estrada profesioniste e teatrit\u00a0\u201cMigjeni\u201d t\u00eb qytetit t\u00eb Shkodr\u00ebs, i cili u\u00a0p\u00ebrfaqsua nga aktor\u00ebt e mir\u00ebnjohur: \u201cMjeshtrja\u00a0e madhe\u201d Zyliha Miloti, \u201cMjeshtri i madh\u201d\u00a0G\u00ebzim Kruja, Besnik \u00c7inari, Drande Xhai, Raimonda\u00a0Marku, Muhamet \u00c7ekini, Anton Krosaj etj.\u00a0E pa lodhur dhe plot gjall\u00ebri e pasion, k\u00ebt\u00eb\u00a0spektak\u00ebl t\u00eb pa harruar e drejtoi me shum\u00eb energji,\u00a0fines\u00eb e profesionaliz\u00ebm, moderatorja e k\u00ebtij\u00a0televizioni Adelajda Tukaj. Nj\u00eb ndihmes\u00eb t\u00eb madhe\u00a0p\u00ebr \u201cSofren e Shqipes\u201d dha edhe orkrstra e k\u00ebtij\u00a0televizioni, grupi \u201cDiamant\u201d e p\u00ebrb\u00ebr\u00eb nga Ben\u00a0Dema tastier\u00eb, Bardh Spahja violin\u00eb dhe k\u00ebng\u00ebtar\u00a0si dhe Emiljano Lekaj klarinet\u00eb.\u00a0P\u00ebr t\u00eb realizuar k\u00ebt\u00eb nat\u00eb magjike t\u00eb paharrueshme,\u00a0TV \u201cBlue Sky\u201d punoj me stafin e tij t\u00eb\u00a0mrekulluesh\u00ebm, por mb\u00ebshtetjen kryesore e ka gjetur\u00a0tek biznesmen\u00ebt e qytetit t\u00eb cil\u00ebt jan\u00eb: Universiteti\u00a0i Veriut Argenti, B-52, Golden Dap si dhe\u00a0Kompleksi m\u00eb i madh Nordin Sh.P.K. Por s\u2019duhet\u00a0t\u00eb harrohen kurr\u00eb qytetar\u00ebt shkodran\u00eb q\u00eb e mb\u00ebshteten\u00a0n\u00eb k\u00ebt\u00eb nism\u00eb q\u00eb ata e quajn\u00eb fisnike dhe mban\u00a0gjall\u00eb tarditat e qytetit si dhe i b\u00ebn jehon\u00eb atyre.\u00a0M\u00eb posht\u00eb po pasqyrojm\u00eb disa intervista dhe\u00a0opinione q\u00eb mor\u00ebm nga protagonist\u00ebt e k\u00ebtij spektakli\u00a0pas p\u00ebrfundimit t\u00eb shfaqjes:\u00a0\u201cFillimisht p\u00ebr ju z.\u00c7eka dua t\u2019ju falenderoj\u00a0p\u00ebr intervisten. Un\u00eb e p\u00ebrjetova k\u00ebt\u00eb ftes\u00eb si \u00e7do\u00a0k\u00ebng\u00ebtar tjet\u00ebr, me nj\u00eb emocion shum\u00eb t\u00eb madh\u00a0dhe me nj\u00eb k\u00ebnaqsi t\u00eb madhe sigurisht, pasi un\u00eb\u00a0p\u00ebrfaqsoj qytetin tim Ulqinin, vendin ku jam lindur\u00a0dhe rritur. \u00cbsht\u00eb nj\u00eb k\u00ebnaqsi e madhe p\u00ebr mua\u00a0p\u00ebr arsye se e shoh \u00e7do dit\u00eb, pasi kam jetuar edhe\u00a0n\u00eb Diaspor\u00eb, n\u00eb SH.B.A. por shqiptar\u00ebt kurr\u00eb nuk\u00a0i harrojn\u00eb traditat e veta. Vazhdimisht n\u00eb sofrat t\u00eb\u00a0tilla, n\u00eb k\u00ebto lloj\u00eb evenimentesh t\u00eb bukura \u00ebsht\u00eb\u00a0v\u00ebrtet\u00eb k\u00ebnaqsi dhe nj\u00eb unitet p\u00ebr krejt shqiptar\u00ebt,\u00a0nj\u00eb afrim nj\u00ebri me tjetrin dhe m\u00eb tep\u00ebr.\u00a0E ve\u00e7ant\u00eb p\u00ebr mua do t\u00eb jet\u00eb sepse sonte u\u00a0paraqita edhe me k\u00ebng\u00ebn time m\u00eb t\u00eb re me tekst\u00a0nga ju dhe muzik\u00eb Dionis Basha, orkestruar nga\u00a0Roland \u00c7ukaj e cila mund t\u00eb them pa hezitim se u\u00a0prit jasht\u00ebzakonisht mir\u00eb\u201d.\u00a0Nj\u00eb k\u00ebng\u00ebtar\u00eb mjaft i njohur nga Ulqini me\u00a0banim n\u00eb SH.B.A. ishte edhe Haxhi Zeneli.<\/p>\n<p><a href=\"http:\/\/www.visit-ulcinj.com\/blog\/wp-content\/uploads\/2014\/01\/Me-moderatoren-e-tv-Blue-Sky-music-Adelaida-Tukaj.jpg\"><img loading=\"lazy\" class=\"alignleft  wp-image-78183\" alt=\"Me moderatoren e tv Blue Sky music Adelaida Tukaj\" src=\"http:\/\/www.visit-ulcinj.com\/blog\/wp-content\/uploads\/2014\/01\/Me-moderatoren-e-tv-Blue-Sky-music-Adelaida-Tukaj.jpg\" width=\"508\" height=\"360\" \/><\/a><\/p>\n<p><b>Si ndiheni sonte n\u00eb k\u00ebt\u00eb eveniment kaq\u00a0madh\u00ebshtor q\u00eb u organizua n\u00eb qytetin e Ulqinit?\u00a0<\/b><\/p>\n<p>\u201cJu falenderoj shum\u00eb p\u00ebr intervist\u00ebn, ve\u00e7an\u00ebrisht\u00a0ju si autor i sa e sa teksteve shum\u00eb t\u00eb bukur.\u00a0D\u00ebshiroj s\u00eb pari t\u00eb them se ky eveniment q\u00eb e ka\u00a0nd\u00ebrmarr\u00eb TV blue Sky me president z.G\u00ebzim\u00a0Brahusha, i cili po b\u00ebn nj\u00eb pun\u00eb t\u00eb jasht\u00ebzakonshme,\u00a0e cila \u00ebsht\u00eb prit\u00eb prej koh\u00ebsh t\u00eb b\u00ebhet di\u00e7ka,\u00a0dikush duhet ta b\u00ebnte, por merita i takon G\u00ebzimit\u00a0pasi atij i ra nd\u00ebr mend t\u00eb bashkoj\u00eb n\u00ebp\u00ebrmes artit\u00a0trojet tona e popullin ton\u00eb me an\u00eb t\u00eb artit dhe t\u00eb k\u00ebng\u00ebs, ve\u00e7an\u00ebrisht asaj popullore. Un\u00eb jam i nderuar\u00a0q\u00eb sonte gjendem mes artist\u00ebsh m\u00eb t\u00eb m\u00ebdhenj t\u00eb\u00a0popullit shqiptar dhe me humorist\u00ebt gjithashtu. K\u00ebto\u00a0pjesmarr\u00ebs q\u00eb kan\u00eb ardhur sonte k\u00ebtu, jan\u00eb adhuruesit\u00a0e muzik\u00ebs t\u00eb past\u00ebr shqiptare, t\u00eb cil\u00ebt me k\u00ebmb\u00ebngulje\u00a0do t\u2019i dalin n\u00eb fund me muzik\u00ebn e past\u00ebr\u00a0shqiptare. Un\u00eb sonte p\u00ebrfaq\u00ebsoj Diaspor\u00ebn, ndaj\u00a0ndihem jo vet\u00ebm i emocionuar, por dhe shum\u00eb i\u00a0nderuar q\u00eb marr pjes\u00eb n\u00eb k\u00ebt\u00eb sof\u00ebr t\u00eb madhe. D\u00ebshiroj\u00a0t\u2019ju them se ne n\u00eb Diaspor\u00eb me k\u00ebng\u00ebn shqipe\u00a0bashkohemi, jetojm\u00eb me te, ndaj i d\u00ebshiroj TV Blue\u00a0Sky q\u00eb ka marr\u00eb p\u00ebrsip\u00ebr organizimin e \u201cSofr\u00ebs\u00a0Shqiptare\u201d t\u00eb vazhdoj\u00eb dhe mos t\u00eb ndalet kurr, ashtu\u00a0si k\u00ebnga e past\u00ebr shqiptare\u201d.<\/p>\n<p><a href=\"http:\/\/www.visit-ulcinj.com\/blog\/wp-content\/uploads\/2014\/01\/Sofra-e-Shqipes-ne-Ulqin-1.jpg\"><img loading=\"lazy\" class=\"alignleft  wp-image-78186\" alt=\"Sofra e Shqipes ne Ulqin-1\" src=\"http:\/\/www.visit-ulcinj.com\/blog\/wp-content\/uploads\/2014\/01\/Sofra-e-Shqipes-ne-Ulqin-1.jpg\" width=\"508\" height=\"600\" \/><\/a><\/p>\n<p><b>Para se ta mbylli biseden me ju, a mund t\u00eb\u00a0na thoni sa ju mungon Ulqini n\u00eb SH.B.A.?\u00a0<\/b><\/p>\n<p>\u201cUlqini, po ashtu edhe Shkodra q\u00eb e kemi\u00a0d\u00ebshiru gjithmon\u00eb p\u00ebr ne q\u00eb jemi n\u00eb Diaspor\u00eb, n\u00eb\u00a0mendjet tona \u00ebsht\u00eb Ulqini dhe Shkodra sepse p\u00ebr\u00a0asnj\u00eb moment nuk mund ta ndajm\u00eb Shkodren sepse\u00a0jemi t\u00eb lindur nga nj\u00eb nan\u00eb. Un\u00eb e vizitoj Ulqinin\u00a0shum\u00eb shpesh dhe saher\u00eb vizitoj Ulqinin, vizitoj\u00a0edhe Shkodr\u00ebn sepse jan\u00eb p\u00ebr mua nana ime, p\u00ebr\u00a0arsye se me k\u00ebng\u00ebn shkodrane dhe at\u00eb ulqinake u\u00a0rrita prej k\u00ebng\u00ebtar\u00ebve m\u00eb t\u00eb njohur q\u00eb ka Shkodra\u00a0dhe populli shqiptar, duke filluar prej Bik Ndoj\u00ebs,\u00a0Shyqyri Alushi, i ndjeri Xhevdet Hafizi, Bajram\u00a0Spahia, Naile Hoxha, t\u00eb gjith\u00eb k\u00ebta artist\u00eb q\u00eb nuk\u00a0p\u00ebrs\u00ebriten m\u00eb dhe q\u00eb ne po mundohemi t\u00eb mbajm\u00eb\u00a0k\u00ebng\u00ebn e tyre t\u00eb gjall\u00eb, t\u00eb cil\u00ebt na mungojn\u00eb.\u201d E sa\u00a0p\u00ebr spektaklin sigurisht q\u00eb e prita me shum\u00eb\u00a0k\u00ebnaq\u00ebsi dhe e falenderoj shum\u00eb producentin e\u00a0TV Blue Sky z.G\u00ebzim Brahusha, i cili m\u00eb p\u00ebrzgjodhi\u00a0n\u00eb k\u00ebt\u00eb mbr\u00ebmje kaq t\u00eb bukur dhe kaq\u00a0madh\u00ebshtore, si\u00e7 ishte \u201cSofra e Shqipes\u201d, ju them\u00a0t\u00eb drejt\u00ebn e prita me shum\u00eb entuziaz\u00ebm\u201d.<\/p>\n<p><b>Si ndiheni sonte n\u00eb mes koleg\u00ebve tuaj?<\/b><\/p>\n<p><b>\u00a0<\/b>\u201cSonte \u00ebsht\u00eb v\u00ebrtet\u00eb bukur, \u00ebsht\u00eb k\u00ebnaqsi t\u00eb\u00a0jesh n\u00eb mesin e koleg\u00ebve dhe n\u00eb mesin e k\u00ebtij publiku\u00a0kaq t\u00eb madh edhe kaq t\u00eb zjarrt\u00eb, si\u00e7 din\u00eb t\u00eb\u00a0jen\u00eb shkodran\u00ebt dhe ulqinak\u00ebt\u201d.<\/p>\n<p><b>Si e ndieni veten n\u00eb k\u00ebt\u00eb eveniment, si shkodrane\u00a0apo si ulqinake!\u00a0<\/b><\/p>\n<p>\u201cUn\u00eb gjithmon\u00eb kam me mbet\u00eb shkodrane por\u00a0jam nuse e Ulqinit dhe do e kisha v\u00ebrtetu shprehjen\u00a0Ulqin-Shkod\u00ebr, vlla e mot\u00ebr, por n\u00eb rastin\u00a0konkret burr\u00eb e gru, mish e thu u shpreh ajo plot\u00a0emocion dhe buz\u00ebqeshje\u201d.\u00a0N\u00eb k\u00ebt\u00eb spektak\u00ebl madh\u00ebshtor\u00eb, emocione dhuroj\u00a0edhe k\u00ebng\u00ebtarja shum\u00eb e preferuar Gjyste Vulaj.<\/p>\n<p><a href=\"http:\/\/www.visit-ulcinj.com\/blog\/wp-content\/uploads\/2014\/01\/Sofra-e-Shqipes-ne-Ulqin-hotel-mediteran.jpg\"><img loading=\"lazy\" class=\"alignleft  wp-image-78185\" alt=\"Sofra e Shqipes ne Ulqin-hotel mediteran\" src=\"http:\/\/www.visit-ulcinj.com\/blog\/wp-content\/uploads\/2014\/01\/Sofra-e-Shqipes-ne-Ulqin-hotel-mediteran.jpg\" width=\"508\" height=\"360\" \/><\/a><\/p>\n<p><b>Si e prit\u00ebt ftes\u00ebn p\u00ebr t\u00eb marr\u00eb pjes\u00eb n\u00eb \u201cSofr\u00ebn\u00a0e Shqipes\u201d?\u00a0<\/b><\/p>\n<p>\u201cE kam prit\u00eb me k\u00ebnaqsi t\u00eb madhe p\u00ebr\u00a0shum\u00eb arsye, duke filluar nga ajo q\u00eb e organizon\u00a0TV Blue Sky n\u00eb t\u00eb cilin un\u00eb si k\u00ebng\u00ebtare\u00a0jam si ikona e k\u00ebtij televizioni, i cili ka respektin\u00a0m\u00eb t\u00eb madh p\u00ebr mua. Un\u00eb sonte p\u00ebrfaq\u00ebsoj\u00a0mal\u00ebsin\u00eb time p\u00ebrtej kufinjve, n\u00eb Mal t\u00eb\u00a0Zi, dhe se zhvillohet n\u00eb Ulqin ku un\u00eb jam banuese\u00a0prej gjasht\u00eb vitesh\u201d,<\/p>\n<p><b>\u00cbsht\u00eb hera e par\u00eb q\u00eb ju merrni pjes\u00eb\u00a0n\u00eb \u201cSofren e Shqipes\u201d?\u00a0<\/b><\/p>\n<p>\u201cPo, v\u00ebrtet\u00eb \u00ebsht\u00eb hera e par\u00eb p\u00ebr mua por\u00a0n\u00eb sofrat e tjera kam marr\u00eb pjes\u00eb shum\u00eb m\u00eb\u00a0p\u00ebrpara, q\u00eb n\u00eb fillimet e karrier\u00ebs time si\u00a0k\u00ebng\u00ebtare\u201d.<\/p>\n<p><b>Si e ndjet\u00eb veten sonte n\u00eb k\u00ebt\u00eb eveniment\u00a0kaq madh\u00ebshtor?\u00a0<\/b><\/p>\n<p>\u201cShum\u00eb bukur p\u00ebr deri sa isha e rrethuar\u00a0nga koleg\u00ebt e mi q\u00eb i respektoj shum\u00eb, ishte\u00a0k\u00ebnaqsi pa diskutim\u201d. Gjat\u00eb shfaqjes, parashikuar\u00a0m\u00eb s\u00eb miri nga organizator\u00ebt, e mori\u00a0fjal\u00ebn kryetari i Bashkis\u00eb Vau Dej\u00ebs z.Gjon\u00a0Marku, i cili solli mir\u00ebnjohjen e k\u00ebtij qyteti\u00a0t\u00eb vog\u00ebl p\u00ebr TV \u201cBlue Sky\u201d, duke i akorduar\u00a0titullin \u201cMir\u00ebnjohja e Bashkis\u00eb Vau\u00a0Dej\u00ebs.\u201dK\u00ebt\u00eb organizim madh\u00ebshtor t\u00eb muzik\u00ebs\u00a0shqipe, e p\u00ebrkrah\u00ebn dhe dashamir\u00ebs t\u00eb muzik\u00ebs\u00a0dhe t\u00eb zhvillimit t\u00eb jet\u00ebs artistike n\u00eb Ulqin si:\u00a0Kryetari i Komun\u00ebs s\u00eb Ulqinit z.Nazif Cungu,\u00a0Biznis Klub Ana e Malit, Eko-Al me drejtor\u00a0z.Naser Gjeloshi dhe Rapex me pronar z.Jakup\u00a0Gjeloshi, duke ju bashk\u00ebngjitur k\u00ebtij evenimenti\u00a0si pjes\u00eb e \u201cSofr\u00ebs s\u00eb Shqipes\u201d.\u00a0Nj\u00eb kontribut t\u00eb shquar n\u00eb k\u00ebt\u00eb aktivitet dhan\u00eb\u00a0edhe mikprit\u00ebsit ulqinak\u00eb si drejtori i hotelit\u00a0z.Selatin Gjeloshi, drejtori i shkoll\u00ebs s\u00eb muzik\u00ebs\u00a0z.Josuf Lika dhe bisnesmeni Ibrahim Milla, t\u00eb cil\u00ebt\u00a0nuk mund t\u00eb rrinin pa u shprehur dhe pa dh\u00ebn\u00eb\u00a0vlersimet e tyre p\u00ebr k\u00ebt\u00eb eveniment, ku dhe vet\u00eb\u00a0ata kishin kontributin e tyre p\u00ebr t\u2019u realizuar n\u00eb\u00a0m\u00ebnyr\u00ebn m\u00eb perfekte.\u00a0Fjala sponsor ndoshta ishte m\u00eb e pa r\u00ebnd\u00ebsishme\u00a0p\u00ebr Kryetarin e (UBA) Ulqin, Bisnis Asociacion,\u00a0z.Ibrahim Milla t\u00eb cilit i mor\u00ebm opinionin\u00a0p\u00ebr \u201cSofr\u00ebn e Shqipes\u201d.<\/p>\n<p><b>Si e p\u00ebrjetuat ju sonte spektaklin \u201cSofra e\u00a0Shqipes\u201d t\u00eb shfaqur n\u00eb lokalin tuaj me nj\u00eb organizim\u00a0kaq profesional dhe madh\u00ebshtor, ku\u00a0padyshim nuk mund t\u00eb anashkalohet edhe kontributi\u00a0juaj si nj\u00eb zot sht\u00ebpie i v\u00ebrtet\u00eb:\u00a0<\/b><\/p>\n<p>\u201cKjo q\u00eb po m\u00eb b\u00ebni ju nuk \u00ebsht\u00eb vet\u00ebm pyetje\u00a0dhe t\u00eb falenderoj q\u00eb po m\u00eb krijon mund\u00ebsin\u00eb t\u00eb\u00a0shprehem :S\u00eb pari dua t\u00eb vlersoj TV \u201cBlue Sky\u201d\u00a0q\u00eb b\u00ebri t\u00eb mundur nj\u00eb veprimtari kaq madh\u00ebshtore\u00a0p\u00ebr Ulqinin, sepse n\u00eb Ulqin, shum\u00eb pak evenimente\u00a0organizohen t\u00eb k\u00ebtij lloji dhe s\u00eb dyti dua\u00a0t\u2019i p\u00ebrsh\u00ebndes t\u00eb gjith\u00eb shkodran\u00ebt t\u00eb cil\u00ebt e\u00a0adhurojn\u00eb kaq shum\u00eb Ulqinin e ulqinak\u00ebt dhe vijn\u00eb\u00a0e na respektojn\u00eb. Kjo nat\u00eb \u00ebsht\u00eb di\u00e7ka e ve\u00e7ant\u00eb\u00a0sepse un\u00eb jam kaq vite n\u00eb Ulqin dhe nuk ka ndodh\u00eb\u00a0ndonj\u00ebher\u00eb kaq atmosfer\u00eb e mir\u00eb dhe t\u00eb grumbullohen\u00a0shqip\u00ebtar\u00ebt e Ulqinit dhe shkodran\u00ebt, gjithashtu\u00a0dhe k\u00ebng\u00ebtar\u00ebt e t\u00eb gjitha trevave shqiptare\u00a0kudo q\u00eb jetojn\u00eb, n\u00eb Kosov\u00eb, Shqip\u00ebrin\u00eb e jugut,\u00a0Mali i Zi dhe t\u00eb Maqedonis\u00eb.\u00a0Thon\u00eb q\u00eb historia p\u00ebrs\u00ebritet dhe n\u00eb rastin ton\u00eb\u00a0kjo \u00ebsht\u00eb e v\u00ebrtet. Pas nj\u00eb periudhe t\u00eb gjat\u00eb nd\u00ebrprerje\u00a0dhe izolimi n\u00eb sistemin e kaluar zemrat dhe\u00a0traditat e dy qyteteve u bashkuan p\u00ebrs\u00ebri, tashti n\u00eb\u00a0kushte m\u00eb komode e moderne. N\u00ebp\u00ebr rrug\u00ebt e\u00a0Shkodr\u00ebs dhe Ulqinit shikon makina dhe autobuze\u00a0me targa respektive, por kjo nuk \u00ebsht\u00eb asgj\u00eb\u00a0kur shikon n\u00eb dasma spektakle e show, k\u00ebng\u00ebtar\u00eb\u00a0dhe orkestra nga k\u00ebto dy treva q\u00eb nuk njohin kufij\u00a0shtet\u00ebror por kan\u00eb nj\u00eb moto t\u00eb kaher\u00ebshme: \u201cT\u00eb\u00a0g\u00ebzojm\u00eb dhe t\u00eb k\u00ebndojm\u00eb s\u00eb bashku\u201d.<\/p>\n<p><b>Gazeta Nacional<\/b><br \/>\n<iframe loading=\"lazy\" src=\"\/\/www.youtube.com\/embed\/Oa8jp_N3BaY?list=UU5dtzBrir6yWfpEgNxSMtrQ\" height=\"360\" width=\"508\" allowfullscreen=\"\" frameborder=\"0\"><\/iframe><\/p>\n","protected":false},"excerpt":{"rendered":"<p>TV \u201cBlue Sky\u201d organizoi n\u00eb qytetin e Ulqinit koncertin e p\u00ebrvitsh\u00ebm \u201cSofra e Shqipes\u201d\u00a0\u00a0 \u201cN\u00eb k\u00ebt\u00eb taban p\u00ebr t\u00eb rip\u00ebrt\u00ebritur k\u00ebt\u00eb lidhje t\u00eb vjet\u00ebr, lindi dhe ideja e presidentit t\u00eb TV \u201cBlue Sky\u201d, z. G\u00ebzim Brahusha p\u00ebr t\u00eb\u00a0organizuar edhe n\u00eb k\u00ebt\u00eb fundvit qe shkoi n\u00eb qytetin e bukur t\u00eb Ulqinit koncertin e p\u00ebrvitsh\u00ebm \u201cSofra e [&hellip;]<\/p>\n","protected":false},"author":1,"featured_media":0,"comment_status":"closed","ping_status":"closed","sticky":false,"template":"","format":"standard","meta":{"spay_email":"","jetpack_publicize_message":"","jetpack_is_tweetstorm":false,"jetpack_publicize_feature_enabled":true},"categories":[5,1],"tags":[],"jetpack_publicize_connections":[],"yoast_head":"<!-- This site is optimized with the Yoast SEO plugin v19.1 - https:\/\/yoast.com\/wordpress\/plugins\/seo\/ -->\n<title>Ulqin - Shkod\u00ebr, vlla e mot\u00ebr - Video Blue Sky - Lajme nga Ulqini<\/title>\n<meta name=\"description\" content=\"TV \u201cBlue Sky\u201d organizoi n\u00eb qytetin e Ulqinit koncertin e p\u00ebrvitsh\u00ebm \u201cSofra e Shqipes\u201d\u00a0\u00a0 \u201cN\u00eb k\u00ebt\u00eb taban p\u00ebr t\u00eb rip\u00ebrt\u00ebritur k\u00ebt\u00eb lidhje t\u00eb vjet\u00ebr, lindi\" \/>\n<meta name=\"robots\" content=\"index, follow, max-snippet:-1, max-image-preview:large, max-video-preview:-1\" \/>\n<link rel=\"canonical\" href=\"https:\/\/www.visit-ulcinj.com\/blog\/2014\/01\/14\/ulqin-shkoder-vlla-e-moter-video\/\" \/>\n<meta property=\"og:locale\" content=\"en_US\" \/>\n<meta property=\"og:type\" content=\"article\" \/>\n<meta property=\"og:title\" content=\"Ulqin - Shkod\u00ebr, vlla e mot\u00ebr - Video Blue Sky - Lajme nga Ulqini\" \/>\n<meta property=\"og:description\" content=\"TV \u201cBlue Sky\u201d organizoi n\u00eb qytetin e Ulqinit koncertin e p\u00ebrvitsh\u00ebm \u201cSofra e Shqipes\u201d\u00a0\u00a0 \u201cN\u00eb k\u00ebt\u00eb taban p\u00ebr t\u00eb rip\u00ebrt\u00ebritur k\u00ebt\u00eb lidhje t\u00eb vjet\u00ebr, lindi\" \/>\n<meta property=\"og:url\" content=\"https:\/\/www.visit-ulcinj.com\/blog\/2014\/01\/14\/ulqin-shkoder-vlla-e-moter-video\/\" \/>\n<meta property=\"og:site_name\" content=\"Lajme nga Ulqini\" \/>\n<meta property=\"article:published_time\" content=\"2014-01-14T07:42:18+00:00\" \/>\n<meta property=\"article:modified_time\" content=\"2014-01-16T16:32:34+00:00\" \/>\n<meta property=\"og:image\" content=\"http:\/\/www.visit-ulcinj.com\/blog\/wp-content\/uploads\/2014\/01\/te-kalaja-e-ulqinit.jpg\" \/>\n<meta name=\"twitter:label1\" content=\"Written by\" \/>\n\t<meta name=\"twitter:data1\" content=\"ulqini\" \/>\n\t<meta name=\"twitter:label2\" content=\"Est. reading time\" \/>\n\t<meta name=\"twitter:data2\" content=\"13 minutes\" \/>\n<script type=\"application\/ld+json\" class=\"yoast-schema-graph\">{\"@context\":\"https:\/\/schema.org\",\"@graph\":[{\"@type\":\"WebSite\",\"@id\":\"https:\/\/www.visit-ulcinj.com\/blog\/#website\",\"url\":\"https:\/\/www.visit-ulcinj.com\/blog\/\",\"name\":\"Lajme nga Ulqini\",\"description\":\"Lajme,Vijesti,Ulqini,Ulqin,Crna Gora,Mali i Zi\",\"potentialAction\":[{\"@type\":\"SearchAction\",\"target\":{\"@type\":\"EntryPoint\",\"urlTemplate\":\"https:\/\/www.visit-ulcinj.com\/blog\/?s={search_term_string}\"},\"query-input\":\"required name=search_term_string\"}],\"inLanguage\":\"en-US\"},{\"@type\":\"ImageObject\",\"inLanguage\":\"en-US\",\"@id\":\"https:\/\/www.visit-ulcinj.com\/blog\/2014\/01\/14\/ulqin-shkoder-vlla-e-moter-video\/#primaryimage\",\"url\":\"https:\/\/www.visit-ulcinj.com\/blog\/wp-content\/uploads\/2014\/01\/te-kalaja-e-ulqinit.jpg\",\"contentUrl\":\"https:\/\/www.visit-ulcinj.com\/blog\/wp-content\/uploads\/2014\/01\/te-kalaja-e-ulqinit.jpg\",\"width\":960,\"height\":640},{\"@type\":\"WebPage\",\"@id\":\"https:\/\/www.visit-ulcinj.com\/blog\/2014\/01\/14\/ulqin-shkoder-vlla-e-moter-video\/#webpage\",\"url\":\"https:\/\/www.visit-ulcinj.com\/blog\/2014\/01\/14\/ulqin-shkoder-vlla-e-moter-video\/\",\"name\":\"Ulqin - Shkod\u00ebr, vlla e mot\u00ebr - Video Blue Sky - Lajme nga Ulqini\",\"isPartOf\":{\"@id\":\"https:\/\/www.visit-ulcinj.com\/blog\/#website\"},\"primaryImageOfPage\":{\"@id\":\"https:\/\/www.visit-ulcinj.com\/blog\/2014\/01\/14\/ulqin-shkoder-vlla-e-moter-video\/#primaryimage\"},\"datePublished\":\"2014-01-14T07:42:18+00:00\",\"dateModified\":\"2014-01-16T16:32:34+00:00\",\"author\":{\"@id\":\"https:\/\/www.visit-ulcinj.com\/blog\/#\/schema\/person\/dcab619c614d3038751c63bc2aadc06d\"},\"description\":\"TV \u201cBlue Sky\u201d organizoi n\u00eb qytetin e Ulqinit koncertin e p\u00ebrvitsh\u00ebm \u201cSofra e Shqipes\u201d\u00a0\u00a0 \u201cN\u00eb k\u00ebt\u00eb taban p\u00ebr t\u00eb rip\u00ebrt\u00ebritur k\u00ebt\u00eb lidhje t\u00eb vjet\u00ebr, lindi\",\"breadcrumb\":{\"@id\":\"https:\/\/www.visit-ulcinj.com\/blog\/2014\/01\/14\/ulqin-shkoder-vlla-e-moter-video\/#breadcrumb\"},\"inLanguage\":\"en-US\",\"potentialAction\":[{\"@type\":\"ReadAction\",\"target\":[\"https:\/\/www.visit-ulcinj.com\/blog\/2014\/01\/14\/ulqin-shkoder-vlla-e-moter-video\/\"]}]},{\"@type\":\"BreadcrumbList\",\"@id\":\"https:\/\/www.visit-ulcinj.com\/blog\/2014\/01\/14\/ulqin-shkoder-vlla-e-moter-video\/#breadcrumb\",\"itemListElement\":[{\"@type\":\"ListItem\",\"position\":1,\"name\":\"Ulqin &#8211; Shkod\u00ebr, vlla e mot\u00ebr &#8211; Video Blue Sky\"}]},{\"@type\":\"Person\",\"@id\":\"https:\/\/www.visit-ulcinj.com\/blog\/#\/schema\/person\/dcab619c614d3038751c63bc2aadc06d\",\"name\":\"ulqini\",\"sameAs\":[\"http:\/\/www.visit-ulcinj.com\"],\"url\":\"https:\/\/www.visit-ulcinj.com\/blog\/author\/admin\/\"}]}<\/script>\n<!-- \/ Yoast SEO plugin. -->","yoast_head_json":{"title":"Ulqin - Shkod\u00ebr, vlla e mot\u00ebr - Video Blue Sky - Lajme nga Ulqini","description":"TV \u201cBlue Sky\u201d organizoi n\u00eb qytetin e Ulqinit koncertin e p\u00ebrvitsh\u00ebm \u201cSofra e Shqipes\u201d\u00a0\u00a0 \u201cN\u00eb k\u00ebt\u00eb taban p\u00ebr t\u00eb rip\u00ebrt\u00ebritur k\u00ebt\u00eb lidhje t\u00eb vjet\u00ebr, lindi","robots":{"index":"index","follow":"follow","max-snippet":"max-snippet:-1","max-image-preview":"max-image-preview:large","max-video-preview":"max-video-preview:-1"},"canonical":"https:\/\/www.visit-ulcinj.com\/blog\/2014\/01\/14\/ulqin-shkoder-vlla-e-moter-video\/","og_locale":"en_US","og_type":"article","og_title":"Ulqin - Shkod\u00ebr, vlla e mot\u00ebr - Video Blue Sky - Lajme nga Ulqini","og_description":"TV \u201cBlue Sky\u201d organizoi n\u00eb qytetin e Ulqinit koncertin e p\u00ebrvitsh\u00ebm \u201cSofra e Shqipes\u201d\u00a0\u00a0 \u201cN\u00eb k\u00ebt\u00eb taban p\u00ebr t\u00eb rip\u00ebrt\u00ebritur k\u00ebt\u00eb lidhje t\u00eb vjet\u00ebr, lindi","og_url":"https:\/\/www.visit-ulcinj.com\/blog\/2014\/01\/14\/ulqin-shkoder-vlla-e-moter-video\/","og_site_name":"Lajme nga Ulqini","article_published_time":"2014-01-14T07:42:18+00:00","article_modified_time":"2014-01-16T16:32:34+00:00","og_image":[{"url":"http:\/\/www.visit-ulcinj.com\/blog\/wp-content\/uploads\/2014\/01\/te-kalaja-e-ulqinit.jpg"}],"twitter_misc":{"Written by":"ulqini","Est. reading time":"13 minutes"},"schema":{"@context":"https:\/\/schema.org","@graph":[{"@type":"WebSite","@id":"https:\/\/www.visit-ulcinj.com\/blog\/#website","url":"https:\/\/www.visit-ulcinj.com\/blog\/","name":"Lajme nga Ulqini","description":"Lajme,Vijesti,Ulqini,Ulqin,Crna Gora,Mali i Zi","potentialAction":[{"@type":"SearchAction","target":{"@type":"EntryPoint","urlTemplate":"https:\/\/www.visit-ulcinj.com\/blog\/?s={search_term_string}"},"query-input":"required name=search_term_string"}],"inLanguage":"en-US"},{"@type":"ImageObject","inLanguage":"en-US","@id":"https:\/\/www.visit-ulcinj.com\/blog\/2014\/01\/14\/ulqin-shkoder-vlla-e-moter-video\/#primaryimage","url":"https:\/\/www.visit-ulcinj.com\/blog\/wp-content\/uploads\/2014\/01\/te-kalaja-e-ulqinit.jpg","contentUrl":"https:\/\/www.visit-ulcinj.com\/blog\/wp-content\/uploads\/2014\/01\/te-kalaja-e-ulqinit.jpg","width":960,"height":640},{"@type":"WebPage","@id":"https:\/\/www.visit-ulcinj.com\/blog\/2014\/01\/14\/ulqin-shkoder-vlla-e-moter-video\/#webpage","url":"https:\/\/www.visit-ulcinj.com\/blog\/2014\/01\/14\/ulqin-shkoder-vlla-e-moter-video\/","name":"Ulqin - Shkod\u00ebr, vlla e mot\u00ebr - Video Blue Sky - Lajme nga Ulqini","isPartOf":{"@id":"https:\/\/www.visit-ulcinj.com\/blog\/#website"},"primaryImageOfPage":{"@id":"https:\/\/www.visit-ulcinj.com\/blog\/2014\/01\/14\/ulqin-shkoder-vlla-e-moter-video\/#primaryimage"},"datePublished":"2014-01-14T07:42:18+00:00","dateModified":"2014-01-16T16:32:34+00:00","author":{"@id":"https:\/\/www.visit-ulcinj.com\/blog\/#\/schema\/person\/dcab619c614d3038751c63bc2aadc06d"},"description":"TV \u201cBlue Sky\u201d organizoi n\u00eb qytetin e Ulqinit koncertin e p\u00ebrvitsh\u00ebm \u201cSofra e Shqipes\u201d\u00a0\u00a0 \u201cN\u00eb k\u00ebt\u00eb taban p\u00ebr t\u00eb rip\u00ebrt\u00ebritur k\u00ebt\u00eb lidhje t\u00eb vjet\u00ebr, lindi","breadcrumb":{"@id":"https:\/\/www.visit-ulcinj.com\/blog\/2014\/01\/14\/ulqin-shkoder-vlla-e-moter-video\/#breadcrumb"},"inLanguage":"en-US","potentialAction":[{"@type":"ReadAction","target":["https:\/\/www.visit-ulcinj.com\/blog\/2014\/01\/14\/ulqin-shkoder-vlla-e-moter-video\/"]}]},{"@type":"BreadcrumbList","@id":"https:\/\/www.visit-ulcinj.com\/blog\/2014\/01\/14\/ulqin-shkoder-vlla-e-moter-video\/#breadcrumb","itemListElement":[{"@type":"ListItem","position":1,"name":"Ulqin &#8211; Shkod\u00ebr, vlla e mot\u00ebr &#8211; Video Blue Sky"}]},{"@type":"Person","@id":"https:\/\/www.visit-ulcinj.com\/blog\/#\/schema\/person\/dcab619c614d3038751c63bc2aadc06d","name":"ulqini","sameAs":["http:\/\/www.visit-ulcinj.com"],"url":"https:\/\/www.visit-ulcinj.com\/blog\/author\/admin\/"}]}},"jetpack_featured_media_url":"","jetpack_sharing_enabled":true,"jetpack_shortlink":"https:\/\/wp.me\/pe6lTn-kkZ","_links":{"self":[{"href":"https:\/\/www.visit-ulcinj.com\/blog\/wp-json\/wp\/v2\/posts\/78181"}],"collection":[{"href":"https:\/\/www.visit-ulcinj.com\/blog\/wp-json\/wp\/v2\/posts"}],"about":[{"href":"https:\/\/www.visit-ulcinj.com\/blog\/wp-json\/wp\/v2\/types\/post"}],"author":[{"embeddable":true,"href":"https:\/\/www.visit-ulcinj.com\/blog\/wp-json\/wp\/v2\/users\/1"}],"replies":[{"embeddable":true,"href":"https:\/\/www.visit-ulcinj.com\/blog\/wp-json\/wp\/v2\/comments?post=78181"}],"version-history":[{"count":3,"href":"https:\/\/www.visit-ulcinj.com\/blog\/wp-json\/wp\/v2\/posts\/78181\/revisions"}],"predecessor-version":[{"id":78303,"href":"https:\/\/www.visit-ulcinj.com\/blog\/wp-json\/wp\/v2\/posts\/78181\/revisions\/78303"}],"wp:attachment":[{"href":"https:\/\/www.visit-ulcinj.com\/blog\/wp-json\/wp\/v2\/media?parent=78181"}],"wp:term":[{"taxonomy":"category","embeddable":true,"href":"https:\/\/www.visit-ulcinj.com\/blog\/wp-json\/wp\/v2\/categories?post=78181"},{"taxonomy":"post_tag","embeddable":true,"href":"https:\/\/www.visit-ulcinj.com\/blog\/wp-json\/wp\/v2\/tags?post=78181"}],"curies":[{"name":"wp","href":"https:\/\/api.w.org\/{rel}","templated":true}]}}