{"id":78196,"date":"2014-01-14T12:01:43","date_gmt":"2014-01-14T11:01:43","guid":{"rendered":"http:\/\/www.visit-ulcinj.com\/blog\/?p=78196"},"modified":"2014-01-14T12:01:43","modified_gmt":"2014-01-14T11:01:43","slug":"momir-milatovic-novi-selektor-kosarkasica-ulcinja","status":"publish","type":"post","link":"https:\/\/www.visit-ulcinj.com\/blog\/2014\/01\/14\/momir-milatovic-novi-selektor-kosarkasica-ulcinja\/","title":{"rendered":"Momir Milatovi\u0107 novi selektor ko\u0161arka\u0161ica Ulcinja"},"content":{"rendered":"<div>\n<p><a href=\"http:\/\/www.visit-ulcinj.com\/blog\/wp-content\/uploads\/2014\/01\/Momir-Milatovic-novi-selektor-Ulcinja.jpg\"><img loading=\"lazy\" class=\"alignleft  wp-image-78197\" alt=\"Momir Milatovic-novi selektor-Ulcinja\" src=\"http:\/\/www.visit-ulcinj.com\/blog\/wp-content\/uploads\/2014\/01\/Momir-Milatovic-novi-selektor-Ulcinja.jpg\" width=\"508\" height=\"360\" \/><\/a>Prema saznanjima &#8221;Vijesti&#8221;, Momir Milatovi\u0107 i KSCG postigli su dogovor o saradnji, pa \u0107e\u00a0iskusni ko\u0161arka\u0161ki stru\u010dnjak preuzeti kormilo \u017eenske ko\u0161arka\u0161ke reprezentacije.<\/p>\n<\/div>\n<p>Mjesto \u017eenskog selektora ostalo je upra\u017enjeno ljetos, nakon \u0161to je Miodragu Baleti\u0107u istekao ugovor poslije zavr\u0161etka takmi\u010denja u Francuskoj.<\/p>\n<p>Prvi zadatak aktuelnog trenera ko\u0161arka\u0161a Ulcinja bi\u0107e da sa djevojkama izbori plasman na Evropsko prvenstvo 2015. godine.<\/p>\n<p>Milatovi\u0107evi pomo\u0107nici bi\u0107e Igor \u0110aleti\u0107 i Milo\u0161 Kova\u010d, za fizi\u010dku spremu bi\u0107e zadu\u017een Drago Musi\u0107, dok \u0107e fizioterapeut biti Goran Armu\u0161.<\/p>\n<p><strong>Izvor: kosarka.me<\/strong><\/p>\n","protected":false},"excerpt":{"rendered":"<p>Prema saznanjima &#8221;Vijesti&#8221;, Momir Milatovi\u0107 i KSCG postigli su dogovor o saradnji, pa \u0107e\u00a0iskusni ko\u0161arka\u0161ki stru\u010dnjak preuzeti kormilo \u017eenske ko\u0161arka\u0161ke reprezentacije. Mjesto \u017eenskog selektora ostalo je upra\u017enjeno ljetos, nakon \u0161to je Miodragu Baleti\u0107u istekao ugovor poslije zavr\u0161etka takmi\u010denja u Francuskoj. Prvi zadatak aktuelnog trenera ko\u0161arka\u0161a Ulcinja bi\u0107e da sa djevojkama izbori plasman na Evropsko prvenstvo [&hellip;]<\/p>\n","protected":false},"author":1,"featured_media":0,"comment_status":"closed","ping_status":"closed","sticky":false,"template":"","format":"standard","meta":{"spay_email":"","jetpack_publicize_message":"","jetpack_is_tweetstorm":false,"jetpack_publicize_feature_enabled":true},"categories":[6950],"tags":[],"jetpack_publicize_connections":[],"yoast_head":"<!-- This site is optimized with the Yoast SEO plugin v19.1 - https:\/\/yoast.com\/wordpress\/plugins\/seo\/ -->\n<title>Momir Milatovi\u0107 novi selektor ko\u0161arka\u0161ica Ulcinja - Lajme nga Ulqini<\/title>\n<meta name=\"description\" content=\"Prema saznanjima &#039;&#039;Vijesti&#039;&#039;, Momir Milatovi\u0107 i KSCG postigli su dogovor o saradnji, pa \u0107e\u00a0iskusni ko\u0161arka\u0161ki stru\u010dnjak preuzeti kormilo \u017eenske ko\u0161arka\u0161ke\" \/>\n<meta name=\"robots\" content=\"index, follow, max-snippet:-1, max-image-preview:large, max-video-preview:-1\" \/>\n<link rel=\"canonical\" href=\"https:\/\/www.visit-ulcinj.com\/blog\/2014\/01\/14\/momir-milatovic-novi-selektor-kosarkasica-ulcinja\/\" \/>\n<meta property=\"og:locale\" content=\"en_US\" \/>\n<meta property=\"og:type\" content=\"article\" \/>\n<meta property=\"og:title\" content=\"Momir Milatovi\u0107 novi selektor ko\u0161arka\u0161ica Ulcinja - Lajme nga Ulqini\" \/>\n<meta property=\"og:description\" content=\"Prema saznanjima &#039;&#039;Vijesti&#039;&#039;, Momir Milatovi\u0107 i KSCG postigli su dogovor o saradnji, pa \u0107e\u00a0iskusni ko\u0161arka\u0161ki stru\u010dnjak preuzeti kormilo \u017eenske ko\u0161arka\u0161ke\" \/>\n<meta property=\"og:url\" content=\"https:\/\/www.visit-ulcinj.com\/blog\/2014\/01\/14\/momir-milatovic-novi-selektor-kosarkasica-ulcinja\/\" \/>\n<meta property=\"og:site_name\" content=\"Lajme nga Ulqini\" \/>\n<meta property=\"article:published_time\" content=\"2014-01-14T11:01:43+00:00\" \/>\n<meta property=\"og:image\" content=\"http:\/\/www.visit-ulcinj.com\/blog\/wp-content\/uploads\/2014\/01\/Momir-Milatovic-novi-selektor-Ulcinja.jpg\" \/>\n<meta name=\"twitter:label1\" content=\"Written by\" \/>\n\t<meta name=\"twitter:data1\" content=\"ulqini\" \/>\n<script type=\"application\/ld+json\" class=\"yoast-schema-graph\">{\"@context\":\"https:\/\/schema.org\",\"@graph\":[{\"@type\":\"WebSite\",\"@id\":\"https:\/\/www.visit-ulcinj.com\/blog\/#website\",\"url\":\"https:\/\/www.visit-ulcinj.com\/blog\/\",\"name\":\"Lajme nga Ulqini\",\"description\":\"Lajme,Vijesti,Ulqini,Ulqin,Crna Gora,Mali i Zi\",\"potentialAction\":[{\"@type\":\"SearchAction\",\"target\":{\"@type\":\"EntryPoint\",\"urlTemplate\":\"https:\/\/www.visit-ulcinj.com\/blog\/?s={search_term_string}\"},\"query-input\":\"required name=search_term_string\"}],\"inLanguage\":\"en-US\"},{\"@type\":\"ImageObject\",\"inLanguage\":\"en-US\",\"@id\":\"https:\/\/www.visit-ulcinj.com\/blog\/2014\/01\/14\/momir-milatovic-novi-selektor-kosarkasica-ulcinja\/#primaryimage\",\"url\":\"https:\/\/www.visit-ulcinj.com\/blog\/wp-content\/uploads\/2014\/01\/Momir-Milatovic-novi-selektor-Ulcinja.jpg\",\"contentUrl\":\"https:\/\/www.visit-ulcinj.com\/blog\/wp-content\/uploads\/2014\/01\/Momir-Milatovic-novi-selektor-Ulcinja.jpg\",\"width\":780,\"height\":578},{\"@type\":\"WebPage\",\"@id\":\"https:\/\/www.visit-ulcinj.com\/blog\/2014\/01\/14\/momir-milatovic-novi-selektor-kosarkasica-ulcinja\/#webpage\",\"url\":\"https:\/\/www.visit-ulcinj.com\/blog\/2014\/01\/14\/momir-milatovic-novi-selektor-kosarkasica-ulcinja\/\",\"name\":\"Momir Milatovi\u0107 novi selektor ko\u0161arka\u0161ica Ulcinja - Lajme nga Ulqini\",\"isPartOf\":{\"@id\":\"https:\/\/www.visit-ulcinj.com\/blog\/#website\"},\"primaryImageOfPage\":{\"@id\":\"https:\/\/www.visit-ulcinj.com\/blog\/2014\/01\/14\/momir-milatovic-novi-selektor-kosarkasica-ulcinja\/#primaryimage\"},\"datePublished\":\"2014-01-14T11:01:43+00:00\",\"dateModified\":\"2014-01-14T11:01:43+00:00\",\"author\":{\"@id\":\"https:\/\/www.visit-ulcinj.com\/blog\/#\/schema\/person\/dcab619c614d3038751c63bc2aadc06d\"},\"description\":\"Prema saznanjima ''Vijesti'', Momir Milatovi\u0107 i KSCG postigli su dogovor o saradnji, pa \u0107e\u00a0iskusni ko\u0161arka\u0161ki stru\u010dnjak preuzeti kormilo \u017eenske ko\u0161arka\u0161ke\",\"breadcrumb\":{\"@id\":\"https:\/\/www.visit-ulcinj.com\/blog\/2014\/01\/14\/momir-milatovic-novi-selektor-kosarkasica-ulcinja\/#breadcrumb\"},\"inLanguage\":\"en-US\",\"potentialAction\":[{\"@type\":\"ReadAction\",\"target\":[\"https:\/\/www.visit-ulcinj.com\/blog\/2014\/01\/14\/momir-milatovic-novi-selektor-kosarkasica-ulcinja\/\"]}]},{\"@type\":\"BreadcrumbList\",\"@id\":\"https:\/\/www.visit-ulcinj.com\/blog\/2014\/01\/14\/momir-milatovic-novi-selektor-kosarkasica-ulcinja\/#breadcrumb\",\"itemListElement\":[{\"@type\":\"ListItem\",\"position\":1,\"name\":\"Momir Milatovi\u0107 novi selektor ko\u0161arka\u0161ica Ulcinja\"}]},{\"@type\":\"Person\",\"@id\":\"https:\/\/www.visit-ulcinj.com\/blog\/#\/schema\/person\/dcab619c614d3038751c63bc2aadc06d\",\"name\":\"ulqini\",\"sameAs\":[\"http:\/\/www.visit-ulcinj.com\"],\"url\":\"https:\/\/www.visit-ulcinj.com\/blog\/author\/admin\/\"}]}<\/script>\n<!-- \/ Yoast SEO plugin. -->","yoast_head_json":{"title":"Momir Milatovi\u0107 novi selektor ko\u0161arka\u0161ica Ulcinja - Lajme nga Ulqini","description":"Prema saznanjima ''Vijesti'', Momir Milatovi\u0107 i KSCG postigli su dogovor o saradnji, pa \u0107e\u00a0iskusni ko\u0161arka\u0161ki stru\u010dnjak preuzeti kormilo \u017eenske ko\u0161arka\u0161ke","robots":{"index":"index","follow":"follow","max-snippet":"max-snippet:-1","max-image-preview":"max-image-preview:large","max-video-preview":"max-video-preview:-1"},"canonical":"https:\/\/www.visit-ulcinj.com\/blog\/2014\/01\/14\/momir-milatovic-novi-selektor-kosarkasica-ulcinja\/","og_locale":"en_US","og_type":"article","og_title":"Momir Milatovi\u0107 novi selektor ko\u0161arka\u0161ica Ulcinja - Lajme nga Ulqini","og_description":"Prema saznanjima ''Vijesti'', Momir Milatovi\u0107 i KSCG postigli su dogovor o saradnji, pa \u0107e\u00a0iskusni ko\u0161arka\u0161ki stru\u010dnjak preuzeti kormilo \u017eenske ko\u0161arka\u0161ke","og_url":"https:\/\/www.visit-ulcinj.com\/blog\/2014\/01\/14\/momir-milatovic-novi-selektor-kosarkasica-ulcinja\/","og_site_name":"Lajme nga Ulqini","article_published_time":"2014-01-14T11:01:43+00:00","og_image":[{"url":"http:\/\/www.visit-ulcinj.com\/blog\/wp-content\/uploads\/2014\/01\/Momir-Milatovic-novi-selektor-Ulcinja.jpg"}],"twitter_misc":{"Written by":"ulqini"},"schema":{"@context":"https:\/\/schema.org","@graph":[{"@type":"WebSite","@id":"https:\/\/www.visit-ulcinj.com\/blog\/#website","url":"https:\/\/www.visit-ulcinj.com\/blog\/","name":"Lajme nga Ulqini","description":"Lajme,Vijesti,Ulqini,Ulqin,Crna Gora,Mali i Zi","potentialAction":[{"@type":"SearchAction","target":{"@type":"EntryPoint","urlTemplate":"https:\/\/www.visit-ulcinj.com\/blog\/?s={search_term_string}"},"query-input":"required name=search_term_string"}],"inLanguage":"en-US"},{"@type":"ImageObject","inLanguage":"en-US","@id":"https:\/\/www.visit-ulcinj.com\/blog\/2014\/01\/14\/momir-milatovic-novi-selektor-kosarkasica-ulcinja\/#primaryimage","url":"https:\/\/www.visit-ulcinj.com\/blog\/wp-content\/uploads\/2014\/01\/Momir-Milatovic-novi-selektor-Ulcinja.jpg","contentUrl":"https:\/\/www.visit-ulcinj.com\/blog\/wp-content\/uploads\/2014\/01\/Momir-Milatovic-novi-selektor-Ulcinja.jpg","width":780,"height":578},{"@type":"WebPage","@id":"https:\/\/www.visit-ulcinj.com\/blog\/2014\/01\/14\/momir-milatovic-novi-selektor-kosarkasica-ulcinja\/#webpage","url":"https:\/\/www.visit-ulcinj.com\/blog\/2014\/01\/14\/momir-milatovic-novi-selektor-kosarkasica-ulcinja\/","name":"Momir Milatovi\u0107 novi selektor ko\u0161arka\u0161ica Ulcinja - Lajme nga Ulqini","isPartOf":{"@id":"https:\/\/www.visit-ulcinj.com\/blog\/#website"},"primaryImageOfPage":{"@id":"https:\/\/www.visit-ulcinj.com\/blog\/2014\/01\/14\/momir-milatovic-novi-selektor-kosarkasica-ulcinja\/#primaryimage"},"datePublished":"2014-01-14T11:01:43+00:00","dateModified":"2014-01-14T11:01:43+00:00","author":{"@id":"https:\/\/www.visit-ulcinj.com\/blog\/#\/schema\/person\/dcab619c614d3038751c63bc2aadc06d"},"description":"Prema saznanjima ''Vijesti'', Momir Milatovi\u0107 i KSCG postigli su dogovor o saradnji, pa \u0107e\u00a0iskusni ko\u0161arka\u0161ki stru\u010dnjak preuzeti kormilo \u017eenske ko\u0161arka\u0161ke","breadcrumb":{"@id":"https:\/\/www.visit-ulcinj.com\/blog\/2014\/01\/14\/momir-milatovic-novi-selektor-kosarkasica-ulcinja\/#breadcrumb"},"inLanguage":"en-US","potentialAction":[{"@type":"ReadAction","target":["https:\/\/www.visit-ulcinj.com\/blog\/2014\/01\/14\/momir-milatovic-novi-selektor-kosarkasica-ulcinja\/"]}]},{"@type":"BreadcrumbList","@id":"https:\/\/www.visit-ulcinj.com\/blog\/2014\/01\/14\/momir-milatovic-novi-selektor-kosarkasica-ulcinja\/#breadcrumb","itemListElement":[{"@type":"ListItem","position":1,"name":"Momir Milatovi\u0107 novi selektor ko\u0161arka\u0161ica Ulcinja"}]},{"@type":"Person","@id":"https:\/\/www.visit-ulcinj.com\/blog\/#\/schema\/person\/dcab619c614d3038751c63bc2aadc06d","name":"ulqini","sameAs":["http:\/\/www.visit-ulcinj.com"],"url":"https:\/\/www.visit-ulcinj.com\/blog\/author\/admin\/"}]}},"jetpack_featured_media_url":"","jetpack_sharing_enabled":true,"jetpack_shortlink":"https:\/\/wp.me\/pe6lTn-kle","_links":{"self":[{"href":"https:\/\/www.visit-ulcinj.com\/blog\/wp-json\/wp\/v2\/posts\/78196"}],"collection":[{"href":"https:\/\/www.visit-ulcinj.com\/blog\/wp-json\/wp\/v2\/posts"}],"about":[{"href":"https:\/\/www.visit-ulcinj.com\/blog\/wp-json\/wp\/v2\/types\/post"}],"author":[{"embeddable":true,"href":"https:\/\/www.visit-ulcinj.com\/blog\/wp-json\/wp\/v2\/users\/1"}],"replies":[{"embeddable":true,"href":"https:\/\/www.visit-ulcinj.com\/blog\/wp-json\/wp\/v2\/comments?post=78196"}],"version-history":[{"count":1,"href":"https:\/\/www.visit-ulcinj.com\/blog\/wp-json\/wp\/v2\/posts\/78196\/revisions"}],"predecessor-version":[{"id":78198,"href":"https:\/\/www.visit-ulcinj.com\/blog\/wp-json\/wp\/v2\/posts\/78196\/revisions\/78198"}],"wp:attachment":[{"href":"https:\/\/www.visit-ulcinj.com\/blog\/wp-json\/wp\/v2\/media?parent=78196"}],"wp:term":[{"taxonomy":"category","embeddable":true,"href":"https:\/\/www.visit-ulcinj.com\/blog\/wp-json\/wp\/v2\/categories?post=78196"},{"taxonomy":"post_tag","embeddable":true,"href":"https:\/\/www.visit-ulcinj.com\/blog\/wp-json\/wp\/v2\/tags?post=78196"}],"curies":[{"name":"wp","href":"https:\/\/api.w.org\/{rel}","templated":true}]}}