{"id":78205,"date":"2014-01-14T12:37:57","date_gmt":"2014-01-14T11:37:57","guid":{"rendered":"http:\/\/www.visit-ulcinj.com\/blog\/?p=78205"},"modified":"2014-01-14T12:37:57","modified_gmt":"2014-01-14T11:37:57","slug":"nazif-cungu-studiju-za-sas-donio-hajdinaga","status":"publish","type":"post","link":"https:\/\/www.visit-ulcinj.com\/blog\/2014\/01\/14\/nazif-cungu-studiju-za-sas-donio-hajdinaga\/","title":{"rendered":"Nazif Cungu: Studiju za \u0160as donio Hajdinaga"},"content":{"rendered":"<p><strong><a href=\"http:\/\/www.visit-ulcinj.com\/blog\/wp-content\/uploads\/2014\/01\/Nazif-Cungu-Ulcinj.jpg\"><img loading=\"lazy\" class=\"alignleft  wp-image-78147\" alt=\"Nazif-Cungu-Ulcinj\" src=\"http:\/\/www.visit-ulcinj.com\/blog\/wp-content\/uploads\/2014\/01\/Nazif-Cungu-Ulcinj.jpg\" width=\"508\" height=\"360\" \/><\/a>ULCINJ \u2013 Nakon debate na lokalnoj televiziji Teuta u kojoj je potpredsjednik op\u0161tine Selim Resulbegovi\u0107 optu\u017eio predsjednika op\u0161tine Ulcinj Nazifa Cungua da je Studijom lokacije za \u0160as, na kojoj ima svoju imovinu, obuhvatio i 32.000 metara kvadratnih dr\u017eavne imovine i ocijenio je da se radi o milionskoj \u0161teti za dr\u017eavu, na konferenciji za novinare ju\u010de je Cungu odbacio te optu\u017ebe, ocjeniv\u0161i ih kao podmetanja.<\/strong><\/p>\n<p>On je rekao da je tokom 2007. godine, na osnovu kupoprodajnog ugovora, postao vlasnik zemlji\u0161ta na lokalitetu \u0160as u povr\u0161ini od oko 51.000 metara kvadratnih i da je prostornim planom op\u0161tine Ulcinj od 1999. godine na tom lokalitetu predvi\u0111ena izgradnja turisti\u010dkih kapaciteta.<\/p>\n<p>&#8211; Sa vlasnikom susjedne parcele16. jula, 2007, Sekretarijatu za prostorno planiranje op\u0161tine Ulcinj podnio sam zahtjev za izradu studije lokacije za eko turisti\u010dki centar \u0160as, na povr\u0161ini od oko 61.424 m2, odnosno na oko 51.000 m2 zemlji\u0161ta koje je u mom vlasni\u0161tvu i oko 10.000 m2 zemlji\u0161ta vlasnika susjedne parcele \u2013 rekao je Cungu.<\/p>\n<p>On je istakao da je dvije godine nakon podno\u0161enja zahtjeva tada\u0161nji predsjednik op\u0161tine Ulcinj Gzim Hajdinaga donio odluku o izradi studije za eko-seosko turisti\u010dki centar na lokalitetu \u0160as.<\/p>\n<p>&#8211; Ova studija lokacije je obuhvatila i oko 32.000 m2 navodno sporne op\u0161tinske imovine. Tom prilikom oko 10.000 metara kvadratnih mog zemlji\u0161ta nije u\u0161lo u ovu studiju lokacije, jer nije bilo obuhva\u0107eno prostornim planom iz 1999. godine \u2013 rekao je Cungu.<\/p>\n<p>Prema njegovim rije\u010dima, nije mu poznat razlog za\u0161to je tada\u0161nji predsjednik u ovoj studiji lokacije obuhvatio i povr\u0161inu u op\u0161tinskom vlasni\u0161tvu koje, kako je kazao, nije tra\u017eio.<\/p>\n<p>Cungu ka\u017ee da su raspisali tender<strong> <\/strong>za odabir obra\u0111iva\u010da plana, sproveli javnu raspravu, dobili saglasnost od Ministarstva ure\u0111enja prostora i plan je potom proslije\u0111en Skup\u0161tini, gdje je jednoglasno usvojen.<\/p>\n<p>&#8211; To \u0161to je jednoglasno usvojen i podr\u017ean<strong> <\/strong>od svih politi\u010dkih subjekata dovoljno govori o njegovoj transparentnosti i\u00a0 zakonitosti. Da nije tako, sigurno da bi se neko na\u0161ao da uka\u017ee na eventualne zloupotrebe \u2013 ocijenio je Cungu.<\/p>\n<p>On je javno pozvao dr\u017eavnog tu\u017eioca da do detalja ispita ovaj predmet.<\/p>\n<p><em><strong>A. \u017divanovi\u0107<\/strong><\/em><\/p>\n<p><strong>Izvor: Pobjeda<\/strong><\/p>\n","protected":false},"excerpt":{"rendered":"<p>ULCINJ \u2013 Nakon debate na lokalnoj televiziji Teuta u kojoj je potpredsjednik op\u0161tine Selim Resulbegovi\u0107 optu\u017eio predsjednika op\u0161tine Ulcinj Nazifa Cungua da je Studijom lokacije za \u0160as, na kojoj ima svoju imovinu, obuhvatio i 32.000 metara kvadratnih dr\u017eavne imovine i ocijenio je da se radi o milionskoj \u0161teti za dr\u017eavu, na konferenciji za novinare ju\u010de [&hellip;]<\/p>\n","protected":false},"author":1,"featured_media":0,"comment_status":"closed","ping_status":"closed","sticky":false,"template":"","format":"standard","meta":{"spay_email":"","jetpack_publicize_message":"","jetpack_is_tweetstorm":false,"jetpack_publicize_feature_enabled":true},"categories":[8337],"tags":[],"jetpack_publicize_connections":[],"yoast_head":"<!-- This site is optimized with the Yoast SEO plugin v19.1 - https:\/\/yoast.com\/wordpress\/plugins\/seo\/ -->\n<title>Nazif Cungu: Studiju za \u0160as donio Hajdinaga - Lajme nga Ulqini<\/title>\n<meta name=\"description\" content=\"ULCINJ \u2013 Nakon debate na lokalnoj televiziji Teuta u kojoj je potpredsjednik op\u0161tine Selim Resulbegovi\u0107 optu\u017eio predsjednika op\u0161tine Ulcinj Nazifa Cungua\" \/>\n<meta name=\"robots\" content=\"index, follow, max-snippet:-1, max-image-preview:large, max-video-preview:-1\" \/>\n<link rel=\"canonical\" href=\"https:\/\/www.visit-ulcinj.com\/blog\/2014\/01\/14\/nazif-cungu-studiju-za-sas-donio-hajdinaga\/\" \/>\n<meta property=\"og:locale\" content=\"en_US\" \/>\n<meta property=\"og:type\" content=\"article\" \/>\n<meta property=\"og:title\" content=\"Nazif Cungu: Studiju za \u0160as donio Hajdinaga - Lajme nga Ulqini\" \/>\n<meta property=\"og:description\" content=\"ULCINJ \u2013 Nakon debate na lokalnoj televiziji Teuta u kojoj je potpredsjednik op\u0161tine Selim Resulbegovi\u0107 optu\u017eio predsjednika op\u0161tine Ulcinj Nazifa Cungua\" \/>\n<meta property=\"og:url\" content=\"https:\/\/www.visit-ulcinj.com\/blog\/2014\/01\/14\/nazif-cungu-studiju-za-sas-donio-hajdinaga\/\" \/>\n<meta property=\"og:site_name\" content=\"Lajme nga Ulqini\" \/>\n<meta property=\"article:published_time\" content=\"2014-01-14T11:37:57+00:00\" \/>\n<meta property=\"og:image\" content=\"http:\/\/www.visit-ulcinj.com\/blog\/wp-content\/uploads\/2014\/01\/Nazif-Cungu-Ulcinj.jpg\" \/>\n<meta name=\"twitter:label1\" content=\"Written by\" \/>\n\t<meta name=\"twitter:data1\" content=\"ulqini\" \/>\n\t<meta name=\"twitter:label2\" content=\"Est. reading time\" \/>\n\t<meta name=\"twitter:data2\" content=\"2 minutes\" \/>\n<script type=\"application\/ld+json\" class=\"yoast-schema-graph\">{\"@context\":\"https:\/\/schema.org\",\"@graph\":[{\"@type\":\"WebSite\",\"@id\":\"https:\/\/www.visit-ulcinj.com\/blog\/#website\",\"url\":\"https:\/\/www.visit-ulcinj.com\/blog\/\",\"name\":\"Lajme nga Ulqini\",\"description\":\"Lajme,Vijesti,Ulqini,Ulqin,Crna Gora,Mali i Zi\",\"potentialAction\":[{\"@type\":\"SearchAction\",\"target\":{\"@type\":\"EntryPoint\",\"urlTemplate\":\"https:\/\/www.visit-ulcinj.com\/blog\/?s={search_term_string}\"},\"query-input\":\"required name=search_term_string\"}],\"inLanguage\":\"en-US\"},{\"@type\":\"ImageObject\",\"inLanguage\":\"en-US\",\"@id\":\"https:\/\/www.visit-ulcinj.com\/blog\/2014\/01\/14\/nazif-cungu-studiju-za-sas-donio-hajdinaga\/#primaryimage\",\"url\":\"https:\/\/www.visit-ulcinj.com\/blog\/wp-content\/uploads\/2014\/01\/Nazif-Cungu-Ulcinj.jpg\",\"contentUrl\":\"https:\/\/www.visit-ulcinj.com\/blog\/wp-content\/uploads\/2014\/01\/Nazif-Cungu-Ulcinj.jpg\",\"width\":768,\"height\":509},{\"@type\":\"WebPage\",\"@id\":\"https:\/\/www.visit-ulcinj.com\/blog\/2014\/01\/14\/nazif-cungu-studiju-za-sas-donio-hajdinaga\/#webpage\",\"url\":\"https:\/\/www.visit-ulcinj.com\/blog\/2014\/01\/14\/nazif-cungu-studiju-za-sas-donio-hajdinaga\/\",\"name\":\"Nazif Cungu: Studiju za \u0160as donio Hajdinaga - Lajme nga Ulqini\",\"isPartOf\":{\"@id\":\"https:\/\/www.visit-ulcinj.com\/blog\/#website\"},\"primaryImageOfPage\":{\"@id\":\"https:\/\/www.visit-ulcinj.com\/blog\/2014\/01\/14\/nazif-cungu-studiju-za-sas-donio-hajdinaga\/#primaryimage\"},\"datePublished\":\"2014-01-14T11:37:57+00:00\",\"dateModified\":\"2014-01-14T11:37:57+00:00\",\"author\":{\"@id\":\"https:\/\/www.visit-ulcinj.com\/blog\/#\/schema\/person\/dcab619c614d3038751c63bc2aadc06d\"},\"description\":\"ULCINJ \u2013 Nakon debate na lokalnoj televiziji Teuta u kojoj je potpredsjednik op\u0161tine Selim Resulbegovi\u0107 optu\u017eio predsjednika op\u0161tine Ulcinj Nazifa Cungua\",\"breadcrumb\":{\"@id\":\"https:\/\/www.visit-ulcinj.com\/blog\/2014\/01\/14\/nazif-cungu-studiju-za-sas-donio-hajdinaga\/#breadcrumb\"},\"inLanguage\":\"en-US\",\"potentialAction\":[{\"@type\":\"ReadAction\",\"target\":[\"https:\/\/www.visit-ulcinj.com\/blog\/2014\/01\/14\/nazif-cungu-studiju-za-sas-donio-hajdinaga\/\"]}]},{\"@type\":\"BreadcrumbList\",\"@id\":\"https:\/\/www.visit-ulcinj.com\/blog\/2014\/01\/14\/nazif-cungu-studiju-za-sas-donio-hajdinaga\/#breadcrumb\",\"itemListElement\":[{\"@type\":\"ListItem\",\"position\":1,\"name\":\"Nazif Cungu: Studiju za \u0160as donio Hajdinaga\"}]},{\"@type\":\"Person\",\"@id\":\"https:\/\/www.visit-ulcinj.com\/blog\/#\/schema\/person\/dcab619c614d3038751c63bc2aadc06d\",\"name\":\"ulqini\",\"sameAs\":[\"http:\/\/www.visit-ulcinj.com\"],\"url\":\"https:\/\/www.visit-ulcinj.com\/blog\/author\/admin\/\"}]}<\/script>\n<!-- \/ Yoast SEO plugin. -->","yoast_head_json":{"title":"Nazif Cungu: Studiju za \u0160as donio Hajdinaga - Lajme nga Ulqini","description":"ULCINJ \u2013 Nakon debate na lokalnoj televiziji Teuta u kojoj je potpredsjednik op\u0161tine Selim Resulbegovi\u0107 optu\u017eio predsjednika op\u0161tine Ulcinj Nazifa Cungua","robots":{"index":"index","follow":"follow","max-snippet":"max-snippet:-1","max-image-preview":"max-image-preview:large","max-video-preview":"max-video-preview:-1"},"canonical":"https:\/\/www.visit-ulcinj.com\/blog\/2014\/01\/14\/nazif-cungu-studiju-za-sas-donio-hajdinaga\/","og_locale":"en_US","og_type":"article","og_title":"Nazif Cungu: Studiju za \u0160as donio Hajdinaga - Lajme nga Ulqini","og_description":"ULCINJ \u2013 Nakon debate na lokalnoj televiziji Teuta u kojoj je potpredsjednik op\u0161tine Selim Resulbegovi\u0107 optu\u017eio predsjednika op\u0161tine Ulcinj Nazifa Cungua","og_url":"https:\/\/www.visit-ulcinj.com\/blog\/2014\/01\/14\/nazif-cungu-studiju-za-sas-donio-hajdinaga\/","og_site_name":"Lajme nga Ulqini","article_published_time":"2014-01-14T11:37:57+00:00","og_image":[{"url":"http:\/\/www.visit-ulcinj.com\/blog\/wp-content\/uploads\/2014\/01\/Nazif-Cungu-Ulcinj.jpg"}],"twitter_misc":{"Written by":"ulqini","Est. reading time":"2 minutes"},"schema":{"@context":"https:\/\/schema.org","@graph":[{"@type":"WebSite","@id":"https:\/\/www.visit-ulcinj.com\/blog\/#website","url":"https:\/\/www.visit-ulcinj.com\/blog\/","name":"Lajme nga Ulqini","description":"Lajme,Vijesti,Ulqini,Ulqin,Crna Gora,Mali i Zi","potentialAction":[{"@type":"SearchAction","target":{"@type":"EntryPoint","urlTemplate":"https:\/\/www.visit-ulcinj.com\/blog\/?s={search_term_string}"},"query-input":"required name=search_term_string"}],"inLanguage":"en-US"},{"@type":"ImageObject","inLanguage":"en-US","@id":"https:\/\/www.visit-ulcinj.com\/blog\/2014\/01\/14\/nazif-cungu-studiju-za-sas-donio-hajdinaga\/#primaryimage","url":"https:\/\/www.visit-ulcinj.com\/blog\/wp-content\/uploads\/2014\/01\/Nazif-Cungu-Ulcinj.jpg","contentUrl":"https:\/\/www.visit-ulcinj.com\/blog\/wp-content\/uploads\/2014\/01\/Nazif-Cungu-Ulcinj.jpg","width":768,"height":509},{"@type":"WebPage","@id":"https:\/\/www.visit-ulcinj.com\/blog\/2014\/01\/14\/nazif-cungu-studiju-za-sas-donio-hajdinaga\/#webpage","url":"https:\/\/www.visit-ulcinj.com\/blog\/2014\/01\/14\/nazif-cungu-studiju-za-sas-donio-hajdinaga\/","name":"Nazif Cungu: Studiju za \u0160as donio Hajdinaga - Lajme nga Ulqini","isPartOf":{"@id":"https:\/\/www.visit-ulcinj.com\/blog\/#website"},"primaryImageOfPage":{"@id":"https:\/\/www.visit-ulcinj.com\/blog\/2014\/01\/14\/nazif-cungu-studiju-za-sas-donio-hajdinaga\/#primaryimage"},"datePublished":"2014-01-14T11:37:57+00:00","dateModified":"2014-01-14T11:37:57+00:00","author":{"@id":"https:\/\/www.visit-ulcinj.com\/blog\/#\/schema\/person\/dcab619c614d3038751c63bc2aadc06d"},"description":"ULCINJ \u2013 Nakon debate na lokalnoj televiziji Teuta u kojoj je potpredsjednik op\u0161tine Selim Resulbegovi\u0107 optu\u017eio predsjednika op\u0161tine Ulcinj Nazifa Cungua","breadcrumb":{"@id":"https:\/\/www.visit-ulcinj.com\/blog\/2014\/01\/14\/nazif-cungu-studiju-za-sas-donio-hajdinaga\/#breadcrumb"},"inLanguage":"en-US","potentialAction":[{"@type":"ReadAction","target":["https:\/\/www.visit-ulcinj.com\/blog\/2014\/01\/14\/nazif-cungu-studiju-za-sas-donio-hajdinaga\/"]}]},{"@type":"BreadcrumbList","@id":"https:\/\/www.visit-ulcinj.com\/blog\/2014\/01\/14\/nazif-cungu-studiju-za-sas-donio-hajdinaga\/#breadcrumb","itemListElement":[{"@type":"ListItem","position":1,"name":"Nazif Cungu: Studiju za \u0160as donio Hajdinaga"}]},{"@type":"Person","@id":"https:\/\/www.visit-ulcinj.com\/blog\/#\/schema\/person\/dcab619c614d3038751c63bc2aadc06d","name":"ulqini","sameAs":["http:\/\/www.visit-ulcinj.com"],"url":"https:\/\/www.visit-ulcinj.com\/blog\/author\/admin\/"}]}},"jetpack_featured_media_url":"","jetpack_sharing_enabled":true,"jetpack_shortlink":"https:\/\/wp.me\/pe6lTn-kln","_links":{"self":[{"href":"https:\/\/www.visit-ulcinj.com\/blog\/wp-json\/wp\/v2\/posts\/78205"}],"collection":[{"href":"https:\/\/www.visit-ulcinj.com\/blog\/wp-json\/wp\/v2\/posts"}],"about":[{"href":"https:\/\/www.visit-ulcinj.com\/blog\/wp-json\/wp\/v2\/types\/post"}],"author":[{"embeddable":true,"href":"https:\/\/www.visit-ulcinj.com\/blog\/wp-json\/wp\/v2\/users\/1"}],"replies":[{"embeddable":true,"href":"https:\/\/www.visit-ulcinj.com\/blog\/wp-json\/wp\/v2\/comments?post=78205"}],"version-history":[{"count":1,"href":"https:\/\/www.visit-ulcinj.com\/blog\/wp-json\/wp\/v2\/posts\/78205\/revisions"}],"predecessor-version":[{"id":78206,"href":"https:\/\/www.visit-ulcinj.com\/blog\/wp-json\/wp\/v2\/posts\/78205\/revisions\/78206"}],"wp:attachment":[{"href":"https:\/\/www.visit-ulcinj.com\/blog\/wp-json\/wp\/v2\/media?parent=78205"}],"wp:term":[{"taxonomy":"category","embeddable":true,"href":"https:\/\/www.visit-ulcinj.com\/blog\/wp-json\/wp\/v2\/categories?post=78205"},{"taxonomy":"post_tag","embeddable":true,"href":"https:\/\/www.visit-ulcinj.com\/blog\/wp-json\/wp\/v2\/tags?post=78205"}],"curies":[{"name":"wp","href":"https:\/\/api.w.org\/{rel}","templated":true}]}}