{"id":78211,"date":"2014-01-14T15:33:05","date_gmt":"2014-01-14T14:33:05","guid":{"rendered":"http:\/\/www.visit-ulcinj.com\/blog\/?p=78211"},"modified":"2014-01-15T15:52:22","modified_gmt":"2014-01-15T14:52:22","slug":"konference-per-media-ne-lidhje-te-mirat-detare","status":"publish","type":"post","link":"https:\/\/www.visit-ulcinj.com\/blog\/2014\/01\/14\/konference-per-media-ne-lidhje-te-mirat-detare\/","title":{"rendered":"Konferenc\u00eb p\u00ebr media n\u00eb lidhje me t\u00eb Mirat Detare"},"content":{"rendered":"<p><a href=\"http:\/\/www.visit-ulcinj.com\/blog\/wp-content\/uploads\/2014\/01\/xhaudet-cakuli-1.jpg\"><img loading=\"lazy\" class=\"alignleft  wp-image-78212\" alt=\"xhaudet-cakuli-1\" src=\"http:\/\/www.visit-ulcinj.com\/blog\/wp-content\/uploads\/2014\/01\/xhaudet-cakuli-1.jpg\" width=\"508\" height=\"360\" \/><\/a>Ulqin,14.01.2014<\/p>\n<p><b>Puna n\u00eb Grupin e pun\u00ebs p\u00ebr p\u00ebrgaditjen e Propozim ligjit p\u00ebr t\u00eb mirat detare p\u00ebr Kuvendin e Malit t\u00eb Zi<\/b><\/p>\n<p>Si p\u00ebrfaq\u00ebsues i Komun\u00ebs s\u00eb Ulqinit n\u00eb Grupin e pun\u00ebs p\u00ebr p\u00ebrpilimin e Propozim ligjit p\u00ebr t\u00eb mirat detare, i kam propozuar amandamentet t\u00eb cilat jan\u00eb p\u00ebrpiluar n\u00eb p\u00ebrputhje me P\u00ebrfundimet e Kuvendit komunal t\u00eb Ulqinit dhe n\u00eb p\u00ebrputhje me V\u00ebrejtjet e pushtetit local t\u00eb cilat, si pushtet local, ia kemi nis\u00eb Ministris\u00eb p\u00ebr zhvillim t\u00eb qendruesh\u00ebm dhe turiz\u00ebm.<\/p>\n<p>Nga 14 amandamente t\u00eb cil\u00ebt i kemi propozuar jan\u00eb aprovuar vet\u00ebm 4, prej t\u00eb cil\u00ebve m\u00eb i r\u00ebnd\u00ebsishmi \u00ebsht\u00eb amandamenti i cili i referohet vij\u00ebs s\u00eb p\u00ebrfshirjes s\u00eb bregut t\u00eb detit, gjegj\u00ebsisht t\u00eb t\u00eb mirave detare, e cila me nenin 4 \u00ebsht\u00eb e definuar si <b>\u201epjes\u00eb e bregut t\u00eb detit i cili \u00ebsht\u00eb i gj\u00ebr\u00eb 6 metra\u201c. <\/b><\/p>\n<p>Mir\u00ebpo nuk jan\u00eb aprovuar amandamentet tona t\u00eb cilat i referohen lumit Buna, gjegj\u00ebsisht propozimi jon\u00eb q\u00eb n\u00eb t\u00eb mirat detare t\u00eb p\u00ebrfshihet vet\u00ebm gryk\u00ebderdhja e djatht\u00eb e Bun\u00ebs, por \u00ebsht\u00eb p\u00ebrfshir\u00eb bregu i djatht\u00eb i Bun\u00ebs q\u00eb nga Sukubina deri dhe me Gryk\u00eb t\u00eb Bun\u00ebs. Gjitahshtu nuk [sht\u00eb aprovuar amandamenti jon\u00eb q\u00eb vendimin p\u00ebr p\u00ebrfshirje m\u00eb t\u00eb gjan\u00eb se 6 metra ta nxjerr\u00eb Parlamenti i Malit t\u00eb Zi. Ka mbetur zgjidhja q\u00eb vendimin ta nxjerr\u00eb Qeveria e MZ n\u00eb propozim t\u00eb Komisionit shtetror e p\u00ebrb\u00ebr\u00eb nga 13 an\u00ebtar\u00eb, prej t\u00eb cil\u00ebve nj\u00ebri do t\u00eb jet\u00eb p\u00ebrfaq\u00ebsuesi i Komun\u00ebs s\u00eb Ulqinit.<\/p>\n<p><b>Nuk mund t\u00eb jemi t\u00eb k\u00ebnaqur<\/b> me zgjidhjet nga propozimi i ligjit, p\u00ebr arsye se nuk jan\u00eb aprovuar propozimet p\u00ebr decentralizimin e vendim marrjes p\u00ebr vuj\u00ebn e p\u00ebrfshirjes, gjegj\u00ebsisht nuk \u00ebsht\u00eb respektuar d\u00ebshira dhe vendimet e vet\u00ebqeverisjes lokale n\u00eb lidhje me planifikimin hapsinor n\u00eb territorin e t\u00eb Mirave detare n\u00eb teritorin e komunave.<\/p>\n<p>Mir\u00ebpo duhet ta theksoj se nuk \u00ebsht\u00eb i v\u00ebrrtet\u00eb pohimi i disa qarqeve politikaneske, q\u00eb kishin p\u00ebr q\u00ebllim ti b\u00ebjn\u00eb dam kredibilitetit t\u00eb Forc\u00ebs, se me Ligjin e propozuar mohohet e drejta e pron\u00ebs t\u00eb prpnar\u00ebve privat n\u00eb vin\u00eb e tanishme t\u00eb p\u00ebrfshirjes t\u00eb t\u00eb mirave detare, p\u00ebr arsye se me nenin 25, paragrafi 2 n\u00eb m\u00ebnyr\u00eb precize \u00ebsht\u00eb mbrojt\u00eb prona private, citoj:<b> \u201eme k\u00ebt\u00eb ligj\u00eb nuk preken t\u00eb drejtat e materiale n\u00eb pron\u00ebn private n\u00eb patundshm\u00ebrit\u00eb n\u00eb zon\u00ebn e t\u00eb mirave detare, t\u00eb realizuara konform rregullave ligjore, deri n\u00eb dit\u00eb e aprovimit t\u00eb k\u00ebtij\u00eb ligji\u201c.<\/b><\/p>\n<p>&nbsp;<\/p>\n<p><b>Puna n\u00eb K\u00ebshillin drejtues t\u00eb NP T\u00eb mirat detare<\/b><\/p>\n<p>&nbsp;<\/p>\n<p>N\u00eb periudh\u00ebn prej 15 majit deri me 31 Dhjetor t\u00eb vitit 2013 KD MD ka mbajtur 8 mbledhje.<\/p>\n<p>Nd\u00ebr aktivitetet q\u00eb kan\u00eb siguruar benefite p\u00ebr Komun\u00ebn, shfryt\u00ebzuesit dhe qytetar\u00ebt nga Ulqini ishin:<\/p>\n<p>&#8211;\u00a0\u00a0\u00a0\u00a0\u00a0\u00a0\u00a0\u00a0\u00a0 Me propozim t\u00eb Komun\u00ebs u sigurua q\u00eb p\u00ebr 38 objekte konstestuese t\u00eb karakterit t\u00eb p\u00ebrkohsh\u00ebm t\u00eb l\u00ebshohen vendime t\u00eb p\u00ebrkoh\u00ebshme, gjegj\u00ebsisht t\u00eb p\u00ebrfshihen Programin e objekteve t\u00eb p\u00ebrkohsh\u00ebm t\u00eb t\u00eb Mirave detare, \u00e7ka u realizua dhe qytetar\u00ebve t\u00eb Ulqinit u mund\u00ebsua t\u00eb zhvillojn\u00eb aktivitete afariste me leje \u00eb[ pun\u00ebs.<\/p>\n<p>&#8211;\u00a0\u00a0\u00a0\u00a0\u00a0\u00a0\u00a0\u00a0\u00a0 E mund\u00ebsuam q\u00eb objektet tjera t\u00eb p\u00ebrkohshme n\u00eb zon\u00ebn e T\u00eb mirave detare t\u00eb nxjerrin vendimet e pun\u00ebs nga organet komunale dhe t\u00eb zhvillojn\u00eb aktivitete afariste n\u00eb kushte m\u00eb t\u00eb volitshme.<\/p>\n<p>&#8211;\u00a0\u00a0\u00a0\u00a0\u00a0\u00a0\u00a0\u00a0\u00a0 P\u00ebr here t\u00ebpar\u00eb u aktivizua Plazhi i Valdanosit si plazh i rregulluar me \u00e7 rast u kam ndihmuar shfryt\u00ebzuesve t\u00eb filojn\u00eb aktivitetin.<\/p>\n<p>&#8211;\u00a0\u00a0\u00a0\u00a0\u00a0\u00a0\u00a0\u00a0\u00a0 N\u00eb lidhje me barkimin e barkave turistike n\u00eb Plazh t\u00eb Madh ddhe plazheve tjer\u00eb n\u00eb K\u00ebshill\u00eb drejtues \u00ebsht\u00eb nxerr\u00eb vendimi q\u00eb Sh\u00ebrbimi i T\u00eb MD t\u00eb shqyrtoj\u00eb mund\u00ebsin\u00eb e zgjidhjes s\u00eb k\u00ebsaj \u00e7\u00ebshtje p\u00ebr afat t\u00eb gjat\u00eb, \u00e7ka n\u00ebnkupton q\u00eb barkat mund t\u00eb ankorpohen n\u00eb af\u00ebrsi t\u00eb plazheve dhe aty t\u00eb barkojn\u00eb dhe zbarkojn\u00eb udh\u00ebtar\u00ebt-tirist\u00ebt. Vendet e destinuara do t\u00eb b\u00ebhen pjes\u00eb e Planit t\u00eb objekteve T\u00eb t\u00eb mirave detare.<\/p>\n<p>&#8211;\u00a0\u00a0\u00a0\u00a0\u00a0\u00a0\u00a0\u00a0\u00a0 Jan\u00eb siguruar sponzorime dhe donacione p\u00ebr shfryt\u00ebyues t\u00eb ndrysh\u00ebm nga Ulqini si\u00e7 jan\u00eb: Qendra ditore p\u00ebr f\u00ebmij\u00eb me nevoja t\u00eb posa\u00e7me \u201cSirena\u201d, Moto klubi Pirates, Old timer klubi Ulqin,Klubi i hendbollit Ulqin, Klubi I futbollit Federal, Shoqata e ullishtar\u00ebvedhe tjer\u00eb.<\/p>\n<p>&#8211;\u00a0\u00a0\u00a0\u00a0\u00a0\u00a0\u00a0\u00a0\u00a0 \u00cbsht\u00eb siguruar ndihm\u00eb qiramarr\u00ebsve nga Ulqini p\u00ebr tejkalimin provizor t\u00eb v\u00ebshtir\u00ebsive p\u00ebr pages\u00eb t\u00eb qiras\u00eb-kompensimit,<\/p>\n<p>&#8211;\u00a0\u00a0\u00a0\u00a0\u00a0\u00a0\u00a0\u00a0\u00a0 Me rastin e shqyrtimit t\u00eb <b>Elaboratit p\u00ebr kontrollin e sip\u00ebrfaqeve t\u00eb objekteve<\/b> n\u00eb Plazhin e madh n\u00eb KD \u00ebsht\u00eb nxjerr\u00eb vendimi q\u00eb \u201ct\u00eb p\u00ebrfundohen kontratat p\u00ebr shfryt\u00ebzimin e plazheve n\u00eb Plazhin e Madh\u201d dhe q\u00eb \u201cobligohet Sh\u00ebrbimi i t\u00eb Mirave detare q\u00eb deri me 01.08.2013 t\u00eb p\u00ebrpiloj\u00eb informat\u00ebn p\u00ebr kontrollin e t\u00eb gjith\u00eb objekteve n\u00eb bregdetin e Malit t\u00eb Zi (P\u00ebrfundimet e Mjedhjes s\u00eb III), me \u00e7ka jan\u00eb evituar rr\u00ebnimet e objekteve dhe intervebnimet tjera negative t\u00eb Inspekcioneve.<\/p>\n<p>&#8211;\u00a0\u00a0\u00a0\u00a0\u00a0\u00a0\u00a0\u00a0\u00a0 \u00cbsht\u00eb siguruar mb\u00ebshtetja shfryt\u00ebzuesve nga Ulqini p\u00ebr dh\u00ebnien e p\u00eblqimit p\u00ebr bartjen e drejt\u00ebs s\u00eb shfryt\u00ebzimit n\u00eb shfryt\u00ebzues tjer\u00eb, n\u00eb rastet t\u00eb cil\u00ebt ishin t\u00eb arsyesh\u00ebm,<\/p>\n<p>&#8211;\u00a0\u00a0\u00a0\u00a0\u00a0\u00a0\u00a0\u00a0\u00a0 Me Planin e shfryt\u00ebzimit t\u00eb mjeteve p\u00ebr vitin 2013 \u00ebsht\u00eb parapr\u00eb finansimi im nd\u00ebrtimit t\u00eb banesave p\u00ebr \u00e7vendosjen e banuesv en\u00eb lokalitetin Suka (Is Hoteli Jadran) n\u00eb shum\u00eb 500,000.00 EUR dhe mjetet p\u00ebr an\u00ebtar\u00ebsin n\u00eb Vodacom me shum\u00eb 87,539.00 EUR,<\/p>\n<p>&#8211;\u00a0\u00a0\u00a0\u00a0\u00a0\u00a0\u00a0\u00a0\u00a0 N\u00eb Planin e shfryt\u00ebzimit t\u00eb mjerteve p\u00ebr vitin 2014 \u00ebsht\u00eb p\u00ebrfhir\u00eb nd\u00ebrtimi i Ramp\u00ebs n\u00eb Mandraq,<\/p>\n<p>&#8211;\u00a0\u00a0\u00a0\u00a0\u00a0\u00a0\u00a0\u00a0\u00a0 U mund\u00ebsua ndihma pronarit t\u00eb Plazhit Copacabana p\u00ebr shkak t\u00eb demit me rastin e djegjes s\u00eb objektit p\u00ebr rip\u00ebrtrirjen e infrastructures me zvoglimin e obligimit p\u00ebr qira p\u00ebr 15,000.00 EUR.<\/p>\n<p>&#8211;\u00a0\u00a0\u00a0\u00a0\u00a0\u00a0\u00a0\u00a0\u00a0 U pun\u00ebsuan kujdestar\u00ebt n\u00eb Kaceme,<\/p>\n<p>&#8211;\u00a0\u00a0\u00a0\u00a0\u00a0\u00a0\u00a0\u00a0\u00a0 Pozitivisht u zgjidh k\u00ebrkesa e NP Komunale p\u00ebr realizimin epages\u00ebs s\u00ebqiras\u00eb qiras\u00eb p\u00ebr objektin Ibiza n\u00eb llogari t\u00eb tyre<\/p>\n<p>&#8211;\u00a0\u00a0\u00a0\u00a0\u00a0\u00a0\u00a0\u00a0\u00a0 U aprovua \u00e7mimorja e re e volitshme p\u00ebr objektet e peshakatar\u00ebve n\u00eb Bun\u00eb dhe pozitivisht u zgjidh statusi I tyre.<\/p>\n<p>&nbsp;<\/p>\n<p>N\u00eb baz\u00eb t\u00eb pjesmarr\u00ebjes 50% t\u00eb komun\u00ebs n\u00eb t\u00eb ardhurat e T\u00eb Mirave detare, komun\u00ebs u paguan 411,336.90 EUR gjat\u00eb vitit 2013.<\/p>\n<p>N\u00eb mbledhjen e fundit t\u00eb vitit 2013 u aprovua Plani I shfryt\u00ebzimit t\u00eb mjeteve t\u00eb T\u00eb mirave detare p\u00ebr vitin 2014.Nd\u00ebr t\u00eb tjera me at\u00eb Plan paraprakisht u palnifikuan investime n\u00eb shum\u00ebn 188099.00 EUR.\u00a0 Me propozim dhe insistimin tim u aprovza q\u00eb t\u00eb investohen 298,099.00 EUR, \u00e7ka \u00ebsht\u00eb 58% m\u00eb shum\u00eb se I takonte Ulqinit p\u00ebr k\u00ebt\u00eb vit.<\/p>\n<p>Theksoj se Forca nuk do t\u00eb hjek\u00eb dor\u00eb nga synimet e veta programore dhe p\u00ebrfaq\u00ebsimi I d\u00ebshir\u00ebs s\u00eb qytetar\u00ebve t\u00eb Ulqinit n\u00eb lidhje me t\u00eb mirat detare, pa dallim se a do t\u00eb b\u00ebj\u00eb dhe me k\u00eb do t\u00eb b\u00ebj\u00eb koalicione n\u00eb nivelin shtetror.<\/p>\n<p>&nbsp;<\/p>\n<p><b>Potredsjednik FORCE i\u00a0 Predsj. UO Morskog dobra,<\/b><\/p>\n<p><b>\u00a0Xhaudet Cakuli<\/b><\/p>\n<p>&nbsp;<\/p>\n<p>&nbsp;<\/p>\n","protected":false},"excerpt":{"rendered":"<p>Ulqin,14.01.2014 Puna n\u00eb Grupin e pun\u00ebs p\u00ebr p\u00ebrgaditjen e Propozim ligjit p\u00ebr t\u00eb mirat detare p\u00ebr Kuvendin e Malit t\u00eb Zi Si p\u00ebrfaq\u00ebsues i Komun\u00ebs s\u00eb Ulqinit n\u00eb Grupin e pun\u00ebs p\u00ebr p\u00ebrpilimin e Propozim ligjit p\u00ebr t\u00eb mirat detare, i kam propozuar amandamentet t\u00eb cilat jan\u00eb p\u00ebrpiluar n\u00eb p\u00ebrputhje me P\u00ebrfundimet e Kuvendit komunal [&hellip;]<\/p>\n","protected":false},"author":1,"featured_media":0,"comment_status":"closed","ping_status":"closed","sticky":false,"template":"","format":"standard","meta":{"spay_email":"","jetpack_publicize_message":"","jetpack_is_tweetstorm":false,"jetpack_publicize_feature_enabled":true},"categories":[1,11],"tags":[],"jetpack_publicize_connections":[],"yoast_head":"<!-- This site is optimized with the Yoast SEO plugin v19.1 - https:\/\/yoast.com\/wordpress\/plugins\/seo\/ -->\n<title>Konferenc\u00eb p\u00ebr media n\u00eb lidhje me t\u00eb Mirat Detare - Lajme nga Ulqini<\/title>\n<meta name=\"description\" content=\"Ulqin,14.01.2014 Puna n\u00eb Grupin e pun\u00ebs p\u00ebr p\u00ebrgaditjen e Propozim ligjit p\u00ebr t\u00eb mirat detare p\u00ebr Kuvendin e Malit t\u00eb Zi Si p\u00ebrfaq\u00ebsues i Komun\u00ebs s\u00eb\" \/>\n<meta name=\"robots\" content=\"index, follow, max-snippet:-1, max-image-preview:large, max-video-preview:-1\" \/>\n<link rel=\"canonical\" href=\"https:\/\/www.visit-ulcinj.com\/blog\/2014\/01\/14\/konference-per-media-ne-lidhje-te-mirat-detare\/\" \/>\n<meta property=\"og:locale\" content=\"en_US\" \/>\n<meta property=\"og:type\" content=\"article\" \/>\n<meta property=\"og:title\" content=\"Konferenc\u00eb p\u00ebr media n\u00eb lidhje me t\u00eb Mirat Detare - Lajme nga Ulqini\" \/>\n<meta property=\"og:description\" content=\"Ulqin,14.01.2014 Puna n\u00eb Grupin e pun\u00ebs p\u00ebr p\u00ebrgaditjen e Propozim ligjit p\u00ebr t\u00eb mirat detare p\u00ebr Kuvendin e Malit t\u00eb Zi Si p\u00ebrfaq\u00ebsues i Komun\u00ebs s\u00eb\" \/>\n<meta property=\"og:url\" content=\"https:\/\/www.visit-ulcinj.com\/blog\/2014\/01\/14\/konference-per-media-ne-lidhje-te-mirat-detare\/\" \/>\n<meta property=\"og:site_name\" content=\"Lajme nga Ulqini\" \/>\n<meta property=\"article:published_time\" content=\"2014-01-14T14:33:05+00:00\" \/>\n<meta property=\"article:modified_time\" content=\"2014-01-15T14:52:22+00:00\" \/>\n<meta property=\"og:image\" content=\"http:\/\/www.visit-ulcinj.com\/blog\/wp-content\/uploads\/2014\/01\/xhaudet-cakuli-1.jpg\" \/>\n<meta name=\"twitter:label1\" content=\"Written by\" \/>\n\t<meta name=\"twitter:data1\" content=\"ulqini\" \/>\n\t<meta name=\"twitter:label2\" content=\"Est. reading time\" \/>\n\t<meta name=\"twitter:data2\" content=\"6 minutes\" \/>\n<script type=\"application\/ld+json\" class=\"yoast-schema-graph\">{\"@context\":\"https:\/\/schema.org\",\"@graph\":[{\"@type\":\"WebSite\",\"@id\":\"https:\/\/www.visit-ulcinj.com\/blog\/#website\",\"url\":\"https:\/\/www.visit-ulcinj.com\/blog\/\",\"name\":\"Lajme nga Ulqini\",\"description\":\"Lajme,Vijesti,Ulqini,Ulqin,Crna Gora,Mali i Zi\",\"potentialAction\":[{\"@type\":\"SearchAction\",\"target\":{\"@type\":\"EntryPoint\",\"urlTemplate\":\"https:\/\/www.visit-ulcinj.com\/blog\/?s={search_term_string}\"},\"query-input\":\"required name=search_term_string\"}],\"inLanguage\":\"en-US\"},{\"@type\":\"ImageObject\",\"inLanguage\":\"en-US\",\"@id\":\"https:\/\/www.visit-ulcinj.com\/blog\/2014\/01\/14\/konference-per-media-ne-lidhje-te-mirat-detare\/#primaryimage\",\"url\":\"https:\/\/www.visit-ulcinj.com\/blog\/wp-content\/uploads\/2014\/01\/xhaudet-cakuli-1.jpg\",\"contentUrl\":\"https:\/\/www.visit-ulcinj.com\/blog\/wp-content\/uploads\/2014\/01\/xhaudet-cakuli-1.jpg\",\"width\":521,\"height\":400},{\"@type\":\"WebPage\",\"@id\":\"https:\/\/www.visit-ulcinj.com\/blog\/2014\/01\/14\/konference-per-media-ne-lidhje-te-mirat-detare\/#webpage\",\"url\":\"https:\/\/www.visit-ulcinj.com\/blog\/2014\/01\/14\/konference-per-media-ne-lidhje-te-mirat-detare\/\",\"name\":\"Konferenc\u00eb p\u00ebr media n\u00eb lidhje me t\u00eb Mirat Detare - Lajme nga Ulqini\",\"isPartOf\":{\"@id\":\"https:\/\/www.visit-ulcinj.com\/blog\/#website\"},\"primaryImageOfPage\":{\"@id\":\"https:\/\/www.visit-ulcinj.com\/blog\/2014\/01\/14\/konference-per-media-ne-lidhje-te-mirat-detare\/#primaryimage\"},\"datePublished\":\"2014-01-14T14:33:05+00:00\",\"dateModified\":\"2014-01-15T14:52:22+00:00\",\"author\":{\"@id\":\"https:\/\/www.visit-ulcinj.com\/blog\/#\/schema\/person\/dcab619c614d3038751c63bc2aadc06d\"},\"description\":\"Ulqin,14.01.2014 Puna n\u00eb Grupin e pun\u00ebs p\u00ebr p\u00ebrgaditjen e Propozim ligjit p\u00ebr t\u00eb mirat detare p\u00ebr Kuvendin e Malit t\u00eb Zi Si p\u00ebrfaq\u00ebsues i Komun\u00ebs s\u00eb\",\"breadcrumb\":{\"@id\":\"https:\/\/www.visit-ulcinj.com\/blog\/2014\/01\/14\/konference-per-media-ne-lidhje-te-mirat-detare\/#breadcrumb\"},\"inLanguage\":\"en-US\",\"potentialAction\":[{\"@type\":\"ReadAction\",\"target\":[\"https:\/\/www.visit-ulcinj.com\/blog\/2014\/01\/14\/konference-per-media-ne-lidhje-te-mirat-detare\/\"]}]},{\"@type\":\"BreadcrumbList\",\"@id\":\"https:\/\/www.visit-ulcinj.com\/blog\/2014\/01\/14\/konference-per-media-ne-lidhje-te-mirat-detare\/#breadcrumb\",\"itemListElement\":[{\"@type\":\"ListItem\",\"position\":1,\"name\":\"Konferenc\u00eb p\u00ebr media n\u00eb lidhje me t\u00eb Mirat Detare\"}]},{\"@type\":\"Person\",\"@id\":\"https:\/\/www.visit-ulcinj.com\/blog\/#\/schema\/person\/dcab619c614d3038751c63bc2aadc06d\",\"name\":\"ulqini\",\"sameAs\":[\"http:\/\/www.visit-ulcinj.com\"],\"url\":\"https:\/\/www.visit-ulcinj.com\/blog\/author\/admin\/\"}]}<\/script>\n<!-- \/ Yoast SEO plugin. -->","yoast_head_json":{"title":"Konferenc\u00eb p\u00ebr media n\u00eb lidhje me t\u00eb Mirat Detare - Lajme nga Ulqini","description":"Ulqin,14.01.2014 Puna n\u00eb Grupin e pun\u00ebs p\u00ebr p\u00ebrgaditjen e Propozim ligjit p\u00ebr t\u00eb mirat detare p\u00ebr Kuvendin e Malit t\u00eb Zi Si p\u00ebrfaq\u00ebsues i Komun\u00ebs s\u00eb","robots":{"index":"index","follow":"follow","max-snippet":"max-snippet:-1","max-image-preview":"max-image-preview:large","max-video-preview":"max-video-preview:-1"},"canonical":"https:\/\/www.visit-ulcinj.com\/blog\/2014\/01\/14\/konference-per-media-ne-lidhje-te-mirat-detare\/","og_locale":"en_US","og_type":"article","og_title":"Konferenc\u00eb p\u00ebr media n\u00eb lidhje me t\u00eb Mirat Detare - Lajme nga Ulqini","og_description":"Ulqin,14.01.2014 Puna n\u00eb Grupin e pun\u00ebs p\u00ebr p\u00ebrgaditjen e Propozim ligjit p\u00ebr t\u00eb mirat detare p\u00ebr Kuvendin e Malit t\u00eb Zi Si p\u00ebrfaq\u00ebsues i Komun\u00ebs s\u00eb","og_url":"https:\/\/www.visit-ulcinj.com\/blog\/2014\/01\/14\/konference-per-media-ne-lidhje-te-mirat-detare\/","og_site_name":"Lajme nga Ulqini","article_published_time":"2014-01-14T14:33:05+00:00","article_modified_time":"2014-01-15T14:52:22+00:00","og_image":[{"url":"http:\/\/www.visit-ulcinj.com\/blog\/wp-content\/uploads\/2014\/01\/xhaudet-cakuli-1.jpg"}],"twitter_misc":{"Written by":"ulqini","Est. reading time":"6 minutes"},"schema":{"@context":"https:\/\/schema.org","@graph":[{"@type":"WebSite","@id":"https:\/\/www.visit-ulcinj.com\/blog\/#website","url":"https:\/\/www.visit-ulcinj.com\/blog\/","name":"Lajme nga Ulqini","description":"Lajme,Vijesti,Ulqini,Ulqin,Crna Gora,Mali i Zi","potentialAction":[{"@type":"SearchAction","target":{"@type":"EntryPoint","urlTemplate":"https:\/\/www.visit-ulcinj.com\/blog\/?s={search_term_string}"},"query-input":"required name=search_term_string"}],"inLanguage":"en-US"},{"@type":"ImageObject","inLanguage":"en-US","@id":"https:\/\/www.visit-ulcinj.com\/blog\/2014\/01\/14\/konference-per-media-ne-lidhje-te-mirat-detare\/#primaryimage","url":"https:\/\/www.visit-ulcinj.com\/blog\/wp-content\/uploads\/2014\/01\/xhaudet-cakuli-1.jpg","contentUrl":"https:\/\/www.visit-ulcinj.com\/blog\/wp-content\/uploads\/2014\/01\/xhaudet-cakuli-1.jpg","width":521,"height":400},{"@type":"WebPage","@id":"https:\/\/www.visit-ulcinj.com\/blog\/2014\/01\/14\/konference-per-media-ne-lidhje-te-mirat-detare\/#webpage","url":"https:\/\/www.visit-ulcinj.com\/blog\/2014\/01\/14\/konference-per-media-ne-lidhje-te-mirat-detare\/","name":"Konferenc\u00eb p\u00ebr media n\u00eb lidhje me t\u00eb Mirat Detare - Lajme nga Ulqini","isPartOf":{"@id":"https:\/\/www.visit-ulcinj.com\/blog\/#website"},"primaryImageOfPage":{"@id":"https:\/\/www.visit-ulcinj.com\/blog\/2014\/01\/14\/konference-per-media-ne-lidhje-te-mirat-detare\/#primaryimage"},"datePublished":"2014-01-14T14:33:05+00:00","dateModified":"2014-01-15T14:52:22+00:00","author":{"@id":"https:\/\/www.visit-ulcinj.com\/blog\/#\/schema\/person\/dcab619c614d3038751c63bc2aadc06d"},"description":"Ulqin,14.01.2014 Puna n\u00eb Grupin e pun\u00ebs p\u00ebr p\u00ebrgaditjen e Propozim ligjit p\u00ebr t\u00eb mirat detare p\u00ebr Kuvendin e Malit t\u00eb Zi Si p\u00ebrfaq\u00ebsues i Komun\u00ebs s\u00eb","breadcrumb":{"@id":"https:\/\/www.visit-ulcinj.com\/blog\/2014\/01\/14\/konference-per-media-ne-lidhje-te-mirat-detare\/#breadcrumb"},"inLanguage":"en-US","potentialAction":[{"@type":"ReadAction","target":["https:\/\/www.visit-ulcinj.com\/blog\/2014\/01\/14\/konference-per-media-ne-lidhje-te-mirat-detare\/"]}]},{"@type":"BreadcrumbList","@id":"https:\/\/www.visit-ulcinj.com\/blog\/2014\/01\/14\/konference-per-media-ne-lidhje-te-mirat-detare\/#breadcrumb","itemListElement":[{"@type":"ListItem","position":1,"name":"Konferenc\u00eb p\u00ebr media n\u00eb lidhje me t\u00eb Mirat Detare"}]},{"@type":"Person","@id":"https:\/\/www.visit-ulcinj.com\/blog\/#\/schema\/person\/dcab619c614d3038751c63bc2aadc06d","name":"ulqini","sameAs":["http:\/\/www.visit-ulcinj.com"],"url":"https:\/\/www.visit-ulcinj.com\/blog\/author\/admin\/"}]}},"jetpack_featured_media_url":"","jetpack_sharing_enabled":true,"jetpack_shortlink":"https:\/\/wp.me\/pe6lTn-klt","_links":{"self":[{"href":"https:\/\/www.visit-ulcinj.com\/blog\/wp-json\/wp\/v2\/posts\/78211"}],"collection":[{"href":"https:\/\/www.visit-ulcinj.com\/blog\/wp-json\/wp\/v2\/posts"}],"about":[{"href":"https:\/\/www.visit-ulcinj.com\/blog\/wp-json\/wp\/v2\/types\/post"}],"author":[{"embeddable":true,"href":"https:\/\/www.visit-ulcinj.com\/blog\/wp-json\/wp\/v2\/users\/1"}],"replies":[{"embeddable":true,"href":"https:\/\/www.visit-ulcinj.com\/blog\/wp-json\/wp\/v2\/comments?post=78211"}],"version-history":[{"count":1,"href":"https:\/\/www.visit-ulcinj.com\/blog\/wp-json\/wp\/v2\/posts\/78211\/revisions"}],"predecessor-version":[{"id":78213,"href":"https:\/\/www.visit-ulcinj.com\/blog\/wp-json\/wp\/v2\/posts\/78211\/revisions\/78213"}],"wp:attachment":[{"href":"https:\/\/www.visit-ulcinj.com\/blog\/wp-json\/wp\/v2\/media?parent=78211"}],"wp:term":[{"taxonomy":"category","embeddable":true,"href":"https:\/\/www.visit-ulcinj.com\/blog\/wp-json\/wp\/v2\/categories?post=78211"},{"taxonomy":"post_tag","embeddable":true,"href":"https:\/\/www.visit-ulcinj.com\/blog\/wp-json\/wp\/v2\/tags?post=78211"}],"curies":[{"name":"wp","href":"https:\/\/api.w.org\/{rel}","templated":true}]}}