{"id":78214,"date":"2014-01-14T15:47:17","date_gmt":"2014-01-14T14:47:17","guid":{"rendered":"http:\/\/www.visit-ulcinj.com\/blog\/?p=78214"},"modified":"2014-01-14T15:47:17","modified_gmt":"2014-01-14T14:47:17","slug":"revista-buzuku-arkiv-ne-miniature-foto","status":"publish","type":"post","link":"https:\/\/www.visit-ulcinj.com\/blog\/2014\/01\/14\/revista-buzuku-arkiv-ne-miniature-foto\/","title":{"rendered":"Revista BUZUKU, arkiv n\u00eb miniatur\u00eb + Foto"},"content":{"rendered":"<p><strong><a href=\"http:\/\/www.visit-ulcinj.com\/blog\/wp-content\/uploads\/2014\/01\/Revista-Buzuku-Perurimi-Ulqin.jpg\"><img loading=\"lazy\" class=\"alignleft  wp-image-78216\" alt=\"Revista-Buzuku-Perurimi-Ulqin\" src=\"http:\/\/www.visit-ulcinj.com\/blog\/wp-content\/uploads\/2014\/01\/Revista-Buzuku-Perurimi-Ulqin.jpg\" width=\"508\" height=\"360\" \/><\/a>Revista BUZUKU, arkiv n\u00eb miniatur\u00eb (me rastin e botimit t\u00eb numrit 40-jubilar)<\/strong><\/p>\n<p>N\u00eb gam\u00ebn e revistave dhe periodikut n\u00eb shqip n\u00eb Mal t\u00eb Zi, n\u00eb periudh\u00ebn e pluralizmit vend t\u00eb r\u00ebnd\u00ebsish\u00ebm z\u00ebn\u00eb edhe revista BUZUKU, ku dit\u00eb m\u00eb par\u00eb doli n\u00eb qarkullim numri jubilar i 40-ti \u00a0m\u00eb radh\u00eb i saj. Numri i par\u00eb revsit\u00ebs BUZUKU \u00ebsht\u00eb botuar me \u00a027.6.2001, nd\u00ebrsa i 40-ti \u00a0me\u00a0 16.12.2013. Fillimisht revista botohej si organ i Shoqat\u00ebs Dom Gjon Buzuku, nd\u00ebrsa nga numri 37 \u00ebsht\u00eb revist\u00eb e pavarur, ku nga numri i par\u00eb e deri m\u00eb tash kryeredaktor \u00ebsht\u00eb dr.Sim\u00eb Dobreci.<\/p>\n<p>Esht\u00eb p\u00ebrshtypje e p[rgjithshme se materialet e botuara n\u00eb ket\u00eb revist\u00eb, d\u00ebshmojn\u00eb qart\u00eb se misioni i saj ishte sensibilizimi i popullsis\u00eb shqiptare nga Kraja, p\u00ebrkat\u00ebsisht zona e Shestanit, p\u00ebr t\u00eb ruajtur dhe ngritur vet\u00ebdijen komb\u00ebtare shqiptare. N\u00ebse shfletohen \u00a0numrat e botuar deri m\u00eb tash, del qart\u00eb se \u00ebsht\u00eb prezantuar nj\u00eb material\u00a0 shum\u00ebplanesh si nga gjuh\u00ebsia, folklori, historia, gjeografia, etnologjia, arkivistika \u00a0etj, duke d\u00ebshmuar pasurin\u00eb e k\u00ebtij mjedisi dhe popullsis\u00eb p\u00ebrkat\u00ebse. N\u00eb rethana t\u00eb ndryshme\u00a0 shoq\u00ebrore si m\u00eb par\u00eb por edhe tash, popullsia shqiptare e k\u00ebtij mjedisi ka emigruar, duke u vendosur kryesisht n\u00eb rrethin\u00eb t\u00eb Tivarit, Ulqinit e po ashtu edhe n\u00eb \u00a0Shkod\u00ebr, Amerik\u00eb, Australi etj. Por, var\u00ebsisht prej\u00a0 vendit ku jan\u00eb vendosur, ata jan\u00eb tjet\u00ebrsuar, duke shkuar drejt asimilimit, ku nj\u00eb dukuri e till\u00eb \u00ebsht\u00eb e pranishme edhe n\u00eb dit\u00ebt tona.\u00a0 Rast tipik\u00a0 \u00ebsht\u00eb qyteti i Tivarit \u00a0por edhe rrethina e tij, ku jan\u00eb duke humbur gjuh\u00ebn dhe tradit\u00ebn kulturore shqiptare.<\/p>\n<p><a href=\"http:\/\/www.visit-ulcinj.com\/blog\/wp-content\/uploads\/2014\/01\/Revista-Buzuku-Perurimi-Ulqin-5.jpg\"><img loading=\"lazy\" class=\"alignleft  wp-image-78221\" alt=\"Revista-Buzuku-Perurimi-Ulqin-5\" src=\"http:\/\/www.visit-ulcinj.com\/blog\/wp-content\/uploads\/2014\/01\/Revista-Buzuku-Perurimi-Ulqin-5.jpg\" width=\"508\" height=\"360\" \/><\/a><\/p>\n<p>Fillimisht, kjo revist\u00eb ndon\u00ebse \u00ebsht\u00eb informative, kulturore dhe shoq\u00ebrore, \u00a0ka pasur karakter lokal, por me kalimin e koh\u00ebs, \u00ebsht\u00eb b\u00ebr\u00eb pothuaj revist\u00eb mbar\u00ebkomb\u00ebtare. N\u00eb saj\u00eb t\u00eb materialeve t\u00eb botuara deri m\u00eb tash, m\u00eb t\u00eb drejt mund ta quajm\u00eb se \u00ebsht\u00eb b\u00ebr\u00eb nj\u00eb lloj arkivi n\u00eb miniatur\u00eb. Madje nuk e teprojm\u00eb n\u00ebse themi se \u00ebsht\u00eb botuar \u00e7do gj\u00eb q\u00eb ka t\u00eb b\u00ebj\u00eb me\u00a0 Shestanin dhe popullsin\u00eb e saj, duke ofruar nj\u00eb l\u00ebnd\u00eb m\u00eb interes edhe p\u00ebr studiuesit e profileve t\u00eb ndryshme shkencore. Jemi t\u00eb bindur se n\u00eb t\u00eb ardhmen studiues t\u00eb ndrysh\u00ebm, kur t\u00eb shfletojn\u00eb revist\u00ebn BUZUKU, do t\u00eb gjejn\u00eb inspirim p\u00ebr hulumtime t\u00eb metutjeshme shkencore.<\/p>\n<p>N\u00ebse n\u00eb t\u00eb ardhm\u00ebn do t\u00eb analizohet kontributi i disa personaliteteve nga Ulqini e rrethina n\u00eb profilet e tyre profesionale, nuk ka dilem\u00eb se vend nderi zen\u00eb edhe dr.Sim\u00eb Dobreci. Por ndonse ai njihet si specialist nga fusha e mjek\u00ebsis\u00eb, n\u00eb t\u00eb ardhm\u00ebn do t\u00eb njihet edhe si kryeredaktor i revist\u00ebs BUZUKU. Sepse\u00a0 \u00ebsht\u00eb merita\u00a0 e tij \u00a0ekskluzive n\u00eb mbledhjen, sistematizimin dhe redaktimin e materialeve q\u00eb jan\u00eb botuar n\u00eb k\u00ebto 40 numra t\u00eb revist\u00ebs. Nuk ka dilem\u00eb \u00a0se n\u00eb ket\u00eb aspekt ndihmes\u00eb kan\u00eb dh\u00ebn\u00eb edhe\u00a0 bashk\u00ebpun\u00ebtor\u00ebt si dhe stafi i redaksis\u00eb, por puna m\u00eb e madhe \u00a0ka r\u00ebn\u00eb mbi dr.Sim\u00eb Dobrecin, i cili ka arritur me sfiduar edhe rrethanat e pavolitshme shoq\u00ebrore t\u00eb koh\u00ebs.<\/p>\n<p><a href=\"http:\/\/www.visit-ulcinj.com\/blog\/wp-content\/uploads\/2014\/01\/Revista-Buzuku-Perurimi-Ulqin-1.jpg\"><img loading=\"lazy\" class=\"alignleft  wp-image-78217\" alt=\"Revista-Buzuku-Perurimi-Ulqin-1\" src=\"http:\/\/www.visit-ulcinj.com\/blog\/wp-content\/uploads\/2014\/01\/Revista-Buzuku-Perurimi-Ulqin-1.jpg\" width=\"508\" height=\"360\" \/><\/a><\/p>\n<p>Ne ket\u00eb jubile t\u00eb revist\u00ebs ai sot duhet t\u00eb jet\u00eb krenar p\u00ebr\u00a0 pun\u00ebn e realizuar, por edhe ne mburremi, sepse nuk \u00ebsht\u00eb e leht\u00eb t\u00eb botoh\u00ebn 40 numra t\u00eb revist\u00ebs, pa mbeshtetje \u00a0financiare, por e ka realizuar me sukses k\u00ebt\u00eb mision fal\u00eb \u00a0donatoreve t\u00eb ndrysh\u00ebm, si pak kush n\u00eb mjedisin ton\u00eb.<\/p>\n<p>Andaj, me rastin e k\u00ebtij numri jubilar, urojm\u00eb q\u00eb dr.Sim\u00eb Dobreci t\u00eb na dhuroj\u00eb edhe numra t\u00eb tjer\u00eb t\u00eb revist\u00ebs, duke vazhduar misionin p\u00ebr ruajtjen e trash\u00ebgimis\u00eb kulturore t\u00eb shqiptar\u00ebve n\u00eb Mal t\u00eb Zi dhe m\u00eb gjer\u00eb.<\/p>\n<p>&nbsp;<\/p>\n<p>Ulqin, m\u00eb 28.12.2013\u00a0\u00a0\u00a0\u00a0\u00a0\u00a0\u00a0\u00a0\u00a0\u00a0\u00a0\u00a0\u00a0\u00a0\u00a0\u00a0\u00a0\u00a0\u00a0\u00a0\u00a0\u00a0\u00a0\u00a0\u00a0\u00a0\u00a0\u00a0\u00a0\u00a0\u00a0\u00a0\u00a0\u00a0\u00a0\u00a0\u00a0\u00a0\u00a0\u00a0\u00a0\u00a0\u00a0\u00a0\u00a0\u00a0\u00a0\u00a0\u00a0\u00a0\u00a0\u00a0\u00a0\u00a0\u00a0\u00a0\u00a0\u00a0\u00a0\u00a0\u00a0\u00a0\u00a0\u00a0\u00a0\u00a0\u00a0\u00a0\u00a0\u00a0\u00a0\u00a0 <b>Dr.Nail\u00a0 Draga <\/b><\/p>\n<p align=\"right\"><i>(Fjala e rastit n\u00eb p\u00ebrurimin e numrit jubilar-40, t\u00eb revist\u00ebs BUZUKU)<\/i><\/p>\n\n\t\t<style type=\"text\/css\">\n\t\t\t#gallery-1 {\n\t\t\t\tmargin: auto;\n\t\t\t}\n\t\t\t#gallery-1 .gallery-item {\n\t\t\t\tfloat: left;\n\t\t\t\tmargin-top: 10px;\n\t\t\t\ttext-align: center;\n\t\t\t\twidth: 33%;\n\t\t\t}\n\t\t\t#gallery-1 img {\n\t\t\t\tborder: 2px solid #cfcfcf;\n\t\t\t}\n\t\t\t#gallery-1 .gallery-caption {\n\t\t\t\tmargin-left: 0;\n\t\t\t}\n\t\t\t\/* see gallery_shortcode() in wp-includes\/media.php *\/\n\t\t<\/style>\n\t\t<div id='gallery-1' class='gallery galleryid-78214 gallery-columns-3 gallery-size-thumbnail'><dl class='gallery-item'>\n\t\t\t<dt class='gallery-icon landscape'>\n\t\t\t\t<a href='https:\/\/www.visit-ulcinj.com\/blog\/2014\/01\/14\/revista-buzuku-arkiv-ne-miniature-foto\/revista-buzuku-perurimi-ulqin-9\/'><img width=\"150\" height=\"150\" src=\"https:\/\/www.visit-ulcinj.com\/blog\/wp-content\/uploads\/2014\/01\/Revista-Buzuku-Perurimi-Ulqin-9-150x150.jpg\" class=\"attachment-thumbnail size-thumbnail\" alt=\"\" loading=\"lazy\" \/><\/a>\n\t\t\t<\/dt><\/dl><dl class='gallery-item'>\n\t\t\t<dt class='gallery-icon landscape'>\n\t\t\t\t<a href='https:\/\/www.visit-ulcinj.com\/blog\/2014\/01\/14\/revista-buzuku-arkiv-ne-miniature-foto\/revista-buzuku-perurimi-ulqin-8\/'><img width=\"150\" height=\"150\" src=\"https:\/\/www.visit-ulcinj.com\/blog\/wp-content\/uploads\/2014\/01\/Revista-Buzuku-Perurimi-Ulqin-8-150x150.jpg\" class=\"attachment-thumbnail size-thumbnail\" alt=\"\" loading=\"lazy\" \/><\/a>\n\t\t\t<\/dt><\/dl><dl class='gallery-item'>\n\t\t\t<dt class='gallery-icon landscape'>\n\t\t\t\t<a href='https:\/\/www.visit-ulcinj.com\/blog\/2014\/01\/14\/revista-buzuku-arkiv-ne-miniature-foto\/revista-buzuku-perurimi-ulqin-7\/'><img width=\"150\" height=\"150\" src=\"https:\/\/www.visit-ulcinj.com\/blog\/wp-content\/uploads\/2014\/01\/Revista-Buzuku-Perurimi-Ulqin-7-150x150.jpg\" class=\"attachment-thumbnail size-thumbnail\" alt=\"\" loading=\"lazy\" \/><\/a>\n\t\t\t<\/dt><\/dl><br style=\"clear: both\" \/><dl class='gallery-item'>\n\t\t\t<dt class='gallery-icon landscape'>\n\t\t\t\t<a href='https:\/\/www.visit-ulcinj.com\/blog\/2014\/01\/14\/revista-buzuku-arkiv-ne-miniature-foto\/revista-buzuku-perurimi-ulqin-6\/'><img width=\"150\" height=\"150\" src=\"https:\/\/www.visit-ulcinj.com\/blog\/wp-content\/uploads\/2014\/01\/Revista-Buzuku-Perurimi-Ulqin-6-150x150.jpg\" class=\"attachment-thumbnail size-thumbnail\" alt=\"\" loading=\"lazy\" \/><\/a>\n\t\t\t<\/dt><\/dl><dl class='gallery-item'>\n\t\t\t<dt class='gallery-icon landscape'>\n\t\t\t\t<a href='https:\/\/www.visit-ulcinj.com\/blog\/2014\/01\/14\/revista-buzuku-arkiv-ne-miniature-foto\/revista-buzuku-perurimi-ulqin-4\/'><img width=\"150\" height=\"150\" src=\"https:\/\/www.visit-ulcinj.com\/blog\/wp-content\/uploads\/2014\/01\/Revista-Buzuku-Perurimi-Ulqin-4-150x150.jpg\" class=\"attachment-thumbnail size-thumbnail\" alt=\"\" loading=\"lazy\" \/><\/a>\n\t\t\t<\/dt><\/dl><dl class='gallery-item'>\n\t\t\t<dt class='gallery-icon landscape'>\n\t\t\t\t<a href='https:\/\/www.visit-ulcinj.com\/blog\/2014\/01\/14\/revista-buzuku-arkiv-ne-miniature-foto\/revista-buzuku-perurimi-ulqin-3\/'><img width=\"150\" height=\"150\" src=\"https:\/\/www.visit-ulcinj.com\/blog\/wp-content\/uploads\/2014\/01\/Revista-Buzuku-Perurimi-Ulqin-3-150x150.jpg\" class=\"attachment-thumbnail size-thumbnail\" alt=\"\" loading=\"lazy\" \/><\/a>\n\t\t\t<\/dt><\/dl><br style=\"clear: both\" \/><dl class='gallery-item'>\n\t\t\t<dt class='gallery-icon landscape'>\n\t\t\t\t<a href='https:\/\/www.visit-ulcinj.com\/blog\/2014\/01\/14\/revista-buzuku-arkiv-ne-miniature-foto\/revista-buzuku-perurimi-ulqin-2\/'><img width=\"150\" height=\"150\" src=\"https:\/\/www.visit-ulcinj.com\/blog\/wp-content\/uploads\/2014\/01\/Revista-Buzuku-Perurimi-Ulqin-2-150x150.jpg\" class=\"attachment-thumbnail size-thumbnail\" alt=\"\" loading=\"lazy\" \/><\/a>\n\t\t\t<\/dt><\/dl><dl class='gallery-item'>\n\t\t\t<dt class='gallery-icon landscape'>\n\t\t\t\t<a href='https:\/\/www.visit-ulcinj.com\/blog\/2014\/01\/14\/revista-buzuku-arkiv-ne-miniature-foto\/revista-buzuku-perurimi-ulqin-1\/'><img width=\"150\" height=\"150\" src=\"https:\/\/www.visit-ulcinj.com\/blog\/wp-content\/uploads\/2014\/01\/Revista-Buzuku-Perurimi-Ulqin-1-150x150.jpg\" class=\"attachment-thumbnail size-thumbnail\" alt=\"\" loading=\"lazy\" \/><\/a>\n\t\t\t<\/dt><\/dl><dl class='gallery-item'>\n\t\t\t<dt class='gallery-icon landscape'>\n\t\t\t\t<a href='https:\/\/www.visit-ulcinj.com\/blog\/2014\/01\/14\/revista-buzuku-arkiv-ne-miniature-foto\/revista-buzuku-perurimi-ulqin-5\/'><img width=\"150\" height=\"150\" src=\"https:\/\/www.visit-ulcinj.com\/blog\/wp-content\/uploads\/2014\/01\/Revista-Buzuku-Perurimi-Ulqin-5-150x150.jpg\" class=\"attachment-thumbnail size-thumbnail\" alt=\"\" loading=\"lazy\" \/><\/a>\n\t\t\t<\/dt><\/dl><br style=\"clear: both\" \/>\n\t\t<\/div>\n\n","protected":false},"excerpt":{"rendered":"<p>Revista BUZUKU, arkiv n\u00eb miniatur\u00eb (me rastin e botimit t\u00eb numrit 40-jubilar) N\u00eb gam\u00ebn e revistave dhe periodikut n\u00eb shqip n\u00eb Mal t\u00eb Zi, n\u00eb periudh\u00ebn e pluralizmit vend t\u00eb r\u00ebnd\u00ebsish\u00ebm z\u00ebn\u00eb edhe revista BUZUKU, ku dit\u00eb m\u00eb par\u00eb doli n\u00eb qarkullim numri jubilar i 40-ti \u00a0m\u00eb radh\u00eb i saj. Numri i par\u00eb revsit\u00ebs BUZUKU [&hellip;]<\/p>\n","protected":false},"author":1,"featured_media":0,"comment_status":"closed","ping_status":"closed","sticky":false,"template":"","format":"standard","meta":{"spay_email":"","jetpack_publicize_message":"","jetpack_is_tweetstorm":false,"jetpack_publicize_feature_enabled":true},"categories":[4],"tags":[],"jetpack_publicize_connections":[],"yoast_head":"<!-- This site is optimized with the Yoast SEO plugin v19.1 - https:\/\/yoast.com\/wordpress\/plugins\/seo\/ -->\n<title>Revista BUZUKU, arkiv n\u00eb miniatur\u00eb + Foto - Lajme nga Ulqini<\/title>\n<meta name=\"description\" content=\"Revista BUZUKU, arkiv n\u00eb miniatur\u00eb (me rastin e botimit t\u00eb numrit 40-jubilar) N\u00eb gam\u00ebn e revistave dhe periodikut n\u00eb shqip n\u00eb Mal t\u00eb Zi, n\u00eb periudh\u00ebn e\" \/>\n<meta name=\"robots\" content=\"index, follow, max-snippet:-1, max-image-preview:large, max-video-preview:-1\" \/>\n<link rel=\"canonical\" href=\"https:\/\/www.visit-ulcinj.com\/blog\/2014\/01\/14\/revista-buzuku-arkiv-ne-miniature-foto\/\" \/>\n<meta property=\"og:locale\" content=\"en_US\" \/>\n<meta property=\"og:type\" content=\"article\" \/>\n<meta property=\"og:title\" content=\"Revista BUZUKU, arkiv n\u00eb miniatur\u00eb + Foto - Lajme nga Ulqini\" \/>\n<meta property=\"og:description\" content=\"Revista BUZUKU, arkiv n\u00eb miniatur\u00eb (me rastin e botimit t\u00eb numrit 40-jubilar) N\u00eb gam\u00ebn e revistave dhe periodikut n\u00eb shqip n\u00eb Mal t\u00eb Zi, n\u00eb periudh\u00ebn e\" \/>\n<meta property=\"og:url\" content=\"https:\/\/www.visit-ulcinj.com\/blog\/2014\/01\/14\/revista-buzuku-arkiv-ne-miniature-foto\/\" \/>\n<meta property=\"og:site_name\" content=\"Lajme nga Ulqini\" \/>\n<meta property=\"article:published_time\" content=\"2014-01-14T14:47:17+00:00\" \/>\n<meta property=\"og:image\" content=\"https:\/\/www.visit-ulcinj.com\/blog\/wp-content\/uploads\/2014\/01\/Revista-Buzuku-Perurimi-Ulqin-9-150x150.jpg\" \/>\n<meta name=\"twitter:label1\" content=\"Written by\" \/>\n\t<meta name=\"twitter:data1\" content=\"ulqini\" \/>\n\t<meta name=\"twitter:label2\" content=\"Est. reading time\" \/>\n\t<meta name=\"twitter:data2\" content=\"3 minutes\" \/>\n<script type=\"application\/ld+json\" class=\"yoast-schema-graph\">{\"@context\":\"https:\/\/schema.org\",\"@graph\":[{\"@type\":\"WebSite\",\"@id\":\"https:\/\/www.visit-ulcinj.com\/blog\/#website\",\"url\":\"https:\/\/www.visit-ulcinj.com\/blog\/\",\"name\":\"Lajme nga Ulqini\",\"description\":\"Lajme,Vijesti,Ulqini,Ulqin,Crna Gora,Mali i Zi\",\"potentialAction\":[{\"@type\":\"SearchAction\",\"target\":{\"@type\":\"EntryPoint\",\"urlTemplate\":\"https:\/\/www.visit-ulcinj.com\/blog\/?s={search_term_string}\"},\"query-input\":\"required name=search_term_string\"}],\"inLanguage\":\"en-US\"},{\"@type\":\"ImageObject\",\"inLanguage\":\"en-US\",\"@id\":\"https:\/\/www.visit-ulcinj.com\/blog\/2014\/01\/14\/revista-buzuku-arkiv-ne-miniature-foto\/#primaryimage\",\"url\":\"https:\/\/www.visit-ulcinj.com\/blog\/wp-content\/uploads\/2014\/01\/Revista-Buzuku-Perurimi-Ulqin.jpg\",\"contentUrl\":\"https:\/\/www.visit-ulcinj.com\/blog\/wp-content\/uploads\/2014\/01\/Revista-Buzuku-Perurimi-Ulqin.jpg\",\"width\":960,\"height\":640},{\"@type\":\"WebPage\",\"@id\":\"https:\/\/www.visit-ulcinj.com\/blog\/2014\/01\/14\/revista-buzuku-arkiv-ne-miniature-foto\/#webpage\",\"url\":\"https:\/\/www.visit-ulcinj.com\/blog\/2014\/01\/14\/revista-buzuku-arkiv-ne-miniature-foto\/\",\"name\":\"Revista BUZUKU, arkiv n\u00eb miniatur\u00eb + Foto - Lajme nga Ulqini\",\"isPartOf\":{\"@id\":\"https:\/\/www.visit-ulcinj.com\/blog\/#website\"},\"primaryImageOfPage\":{\"@id\":\"https:\/\/www.visit-ulcinj.com\/blog\/2014\/01\/14\/revista-buzuku-arkiv-ne-miniature-foto\/#primaryimage\"},\"datePublished\":\"2014-01-14T14:47:17+00:00\",\"dateModified\":\"2014-01-14T14:47:17+00:00\",\"author\":{\"@id\":\"https:\/\/www.visit-ulcinj.com\/blog\/#\/schema\/person\/dcab619c614d3038751c63bc2aadc06d\"},\"description\":\"Revista BUZUKU, arkiv n\u00eb miniatur\u00eb (me rastin e botimit t\u00eb numrit 40-jubilar) N\u00eb gam\u00ebn e revistave dhe periodikut n\u00eb shqip n\u00eb Mal t\u00eb Zi, n\u00eb periudh\u00ebn e\",\"breadcrumb\":{\"@id\":\"https:\/\/www.visit-ulcinj.com\/blog\/2014\/01\/14\/revista-buzuku-arkiv-ne-miniature-foto\/#breadcrumb\"},\"inLanguage\":\"en-US\",\"potentialAction\":[{\"@type\":\"ReadAction\",\"target\":[\"https:\/\/www.visit-ulcinj.com\/blog\/2014\/01\/14\/revista-buzuku-arkiv-ne-miniature-foto\/\"]}]},{\"@type\":\"BreadcrumbList\",\"@id\":\"https:\/\/www.visit-ulcinj.com\/blog\/2014\/01\/14\/revista-buzuku-arkiv-ne-miniature-foto\/#breadcrumb\",\"itemListElement\":[{\"@type\":\"ListItem\",\"position\":1,\"name\":\"Revista BUZUKU, arkiv n\u00eb miniatur\u00eb + Foto\"}]},{\"@type\":\"Person\",\"@id\":\"https:\/\/www.visit-ulcinj.com\/blog\/#\/schema\/person\/dcab619c614d3038751c63bc2aadc06d\",\"name\":\"ulqini\",\"sameAs\":[\"http:\/\/www.visit-ulcinj.com\"],\"url\":\"https:\/\/www.visit-ulcinj.com\/blog\/author\/admin\/\"}]}<\/script>\n<!-- \/ Yoast SEO plugin. -->","yoast_head_json":{"title":"Revista BUZUKU, arkiv n\u00eb miniatur\u00eb + Foto - Lajme nga Ulqini","description":"Revista BUZUKU, arkiv n\u00eb miniatur\u00eb (me rastin e botimit t\u00eb numrit 40-jubilar) N\u00eb gam\u00ebn e revistave dhe periodikut n\u00eb shqip n\u00eb Mal t\u00eb Zi, n\u00eb periudh\u00ebn e","robots":{"index":"index","follow":"follow","max-snippet":"max-snippet:-1","max-image-preview":"max-image-preview:large","max-video-preview":"max-video-preview:-1"},"canonical":"https:\/\/www.visit-ulcinj.com\/blog\/2014\/01\/14\/revista-buzuku-arkiv-ne-miniature-foto\/","og_locale":"en_US","og_type":"article","og_title":"Revista BUZUKU, arkiv n\u00eb miniatur\u00eb + Foto - Lajme nga Ulqini","og_description":"Revista BUZUKU, arkiv n\u00eb miniatur\u00eb (me rastin e botimit t\u00eb numrit 40-jubilar) N\u00eb gam\u00ebn e revistave dhe periodikut n\u00eb shqip n\u00eb Mal t\u00eb Zi, n\u00eb periudh\u00ebn e","og_url":"https:\/\/www.visit-ulcinj.com\/blog\/2014\/01\/14\/revista-buzuku-arkiv-ne-miniature-foto\/","og_site_name":"Lajme nga Ulqini","article_published_time":"2014-01-14T14:47:17+00:00","og_image":[{"url":"https:\/\/www.visit-ulcinj.com\/blog\/wp-content\/uploads\/2014\/01\/Revista-Buzuku-Perurimi-Ulqin-9-150x150.jpg"}],"twitter_misc":{"Written by":"ulqini","Est. reading time":"3 minutes"},"schema":{"@context":"https:\/\/schema.org","@graph":[{"@type":"WebSite","@id":"https:\/\/www.visit-ulcinj.com\/blog\/#website","url":"https:\/\/www.visit-ulcinj.com\/blog\/","name":"Lajme nga Ulqini","description":"Lajme,Vijesti,Ulqini,Ulqin,Crna Gora,Mali i Zi","potentialAction":[{"@type":"SearchAction","target":{"@type":"EntryPoint","urlTemplate":"https:\/\/www.visit-ulcinj.com\/blog\/?s={search_term_string}"},"query-input":"required name=search_term_string"}],"inLanguage":"en-US"},{"@type":"ImageObject","inLanguage":"en-US","@id":"https:\/\/www.visit-ulcinj.com\/blog\/2014\/01\/14\/revista-buzuku-arkiv-ne-miniature-foto\/#primaryimage","url":"https:\/\/www.visit-ulcinj.com\/blog\/wp-content\/uploads\/2014\/01\/Revista-Buzuku-Perurimi-Ulqin.jpg","contentUrl":"https:\/\/www.visit-ulcinj.com\/blog\/wp-content\/uploads\/2014\/01\/Revista-Buzuku-Perurimi-Ulqin.jpg","width":960,"height":640},{"@type":"WebPage","@id":"https:\/\/www.visit-ulcinj.com\/blog\/2014\/01\/14\/revista-buzuku-arkiv-ne-miniature-foto\/#webpage","url":"https:\/\/www.visit-ulcinj.com\/blog\/2014\/01\/14\/revista-buzuku-arkiv-ne-miniature-foto\/","name":"Revista BUZUKU, arkiv n\u00eb miniatur\u00eb + Foto - Lajme nga Ulqini","isPartOf":{"@id":"https:\/\/www.visit-ulcinj.com\/blog\/#website"},"primaryImageOfPage":{"@id":"https:\/\/www.visit-ulcinj.com\/blog\/2014\/01\/14\/revista-buzuku-arkiv-ne-miniature-foto\/#primaryimage"},"datePublished":"2014-01-14T14:47:17+00:00","dateModified":"2014-01-14T14:47:17+00:00","author":{"@id":"https:\/\/www.visit-ulcinj.com\/blog\/#\/schema\/person\/dcab619c614d3038751c63bc2aadc06d"},"description":"Revista BUZUKU, arkiv n\u00eb miniatur\u00eb (me rastin e botimit t\u00eb numrit 40-jubilar) N\u00eb gam\u00ebn e revistave dhe periodikut n\u00eb shqip n\u00eb Mal t\u00eb Zi, n\u00eb periudh\u00ebn e","breadcrumb":{"@id":"https:\/\/www.visit-ulcinj.com\/blog\/2014\/01\/14\/revista-buzuku-arkiv-ne-miniature-foto\/#breadcrumb"},"inLanguage":"en-US","potentialAction":[{"@type":"ReadAction","target":["https:\/\/www.visit-ulcinj.com\/blog\/2014\/01\/14\/revista-buzuku-arkiv-ne-miniature-foto\/"]}]},{"@type":"BreadcrumbList","@id":"https:\/\/www.visit-ulcinj.com\/blog\/2014\/01\/14\/revista-buzuku-arkiv-ne-miniature-foto\/#breadcrumb","itemListElement":[{"@type":"ListItem","position":1,"name":"Revista BUZUKU, arkiv n\u00eb miniatur\u00eb + Foto"}]},{"@type":"Person","@id":"https:\/\/www.visit-ulcinj.com\/blog\/#\/schema\/person\/dcab619c614d3038751c63bc2aadc06d","name":"ulqini","sameAs":["http:\/\/www.visit-ulcinj.com"],"url":"https:\/\/www.visit-ulcinj.com\/blog\/author\/admin\/"}]}},"jetpack_featured_media_url":"","jetpack_sharing_enabled":true,"jetpack_shortlink":"https:\/\/wp.me\/pe6lTn-klw","_links":{"self":[{"href":"https:\/\/www.visit-ulcinj.com\/blog\/wp-json\/wp\/v2\/posts\/78214"}],"collection":[{"href":"https:\/\/www.visit-ulcinj.com\/blog\/wp-json\/wp\/v2\/posts"}],"about":[{"href":"https:\/\/www.visit-ulcinj.com\/blog\/wp-json\/wp\/v2\/types\/post"}],"author":[{"embeddable":true,"href":"https:\/\/www.visit-ulcinj.com\/blog\/wp-json\/wp\/v2\/users\/1"}],"replies":[{"embeddable":true,"href":"https:\/\/www.visit-ulcinj.com\/blog\/wp-json\/wp\/v2\/comments?post=78214"}],"version-history":[{"count":1,"href":"https:\/\/www.visit-ulcinj.com\/blog\/wp-json\/wp\/v2\/posts\/78214\/revisions"}],"predecessor-version":[{"id":78226,"href":"https:\/\/www.visit-ulcinj.com\/blog\/wp-json\/wp\/v2\/posts\/78214\/revisions\/78226"}],"wp:attachment":[{"href":"https:\/\/www.visit-ulcinj.com\/blog\/wp-json\/wp\/v2\/media?parent=78214"}],"wp:term":[{"taxonomy":"category","embeddable":true,"href":"https:\/\/www.visit-ulcinj.com\/blog\/wp-json\/wp\/v2\/categories?post=78214"},{"taxonomy":"post_tag","embeddable":true,"href":"https:\/\/www.visit-ulcinj.com\/blog\/wp-json\/wp\/v2\/tags?post=78214"}],"curies":[{"name":"wp","href":"https:\/\/api.w.org\/{rel}","templated":true}]}}