{"id":78230,"date":"2014-01-14T18:38:47","date_gmt":"2014-01-14T17:38:47","guid":{"rendered":"http:\/\/www.visit-ulcinj.com\/blog\/?p=78230"},"modified":"2014-01-14T18:39:53","modified_gmt":"2014-01-14T17:39:53","slug":"izjava-prim-dr-milana-rolovica-liste-df-za-ulcinj-svih-nas","status":"publish","type":"post","link":"https:\/\/www.visit-ulcinj.com\/blog\/2014\/01\/14\/izjava-prim-dr-milana-rolovica-liste-df-za-ulcinj-svih-nas\/","title":{"rendered":"Izjava prim. dr Milana Rolovi\u0107a liste DF &#8211; Za Ulcinj svih nas"},"content":{"rendered":"<p><a href=\"http:\/\/www.visit-ulcinj.com\/blog\/wp-content\/uploads\/2014\/01\/Dr-Milan-Rolovic-Demokratski-Front-Ulcinj.jpg\"><img loading=\"lazy\" class=\"alignleft  wp-image-78134\" alt=\"Dr-Milan-Rolovic-Demokratski-Front-Ulcinj\" src=\"http:\/\/www.visit-ulcinj.com\/blog\/wp-content\/uploads\/2014\/01\/Dr-Milan-Rolovic-Demokratski-Front-Ulcinj.jpg\" width=\"508\" height=\"360\" \/><\/a>Program na\u0161e partije sastoji se iz 13 djelova i to: socijalna politika, mladi, gra\u0111ani tre\u0107e dobi, lica sa invaliditetom, obrazovanje, sport,odgovorna I efikasna samouprava-srevis gra\u0111ana,planiranje I ure\u0111enje prostora, infastruktura, vodosnadbijevanje I saobra\u010daj, privredni razvoj, turizam,poljeprivreda lov I ribolov, regionalna saradnja.<\/p>\n<p>&nbsp;<\/p>\n<p>Na\u0161 program obuhvata kapitalne investicije kao i one koje nisu investiciono zahtjevne, a vrlo su va\u017ene za funkcionisanje grada i mogu se rije\u0161iti u najkra\u0107em mogu\u0107em roku. Od kapitalnih investicija posebno smo se bazirali na izgradnji kanalizacione mre\u017ee u podru\u010dijima gdje je nema, a znatno ometa razvoj turizma i ostalih privrednih grana i predstavlja svojevrsnu ekolo\u0161ku bombu. Re\u0161avanje problema otpadnih voda u gradskim i prigradskim naseljima, \u010di\u0161\u0107enje i probijanje kanala Port Milena, saniranje\u00a0 drugih ekolo\u0161kih crnih ta\u010daka. Izgradnja kapele na groblju ispod Starog Grada, pripremu planske dokumentacije za izgradnju sportske sale, koja \u0107e biti stavljena i u funkciju razvoja turizma. U kapitalne investicije smo uvrstili i pro\u0161irenje parking prostora, modernizacija i sanacija lokalnih puteva, izgradnja biciklisti\u010dkih i pje\u0161e\u010dkih staza kao i obezbje\u0111enje novog prostora za taxi stajali\u0161ta. Od manje zahtjevnih investicija planirali smo pripremu I asfaltiranje puta iza ribarskih ku\u0107ica od mosta do u\u0161\u0107a sa obe strane Bojane.Zalozicemo se da se U \u00a0okolini \u0161kola uklone\u00a0\u00a0 automati za igre na sre\u0107u I zabrani to\u010denje alkohola. Organizovati biciklisti\u010dke punktove na vi\u0161e mjesta na podru\u010dju op\u0161tine po ugledu na Tivat. U starom graduda se \u00a0ukllone bijele fasade, eloksir sa pojedinih objekata, rekonstruisati kaldrmu ,investitora\u00a0 nezavr\u0161enog objekta\u00a0 primorati da sa ju\u017ene strane objekta postavi kamenu fasadu, premjestiti ili ukloniti konstrukciju lifta. Otvaranje ambulante\u00a0 u \u0161toju sa 24h radnim vremenom, \u00a0besplatnu pravnu pomo\u010d, \u00a0organizovati I kuhinju sa dva obroka za lica koja su u socijanoj potrebi, ukloniti kontejenre sa kolovoza I neadekvatno postavljene prepreke na putu\u00a0 itd.<\/p>\n<p>&nbsp;<\/p>\n<p>Dalji razvoj grada vidimo isklju\u010divo na valorizaciji prirodnih potencijala koje imamo, a koji nisu na adekvatan i kvalitetan na\u010din stavljeni u pravu funkciju. Priroda nam je dala prekrasnu morsku obalu i idealnu klimu za razvoj turizma kao vode\u0107e privredne grane op\u0161tine Ulcinj. Idealna klima nam je omogu\u0107ila da zajedno sa razvojem turizma i u istom intezitetu razvijamo i poljoprivredu kao jako komplementarnu granu. Vo\u0107arstvo je jedan od prioriteta koji \u0107emo forsirati kada je poljoprivreda u pitanju. Osim poljoprivrede, sto\u010darstvo bi moglo da bude jedan od vode\u0107ih razvojnih projekata na seoskom podru\u010diju. Sve ovo komplementira sa turizmom i smanjuje potrebu za odlivom novca van na\u0161e op\u0161tine, a paralelno sa tim zapo\u0161ljava ljude i pobolj\u0161ava socijalnu sliku koja predstavlja posebno interesovanje na\u0161e partije u programu na predstoje\u0107im izborima. More nam daje jo\u0161 jedno blago, a to je so koja treba da se, kroz pokretanje proizvodnje i sanaciju solane, na\u0111e na trpezama svih doma\u0107instava kod nas i u regionu. Bazeni solane nam daju veoma bogad pti\u010diji fond, a to opet komplementira sa turizmom i sve u krug do \u00a0razvijenije privrede i vece stope zaposlenosti sto je &#8220;rak rana&#8221; na\u0161e cijele dr\u017eave. Imamo veliku mogu\u0107nos organiotzovanog izlova ribe, ali za lov I ribolov kao I poljeprivredu \u00a0treba OFORMITI SEKRETARIJAT\u00a0 pri op\u0161tini koji bi koordinirao sve\u00a0 akcije naro\u010dito u pomo\u0107i oko realizacije kori\u0161tenja Fondova EU I anaga\u017eovanja u sortiranju pakovanju I plasiranju proizvoda konkretno maslinovog ulja, agruma i ribe \u00a0itd.<\/p>\n<p>&nbsp;<\/p>\n<p><strong>\u00a0 \u00a0Za ovo nam trebaju \u00a0stru\u010dnjaci, iz zemlje i inostranstva\u00a0 koji su razvili sli\u010dne op\u0161tine sa indenti\u010dnim prirodnim resursima. Mi smo u DF ve\u0107 sa njima razgovarali i jako su voljni da pomognu savjetodavno kao i u nala\u017eenju investitora za ove projekte. Spremni su \u010dak i da nekoliko godina borave kao savjetnici u na\u0161oj op\u0161tini \u00a0sve dok \u00a0ne osjetimo pobolj\u0161anje i dok se ne is\u0161koluju na\u0161i kadrovi.<\/strong><\/p>\n<p><strong>\u00a0<\/strong><\/p>\n<p><strong>\u00a0 Za nas gra\u0111ani treba da glasaju jer smo kvalitetnim i za na\u0161e prilike jako neobi\u010dnim programom, vrlo jednostavno i svakom dostupno objasnili kako se domino efektom mo\u017ee za nekoliko godina do\u0107i do brzog razvoja, koji opet povla\u010di za sobom zapo\u0161ljavanje i stvara bolju socijalnu kartu. \u00a0<\/strong><\/p>\n<p>&nbsp;<\/p>\n<p>Kampanju baziramo na humanitarnim aktivnostima, kao \u0161to smo se uvjek trudili, da ovom gradu i na\u0161im prijateljima, kom\u0161ijama pru\u017eimo ruku pomo\u0107i i podr\u0161ke u o\u010duvanja tradicionalnih vrijednosti koje su oni uvijek znali prepoznati i prihvatiti.<\/p>\n<p><strong>\u00a0 Na\u0161u PROMOCIJU PROGRAMA baziramo na neposrednom informisanju gra\u0111ana o \u010dinjenicama presudnim za njihov kvalitetan \u017eivot u ovom gradu.Nema ovaj osiroma\u0161eni narod potrebu da mu se smje\u0161imo sa upadljivih bilborda, TV spotova uz pjesmu i igru, ve\u0107 taj novac anga\u017eujemo u humanitarne svrhe.<\/strong><\/p>\n<p><strong>Na\u0161i promoteri su ljudi koji \u010dine na\u0161 tim, prepoznati u ovom gradu kao \u010desititi i odgovorni gra\u0111ani, prijatelji, kom\u0161ije. Prepoznati po \u00a0po\u0161tenom\u00a0 na\u010dinu \u017eivljenja i poslu koji savjesno obavljaju, a nisu profesionlano vezani za politiku, kao \u0161to nije ni nosilac ove liste.<\/strong><\/p>\n<p>&nbsp;<\/p>\n<p>Sama \u010dinjenica da je do\u0161lo do vanrednih izbora govori o politi\u010dkoj situaciji i poziciji ovog grada koji je doveden pred kolaps svake vrste: politi\u010dki, ekonomski, socijalni&#8230; Umjesto re\u0161avanja svih nagomilanih problema mi \u00a0danas, na djelu imamo \u00a0dalje produbljivanje problema tako \u0161to DPS koristi dr\u017eavne resurse za svoje potrebe, slu\u017ee\u0107i se la\u017enim obe\u0107anjima i obmanama svake vrste \u00a0ti se problemi produbljuju svakim danom sve vi\u0161e.<\/p>\n<p><strong>Na\u0161i eventualni budu\u0107i koalicioni partneri su sve partije koje \u010dine ljudi dobre volje spremni da pomognu ovom gradu da iza\u0111e iz za\u010daranog kruga, a \u010diji program nije u suprotnosti sa fundamentalnim stavovima Demokratskog Fronta Ulcinj.\u00a0Takvi partneri sasvim sigurno i jedino nisu oni koji su nas doveli u ovakvu poziciju &#8211; DPS. Tu se ne radi o personalnom animozitetu ve\u0107 o politi\u010dkom djelovanju koje je isisalo\u00a0 resurse Ulcinja i Crne Gore.Prevo\u0111enje DPS-a u opoziciju pomogli bi i njihovoj partiji i funkcionerima da se demokratizuju i postanu bolji.<\/strong><\/p>\n<p><strong>Izvor: Demokratski Front Ulcinj<\/strong><\/p>\n<p>&nbsp;<\/p>\n","protected":false},"excerpt":{"rendered":"<p>Program na\u0161e partije sastoji se iz 13 djelova i to: socijalna politika, mladi, gra\u0111ani tre\u0107e dobi, lica sa invaliditetom, obrazovanje, sport,odgovorna I efikasna samouprava-srevis gra\u0111ana,planiranje I ure\u0111enje prostora, infastruktura, vodosnadbijevanje I saobra\u010daj, privredni razvoj, turizam,poljeprivreda lov I ribolov, regionalna saradnja. &nbsp; Na\u0161 program obuhvata kapitalne investicije kao i one koje nisu investiciono zahtjevne, a vrlo [&hellip;]<\/p>\n","protected":false},"author":1,"featured_media":0,"comment_status":"closed","ping_status":"closed","sticky":false,"template":"","format":"standard","meta":{"spay_email":"","jetpack_publicize_message":"","jetpack_is_tweetstorm":false,"jetpack_publicize_feature_enabled":true},"categories":[8337],"tags":[],"jetpack_publicize_connections":[],"yoast_head":"<!-- This site is optimized with the Yoast SEO plugin v19.1 - https:\/\/yoast.com\/wordpress\/plugins\/seo\/ -->\n<title>Izjava prim. dr Milana Rolovi\u0107a liste DF - Za Ulcinj svih nas - Lajme nga Ulqini<\/title>\n<meta name=\"description\" content=\"Program na\u0161e partije sastoji se iz 13 djelova i to: socijalna politika, mladi, gra\u0111ani tre\u0107e dobi, lica sa invaliditetom, obrazovanje, sport,odgovorna I\" \/>\n<meta name=\"robots\" content=\"index, follow, max-snippet:-1, max-image-preview:large, max-video-preview:-1\" \/>\n<link rel=\"canonical\" href=\"https:\/\/www.visit-ulcinj.com\/blog\/2014\/01\/14\/izjava-prim-dr-milana-rolovica-liste-df-za-ulcinj-svih-nas\/\" \/>\n<meta property=\"og:locale\" content=\"en_US\" \/>\n<meta property=\"og:type\" content=\"article\" \/>\n<meta property=\"og:title\" content=\"Izjava prim. dr Milana Rolovi\u0107a liste DF - Za Ulcinj svih nas - Lajme nga Ulqini\" \/>\n<meta property=\"og:description\" content=\"Program na\u0161e partije sastoji se iz 13 djelova i to: socijalna politika, mladi, gra\u0111ani tre\u0107e dobi, lica sa invaliditetom, obrazovanje, sport,odgovorna I\" \/>\n<meta property=\"og:url\" content=\"https:\/\/www.visit-ulcinj.com\/blog\/2014\/01\/14\/izjava-prim-dr-milana-rolovica-liste-df-za-ulcinj-svih-nas\/\" \/>\n<meta property=\"og:site_name\" content=\"Lajme nga Ulqini\" \/>\n<meta property=\"article:published_time\" content=\"2014-01-14T17:38:47+00:00\" \/>\n<meta property=\"article:modified_time\" content=\"2014-01-14T17:39:53+00:00\" \/>\n<meta property=\"og:image\" content=\"http:\/\/www.visit-ulcinj.com\/blog\/wp-content\/uploads\/2014\/01\/Dr-Milan-Rolovic-Demokratski-Front-Ulcinj.jpg\" \/>\n<meta name=\"twitter:label1\" content=\"Written by\" \/>\n\t<meta name=\"twitter:data1\" content=\"ulqini\" \/>\n\t<meta name=\"twitter:label2\" content=\"Est. reading time\" \/>\n\t<meta name=\"twitter:data2\" content=\"5 minutes\" \/>\n<script type=\"application\/ld+json\" class=\"yoast-schema-graph\">{\"@context\":\"https:\/\/schema.org\",\"@graph\":[{\"@type\":\"WebSite\",\"@id\":\"https:\/\/www.visit-ulcinj.com\/blog\/#website\",\"url\":\"https:\/\/www.visit-ulcinj.com\/blog\/\",\"name\":\"Lajme nga Ulqini\",\"description\":\"Lajme,Vijesti,Ulqini,Ulqin,Crna Gora,Mali i Zi\",\"potentialAction\":[{\"@type\":\"SearchAction\",\"target\":{\"@type\":\"EntryPoint\",\"urlTemplate\":\"https:\/\/www.visit-ulcinj.com\/blog\/?s={search_term_string}\"},\"query-input\":\"required name=search_term_string\"}],\"inLanguage\":\"en-US\"},{\"@type\":\"ImageObject\",\"inLanguage\":\"en-US\",\"@id\":\"https:\/\/www.visit-ulcinj.com\/blog\/2014\/01\/14\/izjava-prim-dr-milana-rolovica-liste-df-za-ulcinj-svih-nas\/#primaryimage\",\"url\":\"https:\/\/www.visit-ulcinj.com\/blog\/wp-content\/uploads\/2014\/01\/Dr-Milan-Rolovic-Demokratski-Front-Ulcinj.jpg\",\"contentUrl\":\"https:\/\/www.visit-ulcinj.com\/blog\/wp-content\/uploads\/2014\/01\/Dr-Milan-Rolovic-Demokratski-Front-Ulcinj.jpg\",\"width\":625,\"height\":581},{\"@type\":\"WebPage\",\"@id\":\"https:\/\/www.visit-ulcinj.com\/blog\/2014\/01\/14\/izjava-prim-dr-milana-rolovica-liste-df-za-ulcinj-svih-nas\/#webpage\",\"url\":\"https:\/\/www.visit-ulcinj.com\/blog\/2014\/01\/14\/izjava-prim-dr-milana-rolovica-liste-df-za-ulcinj-svih-nas\/\",\"name\":\"Izjava prim. dr Milana Rolovi\u0107a liste DF - Za Ulcinj svih nas - Lajme nga Ulqini\",\"isPartOf\":{\"@id\":\"https:\/\/www.visit-ulcinj.com\/blog\/#website\"},\"primaryImageOfPage\":{\"@id\":\"https:\/\/www.visit-ulcinj.com\/blog\/2014\/01\/14\/izjava-prim-dr-milana-rolovica-liste-df-za-ulcinj-svih-nas\/#primaryimage\"},\"datePublished\":\"2014-01-14T17:38:47+00:00\",\"dateModified\":\"2014-01-14T17:39:53+00:00\",\"author\":{\"@id\":\"https:\/\/www.visit-ulcinj.com\/blog\/#\/schema\/person\/dcab619c614d3038751c63bc2aadc06d\"},\"description\":\"Program na\u0161e partije sastoji se iz 13 djelova i to: socijalna politika, mladi, gra\u0111ani tre\u0107e dobi, lica sa invaliditetom, obrazovanje, sport,odgovorna I\",\"breadcrumb\":{\"@id\":\"https:\/\/www.visit-ulcinj.com\/blog\/2014\/01\/14\/izjava-prim-dr-milana-rolovica-liste-df-za-ulcinj-svih-nas\/#breadcrumb\"},\"inLanguage\":\"en-US\",\"potentialAction\":[{\"@type\":\"ReadAction\",\"target\":[\"https:\/\/www.visit-ulcinj.com\/blog\/2014\/01\/14\/izjava-prim-dr-milana-rolovica-liste-df-za-ulcinj-svih-nas\/\"]}]},{\"@type\":\"BreadcrumbList\",\"@id\":\"https:\/\/www.visit-ulcinj.com\/blog\/2014\/01\/14\/izjava-prim-dr-milana-rolovica-liste-df-za-ulcinj-svih-nas\/#breadcrumb\",\"itemListElement\":[{\"@type\":\"ListItem\",\"position\":1,\"name\":\"Izjava prim. dr Milana Rolovi\u0107a liste DF &#8211; Za Ulcinj svih nas\"}]},{\"@type\":\"Person\",\"@id\":\"https:\/\/www.visit-ulcinj.com\/blog\/#\/schema\/person\/dcab619c614d3038751c63bc2aadc06d\",\"name\":\"ulqini\",\"sameAs\":[\"http:\/\/www.visit-ulcinj.com\"],\"url\":\"https:\/\/www.visit-ulcinj.com\/blog\/author\/admin\/\"}]}<\/script>\n<!-- \/ Yoast SEO plugin. -->","yoast_head_json":{"title":"Izjava prim. dr Milana Rolovi\u0107a liste DF - Za Ulcinj svih nas - Lajme nga Ulqini","description":"Program na\u0161e partije sastoji se iz 13 djelova i to: socijalna politika, mladi, gra\u0111ani tre\u0107e dobi, lica sa invaliditetom, obrazovanje, sport,odgovorna I","robots":{"index":"index","follow":"follow","max-snippet":"max-snippet:-1","max-image-preview":"max-image-preview:large","max-video-preview":"max-video-preview:-1"},"canonical":"https:\/\/www.visit-ulcinj.com\/blog\/2014\/01\/14\/izjava-prim-dr-milana-rolovica-liste-df-za-ulcinj-svih-nas\/","og_locale":"en_US","og_type":"article","og_title":"Izjava prim. dr Milana Rolovi\u0107a liste DF - Za Ulcinj svih nas - Lajme nga Ulqini","og_description":"Program na\u0161e partije sastoji se iz 13 djelova i to: socijalna politika, mladi, gra\u0111ani tre\u0107e dobi, lica sa invaliditetom, obrazovanje, sport,odgovorna I","og_url":"https:\/\/www.visit-ulcinj.com\/blog\/2014\/01\/14\/izjava-prim-dr-milana-rolovica-liste-df-za-ulcinj-svih-nas\/","og_site_name":"Lajme nga Ulqini","article_published_time":"2014-01-14T17:38:47+00:00","article_modified_time":"2014-01-14T17:39:53+00:00","og_image":[{"url":"http:\/\/www.visit-ulcinj.com\/blog\/wp-content\/uploads\/2014\/01\/Dr-Milan-Rolovic-Demokratski-Front-Ulcinj.jpg"}],"twitter_misc":{"Written by":"ulqini","Est. reading time":"5 minutes"},"schema":{"@context":"https:\/\/schema.org","@graph":[{"@type":"WebSite","@id":"https:\/\/www.visit-ulcinj.com\/blog\/#website","url":"https:\/\/www.visit-ulcinj.com\/blog\/","name":"Lajme nga Ulqini","description":"Lajme,Vijesti,Ulqini,Ulqin,Crna Gora,Mali i Zi","potentialAction":[{"@type":"SearchAction","target":{"@type":"EntryPoint","urlTemplate":"https:\/\/www.visit-ulcinj.com\/blog\/?s={search_term_string}"},"query-input":"required name=search_term_string"}],"inLanguage":"en-US"},{"@type":"ImageObject","inLanguage":"en-US","@id":"https:\/\/www.visit-ulcinj.com\/blog\/2014\/01\/14\/izjava-prim-dr-milana-rolovica-liste-df-za-ulcinj-svih-nas\/#primaryimage","url":"https:\/\/www.visit-ulcinj.com\/blog\/wp-content\/uploads\/2014\/01\/Dr-Milan-Rolovic-Demokratski-Front-Ulcinj.jpg","contentUrl":"https:\/\/www.visit-ulcinj.com\/blog\/wp-content\/uploads\/2014\/01\/Dr-Milan-Rolovic-Demokratski-Front-Ulcinj.jpg","width":625,"height":581},{"@type":"WebPage","@id":"https:\/\/www.visit-ulcinj.com\/blog\/2014\/01\/14\/izjava-prim-dr-milana-rolovica-liste-df-za-ulcinj-svih-nas\/#webpage","url":"https:\/\/www.visit-ulcinj.com\/blog\/2014\/01\/14\/izjava-prim-dr-milana-rolovica-liste-df-za-ulcinj-svih-nas\/","name":"Izjava prim. dr Milana Rolovi\u0107a liste DF - Za Ulcinj svih nas - Lajme nga Ulqini","isPartOf":{"@id":"https:\/\/www.visit-ulcinj.com\/blog\/#website"},"primaryImageOfPage":{"@id":"https:\/\/www.visit-ulcinj.com\/blog\/2014\/01\/14\/izjava-prim-dr-milana-rolovica-liste-df-za-ulcinj-svih-nas\/#primaryimage"},"datePublished":"2014-01-14T17:38:47+00:00","dateModified":"2014-01-14T17:39:53+00:00","author":{"@id":"https:\/\/www.visit-ulcinj.com\/blog\/#\/schema\/person\/dcab619c614d3038751c63bc2aadc06d"},"description":"Program na\u0161e partije sastoji se iz 13 djelova i to: socijalna politika, mladi, gra\u0111ani tre\u0107e dobi, lica sa invaliditetom, obrazovanje, sport,odgovorna I","breadcrumb":{"@id":"https:\/\/www.visit-ulcinj.com\/blog\/2014\/01\/14\/izjava-prim-dr-milana-rolovica-liste-df-za-ulcinj-svih-nas\/#breadcrumb"},"inLanguage":"en-US","potentialAction":[{"@type":"ReadAction","target":["https:\/\/www.visit-ulcinj.com\/blog\/2014\/01\/14\/izjava-prim-dr-milana-rolovica-liste-df-za-ulcinj-svih-nas\/"]}]},{"@type":"BreadcrumbList","@id":"https:\/\/www.visit-ulcinj.com\/blog\/2014\/01\/14\/izjava-prim-dr-milana-rolovica-liste-df-za-ulcinj-svih-nas\/#breadcrumb","itemListElement":[{"@type":"ListItem","position":1,"name":"Izjava prim. dr Milana Rolovi\u0107a liste DF &#8211; Za Ulcinj svih nas"}]},{"@type":"Person","@id":"https:\/\/www.visit-ulcinj.com\/blog\/#\/schema\/person\/dcab619c614d3038751c63bc2aadc06d","name":"ulqini","sameAs":["http:\/\/www.visit-ulcinj.com"],"url":"https:\/\/www.visit-ulcinj.com\/blog\/author\/admin\/"}]}},"jetpack_featured_media_url":"","jetpack_sharing_enabled":true,"jetpack_shortlink":"https:\/\/wp.me\/pe6lTn-klM","_links":{"self":[{"href":"https:\/\/www.visit-ulcinj.com\/blog\/wp-json\/wp\/v2\/posts\/78230"}],"collection":[{"href":"https:\/\/www.visit-ulcinj.com\/blog\/wp-json\/wp\/v2\/posts"}],"about":[{"href":"https:\/\/www.visit-ulcinj.com\/blog\/wp-json\/wp\/v2\/types\/post"}],"author":[{"embeddable":true,"href":"https:\/\/www.visit-ulcinj.com\/blog\/wp-json\/wp\/v2\/users\/1"}],"replies":[{"embeddable":true,"href":"https:\/\/www.visit-ulcinj.com\/blog\/wp-json\/wp\/v2\/comments?post=78230"}],"version-history":[{"count":2,"href":"https:\/\/www.visit-ulcinj.com\/blog\/wp-json\/wp\/v2\/posts\/78230\/revisions"}],"predecessor-version":[{"id":78232,"href":"https:\/\/www.visit-ulcinj.com\/blog\/wp-json\/wp\/v2\/posts\/78230\/revisions\/78232"}],"wp:attachment":[{"href":"https:\/\/www.visit-ulcinj.com\/blog\/wp-json\/wp\/v2\/media?parent=78230"}],"wp:term":[{"taxonomy":"category","embeddable":true,"href":"https:\/\/www.visit-ulcinj.com\/blog\/wp-json\/wp\/v2\/categories?post=78230"},{"taxonomy":"post_tag","embeddable":true,"href":"https:\/\/www.visit-ulcinj.com\/blog\/wp-json\/wp\/v2\/tags?post=78230"}],"curies":[{"name":"wp","href":"https:\/\/api.w.org\/{rel}","templated":true}]}}