{"id":78236,"date":"2014-01-15T08:55:55","date_gmt":"2014-01-15T07:55:55","guid":{"rendered":"http:\/\/www.visit-ulcinj.com\/blog\/?p=78236"},"modified":"2014-01-15T08:55:55","modified_gmt":"2014-01-15T07:55:55","slug":"strajk-u-radio-televiziji-ulcinj","status":"publish","type":"post","link":"https:\/\/www.visit-ulcinj.com\/blog\/2014\/01\/15\/strajk-u-radio-televiziji-ulcinj\/","title":{"rendered":"\u0160trajk u Radio-televiziji Ulcinj"},"content":{"rendered":"<p><strong><a href=\"http:\/\/www.visit-ulcinj.com\/blog\/wp-content\/uploads\/2014\/01\/Muzafer-Beljo-Causi.jpg\"><img loading=\"lazy\" class=\"alignleft  wp-image-78237\" alt=\"Muzafer Beljo Causi\" src=\"http:\/\/www.visit-ulcinj.com\/blog\/wp-content\/uploads\/2014\/01\/Muzafer-Beljo-Causi.jpg\" width=\"508\" height=\"360\" \/><\/a>ULCINJ \u2013 Sindikalna organizacija lokalnog javnog emitera Radio-televizija Ulcinj uputila je ju\u010de pismo predsjedniku op\u0161tine Nazifu Cunguu u kojem ga obavje\u0161tava da \u0107e u srijedu zapo\u010deti \u0161trajk.<\/strong><\/p>\n<p>U pismu se navodi da zaposleni do sjutra tra\u017ee isplatu dvije, a do 26. januara jo\u0161 dvije od ukupno deset zaostalih plata.<\/p>\n<p>Direktora preduze\u0107a Muzafera \u010cau\u0161ija obavijestili su o minimumu procesa rada.<\/p>\n<p>&#8211; \u0160trajk ne\u0107e dovesti u pitanje emitovanje programa koji se odnosi na predizbornu kampanju i izbore. Deset plata smo u zaostatku i u jako te\u0161koj materijalnoj situaciji \u2013 rekla je Pobjedi zamjenica predsjednika sindikata Nada Po\u010dek.<\/p>\n<p>Ona je podsjetila da je zaposlenima u tom javnom preduze\u0107u u decembru dugovano \u010dak 13 plata, a tada su njima i radnicima Centra za kulturu ispla\u0107ene tri zarade.<\/p>\n<p>Podr\u0161ku radnicima RTV Ulcinj pru\u017eila je sindikalna organizacija Centra za kulturu.<\/p>\n<p><em><strong>A.\u017d.<\/strong><\/em><\/p>\n<p><strong>Izvor: POBJEDA<\/strong><\/p>\n","protected":false},"excerpt":{"rendered":"<p>ULCINJ \u2013 Sindikalna organizacija lokalnog javnog emitera Radio-televizija Ulcinj uputila je ju\u010de pismo predsjedniku op\u0161tine Nazifu Cunguu u kojem ga obavje\u0161tava da \u0107e u srijedu zapo\u010deti \u0161trajk. U pismu se navodi da zaposleni do sjutra tra\u017ee isplatu dvije, a do 26. januara jo\u0161 dvije od ukupno deset zaostalih plata. Direktora preduze\u0107a Muzafera \u010cau\u0161ija obavijestili su [&hellip;]<\/p>\n","protected":false},"author":1,"featured_media":0,"comment_status":"closed","ping_status":"closed","sticky":false,"template":"","format":"standard","meta":{"spay_email":"","jetpack_publicize_message":"","jetpack_is_tweetstorm":false,"jetpack_publicize_feature_enabled":true},"categories":[8337],"tags":[],"jetpack_publicize_connections":[],"yoast_head":"<!-- This site is optimized with the Yoast SEO plugin v19.1 - https:\/\/yoast.com\/wordpress\/plugins\/seo\/ -->\n<title>\u0160trajk u Radio-televiziji Ulcinj - Lajme nga Ulqini<\/title>\n<meta name=\"description\" content=\"ULCINJ \u2013 Sindikalna organizacija lokalnog javnog emitera Radio-televizija Ulcinj uputila je ju\u010de pismo predsjedniku op\u0161tine Nazifu Cunguu u kojem ga\" \/>\n<meta name=\"robots\" content=\"index, follow, max-snippet:-1, max-image-preview:large, max-video-preview:-1\" \/>\n<link rel=\"canonical\" href=\"https:\/\/www.visit-ulcinj.com\/blog\/2014\/01\/15\/strajk-u-radio-televiziji-ulcinj\/\" \/>\n<meta property=\"og:locale\" content=\"en_US\" \/>\n<meta property=\"og:type\" content=\"article\" \/>\n<meta property=\"og:title\" content=\"\u0160trajk u Radio-televiziji Ulcinj - Lajme nga Ulqini\" \/>\n<meta property=\"og:description\" content=\"ULCINJ \u2013 Sindikalna organizacija lokalnog javnog emitera Radio-televizija Ulcinj uputila je ju\u010de pismo predsjedniku op\u0161tine Nazifu Cunguu u kojem ga\" \/>\n<meta property=\"og:url\" content=\"https:\/\/www.visit-ulcinj.com\/blog\/2014\/01\/15\/strajk-u-radio-televiziji-ulcinj\/\" \/>\n<meta property=\"og:site_name\" content=\"Lajme nga Ulqini\" \/>\n<meta property=\"article:published_time\" content=\"2014-01-15T07:55:55+00:00\" \/>\n<meta property=\"og:image\" content=\"http:\/\/www.visit-ulcinj.com\/blog\/wp-content\/uploads\/2014\/01\/Muzafer-Beljo-Causi.jpg\" \/>\n<meta name=\"twitter:label1\" content=\"Written by\" \/>\n\t<meta name=\"twitter:data1\" content=\"ulqini\" \/>\n\t<meta name=\"twitter:label2\" content=\"Est. reading time\" \/>\n\t<meta name=\"twitter:data2\" content=\"1 minute\" \/>\n<script type=\"application\/ld+json\" class=\"yoast-schema-graph\">{\"@context\":\"https:\/\/schema.org\",\"@graph\":[{\"@type\":\"WebSite\",\"@id\":\"https:\/\/www.visit-ulcinj.com\/blog\/#website\",\"url\":\"https:\/\/www.visit-ulcinj.com\/blog\/\",\"name\":\"Lajme nga Ulqini\",\"description\":\"Lajme,Vijesti,Ulqini,Ulqin,Crna Gora,Mali i Zi\",\"potentialAction\":[{\"@type\":\"SearchAction\",\"target\":{\"@type\":\"EntryPoint\",\"urlTemplate\":\"https:\/\/www.visit-ulcinj.com\/blog\/?s={search_term_string}\"},\"query-input\":\"required name=search_term_string\"}],\"inLanguage\":\"en-US\"},{\"@type\":\"ImageObject\",\"inLanguage\":\"en-US\",\"@id\":\"https:\/\/www.visit-ulcinj.com\/blog\/2014\/01\/15\/strajk-u-radio-televiziji-ulcinj\/#primaryimage\",\"url\":\"https:\/\/www.visit-ulcinj.com\/blog\/wp-content\/uploads\/2014\/01\/Muzafer-Beljo-Causi.jpg\",\"contentUrl\":\"https:\/\/www.visit-ulcinj.com\/blog\/wp-content\/uploads\/2014\/01\/Muzafer-Beljo-Causi.jpg\",\"width\":700,\"height\":543},{\"@type\":\"WebPage\",\"@id\":\"https:\/\/www.visit-ulcinj.com\/blog\/2014\/01\/15\/strajk-u-radio-televiziji-ulcinj\/#webpage\",\"url\":\"https:\/\/www.visit-ulcinj.com\/blog\/2014\/01\/15\/strajk-u-radio-televiziji-ulcinj\/\",\"name\":\"\u0160trajk u Radio-televiziji Ulcinj - Lajme nga Ulqini\",\"isPartOf\":{\"@id\":\"https:\/\/www.visit-ulcinj.com\/blog\/#website\"},\"primaryImageOfPage\":{\"@id\":\"https:\/\/www.visit-ulcinj.com\/blog\/2014\/01\/15\/strajk-u-radio-televiziji-ulcinj\/#primaryimage\"},\"datePublished\":\"2014-01-15T07:55:55+00:00\",\"dateModified\":\"2014-01-15T07:55:55+00:00\",\"author\":{\"@id\":\"https:\/\/www.visit-ulcinj.com\/blog\/#\/schema\/person\/dcab619c614d3038751c63bc2aadc06d\"},\"description\":\"ULCINJ \u2013 Sindikalna organizacija lokalnog javnog emitera Radio-televizija Ulcinj uputila je ju\u010de pismo predsjedniku op\u0161tine Nazifu Cunguu u kojem ga\",\"breadcrumb\":{\"@id\":\"https:\/\/www.visit-ulcinj.com\/blog\/2014\/01\/15\/strajk-u-radio-televiziji-ulcinj\/#breadcrumb\"},\"inLanguage\":\"en-US\",\"potentialAction\":[{\"@type\":\"ReadAction\",\"target\":[\"https:\/\/www.visit-ulcinj.com\/blog\/2014\/01\/15\/strajk-u-radio-televiziji-ulcinj\/\"]}]},{\"@type\":\"BreadcrumbList\",\"@id\":\"https:\/\/www.visit-ulcinj.com\/blog\/2014\/01\/15\/strajk-u-radio-televiziji-ulcinj\/#breadcrumb\",\"itemListElement\":[{\"@type\":\"ListItem\",\"position\":1,\"name\":\"\u0160trajk u Radio-televiziji Ulcinj\"}]},{\"@type\":\"Person\",\"@id\":\"https:\/\/www.visit-ulcinj.com\/blog\/#\/schema\/person\/dcab619c614d3038751c63bc2aadc06d\",\"name\":\"ulqini\",\"sameAs\":[\"http:\/\/www.visit-ulcinj.com\"],\"url\":\"https:\/\/www.visit-ulcinj.com\/blog\/author\/admin\/\"}]}<\/script>\n<!-- \/ Yoast SEO plugin. -->","yoast_head_json":{"title":"\u0160trajk u Radio-televiziji Ulcinj - Lajme nga Ulqini","description":"ULCINJ \u2013 Sindikalna organizacija lokalnog javnog emitera Radio-televizija Ulcinj uputila je ju\u010de pismo predsjedniku op\u0161tine Nazifu Cunguu u kojem ga","robots":{"index":"index","follow":"follow","max-snippet":"max-snippet:-1","max-image-preview":"max-image-preview:large","max-video-preview":"max-video-preview:-1"},"canonical":"https:\/\/www.visit-ulcinj.com\/blog\/2014\/01\/15\/strajk-u-radio-televiziji-ulcinj\/","og_locale":"en_US","og_type":"article","og_title":"\u0160trajk u Radio-televiziji Ulcinj - Lajme nga Ulqini","og_description":"ULCINJ \u2013 Sindikalna organizacija lokalnog javnog emitera Radio-televizija Ulcinj uputila je ju\u010de pismo predsjedniku op\u0161tine Nazifu Cunguu u kojem ga","og_url":"https:\/\/www.visit-ulcinj.com\/blog\/2014\/01\/15\/strajk-u-radio-televiziji-ulcinj\/","og_site_name":"Lajme nga Ulqini","article_published_time":"2014-01-15T07:55:55+00:00","og_image":[{"url":"http:\/\/www.visit-ulcinj.com\/blog\/wp-content\/uploads\/2014\/01\/Muzafer-Beljo-Causi.jpg"}],"twitter_misc":{"Written by":"ulqini","Est. reading time":"1 minute"},"schema":{"@context":"https:\/\/schema.org","@graph":[{"@type":"WebSite","@id":"https:\/\/www.visit-ulcinj.com\/blog\/#website","url":"https:\/\/www.visit-ulcinj.com\/blog\/","name":"Lajme nga Ulqini","description":"Lajme,Vijesti,Ulqini,Ulqin,Crna Gora,Mali i Zi","potentialAction":[{"@type":"SearchAction","target":{"@type":"EntryPoint","urlTemplate":"https:\/\/www.visit-ulcinj.com\/blog\/?s={search_term_string}"},"query-input":"required name=search_term_string"}],"inLanguage":"en-US"},{"@type":"ImageObject","inLanguage":"en-US","@id":"https:\/\/www.visit-ulcinj.com\/blog\/2014\/01\/15\/strajk-u-radio-televiziji-ulcinj\/#primaryimage","url":"https:\/\/www.visit-ulcinj.com\/blog\/wp-content\/uploads\/2014\/01\/Muzafer-Beljo-Causi.jpg","contentUrl":"https:\/\/www.visit-ulcinj.com\/blog\/wp-content\/uploads\/2014\/01\/Muzafer-Beljo-Causi.jpg","width":700,"height":543},{"@type":"WebPage","@id":"https:\/\/www.visit-ulcinj.com\/blog\/2014\/01\/15\/strajk-u-radio-televiziji-ulcinj\/#webpage","url":"https:\/\/www.visit-ulcinj.com\/blog\/2014\/01\/15\/strajk-u-radio-televiziji-ulcinj\/","name":"\u0160trajk u Radio-televiziji Ulcinj - Lajme nga Ulqini","isPartOf":{"@id":"https:\/\/www.visit-ulcinj.com\/blog\/#website"},"primaryImageOfPage":{"@id":"https:\/\/www.visit-ulcinj.com\/blog\/2014\/01\/15\/strajk-u-radio-televiziji-ulcinj\/#primaryimage"},"datePublished":"2014-01-15T07:55:55+00:00","dateModified":"2014-01-15T07:55:55+00:00","author":{"@id":"https:\/\/www.visit-ulcinj.com\/blog\/#\/schema\/person\/dcab619c614d3038751c63bc2aadc06d"},"description":"ULCINJ \u2013 Sindikalna organizacija lokalnog javnog emitera Radio-televizija Ulcinj uputila je ju\u010de pismo predsjedniku op\u0161tine Nazifu Cunguu u kojem ga","breadcrumb":{"@id":"https:\/\/www.visit-ulcinj.com\/blog\/2014\/01\/15\/strajk-u-radio-televiziji-ulcinj\/#breadcrumb"},"inLanguage":"en-US","potentialAction":[{"@type":"ReadAction","target":["https:\/\/www.visit-ulcinj.com\/blog\/2014\/01\/15\/strajk-u-radio-televiziji-ulcinj\/"]}]},{"@type":"BreadcrumbList","@id":"https:\/\/www.visit-ulcinj.com\/blog\/2014\/01\/15\/strajk-u-radio-televiziji-ulcinj\/#breadcrumb","itemListElement":[{"@type":"ListItem","position":1,"name":"\u0160trajk u Radio-televiziji Ulcinj"}]},{"@type":"Person","@id":"https:\/\/www.visit-ulcinj.com\/blog\/#\/schema\/person\/dcab619c614d3038751c63bc2aadc06d","name":"ulqini","sameAs":["http:\/\/www.visit-ulcinj.com"],"url":"https:\/\/www.visit-ulcinj.com\/blog\/author\/admin\/"}]}},"jetpack_featured_media_url":"","jetpack_sharing_enabled":true,"jetpack_shortlink":"https:\/\/wp.me\/pe6lTn-klS","_links":{"self":[{"href":"https:\/\/www.visit-ulcinj.com\/blog\/wp-json\/wp\/v2\/posts\/78236"}],"collection":[{"href":"https:\/\/www.visit-ulcinj.com\/blog\/wp-json\/wp\/v2\/posts"}],"about":[{"href":"https:\/\/www.visit-ulcinj.com\/blog\/wp-json\/wp\/v2\/types\/post"}],"author":[{"embeddable":true,"href":"https:\/\/www.visit-ulcinj.com\/blog\/wp-json\/wp\/v2\/users\/1"}],"replies":[{"embeddable":true,"href":"https:\/\/www.visit-ulcinj.com\/blog\/wp-json\/wp\/v2\/comments?post=78236"}],"version-history":[{"count":1,"href":"https:\/\/www.visit-ulcinj.com\/blog\/wp-json\/wp\/v2\/posts\/78236\/revisions"}],"predecessor-version":[{"id":78238,"href":"https:\/\/www.visit-ulcinj.com\/blog\/wp-json\/wp\/v2\/posts\/78236\/revisions\/78238"}],"wp:attachment":[{"href":"https:\/\/www.visit-ulcinj.com\/blog\/wp-json\/wp\/v2\/media?parent=78236"}],"wp:term":[{"taxonomy":"category","embeddable":true,"href":"https:\/\/www.visit-ulcinj.com\/blog\/wp-json\/wp\/v2\/categories?post=78236"},{"taxonomy":"post_tag","embeddable":true,"href":"https:\/\/www.visit-ulcinj.com\/blog\/wp-json\/wp\/v2\/tags?post=78236"}],"curies":[{"name":"wp","href":"https:\/\/api.w.org\/{rel}","templated":true}]}}