{"id":7824,"date":"2008-12-29T18:43:41","date_gmt":"2008-12-29T17:43:41","guid":{"rendered":"http:\/\/www.visit-ulcinj.com\/blog\/?p=7824"},"modified":"2008-12-29T18:43:41","modified_gmt":"2008-12-29T17:43:41","slug":"arrestimet-ne-presheve-skenare-per-destabilizim","status":"publish","type":"post","link":"https:\/\/www.visit-ulcinj.com\/blog\/2008\/12\/29\/arrestimet-ne-presheve-skenare-per-destabilizim\/","title":{"rendered":"Arrestimet n\u00eb Preshev\u00eb, skenar\u00eb p\u00ebr destabilizim"},"content":{"rendered":"<p><img loading=\"lazy\" class=\"size-full wp-image-7825 alignleft\" title=\"ragmi-mustafa\" src=\"http:\/\/www.visit-ulcinj.com\/blog\/wp-content\/uploads\/2008\/12\/ragmi-mustafa.jpg\" alt=\"ragmi-mustafa\" width=\"244\" height=\"282\" \/>Kryetari i Preshev\u00ebs Ragmi Mustafa akuzon policin\u00eb serbe se inskenon aksione p\u00ebr t\u00eb nxitur pak\u00ebnaq\u00ebsin\u00eb e shqiptar\u00ebve dhe p\u00ebr t\u00eb destabilizuar rajonin.<br \/>\nTre dit\u00eb pas aksionit t\u00eb xhandarmeris\u00eb serbe n\u00eb t\u00eb cilin u arrestuan 10 shqiptar\u00eb ish-pjes\u00ebtar\u00eb t\u00eb Ushtris\u00eb \u00c7lirimtare t\u00eb Kosov\u00ebs, vazhdojn\u00eb reagimet politike t\u00eb shqiptar\u00ebve n\u00eb t\u00eb cilat kund\u00ebrshtohet politika serbe kundrejt Lugin\u00ebs s\u00eb Preshev\u00ebs.<br \/>\nKryetari i K\u00ebshillit Komunal t\u00eb Preshev\u00ebs, ka akuzuar se i gjith\u00eb aksioni \u00ebsht\u00eb proces i montuar nga struktura t\u00eb caktuara t\u00eb Ministris\u00eb s\u00eb Pun\u00ebve t\u00eb Brendshme t\u00eb Serbis\u00eb. Ai ka th\u00ebn\u00eb se nuk beson aspak se 10 t\u00eb akuzuarit, kan\u00eb kryer krime lufte kund\u00ebr njer\u00ebzimit.<br \/>\n&#8220;Ekzistojn\u00eb dyshime q\u00eb e gjith\u00eb kjo t\u00eb jet\u00eb montuar nga organet shtet\u00ebrore, gjegj\u00ebsisht nga MPB, p\u00ebr t\u00eb krijuar pak\u00ebnaq\u00ebsi n\u00eb mesin e shqiptar\u00ebve, me \u00e7&#8217;rast do t\u00eb krijoheshin kushte p\u00ebr destabilizim t\u00eb rajonit. Mir\u00ebpo, ne apelojm\u00eb te bashk\u00ebsia nd\u00ebrkomb\u00ebtare q\u00eb t\u00eb ndikoj\u00eb n\u00eb organet m\u00eb t\u00eb larta shtet\u00ebrore si\u00e7 \u00ebsht\u00eb Qeveria, q\u00eb ajo t\u00eb sillet n\u00eb m\u00ebnyr\u00eb normale, kurse p\u00ebr t\u00eb gjith\u00eb ta akuzuarit, n\u00ebse ekzistojn\u00eb prova, t\u00eb gjykohen nga ndonj\u00eb gjykata e pavarur jasht\u00eb Republik\u00ebs s\u00eb Serbis\u00eb&#8221; ish kryetari I Kuvendit Komunal t\u00eb Preshev\u00ebs, Ragmi Mustafa.<br \/>\nMe gjith\u00eb situat\u00ebn e tensionuar t\u00eb Lugin\u00ebn e Preshev\u00ebs, Mustafa, shprehet i bindur se incidente t\u00eb p\u00ebrmasave t\u00eb m\u00ebdha, nuk do t\u00eb ket\u00eb. Ai tha se do t\u00eb vazhdoj\u00eb praktika e organizimit t\u00eb protestave t\u00eb qeta, n\u00eb t\u00eb cilat qytetar\u00ebt shqiptar\u00eb do ta shprehin pak\u00ebnaq\u00ebsin\u00eb e tyre ndaj xhandarm\u00ebris\u00eb.<br \/>\nEdhe ministri serb i Pushtetit Lokal Millan Markovi\u00e7, ka th\u00ebn\u00eb se n\u00eb Preshev\u00eb askush nuk ka kapacitet p\u00ebr t\u00eb l\u00ebkundur gjendjen e siguris\u00eb.<br \/>\n&#8220;\u00c7doher\u00eb kur ndodhin arrestime t\u00eb personave t\u00eb akuzuar p\u00ebr krime lufte, ka njer\u00ebz q\u00eb nga ato d\u00ebshirojn\u00eb t\u00eb b\u00ebjn\u00eb manifestime politike. K\u00ebshtu \u00ebsht\u00eb tani n\u00eb Preshev\u00eb. Mir\u00ebpo un\u00eb konsideroj se protestat nuk do t\u00eb ken\u00eb kurrfar\u00eb ndikimi n\u00eb pun\u00ebn ton\u00eb&#8221;, deklaroi minist\u00ebr serb i Pushtetit Lokal, Millan Markovi\u00e7.<br \/>\nMir\u00ebpo, ministri i Brendsh\u00ebm Da\u00e7i\u00e7, edhe nj\u00eb her\u00eb ka paralajm\u00ebruar se aksioni do ta vazhdoj\u00eb.<br \/>\n&#8220;Nj\u00eb num\u00ebr i madh i atyre q\u00eb jan\u00eb arrestuar dhe atyre t\u00eb cil\u00ebt akoma i k\u00ebrkojm\u00eb, jetojn\u00eb n\u00eb Kosov\u00eb apo diku jasht\u00eb. T\u00eb k\u00ebrkuarit madje jan\u00eb edhe pjes\u00ebmarr\u00ebs n\u00eb ngjarjet e marsit t\u00eb vitit 2004. P\u00ebr shembull Shaqir Shaqiri k\u00ebrkohet p\u00ebr krime edhe nga organet e UNMIK-ut&#8221;, thekson minist\u00ebr I Brendsh\u00ebm I Serbis\u00eb, Ivica Da\u00e7i\u00e7.<br \/>\nShqiptar\u00ebt e Komun\u00ebs s\u00eb Preshev\u00ebs edhe sot kan\u00eb shprehur revolt\u00ebn e tyre duke kund\u00ebrshtuar aksionin e forcave serbe, n\u00eb t\u00eb cilin u arrestuan 10 shqiptar\u00eb n\u00ebn akuz\u00ebn e krimeve t\u00eb luft\u00ebs ndaj civil\u00ebve serb n\u00eb rajonin e Gjilanit pas vitit 1999.<br \/>\nFamiljar\u00ebt e t\u00eb arrestuarve p\u00ebrs\u00ebrit\u00ebn ankesat e tyre se forcat serbe kan\u00eb ushtruar dhun\u00eb pa kontroll ndaj 10 ish-pjes\u00ebtar\u00ebve t\u00eb U\u00c7K-s\u00eb.<br \/>\n<strong>Ismail SINANI\u00a0\u00a0\u00a0\u00a0 FONET<br \/>\nALSAT<\/strong><\/p>\n","protected":false},"excerpt":{"rendered":"<p>Kryetari i Preshev\u00ebs Ragmi Mustafa akuzon policin\u00eb serbe se inskenon aksione p\u00ebr t\u00eb nxitur pak\u00ebnaq\u00ebsin\u00eb e shqiptar\u00ebve dhe p\u00ebr t\u00eb destabilizuar rajonin. Tre dit\u00eb pas aksionit t\u00eb xhandarmeris\u00eb serbe n\u00eb t\u00eb cilin u arrestuan 10 shqiptar\u00eb ish-pjes\u00ebtar\u00eb t\u00eb Ushtris\u00eb \u00c7lirimtare t\u00eb Kosov\u00ebs, vazhdojn\u00eb reagimet politike t\u00eb shqiptar\u00ebve n\u00eb t\u00eb cilat kund\u00ebrshtohet politika serbe kundrejt Lugin\u00ebs [&hellip;]<\/p>\n","protected":false},"author":1,"featured_media":0,"comment_status":"open","ping_status":"closed","sticky":false,"template":"","format":"standard","meta":{"spay_email":"","jetpack_publicize_message":"","jetpack_is_tweetstorm":false,"jetpack_publicize_feature_enabled":true},"categories":[14],"tags":[5461,5478,5479,1651,5476,5477],"jetpack_publicize_connections":[],"yoast_head":"<!-- This site is optimized with the Yoast SEO plugin v19.1 - https:\/\/yoast.com\/wordpress\/plugins\/seo\/ -->\n<title>Arrestimet n\u00eb Preshev\u00eb, skenar\u00eb p\u00ebr destabilizim - Lajme nga Ulqini<\/title>\n<meta name=\"description\" content=\"Kryetari i Preshev\u00ebs Ragmi Mustafa akuzon policin\u00eb serbe se inskenon aksione p\u00ebr t\u00eb nxitur pak\u00ebnaq\u00ebsin\u00eb e shqiptar\u00ebve dhe p\u00ebr t\u00eb destabilizuar rajonin.\" \/>\n<meta name=\"robots\" content=\"index, follow, max-snippet:-1, max-image-preview:large, max-video-preview:-1\" \/>\n<link rel=\"canonical\" href=\"https:\/\/www.visit-ulcinj.com\/blog\/2008\/12\/29\/arrestimet-ne-presheve-skenare-per-destabilizim\/\" \/>\n<meta property=\"og:locale\" content=\"en_US\" \/>\n<meta property=\"og:type\" content=\"article\" \/>\n<meta property=\"og:title\" content=\"Arrestimet n\u00eb Preshev\u00eb, skenar\u00eb p\u00ebr destabilizim - Lajme nga Ulqini\" \/>\n<meta property=\"og:description\" content=\"Kryetari i Preshev\u00ebs Ragmi Mustafa akuzon policin\u00eb serbe se inskenon aksione p\u00ebr t\u00eb nxitur pak\u00ebnaq\u00ebsin\u00eb e shqiptar\u00ebve dhe p\u00ebr t\u00eb destabilizuar rajonin.\" \/>\n<meta property=\"og:url\" content=\"https:\/\/www.visit-ulcinj.com\/blog\/2008\/12\/29\/arrestimet-ne-presheve-skenare-per-destabilizim\/\" \/>\n<meta property=\"og:site_name\" content=\"Lajme nga Ulqini\" \/>\n<meta property=\"article:published_time\" content=\"2008-12-29T17:43:41+00:00\" \/>\n<meta property=\"og:image\" content=\"http:\/\/www.visit-ulcinj.com\/blog\/wp-content\/uploads\/2008\/12\/ragmi-mustafa.jpg\" \/>\n<meta name=\"twitter:label1\" content=\"Written by\" \/>\n\t<meta name=\"twitter:data1\" content=\"ulqini\" \/>\n\t<meta name=\"twitter:label2\" content=\"Est. reading time\" \/>\n\t<meta name=\"twitter:data2\" content=\"3 minutes\" \/>\n<script type=\"application\/ld+json\" class=\"yoast-schema-graph\">{\"@context\":\"https:\/\/schema.org\",\"@graph\":[{\"@type\":\"WebSite\",\"@id\":\"https:\/\/www.visit-ulcinj.com\/blog\/#website\",\"url\":\"https:\/\/www.visit-ulcinj.com\/blog\/\",\"name\":\"Lajme nga Ulqini\",\"description\":\"Lajme,Vijesti,Ulqini,Ulqin,Crna Gora,Mali i Zi\",\"potentialAction\":[{\"@type\":\"SearchAction\",\"target\":{\"@type\":\"EntryPoint\",\"urlTemplate\":\"https:\/\/www.visit-ulcinj.com\/blog\/?s={search_term_string}\"},\"query-input\":\"required name=search_term_string\"}],\"inLanguage\":\"en-US\"},{\"@type\":\"ImageObject\",\"inLanguage\":\"en-US\",\"@id\":\"https:\/\/www.visit-ulcinj.com\/blog\/2008\/12\/29\/arrestimet-ne-presheve-skenare-per-destabilizim\/#primaryimage\",\"url\":\"https:\/\/www.visit-ulcinj.com\/blog\/wp-content\/uploads\/2008\/12\/ragmi-mustafa.jpg\",\"contentUrl\":\"https:\/\/www.visit-ulcinj.com\/blog\/wp-content\/uploads\/2008\/12\/ragmi-mustafa.jpg\",\"width\":\"173\",\"height\":\"200\"},{\"@type\":\"WebPage\",\"@id\":\"https:\/\/www.visit-ulcinj.com\/blog\/2008\/12\/29\/arrestimet-ne-presheve-skenare-per-destabilizim\/#webpage\",\"url\":\"https:\/\/www.visit-ulcinj.com\/blog\/2008\/12\/29\/arrestimet-ne-presheve-skenare-per-destabilizim\/\",\"name\":\"Arrestimet n\u00eb Preshev\u00eb, skenar\u00eb p\u00ebr destabilizim - Lajme nga Ulqini\",\"isPartOf\":{\"@id\":\"https:\/\/www.visit-ulcinj.com\/blog\/#website\"},\"primaryImageOfPage\":{\"@id\":\"https:\/\/www.visit-ulcinj.com\/blog\/2008\/12\/29\/arrestimet-ne-presheve-skenare-per-destabilizim\/#primaryimage\"},\"datePublished\":\"2008-12-29T17:43:41+00:00\",\"dateModified\":\"2008-12-29T17:43:41+00:00\",\"author\":{\"@id\":\"https:\/\/www.visit-ulcinj.com\/blog\/#\/schema\/person\/dcab619c614d3038751c63bc2aadc06d\"},\"description\":\"Kryetari i Preshev\u00ebs Ragmi Mustafa akuzon policin\u00eb serbe se inskenon aksione p\u00ebr t\u00eb nxitur pak\u00ebnaq\u00ebsin\u00eb e shqiptar\u00ebve dhe p\u00ebr t\u00eb destabilizuar rajonin.\",\"breadcrumb\":{\"@id\":\"https:\/\/www.visit-ulcinj.com\/blog\/2008\/12\/29\/arrestimet-ne-presheve-skenare-per-destabilizim\/#breadcrumb\"},\"inLanguage\":\"en-US\",\"potentialAction\":[{\"@type\":\"ReadAction\",\"target\":[\"https:\/\/www.visit-ulcinj.com\/blog\/2008\/12\/29\/arrestimet-ne-presheve-skenare-per-destabilizim\/\"]}]},{\"@type\":\"BreadcrumbList\",\"@id\":\"https:\/\/www.visit-ulcinj.com\/blog\/2008\/12\/29\/arrestimet-ne-presheve-skenare-per-destabilizim\/#breadcrumb\",\"itemListElement\":[{\"@type\":\"ListItem\",\"position\":1,\"name\":\"Arrestimet n\u00eb Preshev\u00eb, skenar\u00eb p\u00ebr destabilizim\"}]},{\"@type\":\"Person\",\"@id\":\"https:\/\/www.visit-ulcinj.com\/blog\/#\/schema\/person\/dcab619c614d3038751c63bc2aadc06d\",\"name\":\"ulqini\",\"sameAs\":[\"http:\/\/www.visit-ulcinj.com\"],\"url\":\"https:\/\/www.visit-ulcinj.com\/blog\/author\/admin\/\"}]}<\/script>\n<!-- \/ Yoast SEO plugin. -->","yoast_head_json":{"title":"Arrestimet n\u00eb Preshev\u00eb, skenar\u00eb p\u00ebr destabilizim - Lajme nga Ulqini","description":"Kryetari i Preshev\u00ebs Ragmi Mustafa akuzon policin\u00eb serbe se inskenon aksione p\u00ebr t\u00eb nxitur pak\u00ebnaq\u00ebsin\u00eb e shqiptar\u00ebve dhe p\u00ebr t\u00eb destabilizuar rajonin.","robots":{"index":"index","follow":"follow","max-snippet":"max-snippet:-1","max-image-preview":"max-image-preview:large","max-video-preview":"max-video-preview:-1"},"canonical":"https:\/\/www.visit-ulcinj.com\/blog\/2008\/12\/29\/arrestimet-ne-presheve-skenare-per-destabilizim\/","og_locale":"en_US","og_type":"article","og_title":"Arrestimet n\u00eb Preshev\u00eb, skenar\u00eb p\u00ebr destabilizim - Lajme nga Ulqini","og_description":"Kryetari i Preshev\u00ebs Ragmi Mustafa akuzon policin\u00eb serbe se inskenon aksione p\u00ebr t\u00eb nxitur pak\u00ebnaq\u00ebsin\u00eb e shqiptar\u00ebve dhe p\u00ebr t\u00eb destabilizuar rajonin.","og_url":"https:\/\/www.visit-ulcinj.com\/blog\/2008\/12\/29\/arrestimet-ne-presheve-skenare-per-destabilizim\/","og_site_name":"Lajme nga Ulqini","article_published_time":"2008-12-29T17:43:41+00:00","og_image":[{"url":"http:\/\/www.visit-ulcinj.com\/blog\/wp-content\/uploads\/2008\/12\/ragmi-mustafa.jpg"}],"twitter_misc":{"Written by":"ulqini","Est. reading time":"3 minutes"},"schema":{"@context":"https:\/\/schema.org","@graph":[{"@type":"WebSite","@id":"https:\/\/www.visit-ulcinj.com\/blog\/#website","url":"https:\/\/www.visit-ulcinj.com\/blog\/","name":"Lajme nga Ulqini","description":"Lajme,Vijesti,Ulqini,Ulqin,Crna Gora,Mali i Zi","potentialAction":[{"@type":"SearchAction","target":{"@type":"EntryPoint","urlTemplate":"https:\/\/www.visit-ulcinj.com\/blog\/?s={search_term_string}"},"query-input":"required name=search_term_string"}],"inLanguage":"en-US"},{"@type":"ImageObject","inLanguage":"en-US","@id":"https:\/\/www.visit-ulcinj.com\/blog\/2008\/12\/29\/arrestimet-ne-presheve-skenare-per-destabilizim\/#primaryimage","url":"https:\/\/www.visit-ulcinj.com\/blog\/wp-content\/uploads\/2008\/12\/ragmi-mustafa.jpg","contentUrl":"https:\/\/www.visit-ulcinj.com\/blog\/wp-content\/uploads\/2008\/12\/ragmi-mustafa.jpg","width":"173","height":"200"},{"@type":"WebPage","@id":"https:\/\/www.visit-ulcinj.com\/blog\/2008\/12\/29\/arrestimet-ne-presheve-skenare-per-destabilizim\/#webpage","url":"https:\/\/www.visit-ulcinj.com\/blog\/2008\/12\/29\/arrestimet-ne-presheve-skenare-per-destabilizim\/","name":"Arrestimet n\u00eb Preshev\u00eb, skenar\u00eb p\u00ebr destabilizim - Lajme nga Ulqini","isPartOf":{"@id":"https:\/\/www.visit-ulcinj.com\/blog\/#website"},"primaryImageOfPage":{"@id":"https:\/\/www.visit-ulcinj.com\/blog\/2008\/12\/29\/arrestimet-ne-presheve-skenare-per-destabilizim\/#primaryimage"},"datePublished":"2008-12-29T17:43:41+00:00","dateModified":"2008-12-29T17:43:41+00:00","author":{"@id":"https:\/\/www.visit-ulcinj.com\/blog\/#\/schema\/person\/dcab619c614d3038751c63bc2aadc06d"},"description":"Kryetari i Preshev\u00ebs Ragmi Mustafa akuzon policin\u00eb serbe se inskenon aksione p\u00ebr t\u00eb nxitur pak\u00ebnaq\u00ebsin\u00eb e shqiptar\u00ebve dhe p\u00ebr t\u00eb destabilizuar rajonin.","breadcrumb":{"@id":"https:\/\/www.visit-ulcinj.com\/blog\/2008\/12\/29\/arrestimet-ne-presheve-skenare-per-destabilizim\/#breadcrumb"},"inLanguage":"en-US","potentialAction":[{"@type":"ReadAction","target":["https:\/\/www.visit-ulcinj.com\/blog\/2008\/12\/29\/arrestimet-ne-presheve-skenare-per-destabilizim\/"]}]},{"@type":"BreadcrumbList","@id":"https:\/\/www.visit-ulcinj.com\/blog\/2008\/12\/29\/arrestimet-ne-presheve-skenare-per-destabilizim\/#breadcrumb","itemListElement":[{"@type":"ListItem","position":1,"name":"Arrestimet n\u00eb Preshev\u00eb, skenar\u00eb p\u00ebr destabilizim"}]},{"@type":"Person","@id":"https:\/\/www.visit-ulcinj.com\/blog\/#\/schema\/person\/dcab619c614d3038751c63bc2aadc06d","name":"ulqini","sameAs":["http:\/\/www.visit-ulcinj.com"],"url":"https:\/\/www.visit-ulcinj.com\/blog\/author\/admin\/"}]}},"jetpack_featured_media_url":"","jetpack_sharing_enabled":true,"jetpack_shortlink":"https:\/\/wp.me\/pe6lTn-22c","_links":{"self":[{"href":"https:\/\/www.visit-ulcinj.com\/blog\/wp-json\/wp\/v2\/posts\/7824"}],"collection":[{"href":"https:\/\/www.visit-ulcinj.com\/blog\/wp-json\/wp\/v2\/posts"}],"about":[{"href":"https:\/\/www.visit-ulcinj.com\/blog\/wp-json\/wp\/v2\/types\/post"}],"author":[{"embeddable":true,"href":"https:\/\/www.visit-ulcinj.com\/blog\/wp-json\/wp\/v2\/users\/1"}],"replies":[{"embeddable":true,"href":"https:\/\/www.visit-ulcinj.com\/blog\/wp-json\/wp\/v2\/comments?post=7824"}],"version-history":[{"count":0,"href":"https:\/\/www.visit-ulcinj.com\/blog\/wp-json\/wp\/v2\/posts\/7824\/revisions"}],"wp:attachment":[{"href":"https:\/\/www.visit-ulcinj.com\/blog\/wp-json\/wp\/v2\/media?parent=7824"}],"wp:term":[{"taxonomy":"category","embeddable":true,"href":"https:\/\/www.visit-ulcinj.com\/blog\/wp-json\/wp\/v2\/categories?post=7824"},{"taxonomy":"post_tag","embeddable":true,"href":"https:\/\/www.visit-ulcinj.com\/blog\/wp-json\/wp\/v2\/tags?post=7824"}],"curies":[{"name":"wp","href":"https:\/\/api.w.org\/{rel}","templated":true}]}}