{"id":78243,"date":"2014-01-15T16:27:45","date_gmt":"2014-01-15T15:27:45","guid":{"rendered":"http:\/\/www.visit-ulcinj.com\/blog\/?p=78243"},"modified":"2014-01-15T16:28:39","modified_gmt":"2014-01-15T15:28:39","slug":"cungu-posao-poceo-hajdinaga-resulbegovic-optuzio","status":"publish","type":"post","link":"https:\/\/www.visit-ulcinj.com\/blog\/2014\/01\/15\/cungu-posao-poceo-hajdinaga-resulbegovic-optuzio\/","title":{"rendered":"Cungu: Posao po\u010deo Hajdinaga, Resulbegovic optu\u017eio"},"content":{"rendered":"<div id=\"article_text\">\n<p><a href=\"http:\/\/www.visit-ulcinj.com\/blog\/wp-content\/uploads\/2014\/01\/Gzim-Hajdinaga-Nazif-Cungu.jpg\"><img loading=\"lazy\" class=\"alignleft  wp-image-78245\" alt=\"Gzim-Hajdinaga-Nazif-Cungu\" src=\"http:\/\/www.visit-ulcinj.com\/blog\/wp-content\/uploads\/2014\/01\/Gzim-Hajdinaga-Nazif-Cungu.jpg\" width=\"508\" height=\"360\" \/><\/a>Predsjednik Op\u0161tine Ulcinj Nazif Cungu pozvao je dr\u017eavnog tu\u017eioca da, prije vanrednih lokalnih izbora istra\u017ei tvrdnje potpredsjednika Op\u0161tine Selima Resulbegovi\u0107a, koji ga je optu\u017eio da je nezakonito prisvojio 32 hiljade kvadrata dr\u017eavnog zemlji\u0161ta na obalama \u0160askog jezera.<\/p>\n<p>\u201cJavno pozivam tu\u017eioca da ocijeni da li ima sumnjivih radnji u ovom slu\u010daju kako bi gra\u0111anima bilo jasno ko govori istinu\u201d, kazao je Cungu na ju\u010dera\u0161njoj konferenciji za novinare.<\/p>\n<p>Resulbegovi\u0107 je prije tri dana na predizbornom su\u010deljavanju nosioca lista na lokalnoj TV Teuta, optu\u017eio da je preko studije lokacije za \u0160as nezakonito prisvojio 32 hiljade kvadrata tu\u0111eg zemlji\u0161ta ocjenjuju\u0107i da je dr\u017eava time o\u0161te\u0107ena za milione eura. Lider ulcinjskog SDP-a je pred kamerama pokazao i mapu \u0160asa sa jasno obilje\u017eenom privatnom imovinom Cungua u \u0160asu i grani\u010dnim dr\u017eavnim zemlji\u0161tem od 32 hiljade kvadrata.<\/p>\n<p>Cungu je ju\u010de kazao da je 2007, u \u0160asu kupio 51 hiljadu kvadratnih metara zemlji\u0161ta, na kome je prostornim planom op\u0161tine Ulcinj iz 1999. predvi\u0111ena izgradnja turisti\u010dkih kapaciteta. Lider Force je pokazao dokumentaciju iz koje se vidi da je 16. jula 2007. godine, zajedno sa vlasnikom susjedne parcele, Sekretarijatu za prostorno planiranje Op\u0161tine Ulcinj podnio zahtjev za izradu studije lokacije za eko turisti\u010dki centar \u0160as, na povr\u0161ini od 61.424 kvadrata. Zahtjev se odnosio na oko 51.000 kvadrata zemlji\u0161ta u vlasni\u0161tvu Cungua i na 10.000 kvadrata vlasnika susjedne parcele.<\/p>\n<p>U dokumentaciji, koju je Cungu dostavio novinarima, navodi se da je aktom broj 01-4395\/1-09 od 14. septembra 2009, tada\u0161nji predsjednik Op\u0161tine Gzim Hajdinaga donio odluku o izradi studije lokacije za eko-seosko turisti\u010dki centar na lokalitetu \u0160as na povr\u0161ini od 82.811 m2, od kojih je oko 50.000 kvadrata zemlji\u0161ta Cungua i njegovog kom\u0161ije, kao i oko 32.000 metara kvadratinih op\u0161tinske imovine. Cungu je pojasnio da oko 10.000 kvadarata njegovog zemlji\u0161ta nije u\u0161lo u studiju, jer nije bilo obuhva\u0107eno prostornim planom iz 1999. godine.<\/p>\n<p>\u201cRazlog za\u0161to je tada\u0161nji predsjednik u ovoj studiji lokacije obuhvatio i povr\u0161inu koja je u op\u0161tinskom vlasni\u0161tvu, a koju ja nijesam tra\u017eio, meni nije poznat. Svakako, nije da bi meni u\u010dinio neku korist, imaju\u0107i u vidu na\u0161e tada\u0161nje odnose\u201d, kazao je Cungu.<\/p>\n<p>Nakon dolaska na vlast 2011, kako je kazao, samo je nastavio proceduru koju je po\u010deo njegov prethodnik i raspisao tender za odabir obra\u0111iva\u010da plana, sproveo javnu raspravu, i nakon saglasnosti Ministarstva ure\u0111enja prostora, plan je potom proslije\u0111en op\u0161tinskoj skup\u0161tini, koja ga je jednoglasno usvojila.<\/p>\n<p>\u201cSamo se kranje neupu\u0107enima mo\u017ee prodati pri\u010da da se izradom planskog dokumenta mo\u017ee promijeniti vlasni\u0161tvo nad zemlji\u0161tem. Tih 32.000 kvadrata je bilo i ostalo op\u0161tinsko zemlji\u0161te i to se ne mo\u017ee promijeniti planskim dokumentom jer ne bi valjda prethodna vlast, \u010diji sam bio najve\u0107i protivnik to meni u\u010dinila\u201d, pojasnio je Cungu, konstatuju\u0107i \u201eda, ukoliko se Op\u0161tina eventualno odlu\u010di da to zemlji\u0161te proda, mora sprovesti zakonska procedura iz Zakona o dr\u017eavnoj imovini\u201c.<\/p>\n<p>Na pitanje \u201cVijesti\u201d da li je na svom zemlji\u0161tu po\u010deo gradnju turisti\u010dog centra \u0160as sa golf terenima shodno projektnom zadatku, Cungu je odgovorio da nije.<\/p>\n<p>\u201cKasnila je studija lokacije. Po\u010de\u0107emo kad napravimo projekat\u201d.<\/p>\n<p>Cungu je ranije Resulbegovi\u0107a optu\u017eio da je polo\u017eaj potpredsjednika Op\u0161tine koristio u privatne svrhe, te da \u201cniko nije mogao kupiti parcelu u gradu ukoliko se to nije odigralo preko njegove privatne firme Mediteraneo\u201c. On ju\u010de nije htio da konkretizuje optu\u017ebe, navode\u0107i da \u0107e to u\u010diniti drugi put. Iz Demokratskog fronta su ju\u010de ocijenili da su nadle\u017eni organi morali reagovati zbog me\u0111usobnih optu\u017ebi o zloupotrebama prvog i drugog \u010dovjeka Ulcinja, pozivaju\u0107i tu\u017eila\u0161tvo da reaguje u \u0161to kra\u0107em roku.<\/p>\n<p><a href=\"http:\/\/www.visit-ulcinj.com\/blog\/wp-content\/uploads\/2014\/01\/Nazif-Cungu-Selim-Resulbegovic-1.png\"><img loading=\"lazy\" class=\"alignleft  wp-image-78122\" alt=\"Nazif-Cungu-Selim-Resulbegovic-1\" src=\"http:\/\/www.visit-ulcinj.com\/blog\/wp-content\/uploads\/2014\/01\/Nazif-Cungu-Selim-Resulbegovic-1.png\" width=\"508\" height=\"360\" \/><\/a><\/p>\n<p><strong>Preko te zemlje dobija izlaz na \u0160asko jezero<\/strong><\/p>\n<p>Resulbegovi\u0107 je sino\u0107 ponovio da stoji iza optu\u017ebi, isti\u010du\u0107i da je gradona\u010delnik morao da \u0161titi dr\u017eavnu imovinu. Umjesto toga, kako je kazao, Cungu je dolaskom na vlast nastavio zapo\u010detu proceduru zarobljavanja op\u0161tinske imovine \u201cpretvaraju\u0107i je u svoj park\u201d. On je upozorio da je Cungu, kao gradona\u010delnik mogao da promijeni odluku svog prethodnika i studiju lokacije usmjeri isklju\u010divo na svoje zemlji\u0161te.<\/p>\n<p>\u201cOn to nije uradio jer mu tih 32 hiljade kvadrata predstavljaju izlaz na samu obalu \u0160askog jezera. Na tom dijelu dr\u017eavne imovine, studijom lokacije nije planirana nikakva gradnja. Jasno je da je \u201ezarobljena\u201c i da je Cungu, umjesto op\u0161teg, \u0161titio samo svoj interes\u201d, ocijenio je Resulbegovi\u0107.<\/p>\n<p>On nije mogao da precizira zbog \u010dega je biv\u0161i predsjednik Op\u0161tine Gzim Hajdinaga donio takvu studiju lokacije, navode\u0107i da ne \u017eeli da ulazi u \u0161pekulacije: \u201cTo znaju njih dvojica. Kao i kada je Hajdinaga legalizovao objekte i imovinu Cunguove kompanije\u201d. Na pitanje za\u0161to su dva odbornika SDP-a u parlamentu glasala za studiju lokacije za \u0160as, iako se radi o kr\u0161enju zakona, Resulbegovi\u0107 je rekao da u pitanju neupu\u0107enost. \u201cMi nijesmo geodete. Tada smo mislili da se radi samo o privatnom zemlji\u0161tu\u201d, kazao je Resulbegovi\u0107.<\/p>\n<p><strong>Samir Adrovi\u0107<\/strong><\/p>\n<p><strong>Izvor: Vijesti Online<\/strong><\/p>\n<\/div>\n","protected":false},"excerpt":{"rendered":"<p>Predsjednik Op\u0161tine Ulcinj Nazif Cungu pozvao je dr\u017eavnog tu\u017eioca da, prije vanrednih lokalnih izbora istra\u017ei tvrdnje potpredsjednika Op\u0161tine Selima Resulbegovi\u0107a, koji ga je optu\u017eio da je nezakonito prisvojio 32 hiljade kvadrata dr\u017eavnog zemlji\u0161ta na obalama \u0160askog jezera. \u201cJavno pozivam tu\u017eioca da ocijeni da li ima sumnjivih radnji u ovom slu\u010daju kako bi gra\u0111anima bilo jasno [&hellip;]<\/p>\n","protected":false},"author":1,"featured_media":0,"comment_status":"closed","ping_status":"closed","sticky":false,"template":"","format":"standard","meta":{"spay_email":"","jetpack_publicize_message":"","jetpack_is_tweetstorm":false,"jetpack_publicize_feature_enabled":true},"categories":[6950],"tags":[],"jetpack_publicize_connections":[],"yoast_head":"<!-- This site is optimized with the Yoast SEO plugin v19.1 - https:\/\/yoast.com\/wordpress\/plugins\/seo\/ -->\n<title>Cungu: Posao po\u010deo Hajdinaga, Resulbegovic optu\u017eio - Lajme nga Ulqini<\/title>\n<meta name=\"description\" content=\"Predsjednik Op\u0161tine Ulcinj Nazif Cungu pozvao je dr\u017eavnog tu\u017eioca da, prije vanrednih lokalnih izbora istra\u017ei tvrdnje potpredsjednika Op\u0161tine Selima\" \/>\n<meta name=\"robots\" content=\"index, follow, max-snippet:-1, max-image-preview:large, max-video-preview:-1\" \/>\n<link rel=\"canonical\" href=\"https:\/\/www.visit-ulcinj.com\/blog\/2014\/01\/15\/cungu-posao-poceo-hajdinaga-resulbegovic-optuzio\/\" \/>\n<meta property=\"og:locale\" content=\"en_US\" \/>\n<meta property=\"og:type\" content=\"article\" \/>\n<meta property=\"og:title\" content=\"Cungu: Posao po\u010deo Hajdinaga, Resulbegovic optu\u017eio - Lajme nga Ulqini\" \/>\n<meta property=\"og:description\" content=\"Predsjednik Op\u0161tine Ulcinj Nazif Cungu pozvao je dr\u017eavnog tu\u017eioca da, prije vanrednih lokalnih izbora istra\u017ei tvrdnje potpredsjednika Op\u0161tine Selima\" \/>\n<meta property=\"og:url\" content=\"https:\/\/www.visit-ulcinj.com\/blog\/2014\/01\/15\/cungu-posao-poceo-hajdinaga-resulbegovic-optuzio\/\" \/>\n<meta property=\"og:site_name\" content=\"Lajme nga Ulqini\" \/>\n<meta property=\"article:published_time\" content=\"2014-01-15T15:27:45+00:00\" \/>\n<meta property=\"article:modified_time\" content=\"2014-01-15T15:28:39+00:00\" \/>\n<meta property=\"og:image\" content=\"http:\/\/www.visit-ulcinj.com\/blog\/wp-content\/uploads\/2014\/01\/Gzim-Hajdinaga-Nazif-Cungu.jpg\" \/>\n<meta name=\"twitter:label1\" content=\"Written by\" \/>\n\t<meta name=\"twitter:data1\" content=\"ulqini\" \/>\n\t<meta name=\"twitter:label2\" content=\"Est. reading time\" \/>\n\t<meta name=\"twitter:data2\" content=\"4 minutes\" \/>\n<script type=\"application\/ld+json\" class=\"yoast-schema-graph\">{\"@context\":\"https:\/\/schema.org\",\"@graph\":[{\"@type\":\"WebSite\",\"@id\":\"https:\/\/www.visit-ulcinj.com\/blog\/#website\",\"url\":\"https:\/\/www.visit-ulcinj.com\/blog\/\",\"name\":\"Lajme nga Ulqini\",\"description\":\"Lajme,Vijesti,Ulqini,Ulqin,Crna Gora,Mali i Zi\",\"potentialAction\":[{\"@type\":\"SearchAction\",\"target\":{\"@type\":\"EntryPoint\",\"urlTemplate\":\"https:\/\/www.visit-ulcinj.com\/blog\/?s={search_term_string}\"},\"query-input\":\"required name=search_term_string\"}],\"inLanguage\":\"en-US\"},{\"@type\":\"ImageObject\",\"inLanguage\":\"en-US\",\"@id\":\"https:\/\/www.visit-ulcinj.com\/blog\/2014\/01\/15\/cungu-posao-poceo-hajdinaga-resulbegovic-optuzio\/#primaryimage\",\"url\":\"https:\/\/www.visit-ulcinj.com\/blog\/wp-content\/uploads\/2014\/01\/Gzim-Hajdinaga-Nazif-Cungu.jpg\",\"contentUrl\":\"https:\/\/www.visit-ulcinj.com\/blog\/wp-content\/uploads\/2014\/01\/Gzim-Hajdinaga-Nazif-Cungu.jpg\",\"width\":671,\"height\":480},{\"@type\":\"WebPage\",\"@id\":\"https:\/\/www.visit-ulcinj.com\/blog\/2014\/01\/15\/cungu-posao-poceo-hajdinaga-resulbegovic-optuzio\/#webpage\",\"url\":\"https:\/\/www.visit-ulcinj.com\/blog\/2014\/01\/15\/cungu-posao-poceo-hajdinaga-resulbegovic-optuzio\/\",\"name\":\"Cungu: Posao po\u010deo Hajdinaga, Resulbegovic optu\u017eio - Lajme nga Ulqini\",\"isPartOf\":{\"@id\":\"https:\/\/www.visit-ulcinj.com\/blog\/#website\"},\"primaryImageOfPage\":{\"@id\":\"https:\/\/www.visit-ulcinj.com\/blog\/2014\/01\/15\/cungu-posao-poceo-hajdinaga-resulbegovic-optuzio\/#primaryimage\"},\"datePublished\":\"2014-01-15T15:27:45+00:00\",\"dateModified\":\"2014-01-15T15:28:39+00:00\",\"author\":{\"@id\":\"https:\/\/www.visit-ulcinj.com\/blog\/#\/schema\/person\/dcab619c614d3038751c63bc2aadc06d\"},\"description\":\"Predsjednik Op\u0161tine Ulcinj Nazif Cungu pozvao je dr\u017eavnog tu\u017eioca da, prije vanrednih lokalnih izbora istra\u017ei tvrdnje potpredsjednika Op\u0161tine Selima\",\"breadcrumb\":{\"@id\":\"https:\/\/www.visit-ulcinj.com\/blog\/2014\/01\/15\/cungu-posao-poceo-hajdinaga-resulbegovic-optuzio\/#breadcrumb\"},\"inLanguage\":\"en-US\",\"potentialAction\":[{\"@type\":\"ReadAction\",\"target\":[\"https:\/\/www.visit-ulcinj.com\/blog\/2014\/01\/15\/cungu-posao-poceo-hajdinaga-resulbegovic-optuzio\/\"]}]},{\"@type\":\"BreadcrumbList\",\"@id\":\"https:\/\/www.visit-ulcinj.com\/blog\/2014\/01\/15\/cungu-posao-poceo-hajdinaga-resulbegovic-optuzio\/#breadcrumb\",\"itemListElement\":[{\"@type\":\"ListItem\",\"position\":1,\"name\":\"Cungu: Posao po\u010deo Hajdinaga, Resulbegovic optu\u017eio\"}]},{\"@type\":\"Person\",\"@id\":\"https:\/\/www.visit-ulcinj.com\/blog\/#\/schema\/person\/dcab619c614d3038751c63bc2aadc06d\",\"name\":\"ulqini\",\"sameAs\":[\"http:\/\/www.visit-ulcinj.com\"],\"url\":\"https:\/\/www.visit-ulcinj.com\/blog\/author\/admin\/\"}]}<\/script>\n<!-- \/ Yoast SEO plugin. -->","yoast_head_json":{"title":"Cungu: Posao po\u010deo Hajdinaga, Resulbegovic optu\u017eio - Lajme nga Ulqini","description":"Predsjednik Op\u0161tine Ulcinj Nazif Cungu pozvao je dr\u017eavnog tu\u017eioca da, prije vanrednih lokalnih izbora istra\u017ei tvrdnje potpredsjednika Op\u0161tine Selima","robots":{"index":"index","follow":"follow","max-snippet":"max-snippet:-1","max-image-preview":"max-image-preview:large","max-video-preview":"max-video-preview:-1"},"canonical":"https:\/\/www.visit-ulcinj.com\/blog\/2014\/01\/15\/cungu-posao-poceo-hajdinaga-resulbegovic-optuzio\/","og_locale":"en_US","og_type":"article","og_title":"Cungu: Posao po\u010deo Hajdinaga, Resulbegovic optu\u017eio - Lajme nga Ulqini","og_description":"Predsjednik Op\u0161tine Ulcinj Nazif Cungu pozvao je dr\u017eavnog tu\u017eioca da, prije vanrednih lokalnih izbora istra\u017ei tvrdnje potpredsjednika Op\u0161tine Selima","og_url":"https:\/\/www.visit-ulcinj.com\/blog\/2014\/01\/15\/cungu-posao-poceo-hajdinaga-resulbegovic-optuzio\/","og_site_name":"Lajme nga Ulqini","article_published_time":"2014-01-15T15:27:45+00:00","article_modified_time":"2014-01-15T15:28:39+00:00","og_image":[{"url":"http:\/\/www.visit-ulcinj.com\/blog\/wp-content\/uploads\/2014\/01\/Gzim-Hajdinaga-Nazif-Cungu.jpg"}],"twitter_misc":{"Written by":"ulqini","Est. reading time":"4 minutes"},"schema":{"@context":"https:\/\/schema.org","@graph":[{"@type":"WebSite","@id":"https:\/\/www.visit-ulcinj.com\/blog\/#website","url":"https:\/\/www.visit-ulcinj.com\/blog\/","name":"Lajme nga Ulqini","description":"Lajme,Vijesti,Ulqini,Ulqin,Crna Gora,Mali i Zi","potentialAction":[{"@type":"SearchAction","target":{"@type":"EntryPoint","urlTemplate":"https:\/\/www.visit-ulcinj.com\/blog\/?s={search_term_string}"},"query-input":"required name=search_term_string"}],"inLanguage":"en-US"},{"@type":"ImageObject","inLanguage":"en-US","@id":"https:\/\/www.visit-ulcinj.com\/blog\/2014\/01\/15\/cungu-posao-poceo-hajdinaga-resulbegovic-optuzio\/#primaryimage","url":"https:\/\/www.visit-ulcinj.com\/blog\/wp-content\/uploads\/2014\/01\/Gzim-Hajdinaga-Nazif-Cungu.jpg","contentUrl":"https:\/\/www.visit-ulcinj.com\/blog\/wp-content\/uploads\/2014\/01\/Gzim-Hajdinaga-Nazif-Cungu.jpg","width":671,"height":480},{"@type":"WebPage","@id":"https:\/\/www.visit-ulcinj.com\/blog\/2014\/01\/15\/cungu-posao-poceo-hajdinaga-resulbegovic-optuzio\/#webpage","url":"https:\/\/www.visit-ulcinj.com\/blog\/2014\/01\/15\/cungu-posao-poceo-hajdinaga-resulbegovic-optuzio\/","name":"Cungu: Posao po\u010deo Hajdinaga, Resulbegovic optu\u017eio - Lajme nga Ulqini","isPartOf":{"@id":"https:\/\/www.visit-ulcinj.com\/blog\/#website"},"primaryImageOfPage":{"@id":"https:\/\/www.visit-ulcinj.com\/blog\/2014\/01\/15\/cungu-posao-poceo-hajdinaga-resulbegovic-optuzio\/#primaryimage"},"datePublished":"2014-01-15T15:27:45+00:00","dateModified":"2014-01-15T15:28:39+00:00","author":{"@id":"https:\/\/www.visit-ulcinj.com\/blog\/#\/schema\/person\/dcab619c614d3038751c63bc2aadc06d"},"description":"Predsjednik Op\u0161tine Ulcinj Nazif Cungu pozvao je dr\u017eavnog tu\u017eioca da, prije vanrednih lokalnih izbora istra\u017ei tvrdnje potpredsjednika Op\u0161tine Selima","breadcrumb":{"@id":"https:\/\/www.visit-ulcinj.com\/blog\/2014\/01\/15\/cungu-posao-poceo-hajdinaga-resulbegovic-optuzio\/#breadcrumb"},"inLanguage":"en-US","potentialAction":[{"@type":"ReadAction","target":["https:\/\/www.visit-ulcinj.com\/blog\/2014\/01\/15\/cungu-posao-poceo-hajdinaga-resulbegovic-optuzio\/"]}]},{"@type":"BreadcrumbList","@id":"https:\/\/www.visit-ulcinj.com\/blog\/2014\/01\/15\/cungu-posao-poceo-hajdinaga-resulbegovic-optuzio\/#breadcrumb","itemListElement":[{"@type":"ListItem","position":1,"name":"Cungu: Posao po\u010deo Hajdinaga, Resulbegovic optu\u017eio"}]},{"@type":"Person","@id":"https:\/\/www.visit-ulcinj.com\/blog\/#\/schema\/person\/dcab619c614d3038751c63bc2aadc06d","name":"ulqini","sameAs":["http:\/\/www.visit-ulcinj.com"],"url":"https:\/\/www.visit-ulcinj.com\/blog\/author\/admin\/"}]}},"jetpack_featured_media_url":"","jetpack_sharing_enabled":true,"jetpack_shortlink":"https:\/\/wp.me\/pe6lTn-klZ","_links":{"self":[{"href":"https:\/\/www.visit-ulcinj.com\/blog\/wp-json\/wp\/v2\/posts\/78243"}],"collection":[{"href":"https:\/\/www.visit-ulcinj.com\/blog\/wp-json\/wp\/v2\/posts"}],"about":[{"href":"https:\/\/www.visit-ulcinj.com\/blog\/wp-json\/wp\/v2\/types\/post"}],"author":[{"embeddable":true,"href":"https:\/\/www.visit-ulcinj.com\/blog\/wp-json\/wp\/v2\/users\/1"}],"replies":[{"embeddable":true,"href":"https:\/\/www.visit-ulcinj.com\/blog\/wp-json\/wp\/v2\/comments?post=78243"}],"version-history":[{"count":2,"href":"https:\/\/www.visit-ulcinj.com\/blog\/wp-json\/wp\/v2\/posts\/78243\/revisions"}],"predecessor-version":[{"id":78247,"href":"https:\/\/www.visit-ulcinj.com\/blog\/wp-json\/wp\/v2\/posts\/78243\/revisions\/78247"}],"wp:attachment":[{"href":"https:\/\/www.visit-ulcinj.com\/blog\/wp-json\/wp\/v2\/media?parent=78243"}],"wp:term":[{"taxonomy":"category","embeddable":true,"href":"https:\/\/www.visit-ulcinj.com\/blog\/wp-json\/wp\/v2\/categories?post=78243"},{"taxonomy":"post_tag","embeddable":true,"href":"https:\/\/www.visit-ulcinj.com\/blog\/wp-json\/wp\/v2\/tags?post=78243"}],"curies":[{"name":"wp","href":"https:\/\/api.w.org\/{rel}","templated":true}]}}