{"id":78248,"date":"2014-01-15T16:38:58","date_gmt":"2014-01-15T15:38:58","guid":{"rendered":"http:\/\/www.visit-ulcinj.com\/blog\/?p=78248"},"modified":"2014-01-15T16:38:58","modified_gmt":"2014-01-15T15:38:58","slug":"snp-za-bolji-ulcinj-rijec-djelo-izborni-program","status":"publish","type":"post","link":"https:\/\/www.visit-ulcinj.com\/blog\/2014\/01\/15\/snp-za-bolji-ulcinj-rijec-djelo-izborni-program\/","title":{"rendered":"SNP &#8211; Za bolji Ulcinj &#8211; I rije\u010d i djelo! Izborni Program"},"content":{"rendered":"<p><strong><a href=\"http:\/\/www.visit-ulcinj.com\/blog\/wp-content\/uploads\/2014\/01\/SNP-Za-bolji-Ulcinj-I-rijec-i-djelo.jpg\"><img loading=\"lazy\" class=\"alignleft  wp-image-78249\" alt=\"SNP - Za bolji Ulcinj - I rijec i djelo\" src=\"http:\/\/www.visit-ulcinj.com\/blog\/wp-content\/uploads\/2014\/01\/SNP-Za-bolji-Ulcinj-I-rijec-i-djelo.jpg\" width=\"508\" height=\"360\" srcset=\"https:\/\/www.visit-ulcinj.com\/blog\/wp-content\/uploads\/2014\/01\/SNP-Za-bolji-Ulcinj-I-rijec-i-djelo.jpg 550w, https:\/\/www.visit-ulcinj.com\/blog\/wp-content\/uploads\/2014\/01\/SNP-Za-bolji-Ulcinj-I-rijec-i-djelo-300x212.jpg 300w\" sizes=\"(max-width: 508px) 100vw, 508px\" \/><\/a>SNP &#8211; Socijalisti\u010dka narodna partija Crne Gore &#8211; Za bolji Ulcinj &#8211; I rije\u010d i djelo! <\/strong><\/p>\n<p>SOCIJALISTI\u010cKA NARODNA PARTIJA CRNE GORE IMA DUGORO\u010cNU VIZIJU RAZVOJA ULCINJA I VALORIZACIJE NJEGOVIH OGROMNIH TURISTI\u010cKIH, POLJOPRIVREDNIH I MORSKIH POTENCIJALA. IMAMO STRATEGIJU SVEUKUPNOG PRIVREDNOG RAZVOJA OP\u0160TINE, \u010cIJOM REALIZACIJOM \u0106EMO OBEZBIJEDITI DA ULCINJ POSTANE GRAD DINAMI\u010cNOG EKONOMSKOG RASTA, ZDRAVE \u017dIVOTNE SREDINE, DOBRO UVEZANOG SAOBRA\u0106AJA I IZGRA\u0110ENE INFRASTRUKTURE, U KOJOJ SE DOHODAK GRA\u0110ANA KONTINUIRANO POVE\u0106AVA.<\/p>\n<p>NA\u0160 IZBORNI PROGRAM PREDSTAVLJA SVOJEVRSTAN MOST IZME\u0110U SADA\u0160NJEG STANJA, UTVR\u0110ENOG DETALJNOM ANALIZOM, I \u017dELJENOG BUDU\u0106EG RAZVOJA GRADA, PROJEKTOVANOG NA POTREBI SAVREMENOG DRU\u0160TVA I INTEGRACIJI ULCINJA U GLOBALNE TOKOVE I PROCESE.<\/p>\n<p>SPREMNI SMO DA SE SUO\u010cIMO SA IZAZOVIMA I TRA\u017dIMO RJE\u0160ENJE ZA SVAKI PROBLEM KOJI SPRE\u010cAVA RAZVOJ NA\u0160E OP\u0160TINE.<\/p>\n<p>ULCINJ NE SMIJE DA OSTANE ZAROBLJEN U PROBLEMIMA I POSLJEDICAMA DOSADA\u0160NJEG LO\u0160EG UPRAVLJANJA GRADOM.<\/p>\n<p>NA\u0160 PROGRAM JE JEDNOSTAVAN I JASAN. U NJEMU NEMA OBMANA I PREVARA. OD GRA\u0110ANA ULCINJA O\u010cEKUJEMO DA NAM DAJU PODR\u0160KU I DA GA ZAJEDNO REALIZUJEMO.<\/p>\n<p>MI HO\u0106EMO DA ULCINJ PRIPADA GRA\u0110ANIMA, A NE POLITI\u010cKIM PARTIJAMA.<\/p>\n<p>ULCINJU TREBA VRATITI STARI SJAJ I ZNA\u010cAJ KOJI JE NEKADA IMAO.<\/p>\n<p>HO\u0106EMO SIGURAN, OTVOREN GRAD, KOJEM SE MLADI LJUDI VRA\u0106AJU I U KOJEM OSTAJU DA RADE, ZARADE I STVORE SEBI USLOVE ZA DOBAR \u017dIVOT.<\/p>\n<p>HO\u0106EMO SU\u0160TINSKE PROMJENE, A NE PREDIZBORNA OBE\u0106ANJA.<\/p>\n<p>\u017dELIMO DA SVAKOM OD VAS MIRNO POGLEDAMO U O\u010cI.<\/p>\n<p>TEMELJNA ODRE\u0110ENJA IZBORNOG PROGRAMA SOCIJALISTI\u010cKE NARODNE PARTIJE ZA OP\u0160TINU ULCINJ SU:<\/p>\n<p><b>L O K A L N A\u00a0 U P R A V A<\/b><\/p>\n<p>&#8211; Stvaranje svih kadrovskih, organizacionih i tehni\u010dkih pretpostavki da lokalna uprava postane istinski servis svih gra\u0111ana gdje \u0107e gra\u0111ani prona\u0107i za\u0161titnika svojih prava i interesa;<br \/>\n&#8211; Maksimalna afirmacija stru\u010dnosti i profesionalnosti u svim organima i slu\u017ebama lokalne uprave i u javnim ustanovama i javnim preduze\u0107ima \u010diji je osniva\u010d lokalna uprava;<br \/>\n&#8211; dono\u0161enje urbanisti\u010dkih planova po svjetskim standardima;<br \/>\n&#8211; legalizacija nelegalno sagra\u0111enih objekata i usmjeravanje sredstava dobijenih po tom osnovu za izgradnju komunalne infrastructure.<\/p>\n<p><b>P U T N A\u00a0 I N F R A S T R U K T U R A<\/b><\/p>\n<p>&#8211; Izgradnja puta obodom brda Pinje\u0161 od hotela \u201cAlbatros\u201d do rta \u0110erane;<br \/>\n&#8211; Povezivanje Limana sa putem za Valdanos;<br \/>\n&#8211; Povezivanje Velike pla\u017ee preko Benta, Darze i Zoganja sa putem Ulcinj -Sukobin;<br \/>\n&#8211; Izgradnja puta Bojke \u2013 Sukobin \u2013 Fraskanjel &#8211; Sveti \u0110or\u0111e;<br \/>\n&#8211; Izgradnja pje\u0161a\u010dke i biciklisti\u010dke staze obalom od Hotela \u201cAlbatros\u201d do Rta \u0110erane.<\/p>\n<p><b>T U R I Z A M<\/b><br \/>\n&#8211; Dono\u0161enje turisti\u010dke strategije;<br \/>\n&#8211; Pronala\u017eenje strate\u0161kih partnera za izgradnju novih hotelskih kapaciteta;<br \/>\n&#8211; Program razvoja seoskog turizma;<br \/>\n&#8211; Program razvoja sportskog turizma;<br \/>\n&#8211; Program razvoja nauti\u010dkog turizma;<br \/>\n&#8211; Valorizacija Velike pla\u017ee.<\/p>\n<p><b>P O LJ O P R I V R E D A\u00a0 I\u00a0 S E L O<\/b><\/p>\n<p>&#8211; Usvajanje podsticajnih mjera za razvoj poljoprivrede i inteziviranje poljoprivredne proizvodnje;<br \/>\n&#8211; Podizanje ukupnog standarda zivota na selu;<br \/>\n&#8211; Iniciranje razvoja i otvaranja mre\u017ee ambulanti na seoskom podru\u010dju;<br \/>\n&#8211; Otvaranje otkupne stanice za klasifikaciju, preradu i pakovanje poljoprivrednih proizvoda;<br \/>\n&#8211; Iniciranje otvaranja stanica za otkup mlijeka;<br \/>\n&#8211; Pobolj\u0161anje putne i druge infrastrukture na seoskom podru\u010dju.<\/p>\n<p><b>E K O L O G I J A<br \/>\n<\/b><br \/>\n&#8211; O\u010duvanje, unapre\u0111enje i za\u0161tita \u017eivotne sredine i prirodnih bogatstava Ulcinja;<br \/>\n&#8211; Regulacija kanala Port Milena;<br \/>\n&#8211; Regulacija kanala Bratica;<br \/>\n&#8211; Za\u0161tita obale rijeke Bojane;<br \/>\n&#8211; O\u010duvanje i za\u0161tita \u0160askog jezera.<\/p>\n<p><b>Z A P O \u0160 LJ A V A NJ E<\/b><\/p>\n<p>&#8211; Dono\u0161enje stimulativnih mjera za otvaranje novih radnih mjesta i zapo\u0161ljavanje prije svega mladih ljudi;<br \/>\n&#8211; Stvaranje uslova za kreditne linije mladim ljudima za samozapo\u0161ljavanje, posebno u poljoprivrednoj proizvodnji i turisti\u010dkim djelatnostima;<br \/>\n&#8211; Davanje \u0161ansi mladim, obrazovanim i kvalitetnim kadrovima;<br \/>\n&#8211; Stvaranje uslova za zapo\u0161ljavanje lica sa invaliditetom.<\/p>\n<p><b>K U L T U R A<\/b><\/p>\n<p>&#8211; Dono\u0161enje kulturne strategije;<br \/>\n&#8211; Za\u0161tita kulturno \u2013 istorijskih spomenika;<br \/>\n&#8211; Afirmacija kulture manjina i manjinskih zajednica.<\/p>\n<p><b>S P O R T<\/b><\/p>\n<p>&#8211; Afirmacija sportskih potencijala;<br \/>\n&#8211; Unapre\u0111enje infrastrukture u svim oblastima sporta;<br \/>\n&#8211; Stipendiranje talentovanih sportista.<\/p>\n<p><b>M L A D I<\/b><\/p>\n<p>&#8211; Ja\u010danje kapaciteta omladinskih organizacija;<br \/>\n&#8211; Stvaranje institucionalnog okvira za mlade: kancelarija za mlade i lokalni savjet za mlade;<br \/>\n&#8211; Dodjeljivanje neiskori\u0161\u0107enih prostora mladima za njihove aktivnosti;<br \/>\n&#8211; Pove\u0107anje u\u010de\u0161\u0107a mladih u procesima odlu\u010divanja na lokalnom nivou.<\/p>\n<p><b>Z A \u0160 T O\u00a0 M I<\/b><\/p>\n<p>&#8211; Zato \u0161to ljude ne dijelimo po naciji i vjeri:<br \/>\n&#8211; Zato \u0161to \u017eelimo da mijenjamo Ulcinj na bolje;<br \/>\n&#8211; Zato \u0161to vlast vidimo kao partnerstvo sa gra\u0111anima;<br \/>\n&#8211; Zato \u0161to imamo odgovore na izazove vremena;<br \/>\n&#8211; Zato \u0161to smo permanentno ukazivali na slabosti i neodr\u017eivost politike aktuelne vlasti;<br \/>\n&#8211; Zato \u0161to \u0107emo inicirati provjeru svih spornih privatizacija u Ulcinju;<br \/>\n&#8211; Zato \u0161to smo se energi\u010dno i argumentovano zalagali u korist gra\u0111ana Ulcinja i njegovanje su\u017eivota u na\u0161em gradu;<br \/>\n&#8211; Zato \u0161to smo shvatili da su interesi gra\u0111ana Ulcinja iznad interesa bilo koje politike;<br \/>\n&#8211; Zato \u0161to \u0107e SNP sa svim dobronamjernim Ulcinjanima, u\u010diniti sve u cilju obezbje\u0111enja prosperitetnog razvoja na\u0161e Op\u0161tine;<br \/>\n&#8211; Zato \u0161to smo \u010dvrsta garancija boljeg, pravednog i dostojanstvenog \u017eivota svih gra\u0111ana Ulcinja;<\/p>\n<p><b>&#8211; ZATO \u0160TO GRA\u0110ANI ULCINJA TO ZASLU\u017dUJU !!!<\/p>\n<p>IZBORNA LISTA<\/b><\/p>\n<p><b>4. SNP \u2013 SOCIJALISTI\u010cKA NARODNA PARTIJA CRNE GORE<br \/>\n\u2013 ZA BOLJI ULCINJ \u2013 I RIJE\u010c I DJELO<\/b><\/p>\n<p>1. Andrija \u0106etkovi\u0107<br \/>\n2. Sr\u0111an Stojanovi\u0107<br \/>\n3. Biljana Kova\u010devi\u0107<br \/>\n4. Boro Kne\u017eevi\u0107<br \/>\n5. Milo Keki\u0107<br \/>\n6. Zora \u010capunovi\u0107<br \/>\n7. Vido \u0110akonovi\u0107<br \/>\n8. Stjepan Kalu\u0111erovi\u0107<br \/>\n9. Dragana Mirovi\u0107<br \/>\n10. Radislav \u0106etkovi\u0107<br \/>\n11. Irfan Mehmedovi\u0107<br \/>\n12. Vera Mar\u0111onovi\u0107<br \/>\n13. Ivo Bevenja<br \/>\n14. Zefa Niki\u0107<br \/>\n15. Brana Abramovi\u0107<br \/>\n16. Milovan Vujo\u0161evi\u0107<br \/>\n17. Aleksandar Far<br \/>\n18. Vojislav Bubanja<br \/>\n19. Mijodrag Nikoti\u0107<br \/>\n20. Ljiljana Ja\u0161ovi\u0107<br \/>\n21. Bojan Lazarevi\u0107<br \/>\n22. Danilo Peri\u0107<br \/>\n23. Branka Rudovi\u0107<br \/>\n24. Jozo Nilovi\u0107<br \/>\n25. Nikola Popovi\u0107<br \/>\n26. Petar Bo\u017eovi\u0107<br \/>\n27. Cvijeta \u017duri\u0107<br \/>\n28. Dragan \u010coguri\u0107<br \/>\n29. \u0110uro Bevenja<br \/>\n30. Boban Trivi\u0107<br \/>\n31. Bo\u0161ko Radulovi\u0107<br \/>\n32. Lidija Matunovi\u0107<br \/>\n33. Olga Mili\u0107evi\u0107<\/p>\n<p>Izvor: SNP<\/p>\n","protected":false},"excerpt":{"rendered":"<p>SNP &#8211; Socijalisti\u010dka narodna partija Crne Gore &#8211; Za bolji Ulcinj &#8211; I rije\u010d i djelo! SOCIJALISTI\u010cKA NARODNA PARTIJA CRNE GORE IMA DUGORO\u010cNU VIZIJU RAZVOJA ULCINJA I VALORIZACIJE NJEGOVIH OGROMNIH TURISTI\u010cKIH, POLJOPRIVREDNIH I MORSKIH POTENCIJALA. IMAMO STRATEGIJU SVEUKUPNOG PRIVREDNOG RAZVOJA OP\u0160TINE, \u010cIJOM REALIZACIJOM \u0106EMO OBEZBIJEDITI DA ULCINJ POSTANE GRAD DINAMI\u010cNOG EKONOMSKOG RASTA, ZDRAVE \u017dIVOTNE SREDINE, [&hellip;]<\/p>\n","protected":false},"author":1,"featured_media":0,"comment_status":"closed","ping_status":"closed","sticky":false,"template":"","format":"standard","meta":{"spay_email":"","jetpack_publicize_message":"","jetpack_is_tweetstorm":false,"jetpack_publicize_feature_enabled":true},"categories":[6950],"tags":[],"jetpack_publicize_connections":[],"yoast_head":"<!-- This site is optimized with the Yoast SEO plugin v19.1 - https:\/\/yoast.com\/wordpress\/plugins\/seo\/ -->\n<title>SNP - Za bolji Ulcinj - I rije\u010d i djelo! Izborni Program - Lajme nga Ulqini<\/title>\n<meta name=\"description\" content=\"SNP - Socijalisti\u010dka narodna partija Crne Gore - Za bolji Ulcinj - I rije\u010d i djelo! SOCIJALISTI\u010cKA NARODNA PARTIJA CRNE GORE IMA DUGORO\u010cNU VIZIJU RAZVOJA\" \/>\n<meta name=\"robots\" content=\"index, follow, max-snippet:-1, max-image-preview:large, max-video-preview:-1\" \/>\n<link rel=\"canonical\" href=\"https:\/\/www.visit-ulcinj.com\/blog\/2014\/01\/15\/snp-za-bolji-ulcinj-rijec-djelo-izborni-program\/\" \/>\n<meta property=\"og:locale\" content=\"en_US\" \/>\n<meta property=\"og:type\" content=\"article\" \/>\n<meta property=\"og:title\" content=\"SNP - Za bolji Ulcinj - I rije\u010d i djelo! Izborni Program - Lajme nga Ulqini\" \/>\n<meta property=\"og:description\" content=\"SNP - Socijalisti\u010dka narodna partija Crne Gore - Za bolji Ulcinj - I rije\u010d i djelo! SOCIJALISTI\u010cKA NARODNA PARTIJA CRNE GORE IMA DUGORO\u010cNU VIZIJU RAZVOJA\" \/>\n<meta property=\"og:url\" content=\"https:\/\/www.visit-ulcinj.com\/blog\/2014\/01\/15\/snp-za-bolji-ulcinj-rijec-djelo-izborni-program\/\" \/>\n<meta property=\"og:site_name\" content=\"Lajme nga Ulqini\" \/>\n<meta property=\"article:published_time\" content=\"2014-01-15T15:38:58+00:00\" \/>\n<meta property=\"og:image\" content=\"http:\/\/www.visit-ulcinj.com\/blog\/wp-content\/uploads\/2014\/01\/SNP-Za-bolji-Ulcinj-I-rijec-i-djelo.jpg\" \/>\n<meta name=\"twitter:label1\" content=\"Written by\" \/>\n\t<meta name=\"twitter:data1\" content=\"ulqini\" \/>\n\t<meta name=\"twitter:label2\" content=\"Est. reading time\" \/>\n\t<meta name=\"twitter:data2\" content=\"5 minutes\" \/>\n<script type=\"application\/ld+json\" class=\"yoast-schema-graph\">{\"@context\":\"https:\/\/schema.org\",\"@graph\":[{\"@type\":\"WebSite\",\"@id\":\"https:\/\/www.visit-ulcinj.com\/blog\/#website\",\"url\":\"https:\/\/www.visit-ulcinj.com\/blog\/\",\"name\":\"Lajme nga Ulqini\",\"description\":\"Lajme,Vijesti,Ulqini,Ulqin,Crna Gora,Mali i Zi\",\"potentialAction\":[{\"@type\":\"SearchAction\",\"target\":{\"@type\":\"EntryPoint\",\"urlTemplate\":\"https:\/\/www.visit-ulcinj.com\/blog\/?s={search_term_string}\"},\"query-input\":\"required name=search_term_string\"}],\"inLanguage\":\"en-US\"},{\"@type\":\"ImageObject\",\"inLanguage\":\"en-US\",\"@id\":\"https:\/\/www.visit-ulcinj.com\/blog\/2014\/01\/15\/snp-za-bolji-ulcinj-rijec-djelo-izborni-program\/#primaryimage\",\"url\":\"https:\/\/www.visit-ulcinj.com\/blog\/wp-content\/uploads\/2014\/01\/SNP-Za-bolji-Ulcinj-I-rijec-i-djelo.jpg\",\"contentUrl\":\"https:\/\/www.visit-ulcinj.com\/blog\/wp-content\/uploads\/2014\/01\/SNP-Za-bolji-Ulcinj-I-rijec-i-djelo.jpg\",\"width\":550,\"height\":389},{\"@type\":\"WebPage\",\"@id\":\"https:\/\/www.visit-ulcinj.com\/blog\/2014\/01\/15\/snp-za-bolji-ulcinj-rijec-djelo-izborni-program\/#webpage\",\"url\":\"https:\/\/www.visit-ulcinj.com\/blog\/2014\/01\/15\/snp-za-bolji-ulcinj-rijec-djelo-izborni-program\/\",\"name\":\"SNP - Za bolji Ulcinj - I rije\u010d i djelo! Izborni Program - Lajme nga Ulqini\",\"isPartOf\":{\"@id\":\"https:\/\/www.visit-ulcinj.com\/blog\/#website\"},\"primaryImageOfPage\":{\"@id\":\"https:\/\/www.visit-ulcinj.com\/blog\/2014\/01\/15\/snp-za-bolji-ulcinj-rijec-djelo-izborni-program\/#primaryimage\"},\"datePublished\":\"2014-01-15T15:38:58+00:00\",\"dateModified\":\"2014-01-15T15:38:58+00:00\",\"author\":{\"@id\":\"https:\/\/www.visit-ulcinj.com\/blog\/#\/schema\/person\/dcab619c614d3038751c63bc2aadc06d\"},\"description\":\"SNP - Socijalisti\u010dka narodna partija Crne Gore - Za bolji Ulcinj - I rije\u010d i djelo! SOCIJALISTI\u010cKA NARODNA PARTIJA CRNE GORE IMA DUGORO\u010cNU VIZIJU RAZVOJA\",\"breadcrumb\":{\"@id\":\"https:\/\/www.visit-ulcinj.com\/blog\/2014\/01\/15\/snp-za-bolji-ulcinj-rijec-djelo-izborni-program\/#breadcrumb\"},\"inLanguage\":\"en-US\",\"potentialAction\":[{\"@type\":\"ReadAction\",\"target\":[\"https:\/\/www.visit-ulcinj.com\/blog\/2014\/01\/15\/snp-za-bolji-ulcinj-rijec-djelo-izborni-program\/\"]}]},{\"@type\":\"BreadcrumbList\",\"@id\":\"https:\/\/www.visit-ulcinj.com\/blog\/2014\/01\/15\/snp-za-bolji-ulcinj-rijec-djelo-izborni-program\/#breadcrumb\",\"itemListElement\":[{\"@type\":\"ListItem\",\"position\":1,\"name\":\"SNP &#8211; Za bolji Ulcinj &#8211; I rije\u010d i djelo! Izborni Program\"}]},{\"@type\":\"Person\",\"@id\":\"https:\/\/www.visit-ulcinj.com\/blog\/#\/schema\/person\/dcab619c614d3038751c63bc2aadc06d\",\"name\":\"ulqini\",\"sameAs\":[\"http:\/\/www.visit-ulcinj.com\"],\"url\":\"https:\/\/www.visit-ulcinj.com\/blog\/author\/admin\/\"}]}<\/script>\n<!-- \/ Yoast SEO plugin. -->","yoast_head_json":{"title":"SNP - Za bolji Ulcinj - I rije\u010d i djelo! Izborni Program - Lajme nga Ulqini","description":"SNP - Socijalisti\u010dka narodna partija Crne Gore - Za bolji Ulcinj - I rije\u010d i djelo! SOCIJALISTI\u010cKA NARODNA PARTIJA CRNE GORE IMA DUGORO\u010cNU VIZIJU RAZVOJA","robots":{"index":"index","follow":"follow","max-snippet":"max-snippet:-1","max-image-preview":"max-image-preview:large","max-video-preview":"max-video-preview:-1"},"canonical":"https:\/\/www.visit-ulcinj.com\/blog\/2014\/01\/15\/snp-za-bolji-ulcinj-rijec-djelo-izborni-program\/","og_locale":"en_US","og_type":"article","og_title":"SNP - Za bolji Ulcinj - I rije\u010d i djelo! Izborni Program - Lajme nga Ulqini","og_description":"SNP - Socijalisti\u010dka narodna partija Crne Gore - Za bolji Ulcinj - I rije\u010d i djelo! SOCIJALISTI\u010cKA NARODNA PARTIJA CRNE GORE IMA DUGORO\u010cNU VIZIJU RAZVOJA","og_url":"https:\/\/www.visit-ulcinj.com\/blog\/2014\/01\/15\/snp-za-bolji-ulcinj-rijec-djelo-izborni-program\/","og_site_name":"Lajme nga Ulqini","article_published_time":"2014-01-15T15:38:58+00:00","og_image":[{"url":"http:\/\/www.visit-ulcinj.com\/blog\/wp-content\/uploads\/2014\/01\/SNP-Za-bolji-Ulcinj-I-rijec-i-djelo.jpg"}],"twitter_misc":{"Written by":"ulqini","Est. reading time":"5 minutes"},"schema":{"@context":"https:\/\/schema.org","@graph":[{"@type":"WebSite","@id":"https:\/\/www.visit-ulcinj.com\/blog\/#website","url":"https:\/\/www.visit-ulcinj.com\/blog\/","name":"Lajme nga Ulqini","description":"Lajme,Vijesti,Ulqini,Ulqin,Crna Gora,Mali i Zi","potentialAction":[{"@type":"SearchAction","target":{"@type":"EntryPoint","urlTemplate":"https:\/\/www.visit-ulcinj.com\/blog\/?s={search_term_string}"},"query-input":"required name=search_term_string"}],"inLanguage":"en-US"},{"@type":"ImageObject","inLanguage":"en-US","@id":"https:\/\/www.visit-ulcinj.com\/blog\/2014\/01\/15\/snp-za-bolji-ulcinj-rijec-djelo-izborni-program\/#primaryimage","url":"https:\/\/www.visit-ulcinj.com\/blog\/wp-content\/uploads\/2014\/01\/SNP-Za-bolji-Ulcinj-I-rijec-i-djelo.jpg","contentUrl":"https:\/\/www.visit-ulcinj.com\/blog\/wp-content\/uploads\/2014\/01\/SNP-Za-bolji-Ulcinj-I-rijec-i-djelo.jpg","width":550,"height":389},{"@type":"WebPage","@id":"https:\/\/www.visit-ulcinj.com\/blog\/2014\/01\/15\/snp-za-bolji-ulcinj-rijec-djelo-izborni-program\/#webpage","url":"https:\/\/www.visit-ulcinj.com\/blog\/2014\/01\/15\/snp-za-bolji-ulcinj-rijec-djelo-izborni-program\/","name":"SNP - Za bolji Ulcinj - I rije\u010d i djelo! Izborni Program - Lajme nga Ulqini","isPartOf":{"@id":"https:\/\/www.visit-ulcinj.com\/blog\/#website"},"primaryImageOfPage":{"@id":"https:\/\/www.visit-ulcinj.com\/blog\/2014\/01\/15\/snp-za-bolji-ulcinj-rijec-djelo-izborni-program\/#primaryimage"},"datePublished":"2014-01-15T15:38:58+00:00","dateModified":"2014-01-15T15:38:58+00:00","author":{"@id":"https:\/\/www.visit-ulcinj.com\/blog\/#\/schema\/person\/dcab619c614d3038751c63bc2aadc06d"},"description":"SNP - Socijalisti\u010dka narodna partija Crne Gore - Za bolji Ulcinj - I rije\u010d i djelo! SOCIJALISTI\u010cKA NARODNA PARTIJA CRNE GORE IMA DUGORO\u010cNU VIZIJU RAZVOJA","breadcrumb":{"@id":"https:\/\/www.visit-ulcinj.com\/blog\/2014\/01\/15\/snp-za-bolji-ulcinj-rijec-djelo-izborni-program\/#breadcrumb"},"inLanguage":"en-US","potentialAction":[{"@type":"ReadAction","target":["https:\/\/www.visit-ulcinj.com\/blog\/2014\/01\/15\/snp-za-bolji-ulcinj-rijec-djelo-izborni-program\/"]}]},{"@type":"BreadcrumbList","@id":"https:\/\/www.visit-ulcinj.com\/blog\/2014\/01\/15\/snp-za-bolji-ulcinj-rijec-djelo-izborni-program\/#breadcrumb","itemListElement":[{"@type":"ListItem","position":1,"name":"SNP &#8211; Za bolji Ulcinj &#8211; I rije\u010d i djelo! Izborni Program"}]},{"@type":"Person","@id":"https:\/\/www.visit-ulcinj.com\/blog\/#\/schema\/person\/dcab619c614d3038751c63bc2aadc06d","name":"ulqini","sameAs":["http:\/\/www.visit-ulcinj.com"],"url":"https:\/\/www.visit-ulcinj.com\/blog\/author\/admin\/"}]}},"jetpack_featured_media_url":"","jetpack_sharing_enabled":true,"jetpack_shortlink":"https:\/\/wp.me\/pe6lTn-km4","_links":{"self":[{"href":"https:\/\/www.visit-ulcinj.com\/blog\/wp-json\/wp\/v2\/posts\/78248"}],"collection":[{"href":"https:\/\/www.visit-ulcinj.com\/blog\/wp-json\/wp\/v2\/posts"}],"about":[{"href":"https:\/\/www.visit-ulcinj.com\/blog\/wp-json\/wp\/v2\/types\/post"}],"author":[{"embeddable":true,"href":"https:\/\/www.visit-ulcinj.com\/blog\/wp-json\/wp\/v2\/users\/1"}],"replies":[{"embeddable":true,"href":"https:\/\/www.visit-ulcinj.com\/blog\/wp-json\/wp\/v2\/comments?post=78248"}],"version-history":[{"count":1,"href":"https:\/\/www.visit-ulcinj.com\/blog\/wp-json\/wp\/v2\/posts\/78248\/revisions"}],"predecessor-version":[{"id":78250,"href":"https:\/\/www.visit-ulcinj.com\/blog\/wp-json\/wp\/v2\/posts\/78248\/revisions\/78250"}],"wp:attachment":[{"href":"https:\/\/www.visit-ulcinj.com\/blog\/wp-json\/wp\/v2\/media?parent=78248"}],"wp:term":[{"taxonomy":"category","embeddable":true,"href":"https:\/\/www.visit-ulcinj.com\/blog\/wp-json\/wp\/v2\/categories?post=78248"},{"taxonomy":"post_tag","embeddable":true,"href":"https:\/\/www.visit-ulcinj.com\/blog\/wp-json\/wp\/v2\/tags?post=78248"}],"curies":[{"name":"wp","href":"https:\/\/api.w.org\/{rel}","templated":true}]}}