{"id":78258,"date":"2014-01-15T18:00:11","date_gmt":"2014-01-15T17:00:11","guid":{"rendered":"http:\/\/www.visit-ulcinj.com\/blog\/?p=78258"},"modified":"2014-01-15T18:00:11","modified_gmt":"2014-01-15T17:00:11","slug":"pajovic-u-ulcinj-morsko-dobro-vladin-usisivac","status":"publish","type":"post","link":"https:\/\/www.visit-ulcinj.com\/blog\/2014\/01\/15\/pajovic-u-ulcinj-morsko-dobro-vladin-usisivac\/","title":{"rendered":"Pajovi\u0107 u Ulcinj: Morsko dobro-Vladin usisiva\u010d"},"content":{"rendered":"<p><a href=\"http:\/\/www.visit-ulcinj.com\/blog\/wp-content\/uploads\/2014\/01\/pajovic_abazovic-Ulcinj.jpg\"><img loading=\"lazy\" class=\"alignleft  wp-image-78259\" alt=\"pajovic_abazovic-Ulcinj\" src=\"http:\/\/www.visit-ulcinj.com\/blog\/wp-content\/uploads\/2014\/01\/pajovic_abazovic-Ulcinj.jpg\" width=\"508\" height=\"360\" \/><\/a>Poluga kojom se Ulcinjem gazduje iz Podgorice je Morsko dobro koje je postalo Vladina ma\u0161ina za isisavanje novca iz Ulcinja, kazao je predsjednik Pozitivne Crne Gore Darko Pajovi\u0107.<\/p>\n<p>Gra\u0111ani Ulcinja su svoji na svome, u svojoj ku\u0107i, ali se \u201enjihovom avlijom gazduje iz Podgorice\u201c, kazao je lider Pozitivne.<\/p>\n<p>\u201ePovla\u010denjem linija svojih ingerencija Morsko dobro je\u00a0 nepravedno prema Ulcinju. Prosje\u010dna \u0161irina morskog dobra je u Kotoru 32, u Budvi 54, a u Ulcinju 565 metara. To zna\u010di da Ulcinjani ne mogu upravljati povr\u0161inom od 33 miliona kvadratnih metara. Time se lokalnoj samoupravi onemogu\u0107avaju, prije svega\u00a0 da od te imovina ubira prihode i od toga naravno da \u017eivi\u201c, kazao je Pajovi\u0107.<\/p>\n<p>Lider Pozitivne tvrdi da, kada se proda Trsteno, pare, normalno, idu u kotorsku kasu, kada se proda Maljevik &#8211; pare logi\u010dno idu u barsku kasu, kada se proda Zavala &#8211; pare prirodno idu u budvansku op\u0161tinu.<\/p>\n<p>\u201eKada se proda Solana pare \u201cnormalno\u201d ne idu u ulcinjsku kasu. \u0160ta je uradila lokalna vlast da bi to sprije\u010dila i promijenila. Kao \u0161to vidite ni\u0161ta. Njihova nesposobnost dovela je Ulcinj na granicu siroma\u0161tva. Sve partije su bile u toj vlasti I svi su, svjedoci ste toga pokazali koliko \u017eele, umiju i mogu\u201c, ka\u017ee Pajovi\u0107, navode\u0107i da je alternativa Pozitivna Crna Gora sa novim mladim ljudima, novom snagom i novim idejama.<\/p>\n<p>\u201ePozitivna \u0107e uraditi sve da se Zakon o Morskom dobru promijeni u korist Ulcinja i njegovih gra\u0111ana kako bi se prekinula\u00a0 trenutna diskriminatorska politika vladaju\u0107e elite prema gradu. Pozitivna Crna Gora ima realan i ostvariv ekonomski program za Ulcinj zasnovan na \u010dinjenici da je ovaj grad teritorija sa najvi\u0161e potencijala u Crnoj Gori pa i u regionu\u201c.<\/p>\n<p>Lider Pozitivne smatra da se, u posljednjih 25 godina, u Ulcinju otvaralo i pokretalo samo pred izbore, a zatvaralo i zaustavljalo \u010dim se oformi nova vlast.<\/p>\n<p><a href=\"http:\/\/www.visit-ulcinj.com\/blog\/wp-content\/uploads\/2014\/01\/pajovic-abazovic-Ulcinj-1.jpg\"><img loading=\"lazy\" class=\"alignleft  wp-image-78260\" alt=\"pajovic-abazovic-Ulcinj-1\" src=\"http:\/\/www.visit-ulcinj.com\/blog\/wp-content\/uploads\/2014\/01\/pajovic-abazovic-Ulcinj-1.jpg\" width=\"508\" height=\"360\" \/><\/a><\/p>\n<p>\u201ePozitivna ima ideje, plan i viziju. I \u0161to je jednako va\u017eno ljude koji umiju, znaju i ho\u0107e da tu viziju preto\u010de u stvarnost u korist gra\u0111ana Ulcinja\u201c, zaklju\u010dio je lider Pozitivne Darko Pajovi\u0107.<\/p>\n<p>Nosilac liste \u201eSrcem za Ulcinj\u201c, poslanik\u00a0 Pozitivne Dritan Abazovi\u0107 je izjavio da je ta stran, bez dileme, jedina alaternativa postoje\u0107oj vlasti u Ulcinju.<\/p>\n<p>\u201eSvi su ostali bili na vlasti i pokazali koliko vole ovaj grad, daju\u0107i prednost sopstvenim interesima u odnosu na javno dobro. Mi smo mlada ekipa, kreativna i bez predrasuda sa realnom vizijom razvoja grada Ulcinja, opisane u na\u0161em programu\u201c, kazao je Abazovi\u0107.<\/p>\n<p>Iako, kako ka\u017ee, ne tr\u010de za funkcijama, spremni su da preuzmu odgovornost,i otvoreni za saradnju sa svima koji \u017eele dobro o ovom gradu.<\/p>\n<p>\u201eUkoliko nam gra\u0111ani Ulcinja daju povjerenje, u kratkom periodu reformisa\u0107emo lokalnu administraciju i vrlo brzo uspostaviti sistem koji \u0107e se odraziti na stvaranje kvalitetnijih uslova za poslovni ambijent. Bi\u0107emo posve\u0107eni o\u010duvanju autenti\u010dnosti grada, o\u010duvanju prostora i odr\u017eivom razvoju. Ulcinj zalu\u017euje bolju upravu i ljudi koji ga predstavljaju moraju biti dostojni njegove istorije i tradicije&#8221;, kazao je Abazovi\u0107.<\/p>\n<p><strong>Izvor: TVCG<\/strong><\/p>\n","protected":false},"excerpt":{"rendered":"<p>Poluga kojom se Ulcinjem gazduje iz Podgorice je Morsko dobro koje je postalo Vladina ma\u0161ina za isisavanje novca iz Ulcinja, kazao je predsjednik Pozitivne Crne Gore Darko Pajovi\u0107. Gra\u0111ani Ulcinja su svoji na svome, u svojoj ku\u0107i, ali se \u201enjihovom avlijom gazduje iz Podgorice\u201c, kazao je lider Pozitivne. \u201ePovla\u010denjem linija svojih ingerencija Morsko dobro je\u00a0 [&hellip;]<\/p>\n","protected":false},"author":1,"featured_media":0,"comment_status":"closed","ping_status":"closed","sticky":false,"template":"","format":"standard","meta":{"spay_email":"","jetpack_publicize_message":"","jetpack_is_tweetstorm":false,"jetpack_publicize_feature_enabled":true},"categories":[8337],"tags":[],"jetpack_publicize_connections":[],"yoast_head":"<!-- This site is optimized with the Yoast SEO plugin v19.1 - https:\/\/yoast.com\/wordpress\/plugins\/seo\/ -->\n<title>Pajovi\u0107 u Ulcinj: Morsko dobro-Vladin usisiva\u010d - Lajme nga Ulqini<\/title>\n<meta name=\"description\" content=\"Poluga kojom se Ulcinjem gazduje iz Podgorice je Morsko dobro koje je postalo Vladina ma\u0161ina za isisavanje novca iz Ulcinja, kazao je predsjednik\" \/>\n<meta name=\"robots\" content=\"index, follow, max-snippet:-1, max-image-preview:large, max-video-preview:-1\" \/>\n<link rel=\"canonical\" href=\"https:\/\/www.visit-ulcinj.com\/blog\/2014\/01\/15\/pajovic-u-ulcinj-morsko-dobro-vladin-usisivac\/\" \/>\n<meta property=\"og:locale\" content=\"en_US\" \/>\n<meta property=\"og:type\" content=\"article\" \/>\n<meta property=\"og:title\" content=\"Pajovi\u0107 u Ulcinj: Morsko dobro-Vladin usisiva\u010d - Lajme nga Ulqini\" \/>\n<meta property=\"og:description\" content=\"Poluga kojom se Ulcinjem gazduje iz Podgorice je Morsko dobro koje je postalo Vladina ma\u0161ina za isisavanje novca iz Ulcinja, kazao je predsjednik\" \/>\n<meta property=\"og:url\" content=\"https:\/\/www.visit-ulcinj.com\/blog\/2014\/01\/15\/pajovic-u-ulcinj-morsko-dobro-vladin-usisivac\/\" \/>\n<meta property=\"og:site_name\" content=\"Lajme nga Ulqini\" \/>\n<meta property=\"article:published_time\" content=\"2014-01-15T17:00:11+00:00\" \/>\n<meta property=\"og:image\" content=\"http:\/\/www.visit-ulcinj.com\/blog\/wp-content\/uploads\/2014\/01\/pajovic_abazovic-Ulcinj.jpg\" \/>\n<meta name=\"twitter:label1\" content=\"Written by\" \/>\n\t<meta name=\"twitter:data1\" content=\"ulqini\" \/>\n\t<meta name=\"twitter:label2\" content=\"Est. reading time\" \/>\n\t<meta name=\"twitter:data2\" content=\"3 minutes\" \/>\n<script type=\"application\/ld+json\" class=\"yoast-schema-graph\">{\"@context\":\"https:\/\/schema.org\",\"@graph\":[{\"@type\":\"WebSite\",\"@id\":\"https:\/\/www.visit-ulcinj.com\/blog\/#website\",\"url\":\"https:\/\/www.visit-ulcinj.com\/blog\/\",\"name\":\"Lajme nga Ulqini\",\"description\":\"Lajme,Vijesti,Ulqini,Ulqin,Crna Gora,Mali i Zi\",\"potentialAction\":[{\"@type\":\"SearchAction\",\"target\":{\"@type\":\"EntryPoint\",\"urlTemplate\":\"https:\/\/www.visit-ulcinj.com\/blog\/?s={search_term_string}\"},\"query-input\":\"required name=search_term_string\"}],\"inLanguage\":\"en-US\"},{\"@type\":\"ImageObject\",\"inLanguage\":\"en-US\",\"@id\":\"https:\/\/www.visit-ulcinj.com\/blog\/2014\/01\/15\/pajovic-u-ulcinj-morsko-dobro-vladin-usisivac\/#primaryimage\",\"url\":\"https:\/\/www.visit-ulcinj.com\/blog\/wp-content\/uploads\/2014\/01\/pajovic_abazovic-Ulcinj.jpg\",\"contentUrl\":\"https:\/\/www.visit-ulcinj.com\/blog\/wp-content\/uploads\/2014\/01\/pajovic_abazovic-Ulcinj.jpg\",\"width\":788,\"height\":480},{\"@type\":\"WebPage\",\"@id\":\"https:\/\/www.visit-ulcinj.com\/blog\/2014\/01\/15\/pajovic-u-ulcinj-morsko-dobro-vladin-usisivac\/#webpage\",\"url\":\"https:\/\/www.visit-ulcinj.com\/blog\/2014\/01\/15\/pajovic-u-ulcinj-morsko-dobro-vladin-usisivac\/\",\"name\":\"Pajovi\u0107 u Ulcinj: Morsko dobro-Vladin usisiva\u010d - Lajme nga Ulqini\",\"isPartOf\":{\"@id\":\"https:\/\/www.visit-ulcinj.com\/blog\/#website\"},\"primaryImageOfPage\":{\"@id\":\"https:\/\/www.visit-ulcinj.com\/blog\/2014\/01\/15\/pajovic-u-ulcinj-morsko-dobro-vladin-usisivac\/#primaryimage\"},\"datePublished\":\"2014-01-15T17:00:11+00:00\",\"dateModified\":\"2014-01-15T17:00:11+00:00\",\"author\":{\"@id\":\"https:\/\/www.visit-ulcinj.com\/blog\/#\/schema\/person\/dcab619c614d3038751c63bc2aadc06d\"},\"description\":\"Poluga kojom se Ulcinjem gazduje iz Podgorice je Morsko dobro koje je postalo Vladina ma\u0161ina za isisavanje novca iz Ulcinja, kazao je predsjednik\",\"breadcrumb\":{\"@id\":\"https:\/\/www.visit-ulcinj.com\/blog\/2014\/01\/15\/pajovic-u-ulcinj-morsko-dobro-vladin-usisivac\/#breadcrumb\"},\"inLanguage\":\"en-US\",\"potentialAction\":[{\"@type\":\"ReadAction\",\"target\":[\"https:\/\/www.visit-ulcinj.com\/blog\/2014\/01\/15\/pajovic-u-ulcinj-morsko-dobro-vladin-usisivac\/\"]}]},{\"@type\":\"BreadcrumbList\",\"@id\":\"https:\/\/www.visit-ulcinj.com\/blog\/2014\/01\/15\/pajovic-u-ulcinj-morsko-dobro-vladin-usisivac\/#breadcrumb\",\"itemListElement\":[{\"@type\":\"ListItem\",\"position\":1,\"name\":\"Pajovi\u0107 u Ulcinj: Morsko dobro-Vladin usisiva\u010d\"}]},{\"@type\":\"Person\",\"@id\":\"https:\/\/www.visit-ulcinj.com\/blog\/#\/schema\/person\/dcab619c614d3038751c63bc2aadc06d\",\"name\":\"ulqini\",\"sameAs\":[\"http:\/\/www.visit-ulcinj.com\"],\"url\":\"https:\/\/www.visit-ulcinj.com\/blog\/author\/admin\/\"}]}<\/script>\n<!-- \/ Yoast SEO plugin. -->","yoast_head_json":{"title":"Pajovi\u0107 u Ulcinj: Morsko dobro-Vladin usisiva\u010d - Lajme nga Ulqini","description":"Poluga kojom se Ulcinjem gazduje iz Podgorice je Morsko dobro koje je postalo Vladina ma\u0161ina za isisavanje novca iz Ulcinja, kazao je predsjednik","robots":{"index":"index","follow":"follow","max-snippet":"max-snippet:-1","max-image-preview":"max-image-preview:large","max-video-preview":"max-video-preview:-1"},"canonical":"https:\/\/www.visit-ulcinj.com\/blog\/2014\/01\/15\/pajovic-u-ulcinj-morsko-dobro-vladin-usisivac\/","og_locale":"en_US","og_type":"article","og_title":"Pajovi\u0107 u Ulcinj: Morsko dobro-Vladin usisiva\u010d - Lajme nga Ulqini","og_description":"Poluga kojom se Ulcinjem gazduje iz Podgorice je Morsko dobro koje je postalo Vladina ma\u0161ina za isisavanje novca iz Ulcinja, kazao je predsjednik","og_url":"https:\/\/www.visit-ulcinj.com\/blog\/2014\/01\/15\/pajovic-u-ulcinj-morsko-dobro-vladin-usisivac\/","og_site_name":"Lajme nga Ulqini","article_published_time":"2014-01-15T17:00:11+00:00","og_image":[{"url":"http:\/\/www.visit-ulcinj.com\/blog\/wp-content\/uploads\/2014\/01\/pajovic_abazovic-Ulcinj.jpg"}],"twitter_misc":{"Written by":"ulqini","Est. reading time":"3 minutes"},"schema":{"@context":"https:\/\/schema.org","@graph":[{"@type":"WebSite","@id":"https:\/\/www.visit-ulcinj.com\/blog\/#website","url":"https:\/\/www.visit-ulcinj.com\/blog\/","name":"Lajme nga Ulqini","description":"Lajme,Vijesti,Ulqini,Ulqin,Crna Gora,Mali i Zi","potentialAction":[{"@type":"SearchAction","target":{"@type":"EntryPoint","urlTemplate":"https:\/\/www.visit-ulcinj.com\/blog\/?s={search_term_string}"},"query-input":"required name=search_term_string"}],"inLanguage":"en-US"},{"@type":"ImageObject","inLanguage":"en-US","@id":"https:\/\/www.visit-ulcinj.com\/blog\/2014\/01\/15\/pajovic-u-ulcinj-morsko-dobro-vladin-usisivac\/#primaryimage","url":"https:\/\/www.visit-ulcinj.com\/blog\/wp-content\/uploads\/2014\/01\/pajovic_abazovic-Ulcinj.jpg","contentUrl":"https:\/\/www.visit-ulcinj.com\/blog\/wp-content\/uploads\/2014\/01\/pajovic_abazovic-Ulcinj.jpg","width":788,"height":480},{"@type":"WebPage","@id":"https:\/\/www.visit-ulcinj.com\/blog\/2014\/01\/15\/pajovic-u-ulcinj-morsko-dobro-vladin-usisivac\/#webpage","url":"https:\/\/www.visit-ulcinj.com\/blog\/2014\/01\/15\/pajovic-u-ulcinj-morsko-dobro-vladin-usisivac\/","name":"Pajovi\u0107 u Ulcinj: Morsko dobro-Vladin usisiva\u010d - Lajme nga Ulqini","isPartOf":{"@id":"https:\/\/www.visit-ulcinj.com\/blog\/#website"},"primaryImageOfPage":{"@id":"https:\/\/www.visit-ulcinj.com\/blog\/2014\/01\/15\/pajovic-u-ulcinj-morsko-dobro-vladin-usisivac\/#primaryimage"},"datePublished":"2014-01-15T17:00:11+00:00","dateModified":"2014-01-15T17:00:11+00:00","author":{"@id":"https:\/\/www.visit-ulcinj.com\/blog\/#\/schema\/person\/dcab619c614d3038751c63bc2aadc06d"},"description":"Poluga kojom se Ulcinjem gazduje iz Podgorice je Morsko dobro koje je postalo Vladina ma\u0161ina za isisavanje novca iz Ulcinja, kazao je predsjednik","breadcrumb":{"@id":"https:\/\/www.visit-ulcinj.com\/blog\/2014\/01\/15\/pajovic-u-ulcinj-morsko-dobro-vladin-usisivac\/#breadcrumb"},"inLanguage":"en-US","potentialAction":[{"@type":"ReadAction","target":["https:\/\/www.visit-ulcinj.com\/blog\/2014\/01\/15\/pajovic-u-ulcinj-morsko-dobro-vladin-usisivac\/"]}]},{"@type":"BreadcrumbList","@id":"https:\/\/www.visit-ulcinj.com\/blog\/2014\/01\/15\/pajovic-u-ulcinj-morsko-dobro-vladin-usisivac\/#breadcrumb","itemListElement":[{"@type":"ListItem","position":1,"name":"Pajovi\u0107 u Ulcinj: Morsko dobro-Vladin usisiva\u010d"}]},{"@type":"Person","@id":"https:\/\/www.visit-ulcinj.com\/blog\/#\/schema\/person\/dcab619c614d3038751c63bc2aadc06d","name":"ulqini","sameAs":["http:\/\/www.visit-ulcinj.com"],"url":"https:\/\/www.visit-ulcinj.com\/blog\/author\/admin\/"}]}},"jetpack_featured_media_url":"","jetpack_sharing_enabled":true,"jetpack_shortlink":"https:\/\/wp.me\/pe6lTn-kme","_links":{"self":[{"href":"https:\/\/www.visit-ulcinj.com\/blog\/wp-json\/wp\/v2\/posts\/78258"}],"collection":[{"href":"https:\/\/www.visit-ulcinj.com\/blog\/wp-json\/wp\/v2\/posts"}],"about":[{"href":"https:\/\/www.visit-ulcinj.com\/blog\/wp-json\/wp\/v2\/types\/post"}],"author":[{"embeddable":true,"href":"https:\/\/www.visit-ulcinj.com\/blog\/wp-json\/wp\/v2\/users\/1"}],"replies":[{"embeddable":true,"href":"https:\/\/www.visit-ulcinj.com\/blog\/wp-json\/wp\/v2\/comments?post=78258"}],"version-history":[{"count":1,"href":"https:\/\/www.visit-ulcinj.com\/blog\/wp-json\/wp\/v2\/posts\/78258\/revisions"}],"predecessor-version":[{"id":78261,"href":"https:\/\/www.visit-ulcinj.com\/blog\/wp-json\/wp\/v2\/posts\/78258\/revisions\/78261"}],"wp:attachment":[{"href":"https:\/\/www.visit-ulcinj.com\/blog\/wp-json\/wp\/v2\/media?parent=78258"}],"wp:term":[{"taxonomy":"category","embeddable":true,"href":"https:\/\/www.visit-ulcinj.com\/blog\/wp-json\/wp\/v2\/categories?post=78258"},{"taxonomy":"post_tag","embeddable":true,"href":"https:\/\/www.visit-ulcinj.com\/blog\/wp-json\/wp\/v2\/tags?post=78258"}],"curies":[{"name":"wp","href":"https:\/\/api.w.org\/{rel}","templated":true}]}}