{"id":78262,"date":"2014-01-15T18:09:42","date_gmt":"2014-01-15T17:09:42","guid":{"rendered":"http:\/\/www.visit-ulcinj.com\/blog\/?p=78262"},"modified":"2014-01-15T18:09:42","modified_gmt":"2014-01-15T17:09:42","slug":"te-gjithe-perfaqesuesit-politik-njezeri-per-komune-te-tuzit-video-tv-boin","status":"publish","type":"post","link":"https:\/\/www.visit-ulcinj.com\/blog\/2014\/01\/15\/te-gjithe-perfaqesuesit-politik-njezeri-per-komune-te-tuzit-video-tv-boin\/","title":{"rendered":"Te gjithe p\u00ebrfaq\u00ebsuesit politik, nj\u00ebz\u00ebri p\u00ebr Komun\u00eb t\u00eb Tuzit? &#8211; Video Tv Boin"},"content":{"rendered":"<p><a href=\"http:\/\/www.visit-ulcinj.com\/blog\/wp-content\/uploads\/2014\/01\/nj\u00ebz\u00ebri-p\u00ebr-Komun\u00eb-t\u00eb-Tuzit.jpg\"><img loading=\"lazy\" class=\"alignleft  wp-image-78264\" alt=\"nj\u00ebz\u00ebri p\u00ebr Komun\u00eb t\u00eb Tuzit\" src=\"http:\/\/www.visit-ulcinj.com\/blog\/wp-content\/uploads\/2014\/01\/nj\u00ebz\u00ebri-p\u00ebr-Komun\u00eb-t\u00eb-Tuzit.jpg\" width=\"508\" height=\"360\" \/><\/a>T\u00eb shtun\u00ebn e kaluar, n\u00eb emisionin \u201cStudio e hapur\u201d t\u00eb TV Boin u zhvillua emisioni me tem\u00ebn \u201cP\u00ebr \u00e7far\u00eb komune po bisedohet?\u201d<br \/>\nT\u00eb ftuar n\u00eb k\u00ebt\u00eb emision ishin: <strong>Vasel Sinishtaj<\/strong> (Iniciativa Qytetare \u2013 Tuz), <strong>Fadil Kajoshaj<\/strong> (UDSH dhe Kryetar\u00eb i Kuvendit KU Tuz), <strong>Nik\u00eb Gjeloshaj<\/strong> (ASH), <strong>Muhamed Gjokaj<\/strong> (Lista p\u00ebr Tuz) dhe <strong>Nikoll\u00eb Camaj<\/strong> (Ldn\u00ebMZ). Sipas TV Boin, i ftuar ishte edhe Kryetari i KU Tuz, <strong>Frano Lulgjuraj<\/strong> (DPS), i cili nuk mori pjes\u00eb p\u00ebr shkak se nuk gjendej n\u00eb Mal\u00ebsi. I deleguari i DPS-s\u00eb ishte <strong>Nikoll\u00eb Gegaj<\/strong> i cili u shpreh se respekton vazhdim\u00ebsin\u00eb e negociatave, por nuk i komentoi sepse sipas tij \u00ebsht\u00eb akoma her\u00ebt.<\/p>\n<p>N\u00eb emision u diskutua p\u00ebr negociatat q\u00eb po zhvillohen me p\u00ebrfaq\u00ebsuesit e DPS-s\u00eb duke theksuar se plani i cili u \u00ebsht\u00eb prezantuar fillimisht \u00ebsht\u00eb i papranuesh\u00ebm. N\u00eb emisionin \u201cStudio e hapur\u201d ata u shpreh\u00ebn se situata e krijuar gjat\u00eb k\u00ebtyre bisedimeve, ka b\u00ebr\u00eb q\u00eb subjektet shqiptare t\u00eb jen\u00eb nj\u00ebz\u00ebri n\u00eb k\u00ebrkesat dhe q\u00ebndrimet e tyre n\u00eb t\u00eb ardhmen.<\/p>\n<p>\u00c7\u00ebshtjet ky\u00e7e t\u00eb cilat sipas tyre ata i k\u00ebrkojn\u00eb n\u00eb m\u00ebnyre unanime jan\u00eb: Mal\u00ebsia t\u00eb ket\u00eb juridiksion sipas Ligjit p\u00ebr vet\u00ebqeverisje lokale, ashtu si\u00e7 i kan\u00eb t\u00eb gjitha komunat tjera n\u00eb Mal t\u00eb Zi, Mal\u00ebsia t\u00eb ket\u00eb buxhetin e vet sipas Ligjit p\u00ebr financimin e vet\u00ebqeverisjes lokale dhe burime nga buxheti i Kryeqytetit si dhe t\u00eb b\u00ebhet p\u00ebrcaktimi i kufijve administrativ.<\/p>\n<p>P\u00ebrfaq\u00ebsuesit politik, pjes\u00ebmarr\u00ebs t\u00eb emisionit u shpreh\u00ebn q\u00eb \u00ebsht\u00eb koha e duhur q\u00eb Tuzi t\u00eb fitojn\u00eb komun\u00ebn e pavarur dhe se n\u00eb m\u00ebnyre unanime do t\u00eb shkojn\u00eb drejt saj.<\/p>\n<p>Kemi premtimin nga stafi i TV Boin, q\u00eb emisioni i plot\u00eb ku do t\u00eb keni mund\u00ebsi ta ndiqni n\u00eb detaje, do t\u00eb publikohet s\u00eb shpejti edhe n\u00eb portalin ton\u00eb. \/TV Boin\/MALESIA.ORG\/<\/p>\n<p><iframe loading=\"lazy\" width=\"508\" height=\"360\" src=\"\/\/www.youtube.com\/embed\/xEJ0uQm4jjo\" frameborder=\"0\" allowfullscreen><\/iframe><\/p>\n","protected":false},"excerpt":{"rendered":"<p>T\u00eb shtun\u00ebn e kaluar, n\u00eb emisionin \u201cStudio e hapur\u201d t\u00eb TV Boin u zhvillua emisioni me tem\u00ebn \u201cP\u00ebr \u00e7far\u00eb komune po bisedohet?\u201d T\u00eb ftuar n\u00eb k\u00ebt\u00eb emision ishin: Vasel Sinishtaj (Iniciativa Qytetare \u2013 Tuz), Fadil Kajoshaj (UDSH dhe Kryetar\u00eb i Kuvendit KU Tuz), Nik\u00eb Gjeloshaj (ASH), Muhamed Gjokaj (Lista p\u00ebr Tuz) dhe Nikoll\u00eb Camaj (Ldn\u00ebMZ). [&hellip;]<\/p>\n","protected":false},"author":1,"featured_media":0,"comment_status":"closed","ping_status":"closed","sticky":false,"template":"","format":"standard","meta":{"spay_email":"","jetpack_publicize_message":"","jetpack_is_tweetstorm":false,"jetpack_publicize_feature_enabled":true},"categories":[14],"tags":[],"jetpack_publicize_connections":[],"yoast_head":"<!-- This site is optimized with the Yoast SEO plugin v19.1 - https:\/\/yoast.com\/wordpress\/plugins\/seo\/ -->\n<title>Te gjithe p\u00ebrfaq\u00ebsuesit politik, nj\u00ebz\u00ebri p\u00ebr Komun\u00eb t\u00eb Tuzit? - Video Tv Boin - Lajme nga Ulqini<\/title>\n<meta name=\"description\" content=\"T\u00eb shtun\u00ebn e kaluar, n\u00eb emisionin \u201cStudio e hapur\u201d t\u00eb TV Boin u zhvillua emisioni me tem\u00ebn \u201cP\u00ebr \u00e7far\u00eb komune po bisedohet?\u201d T\u00eb ftuar n\u00eb k\u00ebt\u00eb emision\" \/>\n<meta name=\"robots\" content=\"index, follow, max-snippet:-1, max-image-preview:large, max-video-preview:-1\" \/>\n<link rel=\"canonical\" href=\"https:\/\/www.visit-ulcinj.com\/blog\/2014\/01\/15\/te-gjithe-perfaqesuesit-politik-njezeri-per-komune-te-tuzit-video-tv-boin\/\" \/>\n<meta property=\"og:locale\" content=\"en_US\" \/>\n<meta property=\"og:type\" content=\"article\" \/>\n<meta property=\"og:title\" content=\"Te gjithe p\u00ebrfaq\u00ebsuesit politik, nj\u00ebz\u00ebri p\u00ebr Komun\u00eb t\u00eb Tuzit? - Video Tv Boin - Lajme nga Ulqini\" \/>\n<meta property=\"og:description\" content=\"T\u00eb shtun\u00ebn e kaluar, n\u00eb emisionin \u201cStudio e hapur\u201d t\u00eb TV Boin u zhvillua emisioni me tem\u00ebn \u201cP\u00ebr \u00e7far\u00eb komune po bisedohet?\u201d T\u00eb ftuar n\u00eb k\u00ebt\u00eb emision\" \/>\n<meta property=\"og:url\" content=\"https:\/\/www.visit-ulcinj.com\/blog\/2014\/01\/15\/te-gjithe-perfaqesuesit-politik-njezeri-per-komune-te-tuzit-video-tv-boin\/\" \/>\n<meta property=\"og:site_name\" content=\"Lajme nga Ulqini\" \/>\n<meta property=\"article:published_time\" content=\"2014-01-15T17:09:42+00:00\" \/>\n<meta name=\"twitter:label1\" content=\"Written by\" \/>\n\t<meta name=\"twitter:data1\" content=\"ulqini\" \/>\n\t<meta name=\"twitter:label2\" content=\"Est. reading time\" \/>\n\t<meta name=\"twitter:data2\" content=\"2 minutes\" \/>\n<script type=\"application\/ld+json\" class=\"yoast-schema-graph\">{\"@context\":\"https:\/\/schema.org\",\"@graph\":[{\"@type\":\"WebSite\",\"@id\":\"https:\/\/www.visit-ulcinj.com\/blog\/#website\",\"url\":\"https:\/\/www.visit-ulcinj.com\/blog\/\",\"name\":\"Lajme nga Ulqini\",\"description\":\"Lajme,Vijesti,Ulqini,Ulqin,Crna Gora,Mali i Zi\",\"potentialAction\":[{\"@type\":\"SearchAction\",\"target\":{\"@type\":\"EntryPoint\",\"urlTemplate\":\"https:\/\/www.visit-ulcinj.com\/blog\/?s={search_term_string}\"},\"query-input\":\"required name=search_term_string\"}],\"inLanguage\":\"en-US\"},{\"@type\":\"WebPage\",\"@id\":\"https:\/\/www.visit-ulcinj.com\/blog\/2014\/01\/15\/te-gjithe-perfaqesuesit-politik-njezeri-per-komune-te-tuzit-video-tv-boin\/#webpage\",\"url\":\"https:\/\/www.visit-ulcinj.com\/blog\/2014\/01\/15\/te-gjithe-perfaqesuesit-politik-njezeri-per-komune-te-tuzit-video-tv-boin\/\",\"name\":\"Te gjithe p\u00ebrfaq\u00ebsuesit politik, nj\u00ebz\u00ebri p\u00ebr Komun\u00eb t\u00eb Tuzit? - Video Tv Boin - Lajme nga Ulqini\",\"isPartOf\":{\"@id\":\"https:\/\/www.visit-ulcinj.com\/blog\/#website\"},\"datePublished\":\"2014-01-15T17:09:42+00:00\",\"dateModified\":\"2014-01-15T17:09:42+00:00\",\"author\":{\"@id\":\"https:\/\/www.visit-ulcinj.com\/blog\/#\/schema\/person\/dcab619c614d3038751c63bc2aadc06d\"},\"description\":\"T\u00eb shtun\u00ebn e kaluar, n\u00eb emisionin \u201cStudio e hapur\u201d t\u00eb TV Boin u zhvillua emisioni me tem\u00ebn \u201cP\u00ebr \u00e7far\u00eb komune po bisedohet?\u201d T\u00eb ftuar n\u00eb k\u00ebt\u00eb emision\",\"breadcrumb\":{\"@id\":\"https:\/\/www.visit-ulcinj.com\/blog\/2014\/01\/15\/te-gjithe-perfaqesuesit-politik-njezeri-per-komune-te-tuzit-video-tv-boin\/#breadcrumb\"},\"inLanguage\":\"en-US\",\"potentialAction\":[{\"@type\":\"ReadAction\",\"target\":[\"https:\/\/www.visit-ulcinj.com\/blog\/2014\/01\/15\/te-gjithe-perfaqesuesit-politik-njezeri-per-komune-te-tuzit-video-tv-boin\/\"]}]},{\"@type\":\"BreadcrumbList\",\"@id\":\"https:\/\/www.visit-ulcinj.com\/blog\/2014\/01\/15\/te-gjithe-perfaqesuesit-politik-njezeri-per-komune-te-tuzit-video-tv-boin\/#breadcrumb\",\"itemListElement\":[{\"@type\":\"ListItem\",\"position\":1,\"name\":\"Te gjithe p\u00ebrfaq\u00ebsuesit politik, nj\u00ebz\u00ebri p\u00ebr Komun\u00eb t\u00eb Tuzit? &#8211; Video Tv Boin\"}]},{\"@type\":\"Person\",\"@id\":\"https:\/\/www.visit-ulcinj.com\/blog\/#\/schema\/person\/dcab619c614d3038751c63bc2aadc06d\",\"name\":\"ulqini\",\"sameAs\":[\"http:\/\/www.visit-ulcinj.com\"],\"url\":\"https:\/\/www.visit-ulcinj.com\/blog\/author\/admin\/\"}]}<\/script>\n<!-- \/ Yoast SEO plugin. -->","yoast_head_json":{"title":"Te gjithe p\u00ebrfaq\u00ebsuesit politik, nj\u00ebz\u00ebri p\u00ebr Komun\u00eb t\u00eb Tuzit? - Video Tv Boin - Lajme nga Ulqini","description":"T\u00eb shtun\u00ebn e kaluar, n\u00eb emisionin \u201cStudio e hapur\u201d t\u00eb TV Boin u zhvillua emisioni me tem\u00ebn \u201cP\u00ebr \u00e7far\u00eb komune po bisedohet?\u201d T\u00eb ftuar n\u00eb k\u00ebt\u00eb emision","robots":{"index":"index","follow":"follow","max-snippet":"max-snippet:-1","max-image-preview":"max-image-preview:large","max-video-preview":"max-video-preview:-1"},"canonical":"https:\/\/www.visit-ulcinj.com\/blog\/2014\/01\/15\/te-gjithe-perfaqesuesit-politik-njezeri-per-komune-te-tuzit-video-tv-boin\/","og_locale":"en_US","og_type":"article","og_title":"Te gjithe p\u00ebrfaq\u00ebsuesit politik, nj\u00ebz\u00ebri p\u00ebr Komun\u00eb t\u00eb Tuzit? - Video Tv Boin - Lajme nga Ulqini","og_description":"T\u00eb shtun\u00ebn e kaluar, n\u00eb emisionin \u201cStudio e hapur\u201d t\u00eb TV Boin u zhvillua emisioni me tem\u00ebn \u201cP\u00ebr \u00e7far\u00eb komune po bisedohet?\u201d T\u00eb ftuar n\u00eb k\u00ebt\u00eb emision","og_url":"https:\/\/www.visit-ulcinj.com\/blog\/2014\/01\/15\/te-gjithe-perfaqesuesit-politik-njezeri-per-komune-te-tuzit-video-tv-boin\/","og_site_name":"Lajme nga Ulqini","article_published_time":"2014-01-15T17:09:42+00:00","twitter_misc":{"Written by":"ulqini","Est. reading time":"2 minutes"},"schema":{"@context":"https:\/\/schema.org","@graph":[{"@type":"WebSite","@id":"https:\/\/www.visit-ulcinj.com\/blog\/#website","url":"https:\/\/www.visit-ulcinj.com\/blog\/","name":"Lajme nga Ulqini","description":"Lajme,Vijesti,Ulqini,Ulqin,Crna Gora,Mali i Zi","potentialAction":[{"@type":"SearchAction","target":{"@type":"EntryPoint","urlTemplate":"https:\/\/www.visit-ulcinj.com\/blog\/?s={search_term_string}"},"query-input":"required name=search_term_string"}],"inLanguage":"en-US"},{"@type":"WebPage","@id":"https:\/\/www.visit-ulcinj.com\/blog\/2014\/01\/15\/te-gjithe-perfaqesuesit-politik-njezeri-per-komune-te-tuzit-video-tv-boin\/#webpage","url":"https:\/\/www.visit-ulcinj.com\/blog\/2014\/01\/15\/te-gjithe-perfaqesuesit-politik-njezeri-per-komune-te-tuzit-video-tv-boin\/","name":"Te gjithe p\u00ebrfaq\u00ebsuesit politik, nj\u00ebz\u00ebri p\u00ebr Komun\u00eb t\u00eb Tuzit? - Video Tv Boin - Lajme nga Ulqini","isPartOf":{"@id":"https:\/\/www.visit-ulcinj.com\/blog\/#website"},"datePublished":"2014-01-15T17:09:42+00:00","dateModified":"2014-01-15T17:09:42+00:00","author":{"@id":"https:\/\/www.visit-ulcinj.com\/blog\/#\/schema\/person\/dcab619c614d3038751c63bc2aadc06d"},"description":"T\u00eb shtun\u00ebn e kaluar, n\u00eb emisionin \u201cStudio e hapur\u201d t\u00eb TV Boin u zhvillua emisioni me tem\u00ebn \u201cP\u00ebr \u00e7far\u00eb komune po bisedohet?\u201d T\u00eb ftuar n\u00eb k\u00ebt\u00eb emision","breadcrumb":{"@id":"https:\/\/www.visit-ulcinj.com\/blog\/2014\/01\/15\/te-gjithe-perfaqesuesit-politik-njezeri-per-komune-te-tuzit-video-tv-boin\/#breadcrumb"},"inLanguage":"en-US","potentialAction":[{"@type":"ReadAction","target":["https:\/\/www.visit-ulcinj.com\/blog\/2014\/01\/15\/te-gjithe-perfaqesuesit-politik-njezeri-per-komune-te-tuzit-video-tv-boin\/"]}]},{"@type":"BreadcrumbList","@id":"https:\/\/www.visit-ulcinj.com\/blog\/2014\/01\/15\/te-gjithe-perfaqesuesit-politik-njezeri-per-komune-te-tuzit-video-tv-boin\/#breadcrumb","itemListElement":[{"@type":"ListItem","position":1,"name":"Te gjithe p\u00ebrfaq\u00ebsuesit politik, nj\u00ebz\u00ebri p\u00ebr Komun\u00eb t\u00eb Tuzit? &#8211; Video Tv Boin"}]},{"@type":"Person","@id":"https:\/\/www.visit-ulcinj.com\/blog\/#\/schema\/person\/dcab619c614d3038751c63bc2aadc06d","name":"ulqini","sameAs":["http:\/\/www.visit-ulcinj.com"],"url":"https:\/\/www.visit-ulcinj.com\/blog\/author\/admin\/"}]}},"jetpack_featured_media_url":"","jetpack_sharing_enabled":true,"jetpack_shortlink":"https:\/\/wp.me\/pe6lTn-kmi","_links":{"self":[{"href":"https:\/\/www.visit-ulcinj.com\/blog\/wp-json\/wp\/v2\/posts\/78262"}],"collection":[{"href":"https:\/\/www.visit-ulcinj.com\/blog\/wp-json\/wp\/v2\/posts"}],"about":[{"href":"https:\/\/www.visit-ulcinj.com\/blog\/wp-json\/wp\/v2\/types\/post"}],"author":[{"embeddable":true,"href":"https:\/\/www.visit-ulcinj.com\/blog\/wp-json\/wp\/v2\/users\/1"}],"replies":[{"embeddable":true,"href":"https:\/\/www.visit-ulcinj.com\/blog\/wp-json\/wp\/v2\/comments?post=78262"}],"version-history":[{"count":1,"href":"https:\/\/www.visit-ulcinj.com\/blog\/wp-json\/wp\/v2\/posts\/78262\/revisions"}],"predecessor-version":[{"id":78265,"href":"https:\/\/www.visit-ulcinj.com\/blog\/wp-json\/wp\/v2\/posts\/78262\/revisions\/78265"}],"wp:attachment":[{"href":"https:\/\/www.visit-ulcinj.com\/blog\/wp-json\/wp\/v2\/media?parent=78262"}],"wp:term":[{"taxonomy":"category","embeddable":true,"href":"https:\/\/www.visit-ulcinj.com\/blog\/wp-json\/wp\/v2\/categories?post=78262"},{"taxonomy":"post_tag","embeddable":true,"href":"https:\/\/www.visit-ulcinj.com\/blog\/wp-json\/wp\/v2\/tags?post=78262"}],"curies":[{"name":"wp","href":"https:\/\/api.w.org\/{rel}","templated":true}]}}