{"id":78266,"date":"2014-01-15T19:15:04","date_gmt":"2014-01-15T18:15:04","guid":{"rendered":"http:\/\/www.visit-ulcinj.com\/blog\/?p=78266"},"modified":"2014-01-16T18:23:11","modified_gmt":"2014-01-16T17:23:11","slug":"mali-i-zi-pozitiv-ulqin-programi-zgjedhor-2014","status":"publish","type":"post","link":"https:\/\/www.visit-ulcinj.com\/blog\/2014\/01\/15\/mali-i-zi-pozitiv-ulqin-programi-zgjedhor-2014\/","title":{"rendered":"Mali i Zi Pozitiv Ulqin &#8211; Programi Zgjedhor 2014"},"content":{"rendered":"<p><strong>Zhvillimi ekonomik modern i komun\u00ebs s\u00eb Ulqinit duhet t\u00eb jet\u00eb i p\u00ebrqendruar n\u00eb mjetet m\u00eb t\u00eb lehta , m\u00eb t\u00eb lira dhe m\u00eb pak t\u00eb rrezikshme dhe duhet t\u00eb jet\u00eb i bazuar n\u00eb kat\u00ebr parime dhe at\u00eb :<\/strong><\/p>\n<p><a href=\"http:\/\/www.visit-ulcinj.com\/blog\/wp-content\/uploads\/2014\/01\/Programi-zhvillimor-ekonomik-i-Ulqinit.jpg\"><img loading=\"lazy\" class=\"alignleft  wp-image-78267\" alt=\"Programi-zhvillimor-ekonomik i-Ulqinit\" src=\"http:\/\/www.visit-ulcinj.com\/blog\/wp-content\/uploads\/2014\/01\/Programi-zhvillimor-ekonomik-i-Ulqinit.jpg\" width=\"508\" height=\"600\" \/><\/a><\/p>\n<p><strong>&#8211; PARIMI 1 \u2013 T\u00cb PARANDALOHET DERDHJA E MJETEVE &#8211;<\/strong><\/p>\n<p>Parandalimin e derdhjes s\u00eb mjeteve do ta kryejm\u00eb p\u00ebrmes: z\u00ebvend\u00ebsimit t\u00eb importit nga komunat dhe qytetet<br \/>\ntjera, racionalizimit t\u00eb resurseve, programeve t\u00eb prokurimeve publike lokale.<br \/>\nForcimi i ekonomis\u00eb lokale \u00ebsht\u00eb hap i r\u00ebnd\u00ebsish\u00ebm p\u00ebrpara i cili \u00e7on kah mb\u00ebshtetja n\u00eb resurset vetjake dhe<br \/>\n\u00ebsht\u00eb pjes\u00eb ky\u00e7e e \u00e7do strategjie t\u00eb zhvillimit lokal ekonomik n\u00eb ekonomin\u00eb globale e cila \u00ebsht\u00eb gjithnj\u00eb e m\u00eb<br \/>\nshum\u00eb e paparashikueshme.<br \/>\nSa m\u00eb me arsyeshm\u00ebri t\u00eb disponojm\u00eb me resurse dhe sa m\u00eb shum\u00eb q\u00eb praktikojm\u00eb prokurimet lokale dhe<br \/>\nprodhimin, me \u00e7mime reale (sidomos t\u00eb gj\u00ebrave t\u00eb nevojshme p\u00ebr jet\u00eb dhe t\u00eb atyre p\u00ebr t\u00eb cilat ekziston k\u00ebrkesa<br \/>\ngjat\u00eb sezonit turistik), ekonomia lokale do t\u00eb jet\u00eb gjithnj\u00eb e m\u00eb e gjall\u00eb dhe m\u00eb leht\u00eb do ti p\u00ebrballoj tronditjet dhe<br \/>\nndryshimet e jashtme.<\/p>\n<p><strong>&#8211; PARIMI 2 \u2013 T\u00cb MB\u00cbSHTETEN BIZNESET EKZISTUESE &#8211;<\/strong><\/p>\n<p>Boshti i zhvillimit ekonomik i \u00e7do komuniteti \u00ebsht\u00eb biznesi i vog\u00ebl dhe i mes\u00ebm. Administrata lokale duhet t\u00eb<br \/>\njap p\u00ebrkrahjen maksimale (logjistike, k\u00ebshilluese dhe \u00e7do lloj tjet\u00ebr t\u00eb p\u00ebrkrahjes) t\u00eb bizneseve ekzistuese q\u00eb t\u00eb<br \/>\nb\u00ebhen m\u00eb efikase dhe m\u00eb t\u00eb suksesshme, q\u00eb do t\u00eb ndikoj n\u00eb m\u00ebnyr\u00eb t\u00eb drejtp\u00ebrdrejt n\u00eb hapjen e vendeve t\u00eb reja<br \/>\nt\u00eb pun\u00ebs. Konkretisht, p\u00ebr realizimin e k\u00ebtij parimi do t\u00eb realizojm\u00eb k\u00ebto aktivitete:<br \/>\n\u2022 Rritja e subvencioneve buxhetore p\u00ebr sip\u00ebrmarr\u00ebs, sidomos p\u00ebr bujqit ( 2012 vet\u00ebm 500 euro, 2013<br \/>\njan\u00eb projektuar 7500 euro, q\u00eb \u00ebsht\u00eb krejt\u00ebsisht e pamjaftueshme) gradualisht deri n\u00eb nivelin prej 1%<br \/>\nt\u00eb buxhetit aktual<br \/>\n\u2022 P\u00ebrshtatja e taksave komunale me realitetin ekonomik n\u00eb Komun\u00eb t\u00eb Ulqinit. Vendimet p\u00ebr taksat dhe<br \/>\nsh\u00ebrbimet komunale t\u00eb rivler\u00ebsohen dhe korrigjohen n\u00eb nivelin i cili do t\u00eb ishte i pranuesh\u00ebm p\u00ebr<br \/>\nt\u00eb gjith\u00eb<br \/>\n\u2022 T\u00eb forcohen kapacitetet e administrat\u00ebs dhe sekretariateve lokale t\u00eb cil\u00ebt merren me ekonomi n\u00eb<br \/>\nm\u00ebnyr\u00eb q\u00eb t\u00eb jen\u00eb servis p\u00ebr zhvillimin dhe forcimin e ekonomis\u00eb lokale<br \/>\n\u2022 Botimi i Newsletter-it n\u00eb t\u00eb cilin do t\u00eb paraqitej pamja e ekonomis\u00eb lokale<br \/>\n\u2022 Punimi i programit arsimues q\u00eb ka p\u00ebr q\u00ebllim nxitjen e bashkimit klasterik<br \/>\n\u2022 Botimi i udh\u00ebrr\u00ebfyesit p\u00ebr pjes\u00ebmarrje n\u00eb panaire<\/p>\n<p><strong>&#8211; PARIMI 4 \u2013 T\u00cbRHEQJA E INVESTIMEVE T\u00cb HUAJA &#8211;<\/strong><\/p>\n<p>Duke ditur r\u00ebnd\u00ebsin\u00eb e krijimit t\u00eb ambientit adekuat t\u00eb biznesit p\u00ebr t\u00ebrheqjen e investimeve, e duke patur<br \/>\nparasysh konkurrenc\u00ebn gjithnj\u00eb e m\u00eb t\u00eb madhe kur b\u00ebhet fjal\u00eb p\u00ebr afrimin e investitor\u00ebve t\u00eb huaj, Komuna e<br \/>\nUlqinit duhet t\u00eb ket\u00eb plan t\u00eb qart\u00eb dhe t\u00eb marr masa konkrete stimuluese p\u00ebr investitor.<br \/>\n\u2022 Hartimi i planit t\u00eb rikonstruimit t\u00eb infrastruktur\u00ebs rrugore<br \/>\n\u2022 Qendra e unifikuar p\u00ebr dh\u00ebnien e lejeve t\u00eb nd\u00ebrtimit \u2013 n\u00eb baz\u00eb t\u00eb parimit \u201cOne stop shop\u201d<br \/>\nEkzistimi i Qendr\u00ebs p\u00ebr unifikimin e dh\u00ebnies s\u00eb lejeve e cila mund\u00ebson ofrimin shum\u00eb m\u00eb<br \/>\ncil\u00ebsor t\u00eb sh\u00ebrbimeve ndaj t\u00eb gjith\u00eb investitor\u00ebve. Me k\u00ebt\u00eb shkurtohet koha e pritjes p\u00ebr t\u00eb gjitha<br \/>\ndokumentet t\u00eb cilat i l\u00ebshon administrata lokale, e t\u00eb cil\u00ebt jan\u00eb pjes\u00eb p\u00ebrb\u00ebr\u00ebse e aktit p\u00ebrfundimtar<br \/>\n(lejes s\u00eb nd\u00ebrtimit). T\u00eb vendoset komunikimi dhe koordinimi m\u00eb i mir\u00eb i t\u00eb gjith\u00eb sekretariateve t\u00eb<br \/>\nadministrat\u00ebs lokale t\u00eb cil\u00ebt jan\u00eb t\u00eb ky\u00e7ur n\u00eb procesin e dh\u00ebnies s\u00eb lejeve. Ofrimi i sh\u00ebrbimit cil\u00ebsor<br \/>\nndaj t\u00eb gjith\u00eb investitor\u00ebve potencial<br \/>\n\u2022 Pakoja e masave stimuluese p\u00ebrve\u00e7 t\u00eb tjerave do t\u00eb n\u00ebnkuptoj dhe zvog\u00eblimin e taksave<br \/>\nkomunale<br \/>\ndhe \u00e7mimin fleksib\u00ebl t\u00eb tok\u00ebs n\u00eb zonat t\u00eb cilat jan\u00eb t\u00eb parashikuara p\u00ebr investime<br \/>\n\u2022 Zgjidhja e p\u00ebrhershme e problemit t\u00eb furnizimit me uj\u00eb n\u00eb t\u00eb gjitha zonat e Komun\u00ebs s\u00eb Ulqinit<br \/>\n\u2022 Hartimi i Planit t\u00eb marketingut t\u00eb Komun\u00ebs s\u00eb Ulqinit. Me q\u00ebllim t\u00eb promovimit sa m\u00eb t\u00eb mir\u00eb t\u00eb<br \/>\npotencialeve dhe aktiviteteve t\u00eb veta, si dhe rritjen e njohjes s\u00eb Komun\u00ebs s\u00eb Ulqinit n\u00eb nivelin<br \/>\nregjional, me r\u00ebnd\u00ebsi t\u00eb ve\u00e7ant\u00eb \u00ebsht\u00eb hartimi i strategjis\u00eb s\u00eb promocionit, gjegj\u00ebsisht planit t\u00eb<br \/>\nmarketingut t\u00eb Komun\u00ebs ton\u00eb<br \/>\n\u2022<br \/>\nPakoja e masave stimuluese p\u00ebrve\u00e7 t\u00eb tjerave do t\u00eb n\u00ebnkuptoj dhe zvog\u00eblimin e taksave<br \/>\nkomunale<br \/>\ndhe \u00e7mimin fleksib\u00ebl t\u00eb tok\u00ebs n\u00eb zonat t\u00eb cilat jan\u00eb t\u00eb parashikuara p\u00ebr investime<br \/>\n\u2022<br \/>\nZgjidhja e p\u00ebrhershme e problemit t\u00eb furnizimit me uj\u00eb n\u00eb t\u00eb gjitha zonat e Komun\u00ebs s\u00eb Ulqinit<br \/>\n\u2022<br \/>\nHartimi i Planit t\u00eb marketingut t\u00eb Komun\u00ebs s\u00eb Ulqinit. Me q\u00ebllim t\u00eb promovimit sa m\u00eb t\u00eb mir\u00eb t\u00eb<br \/>\npotencialeve dhe aktiviteteve t\u00eb veta, si dhe rritjen e njohjes s\u00eb Komun\u00ebs s\u00eb Ulqinit n\u00eb nivelin<br \/>\nregjional, me r\u00ebnd\u00ebsi t\u00eb ve\u00e7ant\u00eb \u00ebsht\u00eb hartimi i strategjis\u00eb s\u00eb promocionit, gjegj\u00ebsisht planit t\u00eb<br \/>\nmarketingut t\u00eb Komun\u00ebs ton\u00eb<\/p>\n<p><strong>MALI I ZI POZITIV<\/strong><br \/>\n<strong> K\u00ebshilli komunal Ulqin<\/strong><\/p>\n<p>Numri i telefonit : 069 270 074<br \/>\nE-mail:<br \/>\nulcinj@pozitivna.me<\/p>\n<p><a href=\"http:\/\/www.pozitivnacrnagora.me\/wp-content\/uploads\/2014\/01\/PCG-UL-dvojezicno-web-ALB.pdf\" target=\"_blank\"><img loading=\"lazy\" class=\"alignleft  wp-image-78270\" alt=\"programi i zhvillimit ekonomik i Ulqinit\" src=\"http:\/\/www.visit-ulcinj.com\/blog\/wp-content\/uploads\/2014\/01\/programi-i-zhvillimit-ekonomik-i-Ulqinit.jpg\" width=\"508\" height=\"310\" \/><\/a><\/p>\n<p><a href=\"http:\/\/www.pozitivnacrnagora.me\/wp-content\/uploads\/2014\/01\/PCG-UL-dvojezicno-web-ALB.pdf\" target=\"_blank\"><strong>Kliko ne Program: http:\/\/www.pozitivnacrnagora.me\/wp-content\/uploads\/2014\/01\/PCG-UL-dvojezicno-web-ALB.pdf<\/strong><\/a><\/p>\n<p>&nbsp;<\/p>\n","protected":false},"excerpt":{"rendered":"<p>Zhvillimi ekonomik modern i komun\u00ebs s\u00eb Ulqinit duhet t\u00eb jet\u00eb i p\u00ebrqendruar n\u00eb mjetet m\u00eb t\u00eb lehta , m\u00eb t\u00eb lira dhe m\u00eb pak t\u00eb rrezikshme dhe duhet t\u00eb jet\u00eb i bazuar n\u00eb kat\u00ebr parime dhe at\u00eb : &#8211; PARIMI 1 \u2013 T\u00cb PARANDALOHET DERDHJA E MJETEVE &#8211; Parandalimin e derdhjes s\u00eb mjeteve do ta [&hellip;]<\/p>\n","protected":false},"author":1,"featured_media":0,"comment_status":"closed","ping_status":"closed","sticky":false,"template":"","format":"standard","meta":{"spay_email":"","jetpack_publicize_message":"","jetpack_is_tweetstorm":false,"jetpack_publicize_feature_enabled":true},"categories":[13],"tags":[],"jetpack_publicize_connections":[],"yoast_head":"<!-- This site is optimized with the Yoast SEO plugin v19.1 - https:\/\/yoast.com\/wordpress\/plugins\/seo\/ -->\n<title>Mali i Zi Pozitiv Ulqin - Programi Zgjedhor 2014 - Lajme nga Ulqini<\/title>\n<meta name=\"description\" content=\"Zhvillimi ekonomik modern i komun\u00ebs s\u00eb Ulqinit duhet t\u00eb jet\u00eb i p\u00ebrqendruar n\u00eb mjetet m\u00eb t\u00eb lehta , m\u00eb t\u00eb lira dhe m\u00eb pak t\u00eb rrezikshme dhe duhet t\u00eb jet\u00eb i\" \/>\n<meta name=\"robots\" content=\"index, follow, max-snippet:-1, max-image-preview:large, max-video-preview:-1\" \/>\n<link rel=\"canonical\" href=\"https:\/\/www.visit-ulcinj.com\/blog\/2014\/01\/15\/mali-i-zi-pozitiv-ulqin-programi-zgjedhor-2014\/\" \/>\n<meta property=\"og:locale\" content=\"en_US\" \/>\n<meta property=\"og:type\" content=\"article\" \/>\n<meta property=\"og:title\" content=\"Mali i Zi Pozitiv Ulqin - Programi Zgjedhor 2014 - Lajme nga Ulqini\" \/>\n<meta property=\"og:description\" content=\"Zhvillimi ekonomik modern i komun\u00ebs s\u00eb Ulqinit duhet t\u00eb jet\u00eb i p\u00ebrqendruar n\u00eb mjetet m\u00eb t\u00eb lehta , m\u00eb t\u00eb lira dhe m\u00eb pak t\u00eb rrezikshme dhe duhet t\u00eb jet\u00eb i\" \/>\n<meta property=\"og:url\" content=\"https:\/\/www.visit-ulcinj.com\/blog\/2014\/01\/15\/mali-i-zi-pozitiv-ulqin-programi-zgjedhor-2014\/\" \/>\n<meta property=\"og:site_name\" content=\"Lajme nga Ulqini\" \/>\n<meta property=\"article:published_time\" content=\"2014-01-15T18:15:04+00:00\" \/>\n<meta property=\"article:modified_time\" content=\"2014-01-16T17:23:11+00:00\" \/>\n<meta property=\"og:image\" content=\"http:\/\/www.visit-ulcinj.com\/blog\/wp-content\/uploads\/2014\/01\/Programi-zhvillimor-ekonomik-i-Ulqinit.jpg\" \/>\n<meta name=\"twitter:label1\" content=\"Written by\" \/>\n\t<meta name=\"twitter:data1\" content=\"ulqini\" \/>\n\t<meta name=\"twitter:label2\" content=\"Est. reading time\" \/>\n\t<meta name=\"twitter:data2\" content=\"4 minutes\" \/>\n<script type=\"application\/ld+json\" class=\"yoast-schema-graph\">{\"@context\":\"https:\/\/schema.org\",\"@graph\":[{\"@type\":\"WebSite\",\"@id\":\"https:\/\/www.visit-ulcinj.com\/blog\/#website\",\"url\":\"https:\/\/www.visit-ulcinj.com\/blog\/\",\"name\":\"Lajme nga Ulqini\",\"description\":\"Lajme,Vijesti,Ulqini,Ulqin,Crna Gora,Mali i Zi\",\"potentialAction\":[{\"@type\":\"SearchAction\",\"target\":{\"@type\":\"EntryPoint\",\"urlTemplate\":\"https:\/\/www.visit-ulcinj.com\/blog\/?s={search_term_string}\"},\"query-input\":\"required name=search_term_string\"}],\"inLanguage\":\"en-US\"},{\"@type\":\"ImageObject\",\"inLanguage\":\"en-US\",\"@id\":\"https:\/\/www.visit-ulcinj.com\/blog\/2014\/01\/15\/mali-i-zi-pozitiv-ulqin-programi-zgjedhor-2014\/#primaryimage\",\"url\":\"https:\/\/www.visit-ulcinj.com\/blog\/wp-content\/uploads\/2014\/01\/Programi-zhvillimor-ekonomik-i-Ulqinit.jpg\",\"contentUrl\":\"https:\/\/www.visit-ulcinj.com\/blog\/wp-content\/uploads\/2014\/01\/Programi-zhvillimor-ekonomik-i-Ulqinit.jpg\",\"width\":508,\"height\":732},{\"@type\":\"WebPage\",\"@id\":\"https:\/\/www.visit-ulcinj.com\/blog\/2014\/01\/15\/mali-i-zi-pozitiv-ulqin-programi-zgjedhor-2014\/#webpage\",\"url\":\"https:\/\/www.visit-ulcinj.com\/blog\/2014\/01\/15\/mali-i-zi-pozitiv-ulqin-programi-zgjedhor-2014\/\",\"name\":\"Mali i Zi Pozitiv Ulqin - Programi Zgjedhor 2014 - Lajme nga Ulqini\",\"isPartOf\":{\"@id\":\"https:\/\/www.visit-ulcinj.com\/blog\/#website\"},\"primaryImageOfPage\":{\"@id\":\"https:\/\/www.visit-ulcinj.com\/blog\/2014\/01\/15\/mali-i-zi-pozitiv-ulqin-programi-zgjedhor-2014\/#primaryimage\"},\"datePublished\":\"2014-01-15T18:15:04+00:00\",\"dateModified\":\"2014-01-16T17:23:11+00:00\",\"author\":{\"@id\":\"https:\/\/www.visit-ulcinj.com\/blog\/#\/schema\/person\/dcab619c614d3038751c63bc2aadc06d\"},\"description\":\"Zhvillimi ekonomik modern i komun\u00ebs s\u00eb Ulqinit duhet t\u00eb jet\u00eb i p\u00ebrqendruar n\u00eb mjetet m\u00eb t\u00eb lehta , m\u00eb t\u00eb lira dhe m\u00eb pak t\u00eb rrezikshme dhe duhet t\u00eb jet\u00eb i\",\"breadcrumb\":{\"@id\":\"https:\/\/www.visit-ulcinj.com\/blog\/2014\/01\/15\/mali-i-zi-pozitiv-ulqin-programi-zgjedhor-2014\/#breadcrumb\"},\"inLanguage\":\"en-US\",\"potentialAction\":[{\"@type\":\"ReadAction\",\"target\":[\"https:\/\/www.visit-ulcinj.com\/blog\/2014\/01\/15\/mali-i-zi-pozitiv-ulqin-programi-zgjedhor-2014\/\"]}]},{\"@type\":\"BreadcrumbList\",\"@id\":\"https:\/\/www.visit-ulcinj.com\/blog\/2014\/01\/15\/mali-i-zi-pozitiv-ulqin-programi-zgjedhor-2014\/#breadcrumb\",\"itemListElement\":[{\"@type\":\"ListItem\",\"position\":1,\"name\":\"Mali i Zi Pozitiv Ulqin &#8211; Programi Zgjedhor 2014\"}]},{\"@type\":\"Person\",\"@id\":\"https:\/\/www.visit-ulcinj.com\/blog\/#\/schema\/person\/dcab619c614d3038751c63bc2aadc06d\",\"name\":\"ulqini\",\"sameAs\":[\"http:\/\/www.visit-ulcinj.com\"],\"url\":\"https:\/\/www.visit-ulcinj.com\/blog\/author\/admin\/\"}]}<\/script>\n<!-- \/ Yoast SEO plugin. -->","yoast_head_json":{"title":"Mali i Zi Pozitiv Ulqin - Programi Zgjedhor 2014 - Lajme nga Ulqini","description":"Zhvillimi ekonomik modern i komun\u00ebs s\u00eb Ulqinit duhet t\u00eb jet\u00eb i p\u00ebrqendruar n\u00eb mjetet m\u00eb t\u00eb lehta , m\u00eb t\u00eb lira dhe m\u00eb pak t\u00eb rrezikshme dhe duhet t\u00eb jet\u00eb i","robots":{"index":"index","follow":"follow","max-snippet":"max-snippet:-1","max-image-preview":"max-image-preview:large","max-video-preview":"max-video-preview:-1"},"canonical":"https:\/\/www.visit-ulcinj.com\/blog\/2014\/01\/15\/mali-i-zi-pozitiv-ulqin-programi-zgjedhor-2014\/","og_locale":"en_US","og_type":"article","og_title":"Mali i Zi Pozitiv Ulqin - Programi Zgjedhor 2014 - Lajme nga Ulqini","og_description":"Zhvillimi ekonomik modern i komun\u00ebs s\u00eb Ulqinit duhet t\u00eb jet\u00eb i p\u00ebrqendruar n\u00eb mjetet m\u00eb t\u00eb lehta , m\u00eb t\u00eb lira dhe m\u00eb pak t\u00eb rrezikshme dhe duhet t\u00eb jet\u00eb i","og_url":"https:\/\/www.visit-ulcinj.com\/blog\/2014\/01\/15\/mali-i-zi-pozitiv-ulqin-programi-zgjedhor-2014\/","og_site_name":"Lajme nga Ulqini","article_published_time":"2014-01-15T18:15:04+00:00","article_modified_time":"2014-01-16T17:23:11+00:00","og_image":[{"url":"http:\/\/www.visit-ulcinj.com\/blog\/wp-content\/uploads\/2014\/01\/Programi-zhvillimor-ekonomik-i-Ulqinit.jpg"}],"twitter_misc":{"Written by":"ulqini","Est. reading time":"4 minutes"},"schema":{"@context":"https:\/\/schema.org","@graph":[{"@type":"WebSite","@id":"https:\/\/www.visit-ulcinj.com\/blog\/#website","url":"https:\/\/www.visit-ulcinj.com\/blog\/","name":"Lajme nga Ulqini","description":"Lajme,Vijesti,Ulqini,Ulqin,Crna Gora,Mali i Zi","potentialAction":[{"@type":"SearchAction","target":{"@type":"EntryPoint","urlTemplate":"https:\/\/www.visit-ulcinj.com\/blog\/?s={search_term_string}"},"query-input":"required name=search_term_string"}],"inLanguage":"en-US"},{"@type":"ImageObject","inLanguage":"en-US","@id":"https:\/\/www.visit-ulcinj.com\/blog\/2014\/01\/15\/mali-i-zi-pozitiv-ulqin-programi-zgjedhor-2014\/#primaryimage","url":"https:\/\/www.visit-ulcinj.com\/blog\/wp-content\/uploads\/2014\/01\/Programi-zhvillimor-ekonomik-i-Ulqinit.jpg","contentUrl":"https:\/\/www.visit-ulcinj.com\/blog\/wp-content\/uploads\/2014\/01\/Programi-zhvillimor-ekonomik-i-Ulqinit.jpg","width":508,"height":732},{"@type":"WebPage","@id":"https:\/\/www.visit-ulcinj.com\/blog\/2014\/01\/15\/mali-i-zi-pozitiv-ulqin-programi-zgjedhor-2014\/#webpage","url":"https:\/\/www.visit-ulcinj.com\/blog\/2014\/01\/15\/mali-i-zi-pozitiv-ulqin-programi-zgjedhor-2014\/","name":"Mali i Zi Pozitiv Ulqin - Programi Zgjedhor 2014 - Lajme nga Ulqini","isPartOf":{"@id":"https:\/\/www.visit-ulcinj.com\/blog\/#website"},"primaryImageOfPage":{"@id":"https:\/\/www.visit-ulcinj.com\/blog\/2014\/01\/15\/mali-i-zi-pozitiv-ulqin-programi-zgjedhor-2014\/#primaryimage"},"datePublished":"2014-01-15T18:15:04+00:00","dateModified":"2014-01-16T17:23:11+00:00","author":{"@id":"https:\/\/www.visit-ulcinj.com\/blog\/#\/schema\/person\/dcab619c614d3038751c63bc2aadc06d"},"description":"Zhvillimi ekonomik modern i komun\u00ebs s\u00eb Ulqinit duhet t\u00eb jet\u00eb i p\u00ebrqendruar n\u00eb mjetet m\u00eb t\u00eb lehta , m\u00eb t\u00eb lira dhe m\u00eb pak t\u00eb rrezikshme dhe duhet t\u00eb jet\u00eb i","breadcrumb":{"@id":"https:\/\/www.visit-ulcinj.com\/blog\/2014\/01\/15\/mali-i-zi-pozitiv-ulqin-programi-zgjedhor-2014\/#breadcrumb"},"inLanguage":"en-US","potentialAction":[{"@type":"ReadAction","target":["https:\/\/www.visit-ulcinj.com\/blog\/2014\/01\/15\/mali-i-zi-pozitiv-ulqin-programi-zgjedhor-2014\/"]}]},{"@type":"BreadcrumbList","@id":"https:\/\/www.visit-ulcinj.com\/blog\/2014\/01\/15\/mali-i-zi-pozitiv-ulqin-programi-zgjedhor-2014\/#breadcrumb","itemListElement":[{"@type":"ListItem","position":1,"name":"Mali i Zi Pozitiv Ulqin &#8211; Programi Zgjedhor 2014"}]},{"@type":"Person","@id":"https:\/\/www.visit-ulcinj.com\/blog\/#\/schema\/person\/dcab619c614d3038751c63bc2aadc06d","name":"ulqini","sameAs":["http:\/\/www.visit-ulcinj.com"],"url":"https:\/\/www.visit-ulcinj.com\/blog\/author\/admin\/"}]}},"jetpack_featured_media_url":"","jetpack_sharing_enabled":true,"jetpack_shortlink":"https:\/\/wp.me\/pe6lTn-kmm","_links":{"self":[{"href":"https:\/\/www.visit-ulcinj.com\/blog\/wp-json\/wp\/v2\/posts\/78266"}],"collection":[{"href":"https:\/\/www.visit-ulcinj.com\/blog\/wp-json\/wp\/v2\/posts"}],"about":[{"href":"https:\/\/www.visit-ulcinj.com\/blog\/wp-json\/wp\/v2\/types\/post"}],"author":[{"embeddable":true,"href":"https:\/\/www.visit-ulcinj.com\/blog\/wp-json\/wp\/v2\/users\/1"}],"replies":[{"embeddable":true,"href":"https:\/\/www.visit-ulcinj.com\/blog\/wp-json\/wp\/v2\/comments?post=78266"}],"version-history":[{"count":6,"href":"https:\/\/www.visit-ulcinj.com\/blog\/wp-json\/wp\/v2\/posts\/78266\/revisions"}],"predecessor-version":[{"id":78274,"href":"https:\/\/www.visit-ulcinj.com\/blog\/wp-json\/wp\/v2\/posts\/78266\/revisions\/78274"}],"wp:attachment":[{"href":"https:\/\/www.visit-ulcinj.com\/blog\/wp-json\/wp\/v2\/media?parent=78266"}],"wp:term":[{"taxonomy":"category","embeddable":true,"href":"https:\/\/www.visit-ulcinj.com\/blog\/wp-json\/wp\/v2\/categories?post=78266"},{"taxonomy":"post_tag","embeddable":true,"href":"https:\/\/www.visit-ulcinj.com\/blog\/wp-json\/wp\/v2\/tags?post=78266"}],"curies":[{"name":"wp","href":"https:\/\/api.w.org\/{rel}","templated":true}]}}