{"id":78278,"date":"2014-01-16T08:00:55","date_gmt":"2014-01-16T07:00:55","guid":{"rendered":"http:\/\/www.visit-ulcinj.com\/blog\/?p=78278"},"modified":"2014-01-16T16:07:31","modified_gmt":"2014-01-16T15:07:31","slug":"koalicioni-shqiptaro-malazeze-cilen-parti-ta-zgjedhe-dps","status":"publish","type":"post","link":"https:\/\/www.visit-ulcinj.com\/blog\/2014\/01\/16\/koalicioni-shqiptaro-malazeze-cilen-parti-ta-zgjedhe-dps\/","title":{"rendered":"Koalicioni shqiptaro &#8211; malazez\u00eb; Cil\u00ebn parti do ta zgjedh\u00eb DPS-i"},"content":{"rendered":"<p><a href=\"http:\/\/www.visit-ulcinj.com\/blog\/wp-content\/uploads\/2014\/01\/Komuna-e-Ulqinit.jpg\"><img loading=\"lazy\" class=\"alignleft  wp-image-78279\" alt=\"Komuna e Ulqinit\" src=\"http:\/\/www.visit-ulcinj.com\/blog\/wp-content\/uploads\/2014\/01\/Komuna-e-Ulqinit.jpg\" width=\"508\" height=\"331\" \/><\/a>Vota p\u00ebr DPS-in dikur ishte turp, e sot e japim t\u00eb gjith\u00eb, me apo pa d\u00ebshir\u00eb<\/p>\n<p>Arsyeja e vetme pse n\u00eb k\u00ebt\u00eb faqe deri sonte nuk keni par\u00eb asnj\u00eb postim lidhur me zgjedhjet e ardhshme n\u00eb Ulqin \u00ebsht\u00eb sepse nuk ka asgj\u00eb p\u00ebr t\u00eb th\u00ebn\u00eb.<\/p>\n<p>Po, p\u00ebr ju q\u00eb keni fatin e mir\u00eb e nuk e keni ditur, n\u00eb Ulqin p\u00ebrs\u00ebri ka zgjedhje. Ato mbahen m\u00eb 26 janar dhe mbi 19,000 ulqinak\u00eb do t\u00eb mund t\u00eb zgjedhin midis 9 listave zgjedhore.<\/p>\n<p>P\u00ebrs\u00ebri ka ardhur koha q\u00eb ne pak shqiptar\u00eb q\u00eb kemi mbetur aty t\u00eb grindemi e p\u00ebr\u00e7ahemi. Ka ardhur koha t\u00eb b\u00ebjm\u00eb me gisht kah nj\u00ebri tjetri. Ka ardhur koha q\u00eb kojshit\u00eb t\u00eb mos flasin sepse i takojn\u00eb partive t\u00eb ndryshme.<\/p>\n<p>Po p\u00ebr ju kojshi, q\u00eb nuk flisni p\u00ebr inat t\u00eb p\u00ebrkat\u00ebsive politike, un\u00eb kam nj\u00eb lajm t\u00eb mir\u00eb: ju t\u00eb gjith\u00eb p\u00ebr nj\u00eb parti jeni. Po po, t\u00eb gjith\u00eb i jepni vot\u00ebn t\u00eb nj\u00ebjt\u00ebs parti. Ndoshta edhe se keni ditur, por kjo \u00ebsht\u00eb e v\u00ebrtet\u00eb.<\/p>\n<p>T\u00eb gjith\u00eb ne, desht\u00ebm apo nuk desht\u00ebm, vot\u00ebn do ja japim DPS-it. Partia Demokratike Socialiste, apo si\u00e7 e njeh populli DPS ose partia e Milos, duket se do t\u00eb rithehet n\u00eb pushtet n\u00eb Ulqin pa u lodhur fare. E pyetja e vetme q\u00eb shtrohet \u00ebsht\u00eb cila nga partit\u00eb shqiptare do ta ket\u00eb nderin t\u00eb qeveris\u00eb me ta k\u00ebsaj radhe?<\/p>\n<p>Gara e partive shqiptare n\u00eb Ulqin k\u00ebsaj rradhe nuk \u00ebsht\u00eb p\u00ebr qytetar\u00ebt e Ulqinit, n\u00ebse nisemi nga t\u00eb menduarit se gara m\u00eb her\u00ebt ka qen\u00eb sinqerisht p\u00ebr ta. K\u00ebsaj rradhe, gara sillet rreth asaj se kush do t\u00eb jet\u00eb i zgjedhuri i DPS-it. Cil\u00ebn parti do ta zgjedh\u00eb DPS-i q\u00eb t\u00eb qeveris\u00eb Ulqinin me ta?<\/p>\n<p>K\u00ebsaj rradhe t\u00eb gjith\u00eb grinden p\u00ebr vot\u00ebn e qytetarit q\u00eb t\u00eb mund t\u00eb ja japin at\u00eb DPS-it. E m\u00eb kujtohet koha kur DPS-hat ishin pakic\u00eb e &#8220;shqiptar\u00ebt patriot\u00eb&#8221; ua b\u00ebnin me gisht. Sot ska mbetur kush p\u00ebr t\u00eb drejtuar gishtin n\u00eb asnj\u00eb an\u00eb, fal\u00eb politikan\u00ebve tan\u00eb.<\/p>\n<p>E k\u00ebshtu pra, ju kojshi q\u00eb po grindeni, mosni se zgjedhjet kalojn\u00eb. T\u00eb gjith\u00eb me nj\u00eb parti jemi.<\/p>\n<p>G\u00ebzuar !<\/p>\n<p><strong><a id=\"js_44\" href=\"https:\/\/www.facebook.com\/shqiptaretnemz\" data-hovercard=\"\/ajax\/hovercard\/page.php?id=270846522614\">Shqiptar\u00ebt n\u00eb Malin e Zi &#8211; Albanians in Montenegro Facebook<\/a><\/strong><\/p>\n","protected":false},"excerpt":{"rendered":"<p>Vota p\u00ebr DPS-in dikur ishte turp, e sot e japim t\u00eb gjith\u00eb, me apo pa d\u00ebshir\u00eb Arsyeja e vetme pse n\u00eb k\u00ebt\u00eb faqe deri sonte nuk keni par\u00eb asnj\u00eb postim lidhur me zgjedhjet e ardhshme n\u00eb Ulqin \u00ebsht\u00eb sepse nuk ka asgj\u00eb p\u00ebr t\u00eb th\u00ebn\u00eb. Po, p\u00ebr ju q\u00eb keni fatin e mir\u00eb e nuk [&hellip;]<\/p>\n","protected":false},"author":1,"featured_media":0,"comment_status":"closed","ping_status":"closed","sticky":false,"template":"","format":"standard","meta":{"spay_email":"","jetpack_publicize_message":"","jetpack_is_tweetstorm":false,"jetpack_publicize_feature_enabled":true},"categories":[12],"tags":[],"jetpack_publicize_connections":[],"yoast_head":"<!-- This site is optimized with the Yoast SEO plugin v19.1 - https:\/\/yoast.com\/wordpress\/plugins\/seo\/ -->\n<title>Koalicioni shqiptaro - malazez\u00eb; Cil\u00ebn parti do ta zgjedh\u00eb DPS-i - Lajme nga Ulqini<\/title>\n<meta name=\"description\" content=\"Vota p\u00ebr DPS-in dikur ishte turp, e sot e japim t\u00eb gjith\u00eb, me apo pa d\u00ebshir\u00eb Arsyeja e vetme pse n\u00eb k\u00ebt\u00eb faqe deri sonte nuk keni par\u00eb asnj\u00eb postim lidhur\" \/>\n<meta name=\"robots\" content=\"index, follow, max-snippet:-1, max-image-preview:large, max-video-preview:-1\" \/>\n<link rel=\"canonical\" href=\"https:\/\/www.visit-ulcinj.com\/blog\/2014\/01\/16\/koalicioni-shqiptaro-malazeze-cilen-parti-ta-zgjedhe-dps\/\" \/>\n<meta property=\"og:locale\" content=\"en_US\" \/>\n<meta property=\"og:type\" content=\"article\" \/>\n<meta property=\"og:title\" content=\"Koalicioni shqiptaro - malazez\u00eb; Cil\u00ebn parti do ta zgjedh\u00eb DPS-i - Lajme nga Ulqini\" \/>\n<meta property=\"og:description\" content=\"Vota p\u00ebr DPS-in dikur ishte turp, e sot e japim t\u00eb gjith\u00eb, me apo pa d\u00ebshir\u00eb Arsyeja e vetme pse n\u00eb k\u00ebt\u00eb faqe deri sonte nuk keni par\u00eb asnj\u00eb postim lidhur\" \/>\n<meta property=\"og:url\" content=\"https:\/\/www.visit-ulcinj.com\/blog\/2014\/01\/16\/koalicioni-shqiptaro-malazeze-cilen-parti-ta-zgjedhe-dps\/\" \/>\n<meta property=\"og:site_name\" content=\"Lajme nga Ulqini\" \/>\n<meta property=\"article:published_time\" content=\"2014-01-16T07:00:55+00:00\" \/>\n<meta property=\"article:modified_time\" content=\"2014-01-16T15:07:31+00:00\" \/>\n<meta property=\"og:image\" content=\"http:\/\/www.visit-ulcinj.com\/blog\/wp-content\/uploads\/2014\/01\/Komuna-e-Ulqinit.jpg\" \/>\n<meta name=\"twitter:label1\" content=\"Written by\" \/>\n\t<meta name=\"twitter:data1\" content=\"ulqini\" \/>\n\t<meta name=\"twitter:label2\" content=\"Est. reading time\" \/>\n\t<meta name=\"twitter:data2\" content=\"2 minutes\" \/>\n<script type=\"application\/ld+json\" class=\"yoast-schema-graph\">{\"@context\":\"https:\/\/schema.org\",\"@graph\":[{\"@type\":\"WebSite\",\"@id\":\"https:\/\/www.visit-ulcinj.com\/blog\/#website\",\"url\":\"https:\/\/www.visit-ulcinj.com\/blog\/\",\"name\":\"Lajme nga Ulqini\",\"description\":\"Lajme,Vijesti,Ulqini,Ulqin,Crna Gora,Mali i Zi\",\"potentialAction\":[{\"@type\":\"SearchAction\",\"target\":{\"@type\":\"EntryPoint\",\"urlTemplate\":\"https:\/\/www.visit-ulcinj.com\/blog\/?s={search_term_string}\"},\"query-input\":\"required name=search_term_string\"}],\"inLanguage\":\"en-US\"},{\"@type\":\"ImageObject\",\"inLanguage\":\"en-US\",\"@id\":\"https:\/\/www.visit-ulcinj.com\/blog\/2014\/01\/16\/koalicioni-shqiptaro-malazeze-cilen-parti-ta-zgjedhe-dps\/#primaryimage\",\"url\":\"https:\/\/www.visit-ulcinj.com\/blog\/wp-content\/uploads\/2014\/01\/Komuna-e-Ulqinit.jpg\",\"contentUrl\":\"https:\/\/www.visit-ulcinj.com\/blog\/wp-content\/uploads\/2014\/01\/Komuna-e-Ulqinit.jpg\",\"width\":960,\"height\":331},{\"@type\":\"WebPage\",\"@id\":\"https:\/\/www.visit-ulcinj.com\/blog\/2014\/01\/16\/koalicioni-shqiptaro-malazeze-cilen-parti-ta-zgjedhe-dps\/#webpage\",\"url\":\"https:\/\/www.visit-ulcinj.com\/blog\/2014\/01\/16\/koalicioni-shqiptaro-malazeze-cilen-parti-ta-zgjedhe-dps\/\",\"name\":\"Koalicioni shqiptaro - malazez\u00eb; Cil\u00ebn parti do ta zgjedh\u00eb DPS-i - Lajme nga Ulqini\",\"isPartOf\":{\"@id\":\"https:\/\/www.visit-ulcinj.com\/blog\/#website\"},\"primaryImageOfPage\":{\"@id\":\"https:\/\/www.visit-ulcinj.com\/blog\/2014\/01\/16\/koalicioni-shqiptaro-malazeze-cilen-parti-ta-zgjedhe-dps\/#primaryimage\"},\"datePublished\":\"2014-01-16T07:00:55+00:00\",\"dateModified\":\"2014-01-16T15:07:31+00:00\",\"author\":{\"@id\":\"https:\/\/www.visit-ulcinj.com\/blog\/#\/schema\/person\/dcab619c614d3038751c63bc2aadc06d\"},\"description\":\"Vota p\u00ebr DPS-in dikur ishte turp, e sot e japim t\u00eb gjith\u00eb, me apo pa d\u00ebshir\u00eb Arsyeja e vetme pse n\u00eb k\u00ebt\u00eb faqe deri sonte nuk keni par\u00eb asnj\u00eb postim lidhur\",\"breadcrumb\":{\"@id\":\"https:\/\/www.visit-ulcinj.com\/blog\/2014\/01\/16\/koalicioni-shqiptaro-malazeze-cilen-parti-ta-zgjedhe-dps\/#breadcrumb\"},\"inLanguage\":\"en-US\",\"potentialAction\":[{\"@type\":\"ReadAction\",\"target\":[\"https:\/\/www.visit-ulcinj.com\/blog\/2014\/01\/16\/koalicioni-shqiptaro-malazeze-cilen-parti-ta-zgjedhe-dps\/\"]}]},{\"@type\":\"BreadcrumbList\",\"@id\":\"https:\/\/www.visit-ulcinj.com\/blog\/2014\/01\/16\/koalicioni-shqiptaro-malazeze-cilen-parti-ta-zgjedhe-dps\/#breadcrumb\",\"itemListElement\":[{\"@type\":\"ListItem\",\"position\":1,\"name\":\"Koalicioni shqiptaro &#8211; malazez\u00eb; Cil\u00ebn parti do ta zgjedh\u00eb DPS-i\"}]},{\"@type\":\"Person\",\"@id\":\"https:\/\/www.visit-ulcinj.com\/blog\/#\/schema\/person\/dcab619c614d3038751c63bc2aadc06d\",\"name\":\"ulqini\",\"sameAs\":[\"http:\/\/www.visit-ulcinj.com\"],\"url\":\"https:\/\/www.visit-ulcinj.com\/blog\/author\/admin\/\"}]}<\/script>\n<!-- \/ Yoast SEO plugin. -->","yoast_head_json":{"title":"Koalicioni shqiptaro - malazez\u00eb; Cil\u00ebn parti do ta zgjedh\u00eb DPS-i - Lajme nga Ulqini","description":"Vota p\u00ebr DPS-in dikur ishte turp, e sot e japim t\u00eb gjith\u00eb, me apo pa d\u00ebshir\u00eb Arsyeja e vetme pse n\u00eb k\u00ebt\u00eb faqe deri sonte nuk keni par\u00eb asnj\u00eb postim lidhur","robots":{"index":"index","follow":"follow","max-snippet":"max-snippet:-1","max-image-preview":"max-image-preview:large","max-video-preview":"max-video-preview:-1"},"canonical":"https:\/\/www.visit-ulcinj.com\/blog\/2014\/01\/16\/koalicioni-shqiptaro-malazeze-cilen-parti-ta-zgjedhe-dps\/","og_locale":"en_US","og_type":"article","og_title":"Koalicioni shqiptaro - malazez\u00eb; Cil\u00ebn parti do ta zgjedh\u00eb DPS-i - Lajme nga Ulqini","og_description":"Vota p\u00ebr DPS-in dikur ishte turp, e sot e japim t\u00eb gjith\u00eb, me apo pa d\u00ebshir\u00eb Arsyeja e vetme pse n\u00eb k\u00ebt\u00eb faqe deri sonte nuk keni par\u00eb asnj\u00eb postim lidhur","og_url":"https:\/\/www.visit-ulcinj.com\/blog\/2014\/01\/16\/koalicioni-shqiptaro-malazeze-cilen-parti-ta-zgjedhe-dps\/","og_site_name":"Lajme nga Ulqini","article_published_time":"2014-01-16T07:00:55+00:00","article_modified_time":"2014-01-16T15:07:31+00:00","og_image":[{"url":"http:\/\/www.visit-ulcinj.com\/blog\/wp-content\/uploads\/2014\/01\/Komuna-e-Ulqinit.jpg"}],"twitter_misc":{"Written by":"ulqini","Est. reading time":"2 minutes"},"schema":{"@context":"https:\/\/schema.org","@graph":[{"@type":"WebSite","@id":"https:\/\/www.visit-ulcinj.com\/blog\/#website","url":"https:\/\/www.visit-ulcinj.com\/blog\/","name":"Lajme nga Ulqini","description":"Lajme,Vijesti,Ulqini,Ulqin,Crna Gora,Mali i Zi","potentialAction":[{"@type":"SearchAction","target":{"@type":"EntryPoint","urlTemplate":"https:\/\/www.visit-ulcinj.com\/blog\/?s={search_term_string}"},"query-input":"required name=search_term_string"}],"inLanguage":"en-US"},{"@type":"ImageObject","inLanguage":"en-US","@id":"https:\/\/www.visit-ulcinj.com\/blog\/2014\/01\/16\/koalicioni-shqiptaro-malazeze-cilen-parti-ta-zgjedhe-dps\/#primaryimage","url":"https:\/\/www.visit-ulcinj.com\/blog\/wp-content\/uploads\/2014\/01\/Komuna-e-Ulqinit.jpg","contentUrl":"https:\/\/www.visit-ulcinj.com\/blog\/wp-content\/uploads\/2014\/01\/Komuna-e-Ulqinit.jpg","width":960,"height":331},{"@type":"WebPage","@id":"https:\/\/www.visit-ulcinj.com\/blog\/2014\/01\/16\/koalicioni-shqiptaro-malazeze-cilen-parti-ta-zgjedhe-dps\/#webpage","url":"https:\/\/www.visit-ulcinj.com\/blog\/2014\/01\/16\/koalicioni-shqiptaro-malazeze-cilen-parti-ta-zgjedhe-dps\/","name":"Koalicioni shqiptaro - malazez\u00eb; Cil\u00ebn parti do ta zgjedh\u00eb DPS-i - Lajme nga Ulqini","isPartOf":{"@id":"https:\/\/www.visit-ulcinj.com\/blog\/#website"},"primaryImageOfPage":{"@id":"https:\/\/www.visit-ulcinj.com\/blog\/2014\/01\/16\/koalicioni-shqiptaro-malazeze-cilen-parti-ta-zgjedhe-dps\/#primaryimage"},"datePublished":"2014-01-16T07:00:55+00:00","dateModified":"2014-01-16T15:07:31+00:00","author":{"@id":"https:\/\/www.visit-ulcinj.com\/blog\/#\/schema\/person\/dcab619c614d3038751c63bc2aadc06d"},"description":"Vota p\u00ebr DPS-in dikur ishte turp, e sot e japim t\u00eb gjith\u00eb, me apo pa d\u00ebshir\u00eb Arsyeja e vetme pse n\u00eb k\u00ebt\u00eb faqe deri sonte nuk keni par\u00eb asnj\u00eb postim lidhur","breadcrumb":{"@id":"https:\/\/www.visit-ulcinj.com\/blog\/2014\/01\/16\/koalicioni-shqiptaro-malazeze-cilen-parti-ta-zgjedhe-dps\/#breadcrumb"},"inLanguage":"en-US","potentialAction":[{"@type":"ReadAction","target":["https:\/\/www.visit-ulcinj.com\/blog\/2014\/01\/16\/koalicioni-shqiptaro-malazeze-cilen-parti-ta-zgjedhe-dps\/"]}]},{"@type":"BreadcrumbList","@id":"https:\/\/www.visit-ulcinj.com\/blog\/2014\/01\/16\/koalicioni-shqiptaro-malazeze-cilen-parti-ta-zgjedhe-dps\/#breadcrumb","itemListElement":[{"@type":"ListItem","position":1,"name":"Koalicioni shqiptaro &#8211; malazez\u00eb; Cil\u00ebn parti do ta zgjedh\u00eb DPS-i"}]},{"@type":"Person","@id":"https:\/\/www.visit-ulcinj.com\/blog\/#\/schema\/person\/dcab619c614d3038751c63bc2aadc06d","name":"ulqini","sameAs":["http:\/\/www.visit-ulcinj.com"],"url":"https:\/\/www.visit-ulcinj.com\/blog\/author\/admin\/"}]}},"jetpack_featured_media_url":"","jetpack_sharing_enabled":true,"jetpack_shortlink":"https:\/\/wp.me\/pe6lTn-kmy","_links":{"self":[{"href":"https:\/\/www.visit-ulcinj.com\/blog\/wp-json\/wp\/v2\/posts\/78278"}],"collection":[{"href":"https:\/\/www.visit-ulcinj.com\/blog\/wp-json\/wp\/v2\/posts"}],"about":[{"href":"https:\/\/www.visit-ulcinj.com\/blog\/wp-json\/wp\/v2\/types\/post"}],"author":[{"embeddable":true,"href":"https:\/\/www.visit-ulcinj.com\/blog\/wp-json\/wp\/v2\/users\/1"}],"replies":[{"embeddable":true,"href":"https:\/\/www.visit-ulcinj.com\/blog\/wp-json\/wp\/v2\/comments?post=78278"}],"version-history":[{"count":1,"href":"https:\/\/www.visit-ulcinj.com\/blog\/wp-json\/wp\/v2\/posts\/78278\/revisions"}],"predecessor-version":[{"id":78280,"href":"https:\/\/www.visit-ulcinj.com\/blog\/wp-json\/wp\/v2\/posts\/78278\/revisions\/78280"}],"wp:attachment":[{"href":"https:\/\/www.visit-ulcinj.com\/blog\/wp-json\/wp\/v2\/media?parent=78278"}],"wp:term":[{"taxonomy":"category","embeddable":true,"href":"https:\/\/www.visit-ulcinj.com\/blog\/wp-json\/wp\/v2\/categories?post=78278"},{"taxonomy":"post_tag","embeddable":true,"href":"https:\/\/www.visit-ulcinj.com\/blog\/wp-json\/wp\/v2\/tags?post=78278"}],"curies":[{"name":"wp","href":"https:\/\/api.w.org\/{rel}","templated":true}]}}