{"id":7828,"date":"2008-12-29T18:51:16","date_gmt":"2008-12-29T17:51:16","guid":{"rendered":"http:\/\/www.visit-ulcinj.com\/blog\/?p=7828"},"modified":"2008-12-29T20:50:30","modified_gmt":"2008-12-29T19:50:30","slug":"abramovic-celzi-ne-shitje","status":"publish","type":"post","link":"https:\/\/www.visit-ulcinj.com\/blog\/2008\/12\/29\/abramovic-celzi-ne-shitje\/","title":{"rendered":"Abramovi\u00e7: \u00c7elzi n\u00eb shitje"},"content":{"rendered":"<p><img loading=\"lazy\" class=\"alignleft size-full wp-image-7829\" title=\"roman-abramovic\" src=\"http:\/\/www.visit-ulcinj.com\/blog\/wp-content\/uploads\/2008\/12\/roman-abramovic.jpg\" alt=\"roman-abramovic\" width=\"370\" height=\"370\" \/>Kriza e madhe bot\u00ebrore nuk ka kursyer as miliarderin rus Roman Abramovi\u00e7, i cili p\u00ebr shkak t\u00eb humbjeve t\u00eb m\u00ebdha mendon t\u00eb largohet nga skuadra Londineze \u00c7elzi.<br \/>\nPas kriz\u00ebs s\u00eb madhe financiare, pronari i skuadr\u00ebs futbollistike, \u00c7elsi, rusi Roman Abramoviq, ka vendosur t\u00eb shes\u00eb skuadr\u00ebn, t\u00eb cil\u00ebn m\u00eb her\u00ebt e kishte bler\u00eb vet\u00ebm p\u00ebr shkak arg\u00ebtimit. Sipas gazet\u00ebs gjermane &#8220;Bild&#8221; pasuria e Abramoviq-it, n\u00eb fillim vler\u00ebsohej 16.7 miliard euro, nd\u00ebrsa sipas vler\u00ebsimeve t\u00eb fundit ajo tani ka rr\u00ebn\u00eb n\u00eb rreth 2.3 miljard euro. Koha kur Abramoviq shpenzonte mbi 100 milion euro p\u00ebr futbollist\u00eb t\u00eb rinj\u00eb ka p\u00ebrfunduar, nd\u00ebrsa tani kriza q\u00eb ka kapluar Abramoviq-in e detyroi at\u00eb q\u00eb t\u00eb p\u00ebrjshtoj\u00eb nga puna 15 agjent\u00eb q\u00eb punonin n\u00eb gjetjen e talent\u00ebve t\u00eb rrij.\u00a0 Situat\u00ebn e palakmueshme n\u00eb t\u00eb cil\u00ebn gjendet \u00c7elsi i Abramovi\u00e7it e tregon edhe fakti se q\u00eb nga fillimi i muajit dhjetor futbollist\u00ebt nga xhepi i tyre paguajn\u00eb drekat n\u00eb mes t\u00eb st\u00ebrvitjeve. Mir\u00ebpo q\u00eb nga java e fundit e vitit 2008, si duket rusi \u00ebsht\u00eb n\u00eb probleme edhe me t\u00eb m\u00ebdha financiare, pasi q\u00eb p\u00ebrfundimisht duhet t\u00eb vendos\u00eb, t\u00eb shes\u00eb skuadr\u00ebn e tij futbollistike, apo t\u00eb ndahet me anij\u00ebn e tij luksoze?<br \/>\nSipas informatave t\u00eb fundit Abramoviq \u00ebsht\u00eb shum\u00eb af\u00ebr shitjes s\u00eb \u00c7elsit, dhe vet\u00ebm pret ndonj\u00eb t\u00eb interesuar,q\u00eb t&#8217;ia shes\u00eb paketin udheheq\u00ebs t\u00eb skuadr\u00ebs. Ambramovi\u00e7 te \u00c7elsin e bleu para disa viteve dhe me investimet e m\u00ebdha arriti t\u00eb ngrej\u00eb n\u00eb mesin e skuadrave m\u00eb t\u00eb forta Evropiane, nd\u00ebrsa fitoj\u00eb edhe titullin n\u00eb Premier Lig\u00eb pas nj\u00eb pauze 50-t\u00eb vje\u00e7are.<\/p>\n<p><strong>Mensur Saiti<br \/>\nALSAT-M<\/strong><\/p>\n<p><strong><a href=\"http:\/\/www.visit-ulcinj.com\/blog\/wp-content\/uploads\/2008\/12\/garden-of-eatin-restaurant22.jpg\" target=\"_blank\"><img loading=\"lazy\" class=\"alignleft size-large wp-image-7857\" title=\"garden-of-eatin-restaurant23\" src=\"http:\/\/www.visit-ulcinj.com\/blog\/wp-content\/uploads\/2008\/12\/garden-of-eatin-restaurant23-723x1024.jpg\" alt=\"garden-of-eatin-restaurant23\" width=\"434\" height=\"614\" srcset=\"https:\/\/www.visit-ulcinj.com\/blog\/wp-content\/uploads\/2008\/12\/garden-of-eatin-restaurant23-723x1024.jpg 723w, https:\/\/www.visit-ulcinj.com\/blog\/wp-content\/uploads\/2008\/12\/garden-of-eatin-restaurant23-212x300.jpg 212w, https:\/\/www.visit-ulcinj.com\/blog\/wp-content\/uploads\/2008\/12\/garden-of-eatin-restaurant23.jpg 1248w\" sizes=\"(max-width: 434px) 100vw, 434px\" \/><\/a><br \/>\n<\/strong><\/p>\n","protected":false},"excerpt":{"rendered":"<p>Kriza e madhe bot\u00ebrore nuk ka kursyer as miliarderin rus Roman Abramovi\u00e7, i cili p\u00ebr shkak t\u00eb humbjeve t\u00eb m\u00ebdha mendon t\u00eb largohet nga skuadra Londineze \u00c7elzi. Pas kriz\u00ebs s\u00eb madhe financiare, pronari i skuadr\u00ebs futbollistike, \u00c7elsi, rusi Roman Abramoviq, ka vendosur t\u00eb shes\u00eb skuadr\u00ebn, t\u00eb cil\u00ebn m\u00eb her\u00ebt e kishte bler\u00eb vet\u00ebm p\u00ebr shkak [&hellip;]<\/p>\n","protected":false},"author":1,"featured_media":0,"comment_status":"open","ping_status":"closed","sticky":false,"template":"","format":"standard","meta":{"spay_email":"","jetpack_publicize_message":"","jetpack_is_tweetstorm":false,"jetpack_publicize_feature_enabled":true},"categories":[3],"tags":[5480,5481,467,4343],"jetpack_publicize_connections":[],"yoast_head":"<!-- This site is optimized with the Yoast SEO plugin v19.1 - https:\/\/yoast.com\/wordpress\/plugins\/seo\/ -->\n<title>Abramovi\u00e7: \u00c7elzi n\u00eb shitje - Lajme nga Ulqini<\/title>\n<meta name=\"description\" content=\"Kriza e madhe bot\u00ebrore nuk ka kursyer as miliarderin rus Roman Abramovi\u00e7, i cili p\u00ebr shkak t\u00eb humbjeve t\u00eb m\u00ebdha mendon t\u00eb largohet nga skuadra Londineze\" \/>\n<meta name=\"robots\" content=\"index, follow, max-snippet:-1, max-image-preview:large, max-video-preview:-1\" \/>\n<link rel=\"canonical\" href=\"https:\/\/www.visit-ulcinj.com\/blog\/2008\/12\/29\/abramovic-celzi-ne-shitje\/\" \/>\n<meta property=\"og:locale\" content=\"en_US\" \/>\n<meta property=\"og:type\" content=\"article\" \/>\n<meta property=\"og:title\" content=\"Abramovi\u00e7: \u00c7elzi n\u00eb shitje - Lajme nga Ulqini\" \/>\n<meta property=\"og:description\" content=\"Kriza e madhe bot\u00ebrore nuk ka kursyer as miliarderin rus Roman Abramovi\u00e7, i cili p\u00ebr shkak t\u00eb humbjeve t\u00eb m\u00ebdha mendon t\u00eb largohet nga skuadra Londineze\" \/>\n<meta property=\"og:url\" content=\"https:\/\/www.visit-ulcinj.com\/blog\/2008\/12\/29\/abramovic-celzi-ne-shitje\/\" \/>\n<meta property=\"og:site_name\" content=\"Lajme nga Ulqini\" \/>\n<meta property=\"article:published_time\" content=\"2008-12-29T17:51:16+00:00\" \/>\n<meta property=\"article:modified_time\" content=\"2008-12-29T19:50:30+00:00\" \/>\n<meta property=\"og:image\" content=\"http:\/\/www.visit-ulcinj.com\/blog\/wp-content\/uploads\/2008\/12\/roman-abramovic.jpg\" \/>\n<meta name=\"twitter:label1\" content=\"Written by\" \/>\n\t<meta name=\"twitter:data1\" content=\"ulqini\" \/>\n\t<meta name=\"twitter:label2\" content=\"Est. reading time\" \/>\n\t<meta name=\"twitter:data2\" content=\"1 minute\" \/>\n<script type=\"application\/ld+json\" class=\"yoast-schema-graph\">{\"@context\":\"https:\/\/schema.org\",\"@graph\":[{\"@type\":\"WebSite\",\"@id\":\"https:\/\/www.visit-ulcinj.com\/blog\/#website\",\"url\":\"https:\/\/www.visit-ulcinj.com\/blog\/\",\"name\":\"Lajme nga Ulqini\",\"description\":\"Lajme,Vijesti,Ulqini,Ulqin,Crna Gora,Mali i Zi\",\"potentialAction\":[{\"@type\":\"SearchAction\",\"target\":{\"@type\":\"EntryPoint\",\"urlTemplate\":\"https:\/\/www.visit-ulcinj.com\/blog\/?s={search_term_string}\"},\"query-input\":\"required name=search_term_string\"}],\"inLanguage\":\"en-US\"},{\"@type\":\"ImageObject\",\"inLanguage\":\"en-US\",\"@id\":\"https:\/\/www.visit-ulcinj.com\/blog\/2008\/12\/29\/abramovic-celzi-ne-shitje\/#primaryimage\",\"url\":\"http:\/\/www.visit-ulcinj.com\/blog\/wp-content\/uploads\/2008\/12\/roman-abramovic.jpg\",\"contentUrl\":\"http:\/\/www.visit-ulcinj.com\/blog\/wp-content\/uploads\/2008\/12\/roman-abramovic.jpg\"},{\"@type\":\"WebPage\",\"@id\":\"https:\/\/www.visit-ulcinj.com\/blog\/2008\/12\/29\/abramovic-celzi-ne-shitje\/#webpage\",\"url\":\"https:\/\/www.visit-ulcinj.com\/blog\/2008\/12\/29\/abramovic-celzi-ne-shitje\/\",\"name\":\"Abramovi\u00e7: \u00c7elzi n\u00eb shitje - Lajme nga Ulqini\",\"isPartOf\":{\"@id\":\"https:\/\/www.visit-ulcinj.com\/blog\/#website\"},\"primaryImageOfPage\":{\"@id\":\"https:\/\/www.visit-ulcinj.com\/blog\/2008\/12\/29\/abramovic-celzi-ne-shitje\/#primaryimage\"},\"datePublished\":\"2008-12-29T17:51:16+00:00\",\"dateModified\":\"2008-12-29T19:50:30+00:00\",\"author\":{\"@id\":\"https:\/\/www.visit-ulcinj.com\/blog\/#\/schema\/person\/dcab619c614d3038751c63bc2aadc06d\"},\"description\":\"Kriza e madhe bot\u00ebrore nuk ka kursyer as miliarderin rus Roman Abramovi\u00e7, i cili p\u00ebr shkak t\u00eb humbjeve t\u00eb m\u00ebdha mendon t\u00eb largohet nga skuadra Londineze\",\"breadcrumb\":{\"@id\":\"https:\/\/www.visit-ulcinj.com\/blog\/2008\/12\/29\/abramovic-celzi-ne-shitje\/#breadcrumb\"},\"inLanguage\":\"en-US\",\"potentialAction\":[{\"@type\":\"ReadAction\",\"target\":[\"https:\/\/www.visit-ulcinj.com\/blog\/2008\/12\/29\/abramovic-celzi-ne-shitje\/\"]}]},{\"@type\":\"BreadcrumbList\",\"@id\":\"https:\/\/www.visit-ulcinj.com\/blog\/2008\/12\/29\/abramovic-celzi-ne-shitje\/#breadcrumb\",\"itemListElement\":[{\"@type\":\"ListItem\",\"position\":1,\"name\":\"Abramovi\u00e7: \u00c7elzi n\u00eb shitje\"}]},{\"@type\":\"Person\",\"@id\":\"https:\/\/www.visit-ulcinj.com\/blog\/#\/schema\/person\/dcab619c614d3038751c63bc2aadc06d\",\"name\":\"ulqini\",\"sameAs\":[\"http:\/\/www.visit-ulcinj.com\"],\"url\":\"https:\/\/www.visit-ulcinj.com\/blog\/author\/admin\/\"}]}<\/script>\n<!-- \/ Yoast SEO plugin. -->","yoast_head_json":{"title":"Abramovi\u00e7: \u00c7elzi n\u00eb shitje - Lajme nga Ulqini","description":"Kriza e madhe bot\u00ebrore nuk ka kursyer as miliarderin rus Roman Abramovi\u00e7, i cili p\u00ebr shkak t\u00eb humbjeve t\u00eb m\u00ebdha mendon t\u00eb largohet nga skuadra Londineze","robots":{"index":"index","follow":"follow","max-snippet":"max-snippet:-1","max-image-preview":"max-image-preview:large","max-video-preview":"max-video-preview:-1"},"canonical":"https:\/\/www.visit-ulcinj.com\/blog\/2008\/12\/29\/abramovic-celzi-ne-shitje\/","og_locale":"en_US","og_type":"article","og_title":"Abramovi\u00e7: \u00c7elzi n\u00eb shitje - Lajme nga Ulqini","og_description":"Kriza e madhe bot\u00ebrore nuk ka kursyer as miliarderin rus Roman Abramovi\u00e7, i cili p\u00ebr shkak t\u00eb humbjeve t\u00eb m\u00ebdha mendon t\u00eb largohet nga skuadra Londineze","og_url":"https:\/\/www.visit-ulcinj.com\/blog\/2008\/12\/29\/abramovic-celzi-ne-shitje\/","og_site_name":"Lajme nga Ulqini","article_published_time":"2008-12-29T17:51:16+00:00","article_modified_time":"2008-12-29T19:50:30+00:00","og_image":[{"url":"http:\/\/www.visit-ulcinj.com\/blog\/wp-content\/uploads\/2008\/12\/roman-abramovic.jpg"}],"twitter_misc":{"Written by":"ulqini","Est. reading time":"1 minute"},"schema":{"@context":"https:\/\/schema.org","@graph":[{"@type":"WebSite","@id":"https:\/\/www.visit-ulcinj.com\/blog\/#website","url":"https:\/\/www.visit-ulcinj.com\/blog\/","name":"Lajme nga Ulqini","description":"Lajme,Vijesti,Ulqini,Ulqin,Crna Gora,Mali i Zi","potentialAction":[{"@type":"SearchAction","target":{"@type":"EntryPoint","urlTemplate":"https:\/\/www.visit-ulcinj.com\/blog\/?s={search_term_string}"},"query-input":"required name=search_term_string"}],"inLanguage":"en-US"},{"@type":"ImageObject","inLanguage":"en-US","@id":"https:\/\/www.visit-ulcinj.com\/blog\/2008\/12\/29\/abramovic-celzi-ne-shitje\/#primaryimage","url":"http:\/\/www.visit-ulcinj.com\/blog\/wp-content\/uploads\/2008\/12\/roman-abramovic.jpg","contentUrl":"http:\/\/www.visit-ulcinj.com\/blog\/wp-content\/uploads\/2008\/12\/roman-abramovic.jpg"},{"@type":"WebPage","@id":"https:\/\/www.visit-ulcinj.com\/blog\/2008\/12\/29\/abramovic-celzi-ne-shitje\/#webpage","url":"https:\/\/www.visit-ulcinj.com\/blog\/2008\/12\/29\/abramovic-celzi-ne-shitje\/","name":"Abramovi\u00e7: \u00c7elzi n\u00eb shitje - Lajme nga Ulqini","isPartOf":{"@id":"https:\/\/www.visit-ulcinj.com\/blog\/#website"},"primaryImageOfPage":{"@id":"https:\/\/www.visit-ulcinj.com\/blog\/2008\/12\/29\/abramovic-celzi-ne-shitje\/#primaryimage"},"datePublished":"2008-12-29T17:51:16+00:00","dateModified":"2008-12-29T19:50:30+00:00","author":{"@id":"https:\/\/www.visit-ulcinj.com\/blog\/#\/schema\/person\/dcab619c614d3038751c63bc2aadc06d"},"description":"Kriza e madhe bot\u00ebrore nuk ka kursyer as miliarderin rus Roman Abramovi\u00e7, i cili p\u00ebr shkak t\u00eb humbjeve t\u00eb m\u00ebdha mendon t\u00eb largohet nga skuadra Londineze","breadcrumb":{"@id":"https:\/\/www.visit-ulcinj.com\/blog\/2008\/12\/29\/abramovic-celzi-ne-shitje\/#breadcrumb"},"inLanguage":"en-US","potentialAction":[{"@type":"ReadAction","target":["https:\/\/www.visit-ulcinj.com\/blog\/2008\/12\/29\/abramovic-celzi-ne-shitje\/"]}]},{"@type":"BreadcrumbList","@id":"https:\/\/www.visit-ulcinj.com\/blog\/2008\/12\/29\/abramovic-celzi-ne-shitje\/#breadcrumb","itemListElement":[{"@type":"ListItem","position":1,"name":"Abramovi\u00e7: \u00c7elzi n\u00eb shitje"}]},{"@type":"Person","@id":"https:\/\/www.visit-ulcinj.com\/blog\/#\/schema\/person\/dcab619c614d3038751c63bc2aadc06d","name":"ulqini","sameAs":["http:\/\/www.visit-ulcinj.com"],"url":"https:\/\/www.visit-ulcinj.com\/blog\/author\/admin\/"}]}},"jetpack_featured_media_url":"","jetpack_sharing_enabled":true,"jetpack_shortlink":"https:\/\/wp.me\/pe6lTn-22g","_links":{"self":[{"href":"https:\/\/www.visit-ulcinj.com\/blog\/wp-json\/wp\/v2\/posts\/7828"}],"collection":[{"href":"https:\/\/www.visit-ulcinj.com\/blog\/wp-json\/wp\/v2\/posts"}],"about":[{"href":"https:\/\/www.visit-ulcinj.com\/blog\/wp-json\/wp\/v2\/types\/post"}],"author":[{"embeddable":true,"href":"https:\/\/www.visit-ulcinj.com\/blog\/wp-json\/wp\/v2\/users\/1"}],"replies":[{"embeddable":true,"href":"https:\/\/www.visit-ulcinj.com\/blog\/wp-json\/wp\/v2\/comments?post=7828"}],"version-history":[{"count":0,"href":"https:\/\/www.visit-ulcinj.com\/blog\/wp-json\/wp\/v2\/posts\/7828\/revisions"}],"wp:attachment":[{"href":"https:\/\/www.visit-ulcinj.com\/blog\/wp-json\/wp\/v2\/media?parent=7828"}],"wp:term":[{"taxonomy":"category","embeddable":true,"href":"https:\/\/www.visit-ulcinj.com\/blog\/wp-json\/wp\/v2\/categories?post=7828"},{"taxonomy":"post_tag","embeddable":true,"href":"https:\/\/www.visit-ulcinj.com\/blog\/wp-json\/wp\/v2\/tags?post=7828"}],"curies":[{"name":"wp","href":"https:\/\/api.w.org\/{rel}","templated":true}]}}