{"id":78293,"date":"2014-01-16T17:01:25","date_gmt":"2014-01-16T16:01:25","guid":{"rendered":"http:\/\/www.visit-ulcinj.com\/blog\/?p=78293"},"modified":"2014-01-17T08:17:22","modified_gmt":"2014-01-17T07:17:22","slug":"rihapet-ueb-faqja-e-organizates-turistike-te-ulqinit","status":"publish","type":"post","link":"https:\/\/www.visit-ulcinj.com\/blog\/2014\/01\/16\/rihapet-ueb-faqja-e-organizates-turistike-te-ulqinit\/","title":{"rendered":"Rihapet Ueb faqja e Organizates turistike t\u00eb Ulqinit"},"content":{"rendered":"<p><a href=\"http:\/\/www.visit-ulcinj.com\/blog\/wp-content\/uploads\/2013\/06\/organizata-turistike-e-ulqinit.png\"><img loading=\"lazy\" class=\"alignleft  wp-image-72079\" alt=\"organizata turistike e ulqinit\" src=\"http:\/\/www.visit-ulcinj.com\/blog\/wp-content\/uploads\/2013\/06\/organizata-turistike-e-ulqinit.png\" width=\"508\" height=\"360\" \/><\/a>Rihapet Faqja e internetit e Organizat\u00ebs turistike t\u00eb Ulqinit q\u00eb disa koh\u00eb ka<strong><\/strong> dal\u00eb jasht\u00eb p\u00ebrdorimit.<\/p>\n<p>Faqja e internetit qe jasht\u00eb p\u00ebrdorimit\u00a0 sepse <strong>Organizata turistike e Ulqinit\u00a0 beri transferimin e faqes ne nje web server me te fuqishem.<br \/>\n<\/strong><\/p>\n<p><strong>Njoftim nga Organizata Turistike e Ulqinit<\/strong><\/p>\n<p>&#8220;Neve po ju njoftojme qe WEb faqja nuk ka punuar per shkak te transferimit te faqes ne nje web server me te fuqishem ku ka qene e nevojshme qe te jete jashte perdorimit 24 ore te tera, dhe rregullisht do te njoftohen te gjithe te interesuarit per oferten turistike te vendit tone&#8221;.<\/p>\n<p><strong>Organizata Turistike e Ulqinit<\/strong><\/p>\n<p>\/Lajme nga Ulqini\/<\/p>\n<!--YouTube Error: bad URL entered-->\n","protected":false},"excerpt":{"rendered":"<p>Rihapet Faqja e internetit e Organizat\u00ebs turistike t\u00eb Ulqinit q\u00eb disa koh\u00eb ka dal\u00eb jasht\u00eb p\u00ebrdorimit. Faqja e internetit qe jasht\u00eb p\u00ebrdorimit\u00a0 sepse Organizata turistike e Ulqinit\u00a0 beri transferimin e faqes ne nje web server me te fuqishem. Njoftim nga Organizata Turistike e Ulqinit &#8220;Neve po ju njoftojme qe WEb faqja nuk ka punuar per [&hellip;]<\/p>\n","protected":false},"author":1,"featured_media":0,"comment_status":"closed","ping_status":"closed","sticky":false,"template":"","format":"standard","meta":{"spay_email":"","jetpack_publicize_message":"","jetpack_is_tweetstorm":false,"jetpack_publicize_feature_enabled":true},"categories":[15],"tags":[],"jetpack_publicize_connections":[],"yoast_head":"<!-- This site is optimized with the Yoast SEO plugin v19.1 - https:\/\/yoast.com\/wordpress\/plugins\/seo\/ -->\n<title>Rihapet Ueb faqja e Organizates turistike t\u00eb Ulqinit - Lajme nga Ulqini<\/title>\n<meta name=\"description\" content=\"Rihapet Faqja e internetit e Organizat\u00ebs turistike t\u00eb Ulqinit q\u00eb disa koh\u00eb ka dal\u00eb jasht\u00eb p\u00ebrdorimit. Faqja e internetit qe jasht\u00eb p\u00ebrdorimit\u00a0 sepse\" \/>\n<meta name=\"robots\" content=\"index, follow, max-snippet:-1, max-image-preview:large, max-video-preview:-1\" \/>\n<link rel=\"canonical\" href=\"https:\/\/www.visit-ulcinj.com\/blog\/2014\/01\/16\/rihapet-ueb-faqja-e-organizates-turistike-te-ulqinit\/\" \/>\n<meta property=\"og:locale\" content=\"en_US\" \/>\n<meta property=\"og:type\" content=\"article\" \/>\n<meta property=\"og:title\" content=\"Rihapet Ueb faqja e Organizates turistike t\u00eb Ulqinit - Lajme nga Ulqini\" \/>\n<meta property=\"og:description\" content=\"Rihapet Faqja e internetit e Organizat\u00ebs turistike t\u00eb Ulqinit q\u00eb disa koh\u00eb ka dal\u00eb jasht\u00eb p\u00ebrdorimit. Faqja e internetit qe jasht\u00eb p\u00ebrdorimit\u00a0 sepse\" \/>\n<meta property=\"og:url\" content=\"https:\/\/www.visit-ulcinj.com\/blog\/2014\/01\/16\/rihapet-ueb-faqja-e-organizates-turistike-te-ulqinit\/\" \/>\n<meta property=\"og:site_name\" content=\"Lajme nga Ulqini\" \/>\n<meta property=\"article:published_time\" content=\"2014-01-16T16:01:25+00:00\" \/>\n<meta property=\"article:modified_time\" content=\"2014-01-17T07:17:22+00:00\" \/>\n<meta property=\"og:image\" content=\"http:\/\/www.visit-ulcinj.com\/blog\/wp-content\/uploads\/2013\/06\/organizata-turistike-e-ulqinit.png\" \/>\n<meta name=\"twitter:label1\" content=\"Written by\" \/>\n\t<meta name=\"twitter:data1\" content=\"ulqini\" \/>\n\t<meta name=\"twitter:label2\" content=\"Est. reading time\" \/>\n\t<meta name=\"twitter:data2\" content=\"1 minute\" \/>\n<script type=\"application\/ld+json\" class=\"yoast-schema-graph\">{\"@context\":\"https:\/\/schema.org\",\"@graph\":[{\"@type\":\"WebSite\",\"@id\":\"https:\/\/www.visit-ulcinj.com\/blog\/#website\",\"url\":\"https:\/\/www.visit-ulcinj.com\/blog\/\",\"name\":\"Lajme nga Ulqini\",\"description\":\"Lajme,Vijesti,Ulqini,Ulqin,Crna Gora,Mali i Zi\",\"potentialAction\":[{\"@type\":\"SearchAction\",\"target\":{\"@type\":\"EntryPoint\",\"urlTemplate\":\"https:\/\/www.visit-ulcinj.com\/blog\/?s={search_term_string}\"},\"query-input\":\"required name=search_term_string\"}],\"inLanguage\":\"en-US\"},{\"@type\":\"ImageObject\",\"inLanguage\":\"en-US\",\"@id\":\"https:\/\/www.visit-ulcinj.com\/blog\/2014\/01\/16\/rihapet-ueb-faqja-e-organizates-turistike-te-ulqinit\/#primaryimage\",\"url\":\"https:\/\/www.visit-ulcinj.com\/blog\/wp-content\/uploads\/2013\/06\/organizata-turistike-e-ulqinit.png\",\"contentUrl\":\"https:\/\/www.visit-ulcinj.com\/blog\/wp-content\/uploads\/2013\/06\/organizata-turistike-e-ulqinit.png\",\"width\":800,\"height\":391},{\"@type\":\"WebPage\",\"@id\":\"https:\/\/www.visit-ulcinj.com\/blog\/2014\/01\/16\/rihapet-ueb-faqja-e-organizates-turistike-te-ulqinit\/#webpage\",\"url\":\"https:\/\/www.visit-ulcinj.com\/blog\/2014\/01\/16\/rihapet-ueb-faqja-e-organizates-turistike-te-ulqinit\/\",\"name\":\"Rihapet Ueb faqja e Organizates turistike t\u00eb Ulqinit - Lajme nga Ulqini\",\"isPartOf\":{\"@id\":\"https:\/\/www.visit-ulcinj.com\/blog\/#website\"},\"primaryImageOfPage\":{\"@id\":\"https:\/\/www.visit-ulcinj.com\/blog\/2014\/01\/16\/rihapet-ueb-faqja-e-organizates-turistike-te-ulqinit\/#primaryimage\"},\"datePublished\":\"2014-01-16T16:01:25+00:00\",\"dateModified\":\"2014-01-17T07:17:22+00:00\",\"author\":{\"@id\":\"https:\/\/www.visit-ulcinj.com\/blog\/#\/schema\/person\/dcab619c614d3038751c63bc2aadc06d\"},\"description\":\"Rihapet Faqja e internetit e Organizat\u00ebs turistike t\u00eb Ulqinit q\u00eb disa koh\u00eb ka dal\u00eb jasht\u00eb p\u00ebrdorimit. Faqja e internetit qe jasht\u00eb p\u00ebrdorimit\u00a0 sepse\",\"breadcrumb\":{\"@id\":\"https:\/\/www.visit-ulcinj.com\/blog\/2014\/01\/16\/rihapet-ueb-faqja-e-organizates-turistike-te-ulqinit\/#breadcrumb\"},\"inLanguage\":\"en-US\",\"potentialAction\":[{\"@type\":\"ReadAction\",\"target\":[\"https:\/\/www.visit-ulcinj.com\/blog\/2014\/01\/16\/rihapet-ueb-faqja-e-organizates-turistike-te-ulqinit\/\"]}]},{\"@type\":\"BreadcrumbList\",\"@id\":\"https:\/\/www.visit-ulcinj.com\/blog\/2014\/01\/16\/rihapet-ueb-faqja-e-organizates-turistike-te-ulqinit\/#breadcrumb\",\"itemListElement\":[{\"@type\":\"ListItem\",\"position\":1,\"name\":\"Rihapet Ueb faqja e Organizates turistike t\u00eb Ulqinit\"}]},{\"@type\":\"Person\",\"@id\":\"https:\/\/www.visit-ulcinj.com\/blog\/#\/schema\/person\/dcab619c614d3038751c63bc2aadc06d\",\"name\":\"ulqini\",\"sameAs\":[\"http:\/\/www.visit-ulcinj.com\"],\"url\":\"https:\/\/www.visit-ulcinj.com\/blog\/author\/admin\/\"}]}<\/script>\n<!-- \/ Yoast SEO plugin. -->","yoast_head_json":{"title":"Rihapet Ueb faqja e Organizates turistike t\u00eb Ulqinit - Lajme nga Ulqini","description":"Rihapet Faqja e internetit e Organizat\u00ebs turistike t\u00eb Ulqinit q\u00eb disa koh\u00eb ka dal\u00eb jasht\u00eb p\u00ebrdorimit. Faqja e internetit qe jasht\u00eb p\u00ebrdorimit\u00a0 sepse","robots":{"index":"index","follow":"follow","max-snippet":"max-snippet:-1","max-image-preview":"max-image-preview:large","max-video-preview":"max-video-preview:-1"},"canonical":"https:\/\/www.visit-ulcinj.com\/blog\/2014\/01\/16\/rihapet-ueb-faqja-e-organizates-turistike-te-ulqinit\/","og_locale":"en_US","og_type":"article","og_title":"Rihapet Ueb faqja e Organizates turistike t\u00eb Ulqinit - Lajme nga Ulqini","og_description":"Rihapet Faqja e internetit e Organizat\u00ebs turistike t\u00eb Ulqinit q\u00eb disa koh\u00eb ka dal\u00eb jasht\u00eb p\u00ebrdorimit. Faqja e internetit qe jasht\u00eb p\u00ebrdorimit\u00a0 sepse","og_url":"https:\/\/www.visit-ulcinj.com\/blog\/2014\/01\/16\/rihapet-ueb-faqja-e-organizates-turistike-te-ulqinit\/","og_site_name":"Lajme nga Ulqini","article_published_time":"2014-01-16T16:01:25+00:00","article_modified_time":"2014-01-17T07:17:22+00:00","og_image":[{"url":"http:\/\/www.visit-ulcinj.com\/blog\/wp-content\/uploads\/2013\/06\/organizata-turistike-e-ulqinit.png"}],"twitter_misc":{"Written by":"ulqini","Est. reading time":"1 minute"},"schema":{"@context":"https:\/\/schema.org","@graph":[{"@type":"WebSite","@id":"https:\/\/www.visit-ulcinj.com\/blog\/#website","url":"https:\/\/www.visit-ulcinj.com\/blog\/","name":"Lajme nga Ulqini","description":"Lajme,Vijesti,Ulqini,Ulqin,Crna Gora,Mali i Zi","potentialAction":[{"@type":"SearchAction","target":{"@type":"EntryPoint","urlTemplate":"https:\/\/www.visit-ulcinj.com\/blog\/?s={search_term_string}"},"query-input":"required name=search_term_string"}],"inLanguage":"en-US"},{"@type":"ImageObject","inLanguage":"en-US","@id":"https:\/\/www.visit-ulcinj.com\/blog\/2014\/01\/16\/rihapet-ueb-faqja-e-organizates-turistike-te-ulqinit\/#primaryimage","url":"https:\/\/www.visit-ulcinj.com\/blog\/wp-content\/uploads\/2013\/06\/organizata-turistike-e-ulqinit.png","contentUrl":"https:\/\/www.visit-ulcinj.com\/blog\/wp-content\/uploads\/2013\/06\/organizata-turistike-e-ulqinit.png","width":800,"height":391},{"@type":"WebPage","@id":"https:\/\/www.visit-ulcinj.com\/blog\/2014\/01\/16\/rihapet-ueb-faqja-e-organizates-turistike-te-ulqinit\/#webpage","url":"https:\/\/www.visit-ulcinj.com\/blog\/2014\/01\/16\/rihapet-ueb-faqja-e-organizates-turistike-te-ulqinit\/","name":"Rihapet Ueb faqja e Organizates turistike t\u00eb Ulqinit - Lajme nga Ulqini","isPartOf":{"@id":"https:\/\/www.visit-ulcinj.com\/blog\/#website"},"primaryImageOfPage":{"@id":"https:\/\/www.visit-ulcinj.com\/blog\/2014\/01\/16\/rihapet-ueb-faqja-e-organizates-turistike-te-ulqinit\/#primaryimage"},"datePublished":"2014-01-16T16:01:25+00:00","dateModified":"2014-01-17T07:17:22+00:00","author":{"@id":"https:\/\/www.visit-ulcinj.com\/blog\/#\/schema\/person\/dcab619c614d3038751c63bc2aadc06d"},"description":"Rihapet Faqja e internetit e Organizat\u00ebs turistike t\u00eb Ulqinit q\u00eb disa koh\u00eb ka dal\u00eb jasht\u00eb p\u00ebrdorimit. Faqja e internetit qe jasht\u00eb p\u00ebrdorimit\u00a0 sepse","breadcrumb":{"@id":"https:\/\/www.visit-ulcinj.com\/blog\/2014\/01\/16\/rihapet-ueb-faqja-e-organizates-turistike-te-ulqinit\/#breadcrumb"},"inLanguage":"en-US","potentialAction":[{"@type":"ReadAction","target":["https:\/\/www.visit-ulcinj.com\/blog\/2014\/01\/16\/rihapet-ueb-faqja-e-organizates-turistike-te-ulqinit\/"]}]},{"@type":"BreadcrumbList","@id":"https:\/\/www.visit-ulcinj.com\/blog\/2014\/01\/16\/rihapet-ueb-faqja-e-organizates-turistike-te-ulqinit\/#breadcrumb","itemListElement":[{"@type":"ListItem","position":1,"name":"Rihapet Ueb faqja e Organizates turistike t\u00eb Ulqinit"}]},{"@type":"Person","@id":"https:\/\/www.visit-ulcinj.com\/blog\/#\/schema\/person\/dcab619c614d3038751c63bc2aadc06d","name":"ulqini","sameAs":["http:\/\/www.visit-ulcinj.com"],"url":"https:\/\/www.visit-ulcinj.com\/blog\/author\/admin\/"}]}},"jetpack_featured_media_url":"","jetpack_sharing_enabled":true,"jetpack_shortlink":"https:\/\/wp.me\/pe6lTn-kmN","_links":{"self":[{"href":"https:\/\/www.visit-ulcinj.com\/blog\/wp-json\/wp\/v2\/posts\/78293"}],"collection":[{"href":"https:\/\/www.visit-ulcinj.com\/blog\/wp-json\/wp\/v2\/posts"}],"about":[{"href":"https:\/\/www.visit-ulcinj.com\/blog\/wp-json\/wp\/v2\/types\/post"}],"author":[{"embeddable":true,"href":"https:\/\/www.visit-ulcinj.com\/blog\/wp-json\/wp\/v2\/users\/1"}],"replies":[{"embeddable":true,"href":"https:\/\/www.visit-ulcinj.com\/blog\/wp-json\/wp\/v2\/comments?post=78293"}],"version-history":[{"count":8,"href":"https:\/\/www.visit-ulcinj.com\/blog\/wp-json\/wp\/v2\/posts\/78293\/revisions"}],"predecessor-version":[{"id":78323,"href":"https:\/\/www.visit-ulcinj.com\/blog\/wp-json\/wp\/v2\/posts\/78293\/revisions\/78323"}],"wp:attachment":[{"href":"https:\/\/www.visit-ulcinj.com\/blog\/wp-json\/wp\/v2\/media?parent=78293"}],"wp:term":[{"taxonomy":"category","embeddable":true,"href":"https:\/\/www.visit-ulcinj.com\/blog\/wp-json\/wp\/v2\/categories?post=78293"},{"taxonomy":"post_tag","embeddable":true,"href":"https:\/\/www.visit-ulcinj.com\/blog\/wp-json\/wp\/v2\/tags?post=78293"}],"curies":[{"name":"wp","href":"https:\/\/api.w.org\/{rel}","templated":true}]}}