{"id":78299,"date":"2014-01-16T17:22:04","date_gmt":"2014-01-16T16:22:04","guid":{"rendered":"http:\/\/www.visit-ulcinj.com\/blog\/?p=78299"},"modified":"2014-01-18T08:06:52","modified_gmt":"2014-01-18T07:06:52","slug":"omer-barjaktari-doveli-su-nas-na-prosjacki-stap","status":"publish","type":"post","link":"https:\/\/www.visit-ulcinj.com\/blog\/2014\/01\/16\/omer-barjaktari-doveli-su-nas-na-prosjacki-stap\/","title":{"rendered":"Omer Barjaktari: Doveli su nas na prosja\u010dki \u0161tap"},"content":{"rendered":"<div id=\"article_text\">\n<p><a href=\"http:\/\/www.visit-ulcinj.com\/blog\/wp-content\/uploads\/2014\/01\/omer-bajraktari-dritan-abazovic.jpg\"><img loading=\"lazy\" class=\"alignleft  wp-image-78300\" alt=\"omer-bajraktari-dritan-abazovic\" src=\"http:\/\/www.visit-ulcinj.com\/blog\/wp-content\/uploads\/2014\/01\/omer-bajraktari-dritan-abazovic.jpg\" width=\"508\" height=\"360\" \/><\/a>Ekonomski razvoj Op\u0161tine Ulcinj mora biti usmjeren na sopstvene resurse i u interesu lokalnog stanovni\u0161tva, koji bi trebalo da se zasniva na sprje\u010davanju odliva novca i privla\u010denju stranih investicija, ocijenjeno je iz Pozitivne Crne Gore.<\/p>\n<p>Potpredsjednik Op\u0161tinskog odbora Pozitivne Ulcinj, Omer Bajraktari smatra da je postoje\u0107a vladaju\u0107a klasa u Ulcinju kao i sve prethodne dovela grad sa najve\u0107im potencijalom u ovom dijelu Evrope na prosja\u010dki \u0161tap.<\/p>\n<p>\u201cEkonomsko uru\u0161avanje grada posljednjih \u010detvrt vijeka je o\u010digledno i mi, kao gra\u0111ani koji vole svoj grad i odgovorni ljudi, moramo stati tome na put\u201d, naveo je Bajraktari u saop\u0161tenju.<\/p>\n<p>Obnova ekonomije i razvoj se, kako je objasnio, mora fokusirati na lak\u0161a, jeftinija i manje riskantna sredstva, zasnovana na sprije\u010davanju odliva sredstava, podr\u0161ci postoje\u0107ih zdravih biznisa i osnivanju novih preduze\u0107a, kao i privla\u010denju stranih investicija.<\/p>\n<p><a href=\"http:\/\/www.visit-ulcinj.com\/blog\/wp-content\/uploads\/2014\/01\/Omer-Barjaktari-Pozitivna-Ulcinj.jpg\"><img loading=\"lazy\" class=\"alignleft  wp-image-78376\" alt=\"Omer-Barjaktari-Pozitivna-Ulcinj\" src=\"http:\/\/www.visit-ulcinj.com\/blog\/wp-content\/uploads\/2014\/01\/Omer-Barjaktari-Pozitivna-Ulcinj.jpg\" width=\"508\" height=\"360\" \/><\/a><\/p>\n<p>\u201cTom pristupu mo\u017eda nedostaju megalomanske predstave u vidu presjecanja vrpci kao kampanje za privla\u010denje biznisa. Niko nam ne\u0107e pomo\u0107i ako mi to sami ne uradimo, zato ovaj pristup Pozitivne podsti\u010de duh zajedni\u0161tva oslanjaju\u0107i se na sopstvene resurse i mogu\u0107nosti\u201d, ocijenio je Bajraktari.<\/p>\n<p>Takav pristup \u0107e, kako je dodao, dovesti do rje\u0161avanja problema na lokalnom nivou umjesto \u010dekanja da spas do\u0111e sa strane \u0161to je bio slu\u010daj posljednjih 20 godina.<\/p>\n<p>\u201cBiv\u0161e i sada\u0161nje vladaju\u0107e klase do sada nijesu imale nikakav koncept razvoja ekonomije grada. Biznis zone su se progla\u0161avale bez ikakve analize, a i jedina smo Op\u0161tina koja nema strate\u0161ki plan\u201d, podsjetio je Bajraktari.<\/p>\n<p>Prema njegovim rije\u010dima, politika lokalnih poreza i taksi je bila promjenljiva \u0161to je lo\u0161 signal za strane investitore, ali i ote\u017eava poslovanje i doma\u0107im privrednicima.<\/p>\n<p>\u201cZato je va\u017ena podr\u0161ka na\u0161em ekonomskom programu koji bi u vrlo kratkom periodu dao rezultate. Kreirao bi se noviji i druga\u010diji poslovni ambijent, jer \u0107e se oja\u010dati osje\u0107aj sigurnosti kod investitora i privrednika \u0161to je jako va\u017ean indikator svake ekonomije\u201d, zaklju\u010dio je Bajraktari.<\/p>\n<p><strong>Mina<\/strong><\/p>\n<p><strong>Vijesti Online<\/strong><\/p>\n<\/div>\n","protected":false},"excerpt":{"rendered":"<p>Ekonomski razvoj Op\u0161tine Ulcinj mora biti usmjeren na sopstvene resurse i u interesu lokalnog stanovni\u0161tva, koji bi trebalo da se zasniva na sprje\u010davanju odliva novca i privla\u010denju stranih investicija, ocijenjeno je iz Pozitivne Crne Gore. Potpredsjednik Op\u0161tinskog odbora Pozitivne Ulcinj, Omer Bajraktari smatra da je postoje\u0107a vladaju\u0107a klasa u Ulcinju kao i sve prethodne dovela [&hellip;]<\/p>\n","protected":false},"author":1,"featured_media":0,"comment_status":"closed","ping_status":"closed","sticky":false,"template":"","format":"standard","meta":{"spay_email":"","jetpack_publicize_message":"","jetpack_is_tweetstorm":false,"jetpack_publicize_feature_enabled":true},"categories":[6950],"tags":[],"jetpack_publicize_connections":[],"yoast_head":"<!-- This site is optimized with the Yoast SEO plugin v19.1 - https:\/\/yoast.com\/wordpress\/plugins\/seo\/ -->\n<title>Omer Barjaktari: Doveli su nas na prosja\u010dki \u0161tap - Lajme nga Ulqini<\/title>\n<meta name=\"description\" content=\"Ekonomski razvoj Op\u0161tine Ulcinj mora biti usmjeren na sopstvene resurse i u interesu lokalnog stanovni\u0161tva, koji bi trebalo da se zasniva na sprje\u010davanju\" \/>\n<meta name=\"robots\" content=\"index, follow, max-snippet:-1, max-image-preview:large, max-video-preview:-1\" \/>\n<link rel=\"canonical\" href=\"https:\/\/www.visit-ulcinj.com\/blog\/2014\/01\/16\/omer-barjaktari-doveli-su-nas-na-prosjacki-stap\/\" \/>\n<meta property=\"og:locale\" content=\"en_US\" \/>\n<meta property=\"og:type\" content=\"article\" \/>\n<meta property=\"og:title\" content=\"Omer Barjaktari: Doveli su nas na prosja\u010dki \u0161tap - Lajme nga Ulqini\" \/>\n<meta property=\"og:description\" content=\"Ekonomski razvoj Op\u0161tine Ulcinj mora biti usmjeren na sopstvene resurse i u interesu lokalnog stanovni\u0161tva, koji bi trebalo da se zasniva na sprje\u010davanju\" \/>\n<meta property=\"og:url\" content=\"https:\/\/www.visit-ulcinj.com\/blog\/2014\/01\/16\/omer-barjaktari-doveli-su-nas-na-prosjacki-stap\/\" \/>\n<meta property=\"og:site_name\" content=\"Lajme nga Ulqini\" \/>\n<meta property=\"article:published_time\" content=\"2014-01-16T16:22:04+00:00\" \/>\n<meta property=\"article:modified_time\" content=\"2014-01-18T07:06:52+00:00\" \/>\n<meta property=\"og:image\" content=\"http:\/\/www.visit-ulcinj.com\/blog\/wp-content\/uploads\/2014\/01\/omer-bajraktari-dritan-abazovic.jpg\" \/>\n<meta name=\"twitter:label1\" content=\"Written by\" \/>\n\t<meta name=\"twitter:data1\" content=\"ulqini\" \/>\n\t<meta name=\"twitter:label2\" content=\"Est. reading time\" \/>\n\t<meta name=\"twitter:data2\" content=\"2 minutes\" \/>\n<script type=\"application\/ld+json\" class=\"yoast-schema-graph\">{\"@context\":\"https:\/\/schema.org\",\"@graph\":[{\"@type\":\"WebSite\",\"@id\":\"https:\/\/www.visit-ulcinj.com\/blog\/#website\",\"url\":\"https:\/\/www.visit-ulcinj.com\/blog\/\",\"name\":\"Lajme nga Ulqini\",\"description\":\"Lajme,Vijesti,Ulqini,Ulqin,Crna Gora,Mali i Zi\",\"potentialAction\":[{\"@type\":\"SearchAction\",\"target\":{\"@type\":\"EntryPoint\",\"urlTemplate\":\"https:\/\/www.visit-ulcinj.com\/blog\/?s={search_term_string}\"},\"query-input\":\"required name=search_term_string\"}],\"inLanguage\":\"en-US\"},{\"@type\":\"ImageObject\",\"inLanguage\":\"en-US\",\"@id\":\"https:\/\/www.visit-ulcinj.com\/blog\/2014\/01\/16\/omer-barjaktari-doveli-su-nas-na-prosjacki-stap\/#primaryimage\",\"url\":\"https:\/\/www.visit-ulcinj.com\/blog\/wp-content\/uploads\/2014\/01\/omer-bajraktari-dritan-abazovic.jpg\",\"contentUrl\":\"https:\/\/www.visit-ulcinj.com\/blog\/wp-content\/uploads\/2014\/01\/omer-bajraktari-dritan-abazovic.jpg\",\"width\":508,\"height\":471},{\"@type\":\"WebPage\",\"@id\":\"https:\/\/www.visit-ulcinj.com\/blog\/2014\/01\/16\/omer-barjaktari-doveli-su-nas-na-prosjacki-stap\/#webpage\",\"url\":\"https:\/\/www.visit-ulcinj.com\/blog\/2014\/01\/16\/omer-barjaktari-doveli-su-nas-na-prosjacki-stap\/\",\"name\":\"Omer Barjaktari: Doveli su nas na prosja\u010dki \u0161tap - Lajme nga Ulqini\",\"isPartOf\":{\"@id\":\"https:\/\/www.visit-ulcinj.com\/blog\/#website\"},\"primaryImageOfPage\":{\"@id\":\"https:\/\/www.visit-ulcinj.com\/blog\/2014\/01\/16\/omer-barjaktari-doveli-su-nas-na-prosjacki-stap\/#primaryimage\"},\"datePublished\":\"2014-01-16T16:22:04+00:00\",\"dateModified\":\"2014-01-18T07:06:52+00:00\",\"author\":{\"@id\":\"https:\/\/www.visit-ulcinj.com\/blog\/#\/schema\/person\/dcab619c614d3038751c63bc2aadc06d\"},\"description\":\"Ekonomski razvoj Op\u0161tine Ulcinj mora biti usmjeren na sopstvene resurse i u interesu lokalnog stanovni\u0161tva, koji bi trebalo da se zasniva na sprje\u010davanju\",\"breadcrumb\":{\"@id\":\"https:\/\/www.visit-ulcinj.com\/blog\/2014\/01\/16\/omer-barjaktari-doveli-su-nas-na-prosjacki-stap\/#breadcrumb\"},\"inLanguage\":\"en-US\",\"potentialAction\":[{\"@type\":\"ReadAction\",\"target\":[\"https:\/\/www.visit-ulcinj.com\/blog\/2014\/01\/16\/omer-barjaktari-doveli-su-nas-na-prosjacki-stap\/\"]}]},{\"@type\":\"BreadcrumbList\",\"@id\":\"https:\/\/www.visit-ulcinj.com\/blog\/2014\/01\/16\/omer-barjaktari-doveli-su-nas-na-prosjacki-stap\/#breadcrumb\",\"itemListElement\":[{\"@type\":\"ListItem\",\"position\":1,\"name\":\"Omer Barjaktari: Doveli su nas na prosja\u010dki \u0161tap\"}]},{\"@type\":\"Person\",\"@id\":\"https:\/\/www.visit-ulcinj.com\/blog\/#\/schema\/person\/dcab619c614d3038751c63bc2aadc06d\",\"name\":\"ulqini\",\"sameAs\":[\"http:\/\/www.visit-ulcinj.com\"],\"url\":\"https:\/\/www.visit-ulcinj.com\/blog\/author\/admin\/\"}]}<\/script>\n<!-- \/ Yoast SEO plugin. -->","yoast_head_json":{"title":"Omer Barjaktari: Doveli su nas na prosja\u010dki \u0161tap - Lajme nga Ulqini","description":"Ekonomski razvoj Op\u0161tine Ulcinj mora biti usmjeren na sopstvene resurse i u interesu lokalnog stanovni\u0161tva, koji bi trebalo da se zasniva na sprje\u010davanju","robots":{"index":"index","follow":"follow","max-snippet":"max-snippet:-1","max-image-preview":"max-image-preview:large","max-video-preview":"max-video-preview:-1"},"canonical":"https:\/\/www.visit-ulcinj.com\/blog\/2014\/01\/16\/omer-barjaktari-doveli-su-nas-na-prosjacki-stap\/","og_locale":"en_US","og_type":"article","og_title":"Omer Barjaktari: Doveli su nas na prosja\u010dki \u0161tap - Lajme nga Ulqini","og_description":"Ekonomski razvoj Op\u0161tine Ulcinj mora biti usmjeren na sopstvene resurse i u interesu lokalnog stanovni\u0161tva, koji bi trebalo da se zasniva na sprje\u010davanju","og_url":"https:\/\/www.visit-ulcinj.com\/blog\/2014\/01\/16\/omer-barjaktari-doveli-su-nas-na-prosjacki-stap\/","og_site_name":"Lajme nga Ulqini","article_published_time":"2014-01-16T16:22:04+00:00","article_modified_time":"2014-01-18T07:06:52+00:00","og_image":[{"url":"http:\/\/www.visit-ulcinj.com\/blog\/wp-content\/uploads\/2014\/01\/omer-bajraktari-dritan-abazovic.jpg"}],"twitter_misc":{"Written by":"ulqini","Est. reading time":"2 minutes"},"schema":{"@context":"https:\/\/schema.org","@graph":[{"@type":"WebSite","@id":"https:\/\/www.visit-ulcinj.com\/blog\/#website","url":"https:\/\/www.visit-ulcinj.com\/blog\/","name":"Lajme nga Ulqini","description":"Lajme,Vijesti,Ulqini,Ulqin,Crna Gora,Mali i Zi","potentialAction":[{"@type":"SearchAction","target":{"@type":"EntryPoint","urlTemplate":"https:\/\/www.visit-ulcinj.com\/blog\/?s={search_term_string}"},"query-input":"required name=search_term_string"}],"inLanguage":"en-US"},{"@type":"ImageObject","inLanguage":"en-US","@id":"https:\/\/www.visit-ulcinj.com\/blog\/2014\/01\/16\/omer-barjaktari-doveli-su-nas-na-prosjacki-stap\/#primaryimage","url":"https:\/\/www.visit-ulcinj.com\/blog\/wp-content\/uploads\/2014\/01\/omer-bajraktari-dritan-abazovic.jpg","contentUrl":"https:\/\/www.visit-ulcinj.com\/blog\/wp-content\/uploads\/2014\/01\/omer-bajraktari-dritan-abazovic.jpg","width":508,"height":471},{"@type":"WebPage","@id":"https:\/\/www.visit-ulcinj.com\/blog\/2014\/01\/16\/omer-barjaktari-doveli-su-nas-na-prosjacki-stap\/#webpage","url":"https:\/\/www.visit-ulcinj.com\/blog\/2014\/01\/16\/omer-barjaktari-doveli-su-nas-na-prosjacki-stap\/","name":"Omer Barjaktari: Doveli su nas na prosja\u010dki \u0161tap - Lajme nga Ulqini","isPartOf":{"@id":"https:\/\/www.visit-ulcinj.com\/blog\/#website"},"primaryImageOfPage":{"@id":"https:\/\/www.visit-ulcinj.com\/blog\/2014\/01\/16\/omer-barjaktari-doveli-su-nas-na-prosjacki-stap\/#primaryimage"},"datePublished":"2014-01-16T16:22:04+00:00","dateModified":"2014-01-18T07:06:52+00:00","author":{"@id":"https:\/\/www.visit-ulcinj.com\/blog\/#\/schema\/person\/dcab619c614d3038751c63bc2aadc06d"},"description":"Ekonomski razvoj Op\u0161tine Ulcinj mora biti usmjeren na sopstvene resurse i u interesu lokalnog stanovni\u0161tva, koji bi trebalo da se zasniva na sprje\u010davanju","breadcrumb":{"@id":"https:\/\/www.visit-ulcinj.com\/blog\/2014\/01\/16\/omer-barjaktari-doveli-su-nas-na-prosjacki-stap\/#breadcrumb"},"inLanguage":"en-US","potentialAction":[{"@type":"ReadAction","target":["https:\/\/www.visit-ulcinj.com\/blog\/2014\/01\/16\/omer-barjaktari-doveli-su-nas-na-prosjacki-stap\/"]}]},{"@type":"BreadcrumbList","@id":"https:\/\/www.visit-ulcinj.com\/blog\/2014\/01\/16\/omer-barjaktari-doveli-su-nas-na-prosjacki-stap\/#breadcrumb","itemListElement":[{"@type":"ListItem","position":1,"name":"Omer Barjaktari: Doveli su nas na prosja\u010dki \u0161tap"}]},{"@type":"Person","@id":"https:\/\/www.visit-ulcinj.com\/blog\/#\/schema\/person\/dcab619c614d3038751c63bc2aadc06d","name":"ulqini","sameAs":["http:\/\/www.visit-ulcinj.com"],"url":"https:\/\/www.visit-ulcinj.com\/blog\/author\/admin\/"}]}},"jetpack_featured_media_url":"","jetpack_sharing_enabled":true,"jetpack_shortlink":"https:\/\/wp.me\/pe6lTn-kmT","_links":{"self":[{"href":"https:\/\/www.visit-ulcinj.com\/blog\/wp-json\/wp\/v2\/posts\/78299"}],"collection":[{"href":"https:\/\/www.visit-ulcinj.com\/blog\/wp-json\/wp\/v2\/posts"}],"about":[{"href":"https:\/\/www.visit-ulcinj.com\/blog\/wp-json\/wp\/v2\/types\/post"}],"author":[{"embeddable":true,"href":"https:\/\/www.visit-ulcinj.com\/blog\/wp-json\/wp\/v2\/users\/1"}],"replies":[{"embeddable":true,"href":"https:\/\/www.visit-ulcinj.com\/blog\/wp-json\/wp\/v2\/comments?post=78299"}],"version-history":[{"count":2,"href":"https:\/\/www.visit-ulcinj.com\/blog\/wp-json\/wp\/v2\/posts\/78299\/revisions"}],"predecessor-version":[{"id":78377,"href":"https:\/\/www.visit-ulcinj.com\/blog\/wp-json\/wp\/v2\/posts\/78299\/revisions\/78377"}],"wp:attachment":[{"href":"https:\/\/www.visit-ulcinj.com\/blog\/wp-json\/wp\/v2\/media?parent=78299"}],"wp:term":[{"taxonomy":"category","embeddable":true,"href":"https:\/\/www.visit-ulcinj.com\/blog\/wp-json\/wp\/v2\/categories?post=78299"},{"taxonomy":"post_tag","embeddable":true,"href":"https:\/\/www.visit-ulcinj.com\/blog\/wp-json\/wp\/v2\/tags?post=78299"}],"curies":[{"name":"wp","href":"https:\/\/api.w.org\/{rel}","templated":true}]}}