{"id":78308,"date":"2014-01-16T17:57:27","date_gmt":"2014-01-16T16:57:27","guid":{"rendered":"http:\/\/www.visit-ulcinj.com\/blog\/?p=78308"},"modified":"2014-01-16T17:57:27","modified_gmt":"2014-01-16T16:57:27","slug":"darko-pajovic-ulcinjem-se-vise-nece-upravljati-iz-podgorice","status":"publish","type":"post","link":"https:\/\/www.visit-ulcinj.com\/blog\/2014\/01\/16\/darko-pajovic-ulcinjem-se-vise-nece-upravljati-iz-podgorice\/","title":{"rendered":"Darko Pajovi\u0107: Ulcinjem se vi\u0161e ne\u0107e upravljati iz Podgorice"},"content":{"rendered":"<p><a href=\"http:\/\/www.visit-ulcinj.com\/blog\/wp-content\/uploads\/2014\/01\/pajovic_abazovic-Ulcinj.jpg\"><img loading=\"lazy\" class=\"alignleft  wp-image-78259\" alt=\"pajovic_abazovic-Ulcinj\" src=\"http:\/\/www.visit-ulcinj.com\/blog\/wp-content\/uploads\/2014\/01\/pajovic_abazovic-Ulcinj.jpg\" width=\"508\" height=\"360\" \/><\/a>Predsjednik Pozitivne Darko Pajovi\u0107 kazao je da \u0107e se njegova partija nakon izbora u Ulcinju, zalagati za decentralizaciju vlasti posebno kada su u pitanju resursi kojima gazduje JP za upravljanje morskim dobrom.<\/p>\n<p>On je poru\u010dio da Ulcinj prije svega pripada Ulcinjanima i da se tim gradom vi\u0161e ne smije upravljati iz Podgorice &#8220;kao \u0161to je bio slu\u010daj do sada&#8221;.<\/p>\n<p>&#8220;Nije fer ni po\u0161teno da je granica morskog dobra u Kotoru 30 metara, u Budvi oko 50 a u Ulcinju 565 metara. To preduze\u0107e ve\u0107 godinama i decenijama isisava novac od gra\u0111ana Ulcinja. To je prva stvar koja \u0107e biti u na\u0161em fokusu nakon \u0161to ostavrimo dobar izborni rezultat&#8221;, kazao je Pajovi\u0107 na konferenciji za novinare nakon sastanka sa predsjednikom OO Pozitivne Dritanom Abazovi\u0107em.<\/p>\n<p>Pajovi\u0107 je ocijenio da je na sceni diskriminatorsk odnos dr\u017eave prema Ulcinju o \u010demu svjedo\u010di solana.<\/p>\n<p>&#8220;Kada se proda Maljevik, pare idu u barsku kasu, od Zavale u budvansku a od Trstenog u kotorski bud\u017eet. Kada se proda Solana, novac ne\u0107e pripasti Ulcinjanima nego nekom drugom. To mora da se mijenja i zato smo odlu\u010dni da istrajemo na decentralizaciji vlasti&#8221;, poru\u010dio je Pajovi\u0107.<\/p>\n<p>Odgovaraju\u0107i na pitanje kakav je stav Pozitivne kada je u pitanju Kosovo, Pajovi\u0107 je rekao &#8220;da je Kosovo za Pozitivnu zavr\u0161ena stvar&#8221;.<\/p>\n<p>&#8220;Mi smo jo\u0161 u prvom medijskom nastupu u maju 2012. kazali da je za nas pitanje dr\u017eavnosti Kosova zavr\u0161eno i da mo\u017eemo da radimo samo na unapre\u0111enju odnosa. Kosovo je realnost i uvjeren sam da je njegova dr\u017eavotvornost doprinijela stabilizaciji prilika u cijelom regionu&#8221;, ocijenio je Pajovi\u0107.<\/p>\n<p>On je naveo da je Pozitivna \u017ertvovala svoje politi\u010dke interese zarad politi\u010dkih principa. On je istakao da je upoznat sa podmetanjima polit\u010dkih konkurenata kada je u pitanju Kosovo.<\/p>\n<p>&#8220;To su one iste partije koje su u Podgorici u koaliciji sa onima koji ne priznaju Kosovo, \u010dak ni Crnu Goru, uporno se zala\u017eu za dr\u017eavnu zajednicu Srbije i Crne Gore i uz sve to, \u017eestoki protivnici NATO- a. Neka prvo pogledaju u svoje dvori\u0161te&#8221;, kazao je Pajovi\u0107.<\/p>\n<p>Komentari\u0161u\u0107i verbalni sukob premijera Mila \u0110ukanovi\u0107a i Abazovi\u0107a kada je \u0161ef DPS mladog poslanika nazvao bitangom, Pajovi\u0107 je rekao da je Pozitivna okrenuta budu\u0107nosti.<\/p>\n<p>&#8220;Naravno da stojimo iza Dritana ali kao \u0161to je i on sam rekao, za nas je to zavr\u0161ena stvar. Jako bih bio sre\u0107an kad bi neki drugi koji podr\u017eavaju rije\u010di koje nijesu primjerene \u010dak ni ku\u0107i ili na ulici a kamoli u domu koji se zove parlament, vodili vi\u0161e ra\u010duna kada su u pitanju izabrani predstavnici gra\u0111ana&#8221;, kazao je Pajovi\u0107.<\/p>\n<p>On je ponovio da je Ulcinj op\u0161tina sa ubjedljivo najve\u0107im resursima u Crnoj Gori.<\/p>\n<p>&#8220;Vi ste, recimo, jedno od rijetkih mjesta ne u Crnoj Gori nego i u Evropi, koje mo\u017ee da zara\u0111uje novac od posmatranja ptica. U pitanju je nesposobnost ili nehtjenje svih vlasti do sada da shvate da je do\u0161lo novo vrijeme i da nije sve u izgradnji i prodaji apartmana&#8221;, kazao je Pajovi\u0107.<\/p>\n<p><strong>Samir Adrovi\u0107<\/strong><\/p>\n<p><strong>Izvor: <a href=\"http:\/\/www.vijesti.me\/\">Vijesti online<\/a><\/strong><\/p>\n","protected":false},"excerpt":{"rendered":"<p>Predsjednik Pozitivne Darko Pajovi\u0107 kazao je da \u0107e se njegova partija nakon izbora u Ulcinju, zalagati za decentralizaciju vlasti posebno kada su u pitanju resursi kojima gazduje JP za upravljanje morskim dobrom. On je poru\u010dio da Ulcinj prije svega pripada Ulcinjanima i da se tim gradom vi\u0161e ne smije upravljati iz Podgorice &#8220;kao \u0161to je [&hellip;]<\/p>\n","protected":false},"author":1,"featured_media":0,"comment_status":"closed","ping_status":"closed","sticky":false,"template":"","format":"standard","meta":{"spay_email":"","jetpack_publicize_message":"","jetpack_is_tweetstorm":false,"jetpack_publicize_feature_enabled":true},"categories":[6950],"tags":[],"jetpack_publicize_connections":[],"yoast_head":"<!-- This site is optimized with the Yoast SEO plugin v19.1 - https:\/\/yoast.com\/wordpress\/plugins\/seo\/ -->\n<title>Darko Pajovi\u0107: Ulcinjem se vi\u0161e ne\u0107e upravljati iz Podgorice - Lajme nga Ulqini<\/title>\n<meta name=\"description\" content=\"Predsjednik Pozitivne Darko Pajovi\u0107 kazao je da \u0107e se njegova partija nakon izbora u Ulcinju, zalagati za decentralizaciju vlasti posebno kada su u\" \/>\n<meta name=\"robots\" content=\"index, follow, max-snippet:-1, max-image-preview:large, max-video-preview:-1\" \/>\n<link rel=\"canonical\" href=\"https:\/\/www.visit-ulcinj.com\/blog\/2014\/01\/16\/darko-pajovic-ulcinjem-se-vise-nece-upravljati-iz-podgorice\/\" \/>\n<meta property=\"og:locale\" content=\"en_US\" \/>\n<meta property=\"og:type\" content=\"article\" \/>\n<meta property=\"og:title\" content=\"Darko Pajovi\u0107: Ulcinjem se vi\u0161e ne\u0107e upravljati iz Podgorice - Lajme nga Ulqini\" \/>\n<meta property=\"og:description\" content=\"Predsjednik Pozitivne Darko Pajovi\u0107 kazao je da \u0107e se njegova partija nakon izbora u Ulcinju, zalagati za decentralizaciju vlasti posebno kada su u\" \/>\n<meta property=\"og:url\" content=\"https:\/\/www.visit-ulcinj.com\/blog\/2014\/01\/16\/darko-pajovic-ulcinjem-se-vise-nece-upravljati-iz-podgorice\/\" \/>\n<meta property=\"og:site_name\" content=\"Lajme nga Ulqini\" \/>\n<meta property=\"article:published_time\" content=\"2014-01-16T16:57:27+00:00\" \/>\n<meta property=\"og:image\" content=\"http:\/\/www.visit-ulcinj.com\/blog\/wp-content\/uploads\/2014\/01\/pajovic_abazovic-Ulcinj.jpg\" \/>\n<meta name=\"twitter:label1\" content=\"Written by\" \/>\n\t<meta name=\"twitter:data1\" content=\"ulqini\" \/>\n\t<meta name=\"twitter:label2\" content=\"Est. reading time\" \/>\n\t<meta name=\"twitter:data2\" content=\"3 minutes\" \/>\n<script type=\"application\/ld+json\" class=\"yoast-schema-graph\">{\"@context\":\"https:\/\/schema.org\",\"@graph\":[{\"@type\":\"WebSite\",\"@id\":\"https:\/\/www.visit-ulcinj.com\/blog\/#website\",\"url\":\"https:\/\/www.visit-ulcinj.com\/blog\/\",\"name\":\"Lajme nga Ulqini\",\"description\":\"Lajme,Vijesti,Ulqini,Ulqin,Crna Gora,Mali i Zi\",\"potentialAction\":[{\"@type\":\"SearchAction\",\"target\":{\"@type\":\"EntryPoint\",\"urlTemplate\":\"https:\/\/www.visit-ulcinj.com\/blog\/?s={search_term_string}\"},\"query-input\":\"required name=search_term_string\"}],\"inLanguage\":\"en-US\"},{\"@type\":\"ImageObject\",\"inLanguage\":\"en-US\",\"@id\":\"https:\/\/www.visit-ulcinj.com\/blog\/2014\/01\/16\/darko-pajovic-ulcinjem-se-vise-nece-upravljati-iz-podgorice\/#primaryimage\",\"url\":\"https:\/\/www.visit-ulcinj.com\/blog\/wp-content\/uploads\/2014\/01\/pajovic_abazovic-Ulcinj.jpg\",\"contentUrl\":\"https:\/\/www.visit-ulcinj.com\/blog\/wp-content\/uploads\/2014\/01\/pajovic_abazovic-Ulcinj.jpg\",\"width\":788,\"height\":480},{\"@type\":\"WebPage\",\"@id\":\"https:\/\/www.visit-ulcinj.com\/blog\/2014\/01\/16\/darko-pajovic-ulcinjem-se-vise-nece-upravljati-iz-podgorice\/#webpage\",\"url\":\"https:\/\/www.visit-ulcinj.com\/blog\/2014\/01\/16\/darko-pajovic-ulcinjem-se-vise-nece-upravljati-iz-podgorice\/\",\"name\":\"Darko Pajovi\u0107: Ulcinjem se vi\u0161e ne\u0107e upravljati iz Podgorice - Lajme nga Ulqini\",\"isPartOf\":{\"@id\":\"https:\/\/www.visit-ulcinj.com\/blog\/#website\"},\"primaryImageOfPage\":{\"@id\":\"https:\/\/www.visit-ulcinj.com\/blog\/2014\/01\/16\/darko-pajovic-ulcinjem-se-vise-nece-upravljati-iz-podgorice\/#primaryimage\"},\"datePublished\":\"2014-01-16T16:57:27+00:00\",\"dateModified\":\"2014-01-16T16:57:27+00:00\",\"author\":{\"@id\":\"https:\/\/www.visit-ulcinj.com\/blog\/#\/schema\/person\/dcab619c614d3038751c63bc2aadc06d\"},\"description\":\"Predsjednik Pozitivne Darko Pajovi\u0107 kazao je da \u0107e se njegova partija nakon izbora u Ulcinju, zalagati za decentralizaciju vlasti posebno kada su u\",\"breadcrumb\":{\"@id\":\"https:\/\/www.visit-ulcinj.com\/blog\/2014\/01\/16\/darko-pajovic-ulcinjem-se-vise-nece-upravljati-iz-podgorice\/#breadcrumb\"},\"inLanguage\":\"en-US\",\"potentialAction\":[{\"@type\":\"ReadAction\",\"target\":[\"https:\/\/www.visit-ulcinj.com\/blog\/2014\/01\/16\/darko-pajovic-ulcinjem-se-vise-nece-upravljati-iz-podgorice\/\"]}]},{\"@type\":\"BreadcrumbList\",\"@id\":\"https:\/\/www.visit-ulcinj.com\/blog\/2014\/01\/16\/darko-pajovic-ulcinjem-se-vise-nece-upravljati-iz-podgorice\/#breadcrumb\",\"itemListElement\":[{\"@type\":\"ListItem\",\"position\":1,\"name\":\"Darko Pajovi\u0107: Ulcinjem se vi\u0161e ne\u0107e upravljati iz Podgorice\"}]},{\"@type\":\"Person\",\"@id\":\"https:\/\/www.visit-ulcinj.com\/blog\/#\/schema\/person\/dcab619c614d3038751c63bc2aadc06d\",\"name\":\"ulqini\",\"sameAs\":[\"http:\/\/www.visit-ulcinj.com\"],\"url\":\"https:\/\/www.visit-ulcinj.com\/blog\/author\/admin\/\"}]}<\/script>\n<!-- \/ Yoast SEO plugin. -->","yoast_head_json":{"title":"Darko Pajovi\u0107: Ulcinjem se vi\u0161e ne\u0107e upravljati iz Podgorice - Lajme nga Ulqini","description":"Predsjednik Pozitivne Darko Pajovi\u0107 kazao je da \u0107e se njegova partija nakon izbora u Ulcinju, zalagati za decentralizaciju vlasti posebno kada su u","robots":{"index":"index","follow":"follow","max-snippet":"max-snippet:-1","max-image-preview":"max-image-preview:large","max-video-preview":"max-video-preview:-1"},"canonical":"https:\/\/www.visit-ulcinj.com\/blog\/2014\/01\/16\/darko-pajovic-ulcinjem-se-vise-nece-upravljati-iz-podgorice\/","og_locale":"en_US","og_type":"article","og_title":"Darko Pajovi\u0107: Ulcinjem se vi\u0161e ne\u0107e upravljati iz Podgorice - Lajme nga Ulqini","og_description":"Predsjednik Pozitivne Darko Pajovi\u0107 kazao je da \u0107e se njegova partija nakon izbora u Ulcinju, zalagati za decentralizaciju vlasti posebno kada su u","og_url":"https:\/\/www.visit-ulcinj.com\/blog\/2014\/01\/16\/darko-pajovic-ulcinjem-se-vise-nece-upravljati-iz-podgorice\/","og_site_name":"Lajme nga Ulqini","article_published_time":"2014-01-16T16:57:27+00:00","og_image":[{"url":"http:\/\/www.visit-ulcinj.com\/blog\/wp-content\/uploads\/2014\/01\/pajovic_abazovic-Ulcinj.jpg"}],"twitter_misc":{"Written by":"ulqini","Est. reading time":"3 minutes"},"schema":{"@context":"https:\/\/schema.org","@graph":[{"@type":"WebSite","@id":"https:\/\/www.visit-ulcinj.com\/blog\/#website","url":"https:\/\/www.visit-ulcinj.com\/blog\/","name":"Lajme nga Ulqini","description":"Lajme,Vijesti,Ulqini,Ulqin,Crna Gora,Mali i Zi","potentialAction":[{"@type":"SearchAction","target":{"@type":"EntryPoint","urlTemplate":"https:\/\/www.visit-ulcinj.com\/blog\/?s={search_term_string}"},"query-input":"required name=search_term_string"}],"inLanguage":"en-US"},{"@type":"ImageObject","inLanguage":"en-US","@id":"https:\/\/www.visit-ulcinj.com\/blog\/2014\/01\/16\/darko-pajovic-ulcinjem-se-vise-nece-upravljati-iz-podgorice\/#primaryimage","url":"https:\/\/www.visit-ulcinj.com\/blog\/wp-content\/uploads\/2014\/01\/pajovic_abazovic-Ulcinj.jpg","contentUrl":"https:\/\/www.visit-ulcinj.com\/blog\/wp-content\/uploads\/2014\/01\/pajovic_abazovic-Ulcinj.jpg","width":788,"height":480},{"@type":"WebPage","@id":"https:\/\/www.visit-ulcinj.com\/blog\/2014\/01\/16\/darko-pajovic-ulcinjem-se-vise-nece-upravljati-iz-podgorice\/#webpage","url":"https:\/\/www.visit-ulcinj.com\/blog\/2014\/01\/16\/darko-pajovic-ulcinjem-se-vise-nece-upravljati-iz-podgorice\/","name":"Darko Pajovi\u0107: Ulcinjem se vi\u0161e ne\u0107e upravljati iz Podgorice - Lajme nga Ulqini","isPartOf":{"@id":"https:\/\/www.visit-ulcinj.com\/blog\/#website"},"primaryImageOfPage":{"@id":"https:\/\/www.visit-ulcinj.com\/blog\/2014\/01\/16\/darko-pajovic-ulcinjem-se-vise-nece-upravljati-iz-podgorice\/#primaryimage"},"datePublished":"2014-01-16T16:57:27+00:00","dateModified":"2014-01-16T16:57:27+00:00","author":{"@id":"https:\/\/www.visit-ulcinj.com\/blog\/#\/schema\/person\/dcab619c614d3038751c63bc2aadc06d"},"description":"Predsjednik Pozitivne Darko Pajovi\u0107 kazao je da \u0107e se njegova partija nakon izbora u Ulcinju, zalagati za decentralizaciju vlasti posebno kada su u","breadcrumb":{"@id":"https:\/\/www.visit-ulcinj.com\/blog\/2014\/01\/16\/darko-pajovic-ulcinjem-se-vise-nece-upravljati-iz-podgorice\/#breadcrumb"},"inLanguage":"en-US","potentialAction":[{"@type":"ReadAction","target":["https:\/\/www.visit-ulcinj.com\/blog\/2014\/01\/16\/darko-pajovic-ulcinjem-se-vise-nece-upravljati-iz-podgorice\/"]}]},{"@type":"BreadcrumbList","@id":"https:\/\/www.visit-ulcinj.com\/blog\/2014\/01\/16\/darko-pajovic-ulcinjem-se-vise-nece-upravljati-iz-podgorice\/#breadcrumb","itemListElement":[{"@type":"ListItem","position":1,"name":"Darko Pajovi\u0107: Ulcinjem se vi\u0161e ne\u0107e upravljati iz Podgorice"}]},{"@type":"Person","@id":"https:\/\/www.visit-ulcinj.com\/blog\/#\/schema\/person\/dcab619c614d3038751c63bc2aadc06d","name":"ulqini","sameAs":["http:\/\/www.visit-ulcinj.com"],"url":"https:\/\/www.visit-ulcinj.com\/blog\/author\/admin\/"}]}},"jetpack_featured_media_url":"","jetpack_sharing_enabled":true,"jetpack_shortlink":"https:\/\/wp.me\/pe6lTn-kn2","_links":{"self":[{"href":"https:\/\/www.visit-ulcinj.com\/blog\/wp-json\/wp\/v2\/posts\/78308"}],"collection":[{"href":"https:\/\/www.visit-ulcinj.com\/blog\/wp-json\/wp\/v2\/posts"}],"about":[{"href":"https:\/\/www.visit-ulcinj.com\/blog\/wp-json\/wp\/v2\/types\/post"}],"author":[{"embeddable":true,"href":"https:\/\/www.visit-ulcinj.com\/blog\/wp-json\/wp\/v2\/users\/1"}],"replies":[{"embeddable":true,"href":"https:\/\/www.visit-ulcinj.com\/blog\/wp-json\/wp\/v2\/comments?post=78308"}],"version-history":[{"count":1,"href":"https:\/\/www.visit-ulcinj.com\/blog\/wp-json\/wp\/v2\/posts\/78308\/revisions"}],"predecessor-version":[{"id":78310,"href":"https:\/\/www.visit-ulcinj.com\/blog\/wp-json\/wp\/v2\/posts\/78308\/revisions\/78310"}],"wp:attachment":[{"href":"https:\/\/www.visit-ulcinj.com\/blog\/wp-json\/wp\/v2\/media?parent=78308"}],"wp:term":[{"taxonomy":"category","embeddable":true,"href":"https:\/\/www.visit-ulcinj.com\/blog\/wp-json\/wp\/v2\/categories?post=78308"},{"taxonomy":"post_tag","embeddable":true,"href":"https:\/\/www.visit-ulcinj.com\/blog\/wp-json\/wp\/v2\/tags?post=78308"}],"curies":[{"name":"wp","href":"https:\/\/api.w.org\/{rel}","templated":true}]}}