{"id":78324,"date":"2014-01-17T09:13:57","date_gmt":"2014-01-17T08:13:57","guid":{"rendered":"http:\/\/www.visit-ulcinj.com\/blog\/?p=78324"},"modified":"2014-01-17T22:00:07","modified_gmt":"2014-01-17T21:00:07","slug":"zyrtaret-ne-ulqin-nen-hetim-te-prokuroris","status":"publish","type":"post","link":"https:\/\/www.visit-ulcinj.com\/blog\/2014\/01\/17\/zyrtaret-ne-ulqin-nen-hetim-te-prokuroris\/","title":{"rendered":"Zyrtar\u00ebt n\u00eb Ulqin n\u00ebn hetim te Prokuroris &#8211; Video"},"content":{"rendered":"<p><a href=\"http:\/\/www.visit-ulcinj.com\/blog\/wp-content\/uploads\/2014\/01\/Nazif-Cungu-Selim-Resulbegovic-1.png\"><img loading=\"lazy\" class=\"alignleft  wp-image-78122\" alt=\"Nazif-Cungu-Selim-Resulbegovic-1\" src=\"http:\/\/www.visit-ulcinj.com\/blog\/wp-content\/uploads\/2014\/01\/Nazif-Cungu-Selim-Resulbegovic-1.png\" width=\"508\" height=\"360\" \/><\/a>Ulqin, 16 janar \u2013 Prokuroria e Lart\u00eb Shtet\u00ebrore e Malit t\u00eb Zi ka nisur hetimet kund\u00ebr kryetarit dhe n\u00ebnkryetarit t\u00eb Ulqinit, Nazif Cungu e Selim Resulbegoviqi p\u00ebr korrupsion t\u00eb mundsh\u00ebm. Hetimet nis\u00ebn pas akuzave t\u00eb nd\u00ebrsjella nd\u00ebrmjet Cungut e Resulbegoviqit\u00a0 gjat\u00eb nj\u00eb debati televiziv, me \u00e7\u2019rast akuzuan nj\u00ebri tjetrin p\u00ebr korrupsion.<\/p>\n<p>Resulbegoviqi akuzoi Cungun se me studimin p\u00ebr lokacionin e Shasit, ku ka pron\u00eb private, ka p\u00ebrfshir\u00eb edhe 32 mij\u00eb metra katror\u00eb t\u00eb pron\u00ebs shtet\u00ebrore dhe k\u00ebshtu i ka shkaktuar d\u00ebme milion\u00ebshe shtetit.<\/p>\n<p>\u201cAto duhet t\u00eb japin vler\u00ebsimin p\u00ebr ekzistenc\u00ebn e vepr\u00ebs penale p\u00ebr t\u00eb cil\u00ebn ndiqet sipas detyr\u00ebs zyrtare dhe n\u00eb procedur\u00ebn e hetim t\u00eb nd\u00ebrmerren t\u00eb gjitha veprimet operative dhe hetimore me q\u00ebllim zbardhjen e t\u00eb gjitha fakteve dhe rrethanave n\u00eb lidhje me punimin e Studimit t\u00eb lokacionit p\u00ebr Shas, pretendimin p\u00ebr disponim me 32 mij\u00eb met\u00ebr katror pron\u00eb shtet\u00ebrore, si dhe ligjshm\u00ebrin\u00eb e procedur\u00ebs s\u00eb ndryshimit t\u00eb Planit detaj urbanistik p\u00ebr k\u00ebt\u00eb lokalitet\u201d, thuhet n\u00eb p\u00ebrgjigjen t\u00eb cil\u00ebn n\u00eb pyetjen e \u201cDan-it\u201d e dha u.d. t\u00eb prokurorit t\u00eb lart\u00eb shtet\u00ebror n\u00eb Mal t\u00eb Zi Veselin Vu\u00e7koviq.<\/p>\n<p>Me k\u00ebrkes\u00eb t\u00eb Prokuroris\u00eb themelore shtet\u00ebrore, inspektor\u00ebt policor sot do t\u00eb fillojn\u00eb kontrollet p\u00ebr akuzat t\u00eb cilat k\u00ebto dit\u00eb i kan\u00eb shk\u00ebmbyer kryetari i komun\u00ebs s\u00eb Ulqinit, Nazif Cungu, dhe n\u00ebnkryetari i komun\u00ebs Selim Reselbegoviq, shkruan \u201cDan\u201d.<\/p>\n<p>Kjo gazet\u00eb, duke u bazuar n\u00eb burimeve t\u00eb besueshme nga Drejtoria e Policis\u00eb, shkruan q\u00eb deri n\u00eb fund t\u00eb k\u00ebsaj jave inspektor\u00ebt do t\u00eb marrin nga komuna e Ulqinit dokumentacionin, i cili ka t\u00eb b\u00ebj\u00eb me studimin e lokacionit p\u00ebr Shasin, mbasi q\u00eb Prokuroria e lart\u00eb shtet\u00ebrore ka k\u00ebrkuar hetimin p\u00ebr k\u00ebt\u00eb skandal korrupsioni.<\/p>\n<p>Cungu ka deklaruar q\u00eb prokurorit shtet\u00ebror ia ka dor\u00ebzuar komplet dokumentacionin n\u00eb lidhje me Studimin e lokacionit p\u00ebr Qendr\u00ebn eko turistike n\u00eb Shas. \u201cS\u00eb bashku me dokumentacionin i kam \u00e7uar dhe lutje Prokuroris\u00eb q\u00eb, n\u00ebse \u00ebsht\u00eb e mundur, ta p\u00ebrfundojn\u00eb hetimin deri n\u00eb fillim e zgjedhjeve t\u00eb 26 janarit, n\u00eb m\u00ebnyr\u00eb q\u00eb opinioni deri at\u00ebher\u00eb t\u00eb m\u00ebsoj\u00eb kush flet t\u00eb v\u00ebrtet\u00ebn, e kush merret me g\u00ebnjeshtra\u201d, tha ai p\u00ebr \u201cDan\u201d.<\/p>\n<p>Cungu gazetar\u00ebve t\u00eb h\u00ebn\u00ebn i ka treguar dokumentacionin sipas t\u00eb cilit vendimin p\u00ebr punimin e Studimit t\u00eb lokacionit p\u00ebr \u201cEko qendr\u00ebn rurale-turistike n\u00eb lokalitetin Shas\u201d me 14 shtator t\u00eb vitit 2009, me sip\u00ebrfaqe prej 83 mij\u00eb met\u00ebr katror, e ka marr\u00eb G\u00ebzim Hajdinaga.<br \/>\n<a href=\"http:\/\/www.visit-ulcinj.com\/blog\/wp-content\/uploads\/2014\/01\/Gzim-Hajdinaga-Nazif-Cungu.jpg\"><img loading=\"lazy\" class=\"alignleft  wp-image-78245\" alt=\"Gzim-Hajdinaga-Nazif-Cungu\" src=\"http:\/\/www.visit-ulcinj.com\/blog\/wp-content\/uploads\/2014\/01\/Gzim-Hajdinaga-Nazif-Cungu.jpg\" width=\"508\" height=\"360\" \/><\/a><br \/>\n\u201cStudimin e lokacionit p\u00ebr Shas me k\u00ebrkes\u00eb t\u00eb investitorit e ka punuar sekretariati gjegj\u00ebs dhe propozimin e vendimit ma ka sjell p\u00ebr n\u00ebnshkrim. N\u00ebnshkrimin e kam vendosur n\u00eb baz\u00eb t\u00eb rregullores ligjore n\u00eb fuqi pavar\u00ebsisht se b\u00ebhej fjal\u00eb p\u00ebr kund\u00ebrshtar\u00ebt e mij\u00eb politik, sepse nuk kisha arsye t\u00eb mos besoj q\u00eb propozimi \u00ebsht\u00eb n\u00eb interes t\u00eb qytetar\u00ebve\u201d, tha Hajdinaga.<\/p>\n<p>Ai theksoi q\u00eb nga vendi i kryetarit t\u00eb komun\u00ebs shkoi n\u00eb vitin 2011, kur n\u00eb pushtet erdhi Forca e re demokratike dhe Cungu. \u201cP\u00ebr fat t\u00eb keq, ne nuk ishim m\u00eb tej n\u00eb mund\u00ebsi t\u00eb punojm\u00eb n\u00eb k\u00ebt\u00eb. Nuk i kujtoj detajet dhe me t\u00eb v\u00ebrtet nuk e di a \u00ebsht\u00eb ndryshuar m\u00eb von\u00eb ndonj\u00eb gj\u00eb n\u00eb vendim\u201d, shtoi Hajdinaga.<\/p>\n<p>N\u00eb pyetjen e \u201cVijestit\u201d a i ka legalizuar objektet e kompanis\u00eb n\u00eb pron\u00ebsi t\u00eb Cungut, si\u00e7 tha n\u00ebnkryetari i komun\u00ebs Selim Resulbegoviq, Hajdinaga theksoi q\u00eb skuadra e tij ka punuar n\u00eb baz\u00eb t\u00eb kompetencave ligjore duke shtuar q\u00eb kjo mund t\u00eb v\u00ebrtetohet leht\u00eb. \u201cSi kryetar i komun\u00ebs nuk isha n\u00eb marr\u00ebveshje me ask\u00ebnd, madje as me Cungun\u201d, p\u00ebrfundoi Hajdinaga.<\/p>\n<p><strong>Koha Net<\/strong><\/p>\n<!--YouTube Error: bad URL entered-->\n","protected":false},"excerpt":{"rendered":"<p>Ulqin, 16 janar \u2013 Prokuroria e Lart\u00eb Shtet\u00ebrore e Malit t\u00eb Zi ka nisur hetimet kund\u00ebr kryetarit dhe n\u00ebnkryetarit t\u00eb Ulqinit, Nazif Cungu e Selim Resulbegoviqi p\u00ebr korrupsion t\u00eb mundsh\u00ebm. Hetimet nis\u00ebn pas akuzave t\u00eb nd\u00ebrsjella nd\u00ebrmjet Cungut e Resulbegoviqit\u00a0 gjat\u00eb nj\u00eb debati televiziv, me \u00e7\u2019rast akuzuan nj\u00ebri tjetrin p\u00ebr korrupsion. Resulbegoviqi akuzoi Cungun se [&hellip;]<\/p>\n","protected":false},"author":1,"featured_media":0,"comment_status":"closed","ping_status":"closed","sticky":false,"template":"","format":"standard","meta":{"spay_email":"","jetpack_publicize_message":"","jetpack_is_tweetstorm":false,"jetpack_publicize_feature_enabled":true},"categories":[1,6],"tags":[],"jetpack_publicize_connections":[],"yoast_head":"<!-- This site is optimized with the Yoast SEO plugin v19.1 - https:\/\/yoast.com\/wordpress\/plugins\/seo\/ -->\n<title>Zyrtar\u00ebt n\u00eb Ulqin n\u00ebn hetim te Prokuroris - Video - Lajme nga Ulqini<\/title>\n<meta name=\"description\" content=\"Ulqin, 16 janar \u2013 Prokuroria e Lart\u00eb Shtet\u00ebrore e Malit t\u00eb Zi ka nisur hetimet kund\u00ebr kryetarit dhe n\u00ebnkryetarit t\u00eb Ulqinit, Nazif Cungu e Selim\" \/>\n<meta name=\"robots\" content=\"index, follow, max-snippet:-1, max-image-preview:large, max-video-preview:-1\" \/>\n<link rel=\"canonical\" href=\"https:\/\/www.visit-ulcinj.com\/blog\/2014\/01\/17\/zyrtaret-ne-ulqin-nen-hetim-te-prokuroris\/\" \/>\n<meta property=\"og:locale\" content=\"en_US\" \/>\n<meta property=\"og:type\" content=\"article\" \/>\n<meta property=\"og:title\" content=\"Zyrtar\u00ebt n\u00eb Ulqin n\u00ebn hetim te Prokuroris - Video - Lajme nga Ulqini\" \/>\n<meta property=\"og:description\" content=\"Ulqin, 16 janar \u2013 Prokuroria e Lart\u00eb Shtet\u00ebrore e Malit t\u00eb Zi ka nisur hetimet kund\u00ebr kryetarit dhe n\u00ebnkryetarit t\u00eb Ulqinit, Nazif Cungu e Selim\" \/>\n<meta property=\"og:url\" content=\"https:\/\/www.visit-ulcinj.com\/blog\/2014\/01\/17\/zyrtaret-ne-ulqin-nen-hetim-te-prokuroris\/\" \/>\n<meta property=\"og:site_name\" content=\"Lajme nga Ulqini\" \/>\n<meta property=\"article:published_time\" content=\"2014-01-17T08:13:57+00:00\" \/>\n<meta property=\"article:modified_time\" content=\"2014-01-17T21:00:07+00:00\" \/>\n<meta property=\"og:image\" content=\"http:\/\/www.visit-ulcinj.com\/blog\/wp-content\/uploads\/2014\/01\/Nazif-Cungu-Selim-Resulbegovic-1.png\" \/>\n<meta name=\"twitter:label1\" content=\"Written by\" \/>\n\t<meta name=\"twitter:data1\" content=\"ulqini\" \/>\n\t<meta name=\"twitter:label2\" content=\"Est. reading time\" \/>\n\t<meta name=\"twitter:data2\" content=\"3 minutes\" \/>\n<script type=\"application\/ld+json\" class=\"yoast-schema-graph\">{\"@context\":\"https:\/\/schema.org\",\"@graph\":[{\"@type\":\"WebSite\",\"@id\":\"https:\/\/www.visit-ulcinj.com\/blog\/#website\",\"url\":\"https:\/\/www.visit-ulcinj.com\/blog\/\",\"name\":\"Lajme nga Ulqini\",\"description\":\"Lajme,Vijesti,Ulqini,Ulqin,Crna Gora,Mali i Zi\",\"potentialAction\":[{\"@type\":\"SearchAction\",\"target\":{\"@type\":\"EntryPoint\",\"urlTemplate\":\"https:\/\/www.visit-ulcinj.com\/blog\/?s={search_term_string}\"},\"query-input\":\"required name=search_term_string\"}],\"inLanguage\":\"en-US\"},{\"@type\":\"ImageObject\",\"inLanguage\":\"en-US\",\"@id\":\"https:\/\/www.visit-ulcinj.com\/blog\/2014\/01\/17\/zyrtaret-ne-ulqin-nen-hetim-te-prokuroris\/#primaryimage\",\"url\":\"https:\/\/www.visit-ulcinj.com\/blog\/wp-content\/uploads\/2014\/01\/Nazif-Cungu-Selim-Resulbegovic-1.png\",\"contentUrl\":\"https:\/\/www.visit-ulcinj.com\/blog\/wp-content\/uploads\/2014\/01\/Nazif-Cungu-Selim-Resulbegovic-1.png\",\"width\":508,\"height\":383},{\"@type\":\"WebPage\",\"@id\":\"https:\/\/www.visit-ulcinj.com\/blog\/2014\/01\/17\/zyrtaret-ne-ulqin-nen-hetim-te-prokuroris\/#webpage\",\"url\":\"https:\/\/www.visit-ulcinj.com\/blog\/2014\/01\/17\/zyrtaret-ne-ulqin-nen-hetim-te-prokuroris\/\",\"name\":\"Zyrtar\u00ebt n\u00eb Ulqin n\u00ebn hetim te Prokuroris - Video - Lajme nga Ulqini\",\"isPartOf\":{\"@id\":\"https:\/\/www.visit-ulcinj.com\/blog\/#website\"},\"primaryImageOfPage\":{\"@id\":\"https:\/\/www.visit-ulcinj.com\/blog\/2014\/01\/17\/zyrtaret-ne-ulqin-nen-hetim-te-prokuroris\/#primaryimage\"},\"datePublished\":\"2014-01-17T08:13:57+00:00\",\"dateModified\":\"2014-01-17T21:00:07+00:00\",\"author\":{\"@id\":\"https:\/\/www.visit-ulcinj.com\/blog\/#\/schema\/person\/dcab619c614d3038751c63bc2aadc06d\"},\"description\":\"Ulqin, 16 janar \u2013 Prokuroria e Lart\u00eb Shtet\u00ebrore e Malit t\u00eb Zi ka nisur hetimet kund\u00ebr kryetarit dhe n\u00ebnkryetarit t\u00eb Ulqinit, Nazif Cungu e Selim\",\"breadcrumb\":{\"@id\":\"https:\/\/www.visit-ulcinj.com\/blog\/2014\/01\/17\/zyrtaret-ne-ulqin-nen-hetim-te-prokuroris\/#breadcrumb\"},\"inLanguage\":\"en-US\",\"potentialAction\":[{\"@type\":\"ReadAction\",\"target\":[\"https:\/\/www.visit-ulcinj.com\/blog\/2014\/01\/17\/zyrtaret-ne-ulqin-nen-hetim-te-prokuroris\/\"]}]},{\"@type\":\"BreadcrumbList\",\"@id\":\"https:\/\/www.visit-ulcinj.com\/blog\/2014\/01\/17\/zyrtaret-ne-ulqin-nen-hetim-te-prokuroris\/#breadcrumb\",\"itemListElement\":[{\"@type\":\"ListItem\",\"position\":1,\"name\":\"Zyrtar\u00ebt n\u00eb Ulqin n\u00ebn hetim te Prokuroris &#8211; Video\"}]},{\"@type\":\"Person\",\"@id\":\"https:\/\/www.visit-ulcinj.com\/blog\/#\/schema\/person\/dcab619c614d3038751c63bc2aadc06d\",\"name\":\"ulqini\",\"sameAs\":[\"http:\/\/www.visit-ulcinj.com\"],\"url\":\"https:\/\/www.visit-ulcinj.com\/blog\/author\/admin\/\"}]}<\/script>\n<!-- \/ Yoast SEO plugin. -->","yoast_head_json":{"title":"Zyrtar\u00ebt n\u00eb Ulqin n\u00ebn hetim te Prokuroris - Video - Lajme nga Ulqini","description":"Ulqin, 16 janar \u2013 Prokuroria e Lart\u00eb Shtet\u00ebrore e Malit t\u00eb Zi ka nisur hetimet kund\u00ebr kryetarit dhe n\u00ebnkryetarit t\u00eb Ulqinit, Nazif Cungu e Selim","robots":{"index":"index","follow":"follow","max-snippet":"max-snippet:-1","max-image-preview":"max-image-preview:large","max-video-preview":"max-video-preview:-1"},"canonical":"https:\/\/www.visit-ulcinj.com\/blog\/2014\/01\/17\/zyrtaret-ne-ulqin-nen-hetim-te-prokuroris\/","og_locale":"en_US","og_type":"article","og_title":"Zyrtar\u00ebt n\u00eb Ulqin n\u00ebn hetim te Prokuroris - Video - Lajme nga Ulqini","og_description":"Ulqin, 16 janar \u2013 Prokuroria e Lart\u00eb Shtet\u00ebrore e Malit t\u00eb Zi ka nisur hetimet kund\u00ebr kryetarit dhe n\u00ebnkryetarit t\u00eb Ulqinit, Nazif Cungu e Selim","og_url":"https:\/\/www.visit-ulcinj.com\/blog\/2014\/01\/17\/zyrtaret-ne-ulqin-nen-hetim-te-prokuroris\/","og_site_name":"Lajme nga Ulqini","article_published_time":"2014-01-17T08:13:57+00:00","article_modified_time":"2014-01-17T21:00:07+00:00","og_image":[{"url":"http:\/\/www.visit-ulcinj.com\/blog\/wp-content\/uploads\/2014\/01\/Nazif-Cungu-Selim-Resulbegovic-1.png"}],"twitter_misc":{"Written by":"ulqini","Est. reading time":"3 minutes"},"schema":{"@context":"https:\/\/schema.org","@graph":[{"@type":"WebSite","@id":"https:\/\/www.visit-ulcinj.com\/blog\/#website","url":"https:\/\/www.visit-ulcinj.com\/blog\/","name":"Lajme nga Ulqini","description":"Lajme,Vijesti,Ulqini,Ulqin,Crna Gora,Mali i Zi","potentialAction":[{"@type":"SearchAction","target":{"@type":"EntryPoint","urlTemplate":"https:\/\/www.visit-ulcinj.com\/blog\/?s={search_term_string}"},"query-input":"required name=search_term_string"}],"inLanguage":"en-US"},{"@type":"ImageObject","inLanguage":"en-US","@id":"https:\/\/www.visit-ulcinj.com\/blog\/2014\/01\/17\/zyrtaret-ne-ulqin-nen-hetim-te-prokuroris\/#primaryimage","url":"https:\/\/www.visit-ulcinj.com\/blog\/wp-content\/uploads\/2014\/01\/Nazif-Cungu-Selim-Resulbegovic-1.png","contentUrl":"https:\/\/www.visit-ulcinj.com\/blog\/wp-content\/uploads\/2014\/01\/Nazif-Cungu-Selim-Resulbegovic-1.png","width":508,"height":383},{"@type":"WebPage","@id":"https:\/\/www.visit-ulcinj.com\/blog\/2014\/01\/17\/zyrtaret-ne-ulqin-nen-hetim-te-prokuroris\/#webpage","url":"https:\/\/www.visit-ulcinj.com\/blog\/2014\/01\/17\/zyrtaret-ne-ulqin-nen-hetim-te-prokuroris\/","name":"Zyrtar\u00ebt n\u00eb Ulqin n\u00ebn hetim te Prokuroris - Video - Lajme nga Ulqini","isPartOf":{"@id":"https:\/\/www.visit-ulcinj.com\/blog\/#website"},"primaryImageOfPage":{"@id":"https:\/\/www.visit-ulcinj.com\/blog\/2014\/01\/17\/zyrtaret-ne-ulqin-nen-hetim-te-prokuroris\/#primaryimage"},"datePublished":"2014-01-17T08:13:57+00:00","dateModified":"2014-01-17T21:00:07+00:00","author":{"@id":"https:\/\/www.visit-ulcinj.com\/blog\/#\/schema\/person\/dcab619c614d3038751c63bc2aadc06d"},"description":"Ulqin, 16 janar \u2013 Prokuroria e Lart\u00eb Shtet\u00ebrore e Malit t\u00eb Zi ka nisur hetimet kund\u00ebr kryetarit dhe n\u00ebnkryetarit t\u00eb Ulqinit, Nazif Cungu e Selim","breadcrumb":{"@id":"https:\/\/www.visit-ulcinj.com\/blog\/2014\/01\/17\/zyrtaret-ne-ulqin-nen-hetim-te-prokuroris\/#breadcrumb"},"inLanguage":"en-US","potentialAction":[{"@type":"ReadAction","target":["https:\/\/www.visit-ulcinj.com\/blog\/2014\/01\/17\/zyrtaret-ne-ulqin-nen-hetim-te-prokuroris\/"]}]},{"@type":"BreadcrumbList","@id":"https:\/\/www.visit-ulcinj.com\/blog\/2014\/01\/17\/zyrtaret-ne-ulqin-nen-hetim-te-prokuroris\/#breadcrumb","itemListElement":[{"@type":"ListItem","position":1,"name":"Zyrtar\u00ebt n\u00eb Ulqin n\u00ebn hetim te Prokuroris &#8211; Video"}]},{"@type":"Person","@id":"https:\/\/www.visit-ulcinj.com\/blog\/#\/schema\/person\/dcab619c614d3038751c63bc2aadc06d","name":"ulqini","sameAs":["http:\/\/www.visit-ulcinj.com"],"url":"https:\/\/www.visit-ulcinj.com\/blog\/author\/admin\/"}]}},"jetpack_featured_media_url":"","jetpack_sharing_enabled":true,"jetpack_shortlink":"https:\/\/wp.me\/pe6lTn-kni","_links":{"self":[{"href":"https:\/\/www.visit-ulcinj.com\/blog\/wp-json\/wp\/v2\/posts\/78324"}],"collection":[{"href":"https:\/\/www.visit-ulcinj.com\/blog\/wp-json\/wp\/v2\/posts"}],"about":[{"href":"https:\/\/www.visit-ulcinj.com\/blog\/wp-json\/wp\/v2\/types\/post"}],"author":[{"embeddable":true,"href":"https:\/\/www.visit-ulcinj.com\/blog\/wp-json\/wp\/v2\/users\/1"}],"replies":[{"embeddable":true,"href":"https:\/\/www.visit-ulcinj.com\/blog\/wp-json\/wp\/v2\/comments?post=78324"}],"version-history":[{"count":2,"href":"https:\/\/www.visit-ulcinj.com\/blog\/wp-json\/wp\/v2\/posts\/78324\/revisions"}],"predecessor-version":[{"id":78336,"href":"https:\/\/www.visit-ulcinj.com\/blog\/wp-json\/wp\/v2\/posts\/78324\/revisions\/78336"}],"wp:attachment":[{"href":"https:\/\/www.visit-ulcinj.com\/blog\/wp-json\/wp\/v2\/media?parent=78324"}],"wp:term":[{"taxonomy":"category","embeddable":true,"href":"https:\/\/www.visit-ulcinj.com\/blog\/wp-json\/wp\/v2\/categories?post=78324"},{"taxonomy":"post_tag","embeddable":true,"href":"https:\/\/www.visit-ulcinj.com\/blog\/wp-json\/wp\/v2\/tags?post=78324"}],"curies":[{"name":"wp","href":"https:\/\/api.w.org\/{rel}","templated":true}]}}